{"id":18017,"date":"2017-10-27T12:23:03","date_gmt":"2017-10-27T17:23:03","guid":{"rendered":"https:\/\/www.edugestores.pe\/?p=18017"},"modified":"2017-11-11T22:28:57","modified_gmt":"2017-11-12T03:28:57","slug":"encuentro-nacional-de-regiones-reflexiones-finales","status":"publish","type":"post","link":"https:\/\/www.edugestores.pe\/?p=18017","title":{"rendered":"Encuentro Nacional de Regiones: reflexiones finales"},"content":{"rendered":"<p style=\"text-align: justify;\">Como parte de las reflexiones finales del\u00a0XII Encuentro Nacional de Regiones, espacio donde se trabaj\u00f3 intensamente durante dos d\u00edas de talleres, y donde participaron m\u00e1s de 300 autoridades, especialistas y docentes de todas las regiones del pa\u00eds, el consejero del Consejo Nacional de Educaci\u00f3n, Mart\u00edn Vegas Torres, fue el encargado de formular una s\u00edntesis de los aportes. Vegas indic\u00f3 que esta asistencia interesada en construir pol\u00edticas para los docentes &#8220;se volvi\u00f3 en una selecci\u00f3n peruana de la educaci\u00f3n, ya que se aport\u00f3 con bastante voluntad para\u00a0elaborar propuestas a futuro&#8221;.<\/p>\n<p style=\"text-align: justify;\">Vegas Torres indic\u00f3 que, recordando lo que se\u00f1al\u00f3 la consejera y docente Lea Sulm\u00f3n en el primer d\u00eda del evento, es importante que los profesores crean en\u00a0sus estudiantes y &#8220;que eso implica salir de la caja, evitar el encasillamiento. Y el primer mensaje de este Encuentro es que los docentes ya est\u00e1n saliendo de la caja, con propuestas que buscan atender, desde la carencia, la diversidad de problemas que se vive en la actualidad&#8221;.<\/p>\n<p style=\"text-align: justify;\">Vegas sostuvo que estamos ante una nueva imagen de la docencia y de quienes trabajan en educaci\u00f3n. &#8220;Este potencial ocurre en un momento especial, donde los docentes dijeron &#8220;\u00a1basta ya!&#8221;, donde llegaron a un l\u00edmite. Como indic\u00f3 la docente Mellado, este hartazgo viene de maestros que est\u00e1n reflexionando y est\u00e1n cambiando&#8221;.<\/p>\n<p style=\"text-align: justify;\">El consejero indic\u00f3 que en este encuentro hubo aportes espec\u00edficos y generales sobre la formaci\u00f3n inicial y la formaci\u00f3n en servicio, ya que a\u00fan no existe una pol\u00edtica integral, pese a que hubo varios intentos a\u00f1os atr\u00e1s. &#8220;Creo que estamos ante una situaci\u00f3n diferente, ya que se cuenta con el Marco de Desempe\u00f1o Docente, un nuevo curr\u00edculo, hay una nueva ley para las escuelas superiores pedag\u00f3gicas, donde hay combinaci\u00f3n de la formaci\u00f3n docente se integra con la investigaci\u00f3n, la pr\u00e1ctica, que reci\u00e9n se podr\u00e1 institucionalizar, en una transici\u00f3n que debe ser m\u00e1s clara para lograr una real renovaci\u00f3n&#8221;.<\/p>\n<p style=\"text-align: justify;\">Y sobre el sistema de formaci\u00f3n en servicio, Vegas se\u00f1al\u00f3 que una de las reflexions del evento apunta a que este debe ser descentralizado, ya que debe responder a una combinaci\u00f3n de lo que una entidad de formaci\u00f3n requiere y lo que demanda la regi\u00f3n. Agreg\u00f3 que &#8220;Se ha preguntado por qu\u00e9 los formadores de institutos ganan menos que los tecnol\u00f3gicos, y esto se debe solucionar&#8221;.<\/p>\n<p style=\"text-align: justify;\">Sobre la carrera p\u00fablica magisterial y remuneraci\u00f3n, el consejero resalt\u00f3 el reto pendiente con los docentes rurales, profesionales que deben tener una ruta de carrera con menos obst\u00e1culos, ya que muchas veces ni siquiera pueden acceder a los nombramientos o porque la evaluaci\u00f3n no recoge su pr\u00e1ctica.<\/p>\n<div style=\"text-align: justify;\">En reflexiones sobre la gesti\u00f3n de la educaci\u00f3n, indic\u00f3 que hay disposici\u00f3n del Minedu por establecer una pol\u00edtica de puertas abiertas para los gremios y que esto se debe ampliar a los gobiernos regionales, en un di\u00e1logo fluido.<\/div>\n<div style=\"text-align: justify;\"><\/div>\n<div style=\"text-align: justify;\">Vegas indic\u00f3 que &#8220;Lo que se ha validado en este encuentro nacional es que hay una demanda por construir una pol\u00edtica integral de desarrollo y gesti\u00f3n de la docencia y esto no se puede abordar de manera desarticulada&#8221;. \u00bfPero qu\u00e9 caracter\u00edsticas debe tener esta pol\u00edtica? Vegas se\u00f1al\u00f3 que esta pol\u00edtica debe vincular la relaci\u00f3n entre docente y aprendizajes de los estudiantes. Y adem\u00e1s esta pol\u00edtica no se debe construir sin docentes, con su protagonismo y liderazgos.<\/div>\n<div style=\"text-align: justify;\"><\/div>\n<div style=\"text-align: justify;\">Para finalizar indic\u00f3 que se debe convocar a crear una escuela de liderazgos docentes, ya que se requiere ir formando a los profesores m\u00e1s j\u00f3venes y all\u00ed hay un reto, pero que tambi\u00e9n requiere la rector\u00eda del Minedu y construir una pol\u00edtica nacional de abajo hacia arriba. Urge una estrategia de planificaci\u00f3n para poder lograr esta pol\u00edtica nacional que apunta a una gesti\u00f3n de la docencia, desde el territorio.<\/div>\n<div style=\"text-align: justify;\"><\/div>\n<div style=\"text-align: justify;\">El XII Encuentro Nacional de Regiones (ENR) fue organizado por el Consejo Nacional de Educaci\u00f3n (CNE), durante los d\u00edas jueves 19 y viernes 20 de octubre, bajo el t\u00edtulo \u201cHacia una pol\u00edtica integral de desarrollo y gesti\u00f3n de la docencia\u201d. El evento cont\u00f3 con el apoyo de Unicef y del proyecto FORGE, que ejecuta GRADE, con el apoyo del Gobierno de Canad\u00e1.<\/div>\n<div><\/div>\n","protected":false},"excerpt":{"rendered":"<p>Como parte de las reflexiones finales del\u00a0XII Encuentro Nacional de Regiones, espacio donde se trabaj\u00f3 intensamente durante dos d\u00edas de [&hellip;]<\/p>\n","protected":false},"author":63,"featured_media":18018,"comment_status":"open","ping_status":"open","sticky":false,"template":"","format":"standard","meta":{"spay_email":""},"categories":[125],"tags":[],"yoast_head":"<!-- This site is optimized with the Yoast SEO plugin v18.0 - https:\/\/yoast.com\/wordpress\/plugins\/seo\/ -->\n<title>Encuentro Nacional de Regiones: reflexiones finales - Red Peruana de Gestores de la Educaci\u00f3n<\/title>\n<meta name=\"robots\" content=\"index, follow, max-snippet:-1, max-image-preview:large, max-video-preview:-1\" \/>\n<link rel=\"canonical\" href=\"https:\/\/www.edugestores.pe\/?p=18017\" \/>\n<meta property=\"og:locale\" content=\"es_ES\" \/>\n<meta property=\"og:type\" content=\"article\" \/>\n<meta property=\"og:title\" content=\"Encuentro Nacional de Regiones: reflexiones finales - Red Peruana de Gestores de la Educaci\u00f3n\" \/>\n<meta property=\"og:description\" content=\"Como parte de las reflexiones finales del\u00a0XII Encuentro Nacional de Regiones, espacio donde se trabaj\u00f3 intensamente durante dos d\u00edas de [&hellip;]\" \/>\n<meta property=\"og:url\" content=\"https:\/\/www.edugestores.pe\/?p=18017\" \/>\n<meta property=\"og:site_name\" content=\"Red Peruana de Gestores de la Educaci\u00f3n\" \/>\n<meta property=\"article:published_time\" content=\"2017-10-27T17:23:03+00:00\" \/>\n<meta property=\"article:modified_time\" content=\"2017-11-12T03:28:57+00:00\" \/>\n<meta property=\"og:image\" content=\"https:\/\/www.edugestores.pe\/wp-content\/uploads\/2017\/10\/22539765_759246124275686_2316699378536517788_n.png\" \/>\n\t<meta property=\"og:image:width\" content=\"815\" \/>\n\t<meta property=\"og:image:height\" content=\"435\" \/>\n\t<meta property=\"og:image:type\" content=\"image\/png\" \/>\n<meta name=\"twitter:card\" content=\"summary_large_image\" \/>\n<meta name=\"twitter:label1\" content=\"Escrito por\" \/>\n\t<meta name=\"twitter:data1\" content=\"Administrador\" \/>\n\t<meta name=\"twitter:label2\" content=\"Tiempo de lectura\" \/>\n\t<meta name=\"twitter:data2\" content=\"4 minutos\" \/>\n<script type=\"application\/ld+json\" class=\"yoast-schema-graph\">{\"@context\":\"https:\/\/schema.org\",\"@graph\":[{\"@type\":\"WebSite\",\"@id\":\"https:\/\/www.edugestores.pe\/#website\",\"url\":\"https:\/\/www.edugestores.pe\/\",\"name\":\"Red Peruana de Gestores de la Educaci\u00f3n\",\"description\":\"Red Peruana de Gestores de la Educaci\u00f3n\",\"potentialAction\":[{\"@type\":\"SearchAction\",\"target\":{\"@type\":\"EntryPoint\",\"urlTemplate\":\"https:\/\/www.edugestores.pe\/?s={search_term_string}\"},\"query-input\":\"required name=search_term_string\"}],\"inLanguage\":\"es\"},{\"@type\":\"ImageObject\",\"@id\":\"https:\/\/www.edugestores.pe\/?p=18017#primaryimage\",\"inLanguage\":\"es\",\"url\":\"https:\/\/www.edugestores.pe\/wp-content\/uploads\/2017\/10\/22539765_759246124275686_2316699378536517788_n.png\",\"contentUrl\":\"https:\/\/www.edugestores.pe\/wp-content\/uploads\/2017\/10\/22539765_759246124275686_2316699378536517788_n.png\",\"width\":815,\"height\":435},{\"@type\":\"WebPage\",\"@id\":\"https:\/\/www.edugestores.pe\/?p=18017#webpage\",\"url\":\"https:\/\/www.edugestores.pe\/?p=18017\",\"name\":\"Encuentro Nacional de Regiones: reflexiones finales - Red Peruana de Gestores de la Educaci\u00f3n\",\"isPartOf\":{\"@id\":\"https:\/\/www.edugestores.pe\/#website\"},\"primaryImageOfPage\":{\"@id\":\"https:\/\/www.edugestores.pe\/?p=18017#primaryimage\"},\"datePublished\":\"2017-10-27T17:23:03+00:00\",\"dateModified\":\"2017-11-12T03:28:57+00:00\",\"author\":{\"@id\":\"https:\/\/www.edugestores.pe\/#\/schema\/person\/30dc82f35f5853289037a64b35c7c7d3\"},\"breadcrumb\":{\"@id\":\"https:\/\/www.edugestores.pe\/?p=18017#breadcrumb\"},\"inLanguage\":\"es\",\"potentialAction\":[{\"@type\":\"ReadAction\",\"target\":[\"https:\/\/www.edugestores.pe\/?p=18017\"]}]},{\"@type\":\"BreadcrumbList\",\"@id\":\"https:\/\/www.edugestores.pe\/?p=18017#breadcrumb\",\"itemListElement\":[{\"@type\":\"ListItem\",\"position\":1,\"name\":\"Portada\",\"item\":\"https:\/\/www.edugestores.pe\/\"},{\"@type\":\"ListItem\",\"position\":2,\"name\":\"Encuentro Nacional de Regiones: reflexiones finales\"}]},{\"@type\":\"Person\",\"@id\":\"https:\/\/www.edugestores.pe\/#\/schema\/person\/30dc82f35f5853289037a64b35c7c7d3\",\"name\":\"Administrador\",\"image\":{\"@type\":\"ImageObject\",\"@id\":\"https:\/\/www.edugestores.pe\/#personlogo\",\"inLanguage\":\"es\",\"url\":\"https:\/\/secure.gravatar.com\/avatar\/70960d1239c4d2c778bb3d2786a3c1ae?s=96&d=mm&r=g\",\"contentUrl\":\"https:\/\/secure.gravatar.com\/avatar\/70960d1239c4d2c778bb3d2786a3c1ae?s=96&d=mm&r=g\",\"caption\":\"Administrador\"},\"url\":\"https:\/\/www.edugestores.pe\/?author=63\"}]}<\/script>\n<!-- \/ Yoast SEO plugin. -->","yoast_head_json":{"title":"Encuentro Nacional de Regiones: reflexiones finales - Red Peruana de Gestores de la Educaci\u00f3n","robots":{"index":"index","follow":"follow","max-snippet":"max-snippet:-1","max-image-preview":"max-image-preview:large","max-video-preview":"max-video-preview:-1"},"canonical":"https:\/\/www.edugestores.pe\/?p=18017","og_locale":"es_ES","og_type":"article","og_title":"Encuentro Nacional de Regiones: reflexiones finales - Red Peruana de Gestores de la Educaci\u00f3n","og_description":"Como parte de las reflexiones finales del\u00a0XII Encuentro Nacional de Regiones, espacio donde se trabaj\u00f3 intensamente durante dos d\u00edas de [&hellip;]","og_url":"https:\/\/www.edugestores.pe\/?p=18017","og_site_name":"Red Peruana de Gestores de la Educaci\u00f3n","article_published_time":"2017-10-27T17:23:03+00:00","article_modified_time":"2017-11-12T03:28:57+00:00","og_image":[{"width":815,"height":435,"url":"https:\/\/www.edugestores.pe\/wp-content\/uploads\/2017\/10\/22539765_759246124275686_2316699378536517788_n.png","type":"image\/png"}],"twitter_card":"summary_large_image","twitter_misc":{"Escrito por":"Administrador","Tiempo de lectura":"4 minutos"},"schema":{"@context":"https:\/\/schema.org","@graph":[{"@type":"WebSite","@id":"https:\/\/www.edugestores.pe\/#website","url":"https:\/\/www.edugestores.pe\/","name":"Red Peruana de Gestores de la Educaci\u00f3n","description":"Red Peruana de Gestores de la Educaci\u00f3n","potentialAction":[{"@type":"SearchAction","target":{"@type":"EntryPoint","urlTemplate":"https:\/\/www.edugestores.pe\/?s={search_term_string}"},"query-input":"required name=search_term_string"}],"inLanguage":"es"},{"@type":"ImageObject","@id":"https:\/\/www.edugestores.pe\/?p=18017#primaryimage","inLanguage":"es","url":"https:\/\/www.edugestores.pe\/wp-content\/uploads\/2017\/10\/22539765_759246124275686_2316699378536517788_n.png","contentUrl":"https:\/\/www.edugestores.pe\/wp-content\/uploads\/2017\/10\/22539765_759246124275686_2316699378536517788_n.png","width":815,"height":435},{"@type":"WebPage","@id":"https:\/\/www.edugestores.pe\/?p=18017#webpage","url":"https:\/\/www.edugestores.pe\/?p=18017","name":"Encuentro Nacional de Regiones: reflexiones finales - Red Peruana de Gestores de la Educaci\u00f3n","isPartOf":{"@id":"https:\/\/www.edugestores.pe\/#website"},"primaryImageOfPage":{"@id":"https:\/\/www.edugestores.pe\/?p=18017#primaryimage"},"datePublished":"2017-10-27T17:23:03+00:00","dateModified":"2017-11-12T03:28:57+00:00","author":{"@id":"https:\/\/www.edugestores.pe\/#\/schema\/person\/30dc82f35f5853289037a64b35c7c7d3"},"breadcrumb":{"@id":"https:\/\/www.edugestores.pe\/?p=18017#breadcrumb"},"inLanguage":"es","potentialAction":[{"@type":"ReadAction","target":["https:\/\/www.edugestores.pe\/?p=18017"]}]},{"@type":"BreadcrumbList","@id":"https:\/\/www.edugestores.pe\/?p=18017#breadcrumb","itemListElement":[{"@type":"ListItem","position":1,"name":"Portada","item":"https:\/\/www.edugestores.pe\/"},{"@type":"ListItem","position":2,"name":"Encuentro Nacional de Regiones: reflexiones finales"}]},{"@type":"Person","@id":"https:\/\/www.edugestores.pe\/#\/schema\/person\/30dc82f35f5853289037a64b35c7c7d3","name":"Administrador","image":{"@type":"ImageObject","@id":"https:\/\/www.edugestores.pe\/#personlogo","inLanguage":"es","url":"https:\/\/secure.gravatar.com\/avatar\/70960d1239c4d2c778bb3d2786a3c1ae?s=96&d=mm&r=g","contentUrl":"https:\/\/secure.gravatar.com\/avatar\/70960d1239c4d2c778bb3d2786a3c1ae?s=96&d=mm&r=g","caption":"Administrador"},"url":"https:\/\/www.edugestores.pe\/?author=63"}]}},"jetpack_featured_media_url":"https:\/\/www.edugestores.pe\/wp-content\/uploads\/2017\/10\/22539765_759246124275686_2316699378536517788_n.png","_links":{"self":[{"href":"https:\/\/www.edugestores.pe\/index.php?rest_route=\/wp\/v2\/posts\/18017"}],"collection":[{"href":"https:\/\/www.edugestores.pe\/index.php?rest_route=\/wp\/v2\/posts"}],"about":[{"href":"https:\/\/www.edugestores.pe\/index.php?rest_route=\/wp\/v2\/types\/post"}],"author":[{"embeddable":true,"href":"https:\/\/www.edugestores.pe\/index.php?rest_route=\/wp\/v2\/users\/63"}],"replies":[{"embeddable":true,"href":"https:\/\/www.edugestores.pe\/index.php?rest_route=%2Fwp%2Fv2%2Fcomments&post=18017"}],"version-history":[{"count":1,"href":"https:\/\/www.edugestores.pe\/index.php?rest_route=\/wp\/v2\/posts\/18017\/revisions"}],"predecessor-version":[{"id":18019,"href":"https:\/\/www.edugestores.pe\/index.php?rest_route=\/wp\/v2\/posts\/18017\/revisions\/18019"}],"wp:featuredmedia":[{"embeddable":true,"href":"https:\/\/www.edugestores.pe\/index.php?rest_route=\/wp\/v2\/media\/18018"}],"wp:attachment":[{"href":"https:\/\/www.edugestores.pe\/index.php?rest_route=%2Fwp%2Fv2%2Fmedia&parent=18017"}],"wp:term":[{"taxonomy":"category","embeddable":true,"href":"https:\/\/www.edugestores.pe\/index.php?rest_route=%2Fwp%2Fv2%2Fcategories&post=18017"},{"taxonomy":"post_tag","embeddable":true,"href":"https:\/\/www.edugestores.pe\/index.php?rest_route=%2Fwp%2Fv2%2Ftags&post=18017"}],"curies":[{"name":"wp","href":"https:\/\/api.w.org\/{rel}","templated":true}]}}