{"id":18892,"date":"2018-01-17T13:22:04","date_gmt":"2018-01-17T18:22:04","guid":{"rendered":"https:\/\/www.edugestores.pe\/?p=18892"},"modified":"2018-04-14T10:53:01","modified_gmt":"2018-04-14T15:53:01","slug":"edugestores-se-reunieron-en-cita-anual-para-formular-agenda-2018","status":"publish","type":"post","link":"https:\/\/www.edugestores.pe\/?p=18892","title":{"rendered":"Edugestores se reunieron en cita anual para formular agenda 2018"},"content":{"rendered":"<p style=\"text-align: justify;\">En una jornada de dos d\u00edas,\u00a0representantes\u00a0de veinte regiones del pa\u00eds se reunieron en Lima en la segunda edici\u00f3n del <strong>Encuentro Nacional de la Red Peruana de Gestores de la Educaci\u00f3n<\/strong> &#8211; Edugestores. La agenda propuesta tuvo como objetivos identificar los temas de pol\u00edtica educativa y descentralizaci\u00f3n para incidir como red en 2018, as\u00ed como fortalecerla en su representaci\u00f3n y vocer\u00eda regional.<\/p>\n<p style=\"text-align: justify;\">En este II Encuentro de Edugestores\u00a0participaron especialistas de Arequipa, Apur\u00edmac, \u00c1ncash,\u00a0 Ayacucho, Cusco, Cajamarca, Ica, Lima, San Mart\u00edn, Loreto, Pasco, Piura, Puno y Tacna.<\/p>\n<p style=\"text-align: justify;\">El coordinador de la Red, Mart\u00edn Vegas Torres, expuso en la primera jornada sobre la situaci\u00f3n actual de Edugestores y sobre los pasos para su consolidaci\u00f3n. Indic\u00f3 que en 2017 se apost\u00f3 por una plataforma virtual, pero que el reto es pasar de este espacio a una comunidad de gestores, &#8220;ante lo cual nos planteamos varias estrategias, y una de ellas es la realizaci\u00f3n de este tipo de encuentros. Por otro lado, la gesti\u00f3n del conocimiento es una prioridad de la red y hay que consolidarla, ya que necesitamos recoger las buenas pr\u00e1cticas, aunque haya escepticismo por sistematizar y ese cambio hay que lograrlo. Y sobre la gesti\u00f3n de la informaci\u00f3n tambi\u00e9n hay mucho por hacer, ya que se tiene que producir desde las regiones, comentada por actores regionales, sobre normas t\u00e9cnicas, por ejemplo con comentarios y an\u00e1lisis y eso est\u00e1 pendiente&#8221;.<\/p>\n<p style=\"text-align: justify;\">Vegas indic\u00f3 que hay una ruta de sostenimiento para Edugestores\u00a0en un horizonte de cinco a\u00f1os. Y agreg\u00f3 que &#8220;no se trata de una plataforma para docentes solamente sino que est\u00e1 destinada para un p\u00fablico m\u00e1s reducido, para personas interesadas en la gesti\u00f3n. Tambi\u00e9n invit\u00f3 a plantear un grupo de temas para ser discutidos en este nuevo a\u00f1o, como el de formaci\u00f3n docente, educaci\u00f3n biling\u00fce, o curr\u00edculo nacional que son t\u00f3picos que ya han tenido aportes en 2017.<\/p>\n<p style=\"text-align: justify;\">En su presentaci\u00f3n, Mar\u00eda Amelia Palacios, coordinadora de Edugestores, indic\u00f3 que el prop\u00f3sito de la gesti\u00f3n del conocimiento en\u00a0la red tiene como finalidad mejorar la gesti\u00f3n de las pol\u00edticas p\u00fablicas en educaci\u00f3n as\u00ed como fortalecer las instancias de gesti\u00f3n descentralizada. &#8220;Si bien nuestra participaci\u00f3n es personal y autoselectiva, ya que nadie es obligado a ser miembro activo, encontramos un valor colectivo en la producci\u00f3n de sentidos para mejorar calidad, equidad y eficiencia, a trav\u00e9s de la identificaci\u00f3n de problemas comunes,\u00a0y de la formulaci\u00f3n de\u00a0agendas para encontrar soluciones a diversas problem\u00e1ticas&#8221;.<\/p>\n<p style=\"text-align: justify;\">Mar\u00eda Amelia Palacios sostuvo que en Edugestores &#8220;El conocimiento se encuentra en la pr\u00e1ctica, en las personas, ya que tenemos ideas, las circulamos y las asumimos, ya que construimos socialmente desde el intercambio, a trav\u00e9s de los grupos de inter\u00e9s y los debates&#8221;.<\/p>\n<p style=\"text-align: justify;\">Los edugestores Jos\u00e9 Vargas y Jaime Montes expusieron sobre experiencias de buenas pr\u00e1cticas y la importancia de la sistematizaci\u00f3n y difusi\u00f3n de estos aportes. Jos\u00e9 Vargas expuso sobre la sistematizaci\u00f3n como herramienta de construcci\u00f3n de conocimiento, haciendo visible una experiencia en Cajamarca. Indic\u00f3 que al tener responsabilidades de gesti\u00f3n, desde las regiones, la sistematizaci\u00f3n deber\u00eda ser una experiencia promovida para la mejora educativa. &#8220;La sistematizaci\u00f3n, m\u00e1s all\u00e1 de una s\u00edntesis o relator\u00eda, es una pr\u00e1ctica de construcci\u00f3n de conocimiento, que implica un m\u00e9todo, un procesamiento y an\u00e1lisis de la informaci\u00f3n, que termina en un reporte pero que contiene aprendizajes desde la experiencia&#8221;, sostuvo Vargas. Su intervenci\u00f3n busc\u00f3 sensibilizar sobre la necesidad de incluir esta herramienta en las diversas gestiones de las DRE y UGEL y as\u00ed no perder oportunidades de replicar las acciones positivas de diversos actores que intervinieron en las experiencias.<\/p>\n<p style=\"text-align: justify;\">Por su parte, el edugestor Jaime Montes se\u00f1al\u00f3 que en la experiencia de moderar el grupo de inter\u00e9s sobre buenas pr\u00e1cticas de gesti\u00f3n en las UGEL, destac\u00f3\u00a0el\u00a0inter\u00e9s por reconocer el trabajo de los otros, en motivar la participaci\u00f3n entre directores a compartir sus experiencias. &#8220;Se configur\u00f3 un inter\u00e9s en hacer gesti\u00f3n de conocimiento desde la evidencia, poner en paquetes las experiencias y logros y compartirlos, dando aprendizajes sobre qu\u00e9 implic\u00f3 realiza esta labor&#8221;.<\/p>\n<p style=\"text-align: justify;\">En esa misma tarde se realiz\u00f3 el conversatorio<strong>\u00a0&#8220;<\/strong>An\u00e1lisis de coyuntura y propuestas para una agenda educativa en gesti\u00f3n descentralizada 2018&#8243;, que cont\u00f3 con la participaci\u00f3n de Guido Rospigliosi (Arequipa); Carmen S\u00e1nchez (Piura), Angela Villacorta (San Mart\u00edn), Jos\u00e9 Carlos Vera (Lima), en una mesa moderada por el consejero del Consejo Nacional de Educaci\u00f3n, Jorge Jaime.<\/p>\n<p style=\"text-align: justify;\">En la segunda jornada, realizada el s\u00e1bado 13 de enero, se realiz\u00f3 el conversatorio &#8220;Expectativas de actores sobre gesti\u00f3n del conocimiento y Edugestores&#8221;. Participaron en este panel Ada Paco (Minedu), El\u00edas Mel\u00e9ndrez (DRE Cusco), Killa Miranda (DRELM), Yone Asenjo (DRE Cajamarca), Marcela Cornejo (UGEL Sechura), Flor Pablo (Consejo Nacional de Educaci\u00f3n), en una mesa moderada por Daniel Contreras, responsable de educaci\u00f3n en UNICEF. Sobre esta mesa desarrollaremos otra nota en particular.<\/p>\n<p style=\"text-align: justify;\">Desde Edugestores agradecemos la participaci\u00f3n de todos los directores de DRE y UGEL, de los especialistas comprometidos y de los expositores y moderadores, quienes brindaron valiosos aportes para la construcci\u00f3n de nuestra agenda 2018.<\/p>\n<p style=\"text-align: justify;\"><a href=\"https:\/\/www.edugestores.pe\/wp-content\/uploads\/2018\/01\/IMG_5195.jpg\"><img decoding=\"async\" loading=\"lazy\" class=\"aligncenter  wp-image-18894\" src=\"https:\/\/www.edugestores.pe\/wp-content\/uploads\/2018\/01\/IMG_5195-1024x683.jpg\" alt=\"IMG_5195\" width=\"651\" height=\"434\" srcset=\"https:\/\/www.edugestores.pe\/wp-content\/uploads\/2018\/01\/IMG_5195-1024x683.jpg 1024w, https:\/\/www.edugestores.pe\/wp-content\/uploads\/2018\/01\/IMG_5195-300x200.jpg 300w, https:\/\/www.edugestores.pe\/wp-content\/uploads\/2018\/01\/IMG_5195-672x448.jpg 672w, https:\/\/www.edugestores.pe\/wp-content\/uploads\/2018\/01\/IMG_5195-1038x692.jpg 1038w, https:\/\/www.edugestores.pe\/wp-content\/uploads\/2018\/01\/IMG_5195-100x67.jpg 100w\" sizes=\"(max-width: 651px) 100vw, 651px\" \/><\/a><\/p>\n<p style=\"text-align: justify;\">\n<p style=\"text-align: justify;\"><a href=\"https:\/\/www.edugestores.pe\/wp-content\/uploads\/2018\/01\/IMG_5140.jpg\"><img decoding=\"async\" loading=\"lazy\" class=\"aligncenter  wp-image-18896\" src=\"https:\/\/www.edugestores.pe\/wp-content\/uploads\/2018\/01\/IMG_5140-1024x683.jpg\" alt=\"IMG_5140\" width=\"651\" height=\"434\" srcset=\"https:\/\/www.edugestores.pe\/wp-content\/uploads\/2018\/01\/IMG_5140-1024x683.jpg 1024w, https:\/\/www.edugestores.pe\/wp-content\/uploads\/2018\/01\/IMG_5140-300x200.jpg 300w, https:\/\/www.edugestores.pe\/wp-content\/uploads\/2018\/01\/IMG_5140-672x448.jpg 672w, https:\/\/www.edugestores.pe\/wp-content\/uploads\/2018\/01\/IMG_5140-1038x692.jpg 1038w, https:\/\/www.edugestores.pe\/wp-content\/uploads\/2018\/01\/IMG_5140-100x67.jpg 100w\" sizes=\"(max-width: 651px) 100vw, 651px\" \/><\/a><\/p>\n<p style=\"text-align: justify;\">\n<p style=\"text-align: justify;\"><a href=\"https:\/\/www.edugestores.pe\/wp-content\/uploads\/2018\/01\/IMG_5130.jpg\"><img decoding=\"async\" loading=\"lazy\" class=\"aligncenter  wp-image-18897\" src=\"https:\/\/www.edugestores.pe\/wp-content\/uploads\/2018\/01\/IMG_5130-1024x683.jpg\" alt=\"IMG_5130\" width=\"661\" height=\"440\" srcset=\"https:\/\/www.edugestores.pe\/wp-content\/uploads\/2018\/01\/IMG_5130-1024x683.jpg 1024w, https:\/\/www.edugestores.pe\/wp-content\/uploads\/2018\/01\/IMG_5130-300x200.jpg 300w, https:\/\/www.edugestores.pe\/wp-content\/uploads\/2018\/01\/IMG_5130-672x448.jpg 672w, https:\/\/www.edugestores.pe\/wp-content\/uploads\/2018\/01\/IMG_5130-1038x692.jpg 1038w, https:\/\/www.edugestores.pe\/wp-content\/uploads\/2018\/01\/IMG_5130-100x67.jpg 100w\" sizes=\"(max-width: 661px) 100vw, 661px\" \/><\/a><\/p>\n","protected":false},"excerpt":{"rendered":"<p>En una jornada de dos d\u00edas,\u00a0representantes\u00a0de veinte regiones del pa\u00eds se reunieron en Lima en la segunda edici\u00f3n del Encuentro [&hellip;]<\/p>\n","protected":false},"author":63,"featured_media":18893,"comment_status":"open","ping_status":"open","sticky":false,"template":"","format":"standard","meta":{"spay_email":""},"categories":[909,125],"tags":[],"yoast_head":"<!-- This site is optimized with the Yoast SEO plugin v18.0 - https:\/\/yoast.com\/wordpress\/plugins\/seo\/ -->\n<title>Edugestores se reunieron en cita anual para formular agenda 2018 - Red Peruana de Gestores de la Educaci\u00f3n<\/title>\n<meta name=\"robots\" content=\"index, follow, max-snippet:-1, max-image-preview:large, max-video-preview:-1\" \/>\n<link rel=\"canonical\" href=\"https:\/\/www.edugestores.pe\/?p=18892\" \/>\n<meta property=\"og:locale\" content=\"es_ES\" \/>\n<meta property=\"og:type\" content=\"article\" \/>\n<meta property=\"og:title\" content=\"Edugestores se reunieron en cita anual para formular agenda 2018 - Red Peruana de Gestores de la Educaci\u00f3n\" \/>\n<meta property=\"og:description\" content=\"En una jornada de dos d\u00edas,\u00a0representantes\u00a0de veinte regiones del pa\u00eds se reunieron en Lima en la segunda edici\u00f3n del Encuentro [&hellip;]\" \/>\n<meta property=\"og:url\" content=\"https:\/\/www.edugestores.pe\/?p=18892\" \/>\n<meta property=\"og:site_name\" content=\"Red Peruana de Gestores de la Educaci\u00f3n\" \/>\n<meta property=\"article:published_time\" content=\"2018-01-17T18:22:04+00:00\" \/>\n<meta property=\"article:modified_time\" content=\"2018-04-14T15:53:01+00:00\" \/>\n<meta property=\"og:image\" content=\"https:\/\/www.edugestores.pe\/wp-content\/uploads\/2018\/01\/IMG_5198-1024x683.jpg\" \/>\n\t<meta property=\"og:image:width\" content=\"1024\" \/>\n\t<meta property=\"og:image:height\" content=\"683\" \/>\n\t<meta property=\"og:image:type\" content=\"image\/jpeg\" \/>\n<meta name=\"twitter:card\" content=\"summary_large_image\" \/>\n<meta name=\"twitter:label1\" content=\"Escrito por\" \/>\n\t<meta name=\"twitter:data1\" content=\"Administrador\" \/>\n\t<meta name=\"twitter:label2\" content=\"Tiempo de lectura\" \/>\n\t<meta name=\"twitter:data2\" content=\"5 minutos\" \/>\n<script type=\"application\/ld+json\" class=\"yoast-schema-graph\">{\"@context\":\"https:\/\/schema.org\",\"@graph\":[{\"@type\":\"WebSite\",\"@id\":\"https:\/\/www.edugestores.pe\/#website\",\"url\":\"https:\/\/www.edugestores.pe\/\",\"name\":\"Red Peruana de Gestores de la Educaci\u00f3n\",\"description\":\"Red Peruana de Gestores de la Educaci\u00f3n\",\"potentialAction\":[{\"@type\":\"SearchAction\",\"target\":{\"@type\":\"EntryPoint\",\"urlTemplate\":\"https:\/\/www.edugestores.pe\/?s={search_term_string}\"},\"query-input\":\"required name=search_term_string\"}],\"inLanguage\":\"es\"},{\"@type\":\"ImageObject\",\"@id\":\"https:\/\/www.edugestores.pe\/?p=18892#primaryimage\",\"inLanguage\":\"es\",\"url\":\"https:\/\/www.edugestores.pe\/wp-content\/uploads\/2018\/01\/IMG_5198.jpg\",\"contentUrl\":\"https:\/\/www.edugestores.pe\/wp-content\/uploads\/2018\/01\/IMG_5198.jpg\",\"width\":5184,\"height\":3456},{\"@type\":\"WebPage\",\"@id\":\"https:\/\/www.edugestores.pe\/?p=18892#webpage\",\"url\":\"https:\/\/www.edugestores.pe\/?p=18892\",\"name\":\"Edugestores se reunieron en cita anual para formular agenda 2018 - Red Peruana de Gestores de la Educaci\u00f3n\",\"isPartOf\":{\"@id\":\"https:\/\/www.edugestores.pe\/#website\"},\"primaryImageOfPage\":{\"@id\":\"https:\/\/www.edugestores.pe\/?p=18892#primaryimage\"},\"datePublished\":\"2018-01-17T18:22:04+00:00\",\"dateModified\":\"2018-04-14T15:53:01+00:00\",\"author\":{\"@id\":\"https:\/\/www.edugestores.pe\/#\/schema\/person\/30dc82f35f5853289037a64b35c7c7d3\"},\"breadcrumb\":{\"@id\":\"https:\/\/www.edugestores.pe\/?p=18892#breadcrumb\"},\"inLanguage\":\"es\",\"potentialAction\":[{\"@type\":\"ReadAction\",\"target\":[\"https:\/\/www.edugestores.pe\/?p=18892\"]}]},{\"@type\":\"BreadcrumbList\",\"@id\":\"https:\/\/www.edugestores.pe\/?p=18892#breadcrumb\",\"itemListElement\":[{\"@type\":\"ListItem\",\"position\":1,\"name\":\"Portada\",\"item\":\"https:\/\/www.edugestores.pe\/\"},{\"@type\":\"ListItem\",\"position\":2,\"name\":\"Edugestores se reunieron en cita anual para formular agenda 2018\"}]},{\"@type\":\"Person\",\"@id\":\"https:\/\/www.edugestores.pe\/#\/schema\/person\/30dc82f35f5853289037a64b35c7c7d3\",\"name\":\"Administrador\",\"image\":{\"@type\":\"ImageObject\",\"@id\":\"https:\/\/www.edugestores.pe\/#personlogo\",\"inLanguage\":\"es\",\"url\":\"https:\/\/secure.gravatar.com\/avatar\/70960d1239c4d2c778bb3d2786a3c1ae?s=96&d=mm&r=g\",\"contentUrl\":\"https:\/\/secure.gravatar.com\/avatar\/70960d1239c4d2c778bb3d2786a3c1ae?s=96&d=mm&r=g\",\"caption\":\"Administrador\"},\"url\":\"https:\/\/www.edugestores.pe\/?author=63\"}]}<\/script>\n<!-- \/ Yoast SEO plugin. -->","yoast_head_json":{"title":"Edugestores se reunieron en cita anual para formular agenda 2018 - Red Peruana de Gestores de la Educaci\u00f3n","robots":{"index":"index","follow":"follow","max-snippet":"max-snippet:-1","max-image-preview":"max-image-preview:large","max-video-preview":"max-video-preview:-1"},"canonical":"https:\/\/www.edugestores.pe\/?p=18892","og_locale":"es_ES","og_type":"article","og_title":"Edugestores se reunieron en cita anual para formular agenda 2018 - Red Peruana de Gestores de la Educaci\u00f3n","og_description":"En una jornada de dos d\u00edas,\u00a0representantes\u00a0de veinte regiones del pa\u00eds se reunieron en Lima en la segunda edici\u00f3n del Encuentro [&hellip;]","og_url":"https:\/\/www.edugestores.pe\/?p=18892","og_site_name":"Red Peruana de Gestores de la Educaci\u00f3n","article_published_time":"2018-01-17T18:22:04+00:00","article_modified_time":"2018-04-14T15:53:01+00:00","og_image":[{"width":1024,"height":683,"url":"https:\/\/www.edugestores.pe\/wp-content\/uploads\/2018\/01\/IMG_5198-1024x683.jpg","type":"image\/jpeg"}],"twitter_card":"summary_large_image","twitter_misc":{"Escrito por":"Administrador","Tiempo de lectura":"5 minutos"},"schema":{"@context":"https:\/\/schema.org","@graph":[{"@type":"WebSite","@id":"https:\/\/www.edugestores.pe\/#website","url":"https:\/\/www.edugestores.pe\/","name":"Red Peruana de Gestores de la Educaci\u00f3n","description":"Red Peruana de Gestores de la Educaci\u00f3n","potentialAction":[{"@type":"SearchAction","target":{"@type":"EntryPoint","urlTemplate":"https:\/\/www.edugestores.pe\/?s={search_term_string}"},"query-input":"required name=search_term_string"}],"inLanguage":"es"},{"@type":"ImageObject","@id":"https:\/\/www.edugestores.pe\/?p=18892#primaryimage","inLanguage":"es","url":"https:\/\/www.edugestores.pe\/wp-content\/uploads\/2018\/01\/IMG_5198.jpg","contentUrl":"https:\/\/www.edugestores.pe\/wp-content\/uploads\/2018\/01\/IMG_5198.jpg","width":5184,"height":3456},{"@type":"WebPage","@id":"https:\/\/www.edugestores.pe\/?p=18892#webpage","url":"https:\/\/www.edugestores.pe\/?p=18892","name":"Edugestores se reunieron en cita anual para formular agenda 2018 - Red Peruana de Gestores de la Educaci\u00f3n","isPartOf":{"@id":"https:\/\/www.edugestores.pe\/#website"},"primaryImageOfPage":{"@id":"https:\/\/www.edugestores.pe\/?p=18892#primaryimage"},"datePublished":"2018-01-17T18:22:04+00:00","dateModified":"2018-04-14T15:53:01+00:00","author":{"@id":"https:\/\/www.edugestores.pe\/#\/schema\/person\/30dc82f35f5853289037a64b35c7c7d3"},"breadcrumb":{"@id":"https:\/\/www.edugestores.pe\/?p=18892#breadcrumb"},"inLanguage":"es","potentialAction":[{"@type":"ReadAction","target":["https:\/\/www.edugestores.pe\/?p=18892"]}]},{"@type":"BreadcrumbList","@id":"https:\/\/www.edugestores.pe\/?p=18892#breadcrumb","itemListElement":[{"@type":"ListItem","position":1,"name":"Portada","item":"https:\/\/www.edugestores.pe\/"},{"@type":"ListItem","position":2,"name":"Edugestores se reunieron en cita anual para formular agenda 2018"}]},{"@type":"Person","@id":"https:\/\/www.edugestores.pe\/#\/schema\/person\/30dc82f35f5853289037a64b35c7c7d3","name":"Administrador","image":{"@type":"ImageObject","@id":"https:\/\/www.edugestores.pe\/#personlogo","inLanguage":"es","url":"https:\/\/secure.gravatar.com\/avatar\/70960d1239c4d2c778bb3d2786a3c1ae?s=96&d=mm&r=g","contentUrl":"https:\/\/secure.gravatar.com\/avatar\/70960d1239c4d2c778bb3d2786a3c1ae?s=96&d=mm&r=g","caption":"Administrador"},"url":"https:\/\/www.edugestores.pe\/?author=63"}]}},"jetpack_featured_media_url":"https:\/\/www.edugestores.pe\/wp-content\/uploads\/2018\/01\/IMG_5198.jpg","_links":{"self":[{"href":"https:\/\/www.edugestores.pe\/index.php?rest_route=\/wp\/v2\/posts\/18892"}],"collection":[{"href":"https:\/\/www.edugestores.pe\/index.php?rest_route=\/wp\/v2\/posts"}],"about":[{"href":"https:\/\/www.edugestores.pe\/index.php?rest_route=\/wp\/v2\/types\/post"}],"author":[{"embeddable":true,"href":"https:\/\/www.edugestores.pe\/index.php?rest_route=\/wp\/v2\/users\/63"}],"replies":[{"embeddable":true,"href":"https:\/\/www.edugestores.pe\/index.php?rest_route=%2Fwp%2Fv2%2Fcomments&post=18892"}],"version-history":[{"count":2,"href":"https:\/\/www.edugestores.pe\/index.php?rest_route=\/wp\/v2\/posts\/18892\/revisions"}],"predecessor-version":[{"id":18898,"href":"https:\/\/www.edugestores.pe\/index.php?rest_route=\/wp\/v2\/posts\/18892\/revisions\/18898"}],"wp:featuredmedia":[{"embeddable":true,"href":"https:\/\/www.edugestores.pe\/index.php?rest_route=\/wp\/v2\/media\/18893"}],"wp:attachment":[{"href":"https:\/\/www.edugestores.pe\/index.php?rest_route=%2Fwp%2Fv2%2Fmedia&parent=18892"}],"wp:term":[{"taxonomy":"category","embeddable":true,"href":"https:\/\/www.edugestores.pe\/index.php?rest_route=%2Fwp%2Fv2%2Fcategories&post=18892"},{"taxonomy":"post_tag","embeddable":true,"href":"https:\/\/www.edugestores.pe\/index.php?rest_route=%2Fwp%2Fv2%2Ftags&post=18892"}],"curies":[{"name":"wp","href":"https:\/\/api.w.org\/{rel}","templated":true}]}}