{"id":19921,"date":"2018-05-30T08:31:07","date_gmt":"2018-05-30T13:31:07","guid":{"rendered":"https:\/\/www.edugestores.pe\/?p=19921"},"modified":"2018-06-11T08:27:59","modified_gmt":"2018-06-11T13:27:59","slug":"minedu-eib-llegara-hasta-el-ultimo-rincon-del-pais","status":"publish","type":"post","link":"https:\/\/www.edugestores.pe\/?p=19921","title":{"rendered":"Minedu: EIB llegar\u00e1 hasta el \u00faltimo rinc\u00f3n del pa\u00eds"},"content":{"rendered":"<p style=\"text-align: justify;\">Con ocasi\u00f3n del D\u00eda de las Lenguas Originarias, que se celebra cada 27 de mayo, la viceministra de Gesti\u00f3n Pedag\u00f3gica, Susana Helfer, reafirm\u00f3 el compromiso del Ministerio de Educaci\u00f3n (Minedu) de llevar la Educaci\u00f3n Intercultural Biling\u00fce (EIB)\u00a0 hasta &#8220;el \u00faltimo rinc\u00f3n del pa\u00eds&#8221;, para garantizar el derecho de los ni\u00f1os y adolescentes de los pueblos ind\u00edgenas de aprender en su lengua materna y en castellano, como segundo idioma.<\/p>\n<p style=\"text-align: justify;\">Al presentar materiales educativos en 27 lenguas originarias que han sido distribuidos en m\u00e1s de 17 mil escuelas interculturales biling\u00fces, Helfer dijo que el Minedu &#8220;seguir\u00e1 empe\u00f1ado en producir textos en las lenguas que faltan y en que estos lleguen hasta el \u00faltimo rinc\u00f3n del pa\u00eds, pues el derecho a la educaci\u00f3n se cumple cuando tenemos ni\u00f1os que aprenden en su propia lengua&#8221;.<\/p>\n<p style=\"text-align: justify;\">Este a\u00f1o el Minedu elabor\u00f3 cuadernos de trabajo en ticuna, yagua, secoya y cashinahua y para el 2019 distribuir\u00e1 diccionarios visuales, l\u00e1minas de alfabeto y tarjetas con relatos en las lenguas murui-muinani, kawki, bora, ese eja y kukama kukamiria.<\/p>\n<p style=\"text-align: justify;\">&#8220;Conscientes de la importancia del factor docente en la educaci\u00f3n, hemos desarrollado convenios con universidades que est\u00e1n formando docentes interculturales biling\u00fces. Otra estrategia es la capacitaci\u00f3n a los docentes en servicio a trav\u00e9s de plataformas virtuales, en las que acceden a recursos para mejorar su labor en las escuelas&#8221;, agreg\u00f3 Helfer.<\/p>\n<p style=\"text-align: justify;\">La viceministra tambi\u00e9n destac\u00f3 que en la actualidad el Minedu ha logrado normalizar 40 alfabetos de pueblos originarios. Las lenguas iskonawa y nahua han sido las \u00faltimas en lograr el reconocimiento de sus graf\u00edas para elaborar materiales educativos.<\/p>\n<p style=\"text-align: justify;\">Helfer dijo que el trabajo por preservar las lenguas y la identidad cultural de los pueblos ancestrales es resultado del esfuerzo conjunto que se realiza con el Ministerio de Cultura, el cual estuvo representado en la actividad por la viceministra de Interculturalidad, Elena Burga.\u00a0A su turno, Burga afirm\u00f3 que desde su sector se trabaja por asegurar el uso de las lenguas ya normalizadas, especialmente en las instituciones del Estado.<\/p>\n<p style=\"text-align: justify;\">&#8220;En el marco de la Pol\u00edtica Nacional de Lenguas Originarias, aprobada el a\u00f1o pasado, hemos iniciado la capacitaci\u00f3n de servidores p\u00fablicos en varias regiones para que puedan atender a los ciudadanos en su lengua materna&#8221;, se\u00f1al\u00f3.<\/p>\n","protected":false},"excerpt":{"rendered":"<p>Con ocasi\u00f3n del D\u00eda de las Lenguas Originarias, que se celebra cada 27 de mayo, la viceministra de Gesti\u00f3n Pedag\u00f3gica, [&hellip;]<\/p>\n","protected":false},"author":63,"featured_media":19922,"comment_status":"open","ping_status":"open","sticky":false,"template":"","format":"standard","meta":{"spay_email":""},"categories":[125],"tags":[],"yoast_head":"<!-- This site is optimized with the Yoast SEO plugin v18.0 - https:\/\/yoast.com\/wordpress\/plugins\/seo\/ -->\n<title>Minedu: EIB llegar\u00e1 hasta el \u00faltimo rinc\u00f3n del pa\u00eds - Red Peruana de Gestores de la Educaci\u00f3n<\/title>\n<meta name=\"robots\" content=\"index, follow, max-snippet:-1, max-image-preview:large, max-video-preview:-1\" \/>\n<link rel=\"canonical\" href=\"https:\/\/www.edugestores.pe\/?p=19921\" \/>\n<meta property=\"og:locale\" content=\"es_ES\" \/>\n<meta property=\"og:type\" content=\"article\" \/>\n<meta property=\"og:title\" content=\"Minedu: EIB llegar\u00e1 hasta el \u00faltimo rinc\u00f3n del pa\u00eds - Red Peruana de Gestores de la Educaci\u00f3n\" \/>\n<meta property=\"og:description\" content=\"Con ocasi\u00f3n del D\u00eda de las Lenguas Originarias, que se celebra cada 27 de mayo, la viceministra de Gesti\u00f3n Pedag\u00f3gica, [&hellip;]\" \/>\n<meta property=\"og:url\" content=\"https:\/\/www.edugestores.pe\/?p=19921\" \/>\n<meta property=\"og:site_name\" content=\"Red Peruana de Gestores de la Educaci\u00f3n\" \/>\n<meta property=\"article:published_time\" content=\"2018-05-30T13:31:07+00:00\" \/>\n<meta property=\"article:modified_time\" content=\"2018-06-11T13:27:59+00:00\" \/>\n<meta property=\"og:image\" content=\"https:\/\/www.edugestores.pe\/wp-content\/uploads\/2018\/05\/150603-minedu-educacion-intercultural-bilingue-llegara-hasta-ultimo-rincon-pais-minedu.jpg\" \/>\n\t<meta property=\"og:image:width\" content=\"851\" \/>\n\t<meta property=\"og:image:height\" content=\"444\" \/>\n\t<meta property=\"og:image:type\" content=\"image\/jpeg\" \/>\n<meta name=\"twitter:card\" content=\"summary_large_image\" \/>\n<meta name=\"twitter:label1\" content=\"Escrito por\" \/>\n\t<meta name=\"twitter:data1\" content=\"Administrador\" \/>\n\t<meta name=\"twitter:label2\" content=\"Tiempo de lectura\" \/>\n\t<meta name=\"twitter:data2\" content=\"2 minutos\" \/>\n<script type=\"application\/ld+json\" class=\"yoast-schema-graph\">{\"@context\":\"https:\/\/schema.org\",\"@graph\":[{\"@type\":\"WebSite\",\"@id\":\"https:\/\/www.edugestores.pe\/#website\",\"url\":\"https:\/\/www.edugestores.pe\/\",\"name\":\"Red Peruana de Gestores de la Educaci\u00f3n\",\"description\":\"Red Peruana de Gestores de la Educaci\u00f3n\",\"potentialAction\":[{\"@type\":\"SearchAction\",\"target\":{\"@type\":\"EntryPoint\",\"urlTemplate\":\"https:\/\/www.edugestores.pe\/?s={search_term_string}\"},\"query-input\":\"required name=search_term_string\"}],\"inLanguage\":\"es\"},{\"@type\":\"ImageObject\",\"@id\":\"https:\/\/www.edugestores.pe\/?p=19921#primaryimage\",\"inLanguage\":\"es\",\"url\":\"https:\/\/www.edugestores.pe\/wp-content\/uploads\/2018\/05\/150603-minedu-educacion-intercultural-bilingue-llegara-hasta-ultimo-rincon-pais-minedu.jpg\",\"contentUrl\":\"https:\/\/www.edugestores.pe\/wp-content\/uploads\/2018\/05\/150603-minedu-educacion-intercultural-bilingue-llegara-hasta-ultimo-rincon-pais-minedu.jpg\",\"width\":851,\"height\":444},{\"@type\":\"WebPage\",\"@id\":\"https:\/\/www.edugestores.pe\/?p=19921#webpage\",\"url\":\"https:\/\/www.edugestores.pe\/?p=19921\",\"name\":\"Minedu: EIB llegar\u00e1 hasta el \u00faltimo rinc\u00f3n del pa\u00eds - Red Peruana de Gestores de la Educaci\u00f3n\",\"isPartOf\":{\"@id\":\"https:\/\/www.edugestores.pe\/#website\"},\"primaryImageOfPage\":{\"@id\":\"https:\/\/www.edugestores.pe\/?p=19921#primaryimage\"},\"datePublished\":\"2018-05-30T13:31:07+00:00\",\"dateModified\":\"2018-06-11T13:27:59+00:00\",\"author\":{\"@id\":\"https:\/\/www.edugestores.pe\/#\/schema\/person\/30dc82f35f5853289037a64b35c7c7d3\"},\"breadcrumb\":{\"@id\":\"https:\/\/www.edugestores.pe\/?p=19921#breadcrumb\"},\"inLanguage\":\"es\",\"potentialAction\":[{\"@type\":\"ReadAction\",\"target\":[\"https:\/\/www.edugestores.pe\/?p=19921\"]}]},{\"@type\":\"BreadcrumbList\",\"@id\":\"https:\/\/www.edugestores.pe\/?p=19921#breadcrumb\",\"itemListElement\":[{\"@type\":\"ListItem\",\"position\":1,\"name\":\"Portada\",\"item\":\"https:\/\/www.edugestores.pe\/\"},{\"@type\":\"ListItem\",\"position\":2,\"name\":\"Minedu: EIB llegar\u00e1 hasta el \u00faltimo rinc\u00f3n del pa\u00eds\"}]},{\"@type\":\"Person\",\"@id\":\"https:\/\/www.edugestores.pe\/#\/schema\/person\/30dc82f35f5853289037a64b35c7c7d3\",\"name\":\"Administrador\",\"image\":{\"@type\":\"ImageObject\",\"@id\":\"https:\/\/www.edugestores.pe\/#personlogo\",\"inLanguage\":\"es\",\"url\":\"https:\/\/secure.gravatar.com\/avatar\/70960d1239c4d2c778bb3d2786a3c1ae?s=96&d=mm&r=g\",\"contentUrl\":\"https:\/\/secure.gravatar.com\/avatar\/70960d1239c4d2c778bb3d2786a3c1ae?s=96&d=mm&r=g\",\"caption\":\"Administrador\"},\"url\":\"https:\/\/www.edugestores.pe\/?author=63\"}]}<\/script>\n<!-- \/ Yoast SEO plugin. -->","yoast_head_json":{"title":"Minedu: EIB llegar\u00e1 hasta el \u00faltimo rinc\u00f3n del pa\u00eds - Red Peruana de Gestores de la Educaci\u00f3n","robots":{"index":"index","follow":"follow","max-snippet":"max-snippet:-1","max-image-preview":"max-image-preview:large","max-video-preview":"max-video-preview:-1"},"canonical":"https:\/\/www.edugestores.pe\/?p=19921","og_locale":"es_ES","og_type":"article","og_title":"Minedu: EIB llegar\u00e1 hasta el \u00faltimo rinc\u00f3n del pa\u00eds - Red Peruana de Gestores de la Educaci\u00f3n","og_description":"Con ocasi\u00f3n del D\u00eda de las Lenguas Originarias, que se celebra cada 27 de mayo, la viceministra de Gesti\u00f3n Pedag\u00f3gica, [&hellip;]","og_url":"https:\/\/www.edugestores.pe\/?p=19921","og_site_name":"Red Peruana de Gestores de la Educaci\u00f3n","article_published_time":"2018-05-30T13:31:07+00:00","article_modified_time":"2018-06-11T13:27:59+00:00","og_image":[{"width":851,"height":444,"url":"https:\/\/www.edugestores.pe\/wp-content\/uploads\/2018\/05\/150603-minedu-educacion-intercultural-bilingue-llegara-hasta-ultimo-rincon-pais-minedu.jpg","type":"image\/jpeg"}],"twitter_card":"summary_large_image","twitter_misc":{"Escrito por":"Administrador","Tiempo de lectura":"2 minutos"},"schema":{"@context":"https:\/\/schema.org","@graph":[{"@type":"WebSite","@id":"https:\/\/www.edugestores.pe\/#website","url":"https:\/\/www.edugestores.pe\/","name":"Red Peruana de Gestores de la Educaci\u00f3n","description":"Red Peruana de Gestores de la Educaci\u00f3n","potentialAction":[{"@type":"SearchAction","target":{"@type":"EntryPoint","urlTemplate":"https:\/\/www.edugestores.pe\/?s={search_term_string}"},"query-input":"required name=search_term_string"}],"inLanguage":"es"},{"@type":"ImageObject","@id":"https:\/\/www.edugestores.pe\/?p=19921#primaryimage","inLanguage":"es","url":"https:\/\/www.edugestores.pe\/wp-content\/uploads\/2018\/05\/150603-minedu-educacion-intercultural-bilingue-llegara-hasta-ultimo-rincon-pais-minedu.jpg","contentUrl":"https:\/\/www.edugestores.pe\/wp-content\/uploads\/2018\/05\/150603-minedu-educacion-intercultural-bilingue-llegara-hasta-ultimo-rincon-pais-minedu.jpg","width":851,"height":444},{"@type":"WebPage","@id":"https:\/\/www.edugestores.pe\/?p=19921#webpage","url":"https:\/\/www.edugestores.pe\/?p=19921","name":"Minedu: EIB llegar\u00e1 hasta el \u00faltimo rinc\u00f3n del pa\u00eds - Red Peruana de Gestores de la Educaci\u00f3n","isPartOf":{"@id":"https:\/\/www.edugestores.pe\/#website"},"primaryImageOfPage":{"@id":"https:\/\/www.edugestores.pe\/?p=19921#primaryimage"},"datePublished":"2018-05-30T13:31:07+00:00","dateModified":"2018-06-11T13:27:59+00:00","author":{"@id":"https:\/\/www.edugestores.pe\/#\/schema\/person\/30dc82f35f5853289037a64b35c7c7d3"},"breadcrumb":{"@id":"https:\/\/www.edugestores.pe\/?p=19921#breadcrumb"},"inLanguage":"es","potentialAction":[{"@type":"ReadAction","target":["https:\/\/www.edugestores.pe\/?p=19921"]}]},{"@type":"BreadcrumbList","@id":"https:\/\/www.edugestores.pe\/?p=19921#breadcrumb","itemListElement":[{"@type":"ListItem","position":1,"name":"Portada","item":"https:\/\/www.edugestores.pe\/"},{"@type":"ListItem","position":2,"name":"Minedu: EIB llegar\u00e1 hasta el \u00faltimo rinc\u00f3n del pa\u00eds"}]},{"@type":"Person","@id":"https:\/\/www.edugestores.pe\/#\/schema\/person\/30dc82f35f5853289037a64b35c7c7d3","name":"Administrador","image":{"@type":"ImageObject","@id":"https:\/\/www.edugestores.pe\/#personlogo","inLanguage":"es","url":"https:\/\/secure.gravatar.com\/avatar\/70960d1239c4d2c778bb3d2786a3c1ae?s=96&d=mm&r=g","contentUrl":"https:\/\/secure.gravatar.com\/avatar\/70960d1239c4d2c778bb3d2786a3c1ae?s=96&d=mm&r=g","caption":"Administrador"},"url":"https:\/\/www.edugestores.pe\/?author=63"}]}},"jetpack_featured_media_url":"https:\/\/www.edugestores.pe\/wp-content\/uploads\/2018\/05\/150603-minedu-educacion-intercultural-bilingue-llegara-hasta-ultimo-rincon-pais-minedu.jpg","_links":{"self":[{"href":"https:\/\/www.edugestores.pe\/index.php?rest_route=\/wp\/v2\/posts\/19921"}],"collection":[{"href":"https:\/\/www.edugestores.pe\/index.php?rest_route=\/wp\/v2\/posts"}],"about":[{"href":"https:\/\/www.edugestores.pe\/index.php?rest_route=\/wp\/v2\/types\/post"}],"author":[{"embeddable":true,"href":"https:\/\/www.edugestores.pe\/index.php?rest_route=\/wp\/v2\/users\/63"}],"replies":[{"embeddable":true,"href":"https:\/\/www.edugestores.pe\/index.php?rest_route=%2Fwp%2Fv2%2Fcomments&post=19921"}],"version-history":[{"count":3,"href":"https:\/\/www.edugestores.pe\/index.php?rest_route=\/wp\/v2\/posts\/19921\/revisions"}],"predecessor-version":[{"id":19925,"href":"https:\/\/www.edugestores.pe\/index.php?rest_route=\/wp\/v2\/posts\/19921\/revisions\/19925"}],"wp:featuredmedia":[{"embeddable":true,"href":"https:\/\/www.edugestores.pe\/index.php?rest_route=\/wp\/v2\/media\/19922"}],"wp:attachment":[{"href":"https:\/\/www.edugestores.pe\/index.php?rest_route=%2Fwp%2Fv2%2Fmedia&parent=19921"}],"wp:term":[{"taxonomy":"category","embeddable":true,"href":"https:\/\/www.edugestores.pe\/index.php?rest_route=%2Fwp%2Fv2%2Fcategories&post=19921"},{"taxonomy":"post_tag","embeddable":true,"href":"https:\/\/www.edugestores.pe\/index.php?rest_route=%2Fwp%2Fv2%2Ftags&post=19921"}],"curies":[{"name":"wp","href":"https:\/\/api.w.org\/{rel}","templated":true}]}}