{"id":19987,"date":"2018-06-10T10:48:03","date_gmt":"2018-06-10T15:48:03","guid":{"rendered":"https:\/\/www.edugestores.pe\/?p=19987"},"modified":"2018-06-15T21:29:28","modified_gmt":"2018-06-16T02:29:28","slug":"lucio-castro-usurpan-el-nombre-del-sutep-para-confundir-y-sorprender-a-maestros","status":"publish","type":"post","link":"https:\/\/www.edugestores.pe\/?p=19987","title":{"rendered":"Lucio Castro: \u201cUsurpan el nombre del Sutep para confundir y sorprender a maestros\u201d"},"content":{"rendered":"<p style=\"text-align: justify;\">Hoy el diario La Rep\u00fablica publica una entrevista del periodista Carlos Contreras al secretario de Defensa del Comit\u00e9 Ejecutivo Nacional (CEN) del\u00a0Sutep, Lucio Castro Chipana, quien\u00a0asegura que, esta vez, los grupos radicales no tendr\u00e1n el respaldo visto el a\u00f1o pasado. Se\u00f1ala que el\u00a0Ministerio de Educaci\u00f3n\u00a0debe conversar con ellos y plantearles soluciones justas. Aqu\u00ed sus respuestas.<\/p>\n<p style=\"text-align: justify;\"><strong>Los profesores Pedro Castillo y Ernesto Meza Tica, quienes lideraron el a\u00f1o pasado una huelga que dur\u00f3 m\u00e1s de cien d\u00edas en varias regiones, \u00bftienen alg\u00fan v\u00ednculo con el Sutep?<\/strong><\/p>\n<div class=\"teads-inread sm-screen\" style=\"text-align: justify;\">\u00a0No tienen ning\u00fan v\u00ednculo, como s\u00ed lo tienen quienes est\u00e1n afiliados al\u00a0Sutep. Nosotros tenemos una base de datos que arroja 220 mil\u00a0docentes\u00a0afiliados, la cual ha sido presentada al Ministerio de Trabajo.<\/div>\n<p style=\"text-align: justify;\"><strong>Pero ellos afirman que la huelga de docentes se reiniciar\u00e1 en varias regiones&#8230;<\/strong><\/p>\n<p style=\"text-align: justify;\">Es que el nombre del\u00a0Sutep\u00a0est\u00e1 interiorizado en el imaginario y en el coraz\u00f3n del magisterio. Entonces, convocar a una huelga de docentes con un nombre distinto al\u00a0Sutep\u00a0significar\u00eda, y con seguridad le digo, un absoluto fracaso. Por eso se cuelgan del nombre del sindicato para efectos de confundir al magisterio y a la ciudadan\u00eda.<\/p>\n<p style=\"text-align: justify;\"><strong>El Sutep mencion\u00f3 que algunos de estos dirigentes regionales tienen v\u00ednculos radicales.<\/strong><\/p>\n<p style=\"text-align: justify;\">Las investigaciones de las autoridades dicen eso. Aqu\u00ed yo quiero enfatizar lo siguiente: nosotros no estamos diciendo que los maestros, que los siguen o que sostienen que las ideas que ellos plantean son las correctas, son terroristas, del Conare o del Movadef, brazo pol\u00edtico de\u00a0Sendero Luminoso. Nosotros decimos que algunos de esos dirigentes tienen v\u00ednculos.<\/p>\n<p style=\"text-align: justify;\"><strong>\u00bfY qu\u00e9 intereses buscan?<\/strong><\/p>\n<p style=\"text-align: justify;\">Consideramos que buscan dividir a los trabajadores, a una organizaci\u00f3n que tiene historia, que est\u00e1 identificada con la lucha no solo del magisterio sino tambi\u00e9n del pueblo. Definitivamente, al dividir al\u00a0Sutep, que exige luchas justas de los maestros, buscan el debilitamiento del mismo. Hay una pugna por la conducci\u00f3n del gremio.<\/p>\n<p style=\"text-align: justify;\"><strong>Ahora, sus puntos de lucha son similares. Ellos piden ganar 4 mil 500 soles desde este a\u00f1o y ustedes demandan 3 mil 500&#8230;<\/strong><\/p>\n<p style=\"text-align: justify;\">Ac\u00e1 hay una diferencia central: nosotros hemos presentado un pliego de reclamos el a\u00f1o pasado y lo venimos debatiendo en la negociaci\u00f3n colectiva con el Gobierno. Esos se\u00f1ores, que dicen defender a los trabajadores, no han presentado nada, no tienen ning\u00fan pliego. Solo &#8220;dicen&#8221;, afirman que &#8220;esto y lo otro&#8221;, pero ni siquiera tienen inscripci\u00f3n en el Ministerio de Trabajo. Dicen ser\u00a0Sutep\u00a0cuando no lo son, y eso que la libertad sindical existe en el Per\u00fa y les permite a ellos inscribirse y plantear sus exigencias. Sin embargo, usurpan el nombre del\u00a0Sutep\u00a0para confundir y sorprender a los maestros.<\/p>\n<p style=\"text-align: justify;\"><strong>\u00bfEs por lo que se\u00f1ala que ellos tuvieron respaldo el 2017?<\/strong><\/p>\n<p style=\"text-align: justify;\">Por supuesto. El a\u00f1o pasado hicimos una autocr\u00edtica p\u00fablica porque no cumplimos con una labor fundamental, que es la de comunicar al magisterio de todas las partes del pa\u00eds sobre los avances y compromisos obtenidos. Por eso, los maestros, al no conocer nuestro trabajo, fueron sorprendidos.<\/p>\n<p style=\"text-align: justify;\"><strong>\u00bfEllos no lograron que el piso salarial llegue a 2 mil soles?<\/strong><\/p>\n<p style=\"text-align: justify;\">No, nada que ver. Lo hab\u00edamos logrado nosotros mucho antes de la\u00a0huelga. Ellos plantearon exigencias irreales que solo les sirvieron como puntos atractivos, pero que, en la pr\u00e1ctica y acabada su medida, fueron una estafa, una aventura para los maestros que de buena fe participaron. Lo \u00fanico que encontraron fueron descuentos y sanciones administrativas.<\/p>\n<p style=\"text-align: justify;\"><strong>Entonces, \u00bflo que nos asegura es que la huelga no va a tener el respaldo del a\u00f1o pasado?<\/strong><\/p>\n<p style=\"text-align: justify;\">Hay un escenario distinto al del a\u00f1o pasado. Al menos los maestros ya saben qu\u00e9 avances ha habido: aumento para auxiliares (1.300 soles); incremento del piso salarial (2.000 soles) a los maestros de\u00a0Educaci\u00f3n B\u00e1sica Alternativa; nombramiento anual de docentes y m\u00e1s plazas en concursos de ascenso.<\/p>\n<p style=\"text-align: justify;\"><strong>Este problema se complica cuando el gobierno dice, por una parte, que declarar\u00e1 ilegal la huelga del 18 de junio, y por otra se sienta a conversar con los que la anuncian&#8230;<\/strong><\/p>\n<p style=\"text-align: justify;\">Este Gobierno, innegablemente, es fr\u00e1gil y d\u00e9bil y est\u00e1 envuelto en vaivenes: un d\u00eda dice una cosa y otro retrocede. En ese sentido, nosotros le pedimos al Gobierno que act\u00fae seg\u00fan lo que indica la normatividad. Debe trabajar con la organizaci\u00f3n debidamente inscrita y que representa a la mayor\u00eda: el\u00a0Sutep. No obstante, apenas siente presi\u00f3n, el gobierno cede.<\/p>\n<p style=\"text-align: justify;\"><strong>Hace unos d\u00edas, en este proceso de negociaci\u00f3n con el Minedu, ustedes coincidieron en algunos puntos; no obstante, en el aumento salarial y el pago de la deuda social discreparon&#8230;<\/strong><\/p>\n<p style=\"text-align: justify;\">Mire, ahora vamos a ingresar a la tercera etapa del proceso de conciliaci\u00f3n (con el\u00a0Minedu) y conforme la norma, en el arbitraje abordaremos temas econ\u00f3micos. Nosotros plantearemos el aumento del piso salarial (a 3 mil 500 soles).<\/p>\n<p style=\"text-align: justify;\"><strong>\u00bfCu\u00e1ndo arranca el arbitraje? Y de no darse, \u00bfqu\u00e9 har\u00e1n?<\/strong><\/p>\n<p style=\"text-align: justify;\">Normalmente, este puede durar hasta tres meses, pero queremos negociar cuanto antes. Nosotros hemos cursado una invitaci\u00f3n al\u00a0Ministerio de Educaci\u00f3n\u00a0a efectos de que participe en el arbitraje. Entendemos que tiene que hacerlo porque, de lo contrario, nos empujar\u00eda a una medida de lucha que a\u00fan no pensamos&#8230;<\/p>\n<p style=\"text-align: justify;\"><strong>\u00bf&#8230;que implica una huelga?<\/strong><\/p>\n<p style=\"text-align: justify;\">La norma dice que es o arbitraje o\u00a0huelga. Y si el Gobierno no acepta el arbitraje, nos est\u00e1 diciendo &#8216;vayan a huelga&#8217;. Yo creo que eso ser\u00eda irracional porque el Gobierno debe formular soluciones armoniosas.<\/p>\n<p style=\"text-align: justify;\"><strong>Entonces las cosas se ponen dif\u00edciles porque el ministro de Educaci\u00f3n, Daniel Alfaro, les dijo a los congresistas que este a\u00f1o no habr\u00eda aumentos salariales ya que implica un gasto de 12 mil millones de soles y ellos solo cuentan con 2 mil millones.<\/strong><\/p>\n<p style=\"text-align: justify;\">Debe haber un nivel de negociaci\u00f3n y una contrapropuesta justa. Mire, hay 900 millones de soles que se invierten en un conjunto de programas educativos (&#8216;S\u00edseVe&#8217;, &#8216;Soporte Pedag\u00f3gico&#8217;). Nosotros le hemos dicho (al\u00a0Minedu): &#8220;Hagamos un balance para ver si estos presentan resultados&#8221;, pero el Gobierno, nada. El exministro\u00a0Idel Vexler\u00a0nos dio la raz\u00f3n y dijo que se deb\u00eda hacer una racionalizaci\u00f3n de los programas para atender los pedidos. Otro tema son las exoneraciones tributarias. Hace falta voluntad pol\u00edtica.<\/p>\n<p style=\"text-align: justify;\"><strong>\u00bfEl presidente Mart\u00edn Vizcarra o el premier C\u00e9sar Villanueva ya se reunieron con el Sutep?<\/strong><\/p>\n<p style=\"text-align: justify;\">No, aunque ya le hemos solicitado reuniones&#8230;<\/p>\n<p style=\"text-align: justify;\"><strong>&#8230;Porque ya lo hicieron con rectores opositores a la reforma universitaria&#8230;<\/strong><\/p>\n<p style=\"text-align: justify;\">Bueno, me imagino que est\u00e1n viendo su\u00a0agenda. Espero que se concrete la reuni\u00f3n.<\/p>\n<p style=\"text-align: justify;\"><strong>Para terminar, estamos en un contexto duro por los casos de violencia contra la mujer. \u00bfQu\u00e9 tan importante es que se aplique el enfoque de g\u00e9nero?<\/strong><\/p>\n<p style=\"text-align: justify;\">Nos apena esta realidad. Nosotros hemos se\u00f1alado que esas voces, que piden una ense\u00f1anza relacionada a una distinci\u00f3n o superposici\u00f3n por el g\u00e9nero, no deben prosperar dentro del\u00a0Curr\u00edculo. Tiene que haber una\u00a0equidad de g\u00e9nero.<\/p>\n<p style=\"text-align: justify;\">Pero no est\u00e1 en el Curr\u00edculo Escolar por el Poder Judicial.<\/p>\n<p style=\"text-align: justify;\">Este enfoque de g\u00e9nero merece una campa\u00f1a de sensibilizaci\u00f3n liderada por el\u00a0Ministerio de Educaci\u00f3n\u00a0y apoyada por los maestros. Pero el Gobierno no lo hace, retrocede cada vez que siente la presi\u00f3n de grupos conservadores. Repito, todo esto nos apena mucho.<\/p>\n<p style=\"text-align: justify;\">Publicado en La Rep\u00fablica, del 10\/06\/2018. Foto: Hern\u00e1n Hern\u00e1ndez (La Rep\u00fablica)<\/p>\n","protected":false},"excerpt":{"rendered":"<p>Hoy el diario La Rep\u00fablica publica una entrevista del periodista Carlos Contreras al secretario de Defensa del Comit\u00e9 Ejecutivo Nacional [&hellip;]<\/p>\n","protected":false},"author":63,"featured_media":19988,"comment_status":"open","ping_status":"open","sticky":false,"template":"","format":"standard","meta":{"spay_email":""},"categories":[125],"tags":[],"yoast_head":"<!-- This site is optimized with the Yoast SEO plugin v18.0 - https:\/\/yoast.com\/wordpress\/plugins\/seo\/ -->\n<title>Lucio Castro: \u201cUsurpan el nombre del Sutep para confundir y sorprender a maestros\u201d - Red Peruana de Gestores de la Educaci\u00f3n<\/title>\n<meta name=\"robots\" content=\"index, follow, max-snippet:-1, max-image-preview:large, max-video-preview:-1\" \/>\n<link rel=\"canonical\" href=\"https:\/\/www.edugestores.pe\/?p=19987\" \/>\n<meta property=\"og:locale\" content=\"es_ES\" \/>\n<meta property=\"og:type\" content=\"article\" \/>\n<meta property=\"og:title\" content=\"Lucio Castro: \u201cUsurpan el nombre del Sutep para confundir y sorprender a maestros\u201d - Red Peruana de Gestores de la Educaci\u00f3n\" \/>\n<meta property=\"og:description\" content=\"Hoy el diario La Rep\u00fablica publica una entrevista del periodista Carlos Contreras al secretario de Defensa del Comit\u00e9 Ejecutivo Nacional [&hellip;]\" \/>\n<meta property=\"og:url\" content=\"https:\/\/www.edugestores.pe\/?p=19987\" \/>\n<meta property=\"og:site_name\" content=\"Red Peruana de Gestores de la Educaci\u00f3n\" \/>\n<meta property=\"article:published_time\" content=\"2018-06-10T15:48:03+00:00\" \/>\n<meta property=\"article:modified_time\" content=\"2018-06-16T02:29:28+00:00\" \/>\n<meta property=\"og:image\" content=\"https:\/\/www.edugestores.pe\/wp-content\/uploads\/2018\/06\/noticia-sutep.jpg\" \/>\n\t<meta property=\"og:image:width\" content=\"720\" \/>\n\t<meta property=\"og:image:height\" content=\"405\" \/>\n\t<meta property=\"og:image:type\" content=\"image\/jpeg\" \/>\n<meta name=\"twitter:card\" content=\"summary_large_image\" \/>\n<meta name=\"twitter:label1\" content=\"Escrito por\" \/>\n\t<meta name=\"twitter:data1\" content=\"Administrador\" \/>\n\t<meta name=\"twitter:label2\" content=\"Tiempo de lectura\" \/>\n\t<meta name=\"twitter:data2\" content=\"6 minutos\" \/>\n<script type=\"application\/ld+json\" class=\"yoast-schema-graph\">{\"@context\":\"https:\/\/schema.org\",\"@graph\":[{\"@type\":\"WebSite\",\"@id\":\"https:\/\/www.edugestores.pe\/#website\",\"url\":\"https:\/\/www.edugestores.pe\/\",\"name\":\"Red Peruana de Gestores de la Educaci\u00f3n\",\"description\":\"Red Peruana de Gestores de la Educaci\u00f3n\",\"potentialAction\":[{\"@type\":\"SearchAction\",\"target\":{\"@type\":\"EntryPoint\",\"urlTemplate\":\"https:\/\/www.edugestores.pe\/?s={search_term_string}\"},\"query-input\":\"required name=search_term_string\"}],\"inLanguage\":\"es\"},{\"@type\":\"ImageObject\",\"@id\":\"https:\/\/www.edugestores.pe\/?p=19987#primaryimage\",\"inLanguage\":\"es\",\"url\":\"https:\/\/www.edugestores.pe\/wp-content\/uploads\/2018\/06\/noticia-sutep.jpg\",\"contentUrl\":\"https:\/\/www.edugestores.pe\/wp-content\/uploads\/2018\/06\/noticia-sutep.jpg\",\"width\":720,\"height\":405},{\"@type\":\"WebPage\",\"@id\":\"https:\/\/www.edugestores.pe\/?p=19987#webpage\",\"url\":\"https:\/\/www.edugestores.pe\/?p=19987\",\"name\":\"Lucio Castro: \u201cUsurpan el nombre del Sutep para confundir y sorprender a maestros\u201d - Red Peruana de Gestores de la Educaci\u00f3n\",\"isPartOf\":{\"@id\":\"https:\/\/www.edugestores.pe\/#website\"},\"primaryImageOfPage\":{\"@id\":\"https:\/\/www.edugestores.pe\/?p=19987#primaryimage\"},\"datePublished\":\"2018-06-10T15:48:03+00:00\",\"dateModified\":\"2018-06-16T02:29:28+00:00\",\"author\":{\"@id\":\"https:\/\/www.edugestores.pe\/#\/schema\/person\/30dc82f35f5853289037a64b35c7c7d3\"},\"breadcrumb\":{\"@id\":\"https:\/\/www.edugestores.pe\/?p=19987#breadcrumb\"},\"inLanguage\":\"es\",\"potentialAction\":[{\"@type\":\"ReadAction\",\"target\":[\"https:\/\/www.edugestores.pe\/?p=19987\"]}]},{\"@type\":\"BreadcrumbList\",\"@id\":\"https:\/\/www.edugestores.pe\/?p=19987#breadcrumb\",\"itemListElement\":[{\"@type\":\"ListItem\",\"position\":1,\"name\":\"Portada\",\"item\":\"https:\/\/www.edugestores.pe\/\"},{\"@type\":\"ListItem\",\"position\":2,\"name\":\"Lucio Castro: \u201cUsurpan el nombre del Sutep para confundir y sorprender a maestros\u201d\"}]},{\"@type\":\"Person\",\"@id\":\"https:\/\/www.edugestores.pe\/#\/schema\/person\/30dc82f35f5853289037a64b35c7c7d3\",\"name\":\"Administrador\",\"image\":{\"@type\":\"ImageObject\",\"@id\":\"https:\/\/www.edugestores.pe\/#personlogo\",\"inLanguage\":\"es\",\"url\":\"https:\/\/secure.gravatar.com\/avatar\/70960d1239c4d2c778bb3d2786a3c1ae?s=96&d=mm&r=g\",\"contentUrl\":\"https:\/\/secure.gravatar.com\/avatar\/70960d1239c4d2c778bb3d2786a3c1ae?s=96&d=mm&r=g\",\"caption\":\"Administrador\"},\"url\":\"https:\/\/www.edugestores.pe\/?author=63\"}]}<\/script>\n<!-- \/ Yoast SEO plugin. -->","yoast_head_json":{"title":"Lucio Castro: \u201cUsurpan el nombre del Sutep para confundir y sorprender a maestros\u201d - Red Peruana de Gestores de la Educaci\u00f3n","robots":{"index":"index","follow":"follow","max-snippet":"max-snippet:-1","max-image-preview":"max-image-preview:large","max-video-preview":"max-video-preview:-1"},"canonical":"https:\/\/www.edugestores.pe\/?p=19987","og_locale":"es_ES","og_type":"article","og_title":"Lucio Castro: \u201cUsurpan el nombre del Sutep para confundir y sorprender a maestros\u201d - Red Peruana de Gestores de la Educaci\u00f3n","og_description":"Hoy el diario La Rep\u00fablica publica una entrevista del periodista Carlos Contreras al secretario de Defensa del Comit\u00e9 Ejecutivo Nacional [&hellip;]","og_url":"https:\/\/www.edugestores.pe\/?p=19987","og_site_name":"Red Peruana de Gestores de la Educaci\u00f3n","article_published_time":"2018-06-10T15:48:03+00:00","article_modified_time":"2018-06-16T02:29:28+00:00","og_image":[{"width":720,"height":405,"url":"https:\/\/www.edugestores.pe\/wp-content\/uploads\/2018\/06\/noticia-sutep.jpg","type":"image\/jpeg"}],"twitter_card":"summary_large_image","twitter_misc":{"Escrito por":"Administrador","Tiempo de lectura":"6 minutos"},"schema":{"@context":"https:\/\/schema.org","@graph":[{"@type":"WebSite","@id":"https:\/\/www.edugestores.pe\/#website","url":"https:\/\/www.edugestores.pe\/","name":"Red Peruana de Gestores de la Educaci\u00f3n","description":"Red Peruana de Gestores de la Educaci\u00f3n","potentialAction":[{"@type":"SearchAction","target":{"@type":"EntryPoint","urlTemplate":"https:\/\/www.edugestores.pe\/?s={search_term_string}"},"query-input":"required name=search_term_string"}],"inLanguage":"es"},{"@type":"ImageObject","@id":"https:\/\/www.edugestores.pe\/?p=19987#primaryimage","inLanguage":"es","url":"https:\/\/www.edugestores.pe\/wp-content\/uploads\/2018\/06\/noticia-sutep.jpg","contentUrl":"https:\/\/www.edugestores.pe\/wp-content\/uploads\/2018\/06\/noticia-sutep.jpg","width":720,"height":405},{"@type":"WebPage","@id":"https:\/\/www.edugestores.pe\/?p=19987#webpage","url":"https:\/\/www.edugestores.pe\/?p=19987","name":"Lucio Castro: \u201cUsurpan el nombre del Sutep para confundir y sorprender a maestros\u201d - Red Peruana de Gestores de la Educaci\u00f3n","isPartOf":{"@id":"https:\/\/www.edugestores.pe\/#website"},"primaryImageOfPage":{"@id":"https:\/\/www.edugestores.pe\/?p=19987#primaryimage"},"datePublished":"2018-06-10T15:48:03+00:00","dateModified":"2018-06-16T02:29:28+00:00","author":{"@id":"https:\/\/www.edugestores.pe\/#\/schema\/person\/30dc82f35f5853289037a64b35c7c7d3"},"breadcrumb":{"@id":"https:\/\/www.edugestores.pe\/?p=19987#breadcrumb"},"inLanguage":"es","potentialAction":[{"@type":"ReadAction","target":["https:\/\/www.edugestores.pe\/?p=19987"]}]},{"@type":"BreadcrumbList","@id":"https:\/\/www.edugestores.pe\/?p=19987#breadcrumb","itemListElement":[{"@type":"ListItem","position":1,"name":"Portada","item":"https:\/\/www.edugestores.pe\/"},{"@type":"ListItem","position":2,"name":"Lucio Castro: \u201cUsurpan el nombre del Sutep para confundir y sorprender a maestros\u201d"}]},{"@type":"Person","@id":"https:\/\/www.edugestores.pe\/#\/schema\/person\/30dc82f35f5853289037a64b35c7c7d3","name":"Administrador","image":{"@type":"ImageObject","@id":"https:\/\/www.edugestores.pe\/#personlogo","inLanguage":"es","url":"https:\/\/secure.gravatar.com\/avatar\/70960d1239c4d2c778bb3d2786a3c1ae?s=96&d=mm&r=g","contentUrl":"https:\/\/secure.gravatar.com\/avatar\/70960d1239c4d2c778bb3d2786a3c1ae?s=96&d=mm&r=g","caption":"Administrador"},"url":"https:\/\/www.edugestores.pe\/?author=63"}]}},"jetpack_featured_media_url":"https:\/\/www.edugestores.pe\/wp-content\/uploads\/2018\/06\/noticia-sutep.jpg","_links":{"self":[{"href":"https:\/\/www.edugestores.pe\/index.php?rest_route=\/wp\/v2\/posts\/19987"}],"collection":[{"href":"https:\/\/www.edugestores.pe\/index.php?rest_route=\/wp\/v2\/posts"}],"about":[{"href":"https:\/\/www.edugestores.pe\/index.php?rest_route=\/wp\/v2\/types\/post"}],"author":[{"embeddable":true,"href":"https:\/\/www.edugestores.pe\/index.php?rest_route=\/wp\/v2\/users\/63"}],"replies":[{"embeddable":true,"href":"https:\/\/www.edugestores.pe\/index.php?rest_route=%2Fwp%2Fv2%2Fcomments&post=19987"}],"version-history":[{"count":2,"href":"https:\/\/www.edugestores.pe\/index.php?rest_route=\/wp\/v2\/posts\/19987\/revisions"}],"predecessor-version":[{"id":19990,"href":"https:\/\/www.edugestores.pe\/index.php?rest_route=\/wp\/v2\/posts\/19987\/revisions\/19990"}],"wp:featuredmedia":[{"embeddable":true,"href":"https:\/\/www.edugestores.pe\/index.php?rest_route=\/wp\/v2\/media\/19988"}],"wp:attachment":[{"href":"https:\/\/www.edugestores.pe\/index.php?rest_route=%2Fwp%2Fv2%2Fmedia&parent=19987"}],"wp:term":[{"taxonomy":"category","embeddable":true,"href":"https:\/\/www.edugestores.pe\/index.php?rest_route=%2Fwp%2Fv2%2Fcategories&post=19987"},{"taxonomy":"post_tag","embeddable":true,"href":"https:\/\/www.edugestores.pe\/index.php?rest_route=%2Fwp%2Fv2%2Ftags&post=19987"}],"curies":[{"name":"wp","href":"https:\/\/api.w.org\/{rel}","templated":true}]}}