{"id":20012,"date":"2018-06-12T14:11:01","date_gmt":"2018-06-12T19:11:01","guid":{"rendered":"https:\/\/www.edugestores.pe\/?p=20012"},"modified":"2018-06-15T21:29:37","modified_gmt":"2018-06-16T02:29:37","slug":"arequipa-empieza-capacitacion-a-comites-para-evaluacion-de-desempeno-docente","status":"publish","type":"post","link":"https:\/\/www.edugestores.pe\/?p=20012","title":{"rendered":"Arequipa: Empieza capacitaci\u00f3n a comit\u00e9s para Evaluaci\u00f3n de Desempe\u00f1o Docente"},"content":{"rendered":"<p style=\"text-align: justify;\">En nota informativa, el diario Correo se\u00f1ala que las\u00a0unidades de gesti\u00f3n educativa local (UGEL) Sur y Norte desde esta semana\u00a0capacitar\u00e1n a los comit\u00e9s de calificaci\u00f3n del segundo tramo de la Evaluaci\u00f3n de Desempe\u00f1o Docente (EDD), nivel Inicial,\u00a0sobre los cambios que tendr\u00e1 la prueba con respecto a la anterior.<\/p>\n<p style=\"text-align: justify;\">Se dar\u00e1 orientaci\u00f3n a m\u00e1s de 100 comit\u00e9s de ambas jurisdicciones que ver\u00e1n las calificaciones de 295 docentes de inicial, ubicados en los niveles 1 y 2 de la carrera publica magisterial.<\/p>\n<div id=\"ads_d_inline\" style=\"text-align: justify;\">\n<div id=\"div_utif_ads_d_inline\">Los\u00a0comit\u00e9s est\u00e1n formados por un director que es designado por concurso p\u00fablico\u00a0en su cargo, un subdirector en las mismas condiciones y un docente del mismo nivel o superior al docente a ser evaluado.<\/div>\n<\/div>\n<p style=\"text-align: justify;\"><strong>Cambios.\u00a0<\/strong>La especialista de Educaci\u00f3n Inicial y responsable de la Evaluaci\u00f3n en la UGEL Sur, Telma Reimer Morales, explic\u00f3 que\u00a0la prueba mantiene sus cuatro instrumentos de medici\u00f3n:\u00a0r\u00fabricas de observaci\u00f3n (evaluaci\u00f3n dentro del aula), gesti\u00f3n de tiempo, encuesta a familias y preparaci\u00f3n de materiales.<\/p>\n<div class=\"publicidad_pc\" style=\"text-align: justify;\">Este a\u00f1o, las r\u00fabricas de observaci\u00f3n ser\u00e1n modificadas\u00a0y los docentes podr\u00e1n\u00a0terminar sus clases entre los 45 y 90 minutos, dejando de lado los 60 minutos inmovibles del a\u00f1o pasado. \u201cEsa r\u00fabrica del tiempo causaba mucha presi\u00f3n en nuestros docentes. Ahora ellos ser\u00e1n libres de terminar sus clases\u201d, dijo.<\/div>\n<p style=\"text-align: justify;\">Antes de la Evaluaci\u00f3n, los docentes recibir\u00e1n una<strong>\u00a0<\/strong>visita inopinada desde sus UGEL para aplicar un examen que diagnostique los puntos en los que deben mejorar\u00a0antes de rendir las r\u00fabricas de observaci\u00f3n, entre otras cosas.<\/p>\n<p style=\"text-align: justify;\"><strong>Capacitaci\u00f3n.<\/strong> Miluska Pineda Llerena, especialista de Educaci\u00f3n Inicial de la UGEL Norte, y responsable de la prueba en su sector, inform\u00f3 que coordinar\u00e1n las capacitaciones con la UGEL Sur para asistir a los cursos de los especialistas. La EDD\u00a0inicia el 18 de junio hasta setiembre.<\/p>\n<p style=\"text-align: justify;\"><strong>Oportunidad.<\/strong>\u00a0Si los docentes no aprueban la EDD este a\u00f1o, ser\u00e1n capacitados en dos oportunidades m\u00e1s para que superen la prueba. (Con informaci\u00f3n de Correo).<\/p>\n","protected":false},"excerpt":{"rendered":"<p>En nota informativa, el diario Correo se\u00f1ala que las\u00a0unidades de gesti\u00f3n educativa local (UGEL) Sur y Norte desde esta semana\u00a0capacitar\u00e1n [&hellip;]<\/p>\n","protected":false},"author":63,"featured_media":20013,"comment_status":"open","ping_status":"open","sticky":false,"template":"","format":"standard","meta":{"spay_email":""},"categories":[125],"tags":[],"yoast_head":"<!-- This site is optimized with the Yoast SEO plugin v18.0 - https:\/\/yoast.com\/wordpress\/plugins\/seo\/ -->\n<title>Arequipa: Empieza capacitaci\u00f3n a comit\u00e9s para Evaluaci\u00f3n de Desempe\u00f1o Docente - Red Peruana de Gestores de la Educaci\u00f3n<\/title>\n<meta name=\"robots\" content=\"index, follow, max-snippet:-1, max-image-preview:large, max-video-preview:-1\" \/>\n<link rel=\"canonical\" href=\"https:\/\/www.edugestores.pe\/?p=20012\" \/>\n<meta property=\"og:locale\" content=\"es_ES\" \/>\n<meta property=\"og:type\" content=\"article\" \/>\n<meta property=\"og:title\" content=\"Arequipa: Empieza capacitaci\u00f3n a comit\u00e9s para Evaluaci\u00f3n de Desempe\u00f1o Docente - Red Peruana de Gestores de la Educaci\u00f3n\" \/>\n<meta property=\"og:description\" content=\"En nota informativa, el diario Correo se\u00f1ala que las\u00a0unidades de gesti\u00f3n educativa local (UGEL) Sur y Norte desde esta semana\u00a0capacitar\u00e1n [&hellip;]\" \/>\n<meta property=\"og:url\" content=\"https:\/\/www.edugestores.pe\/?p=20012\" \/>\n<meta property=\"og:site_name\" content=\"Red Peruana de Gestores de la Educaci\u00f3n\" \/>\n<meta property=\"article:published_time\" content=\"2018-06-12T19:11:01+00:00\" \/>\n<meta property=\"article:modified_time\" content=\"2018-06-16T02:29:37+00:00\" \/>\n<meta property=\"og:image\" content=\"https:\/\/www.edugestores.pe\/wp-content\/uploads\/2018\/06\/empieza-capacitacion-a-comites-para-evaluacion-de-823957-jpg_604x0.jpg\" \/>\n\t<meta property=\"og:image:width\" content=\"604\" \/>\n\t<meta property=\"og:image:height\" content=\"403\" \/>\n\t<meta property=\"og:image:type\" content=\"image\/jpeg\" \/>\n<meta name=\"twitter:card\" content=\"summary_large_image\" \/>\n<meta name=\"twitter:label1\" content=\"Escrito por\" \/>\n\t<meta name=\"twitter:data1\" content=\"Administrador\" \/>\n\t<meta name=\"twitter:label2\" content=\"Tiempo de lectura\" \/>\n\t<meta name=\"twitter:data2\" content=\"2 minutos\" \/>\n<script type=\"application\/ld+json\" class=\"yoast-schema-graph\">{\"@context\":\"https:\/\/schema.org\",\"@graph\":[{\"@type\":\"WebSite\",\"@id\":\"https:\/\/www.edugestores.pe\/#website\",\"url\":\"https:\/\/www.edugestores.pe\/\",\"name\":\"Red Peruana de Gestores de la Educaci\u00f3n\",\"description\":\"Red Peruana de Gestores de la Educaci\u00f3n\",\"potentialAction\":[{\"@type\":\"SearchAction\",\"target\":{\"@type\":\"EntryPoint\",\"urlTemplate\":\"https:\/\/www.edugestores.pe\/?s={search_term_string}\"},\"query-input\":\"required name=search_term_string\"}],\"inLanguage\":\"es\"},{\"@type\":\"ImageObject\",\"@id\":\"https:\/\/www.edugestores.pe\/?p=20012#primaryimage\",\"inLanguage\":\"es\",\"url\":\"https:\/\/www.edugestores.pe\/wp-content\/uploads\/2018\/06\/empieza-capacitacion-a-comites-para-evaluacion-de-823957-jpg_604x0.jpg\",\"contentUrl\":\"https:\/\/www.edugestores.pe\/wp-content\/uploads\/2018\/06\/empieza-capacitacion-a-comites-para-evaluacion-de-823957-jpg_604x0.jpg\",\"width\":604,\"height\":403},{\"@type\":\"WebPage\",\"@id\":\"https:\/\/www.edugestores.pe\/?p=20012#webpage\",\"url\":\"https:\/\/www.edugestores.pe\/?p=20012\",\"name\":\"Arequipa: Empieza capacitaci\u00f3n a comit\u00e9s para Evaluaci\u00f3n de Desempe\u00f1o Docente - Red Peruana de Gestores de la Educaci\u00f3n\",\"isPartOf\":{\"@id\":\"https:\/\/www.edugestores.pe\/#website\"},\"primaryImageOfPage\":{\"@id\":\"https:\/\/www.edugestores.pe\/?p=20012#primaryimage\"},\"datePublished\":\"2018-06-12T19:11:01+00:00\",\"dateModified\":\"2018-06-16T02:29:37+00:00\",\"author\":{\"@id\":\"https:\/\/www.edugestores.pe\/#\/schema\/person\/30dc82f35f5853289037a64b35c7c7d3\"},\"breadcrumb\":{\"@id\":\"https:\/\/www.edugestores.pe\/?p=20012#breadcrumb\"},\"inLanguage\":\"es\",\"potentialAction\":[{\"@type\":\"ReadAction\",\"target\":[\"https:\/\/www.edugestores.pe\/?p=20012\"]}]},{\"@type\":\"BreadcrumbList\",\"@id\":\"https:\/\/www.edugestores.pe\/?p=20012#breadcrumb\",\"itemListElement\":[{\"@type\":\"ListItem\",\"position\":1,\"name\":\"Portada\",\"item\":\"https:\/\/www.edugestores.pe\/\"},{\"@type\":\"ListItem\",\"position\":2,\"name\":\"Arequipa: Empieza capacitaci\u00f3n a comit\u00e9s para Evaluaci\u00f3n de Desempe\u00f1o Docente\"}]},{\"@type\":\"Person\",\"@id\":\"https:\/\/www.edugestores.pe\/#\/schema\/person\/30dc82f35f5853289037a64b35c7c7d3\",\"name\":\"Administrador\",\"image\":{\"@type\":\"ImageObject\",\"@id\":\"https:\/\/www.edugestores.pe\/#personlogo\",\"inLanguage\":\"es\",\"url\":\"https:\/\/secure.gravatar.com\/avatar\/70960d1239c4d2c778bb3d2786a3c1ae?s=96&d=mm&r=g\",\"contentUrl\":\"https:\/\/secure.gravatar.com\/avatar\/70960d1239c4d2c778bb3d2786a3c1ae?s=96&d=mm&r=g\",\"caption\":\"Administrador\"},\"url\":\"https:\/\/www.edugestores.pe\/?author=63\"}]}<\/script>\n<!-- \/ Yoast SEO plugin. -->","yoast_head_json":{"title":"Arequipa: Empieza capacitaci\u00f3n a comit\u00e9s para Evaluaci\u00f3n de Desempe\u00f1o Docente - Red Peruana de Gestores de la Educaci\u00f3n","robots":{"index":"index","follow":"follow","max-snippet":"max-snippet:-1","max-image-preview":"max-image-preview:large","max-video-preview":"max-video-preview:-1"},"canonical":"https:\/\/www.edugestores.pe\/?p=20012","og_locale":"es_ES","og_type":"article","og_title":"Arequipa: Empieza capacitaci\u00f3n a comit\u00e9s para Evaluaci\u00f3n de Desempe\u00f1o Docente - Red Peruana de Gestores de la Educaci\u00f3n","og_description":"En nota informativa, el diario Correo se\u00f1ala que las\u00a0unidades de gesti\u00f3n educativa local (UGEL) Sur y Norte desde esta semana\u00a0capacitar\u00e1n [&hellip;]","og_url":"https:\/\/www.edugestores.pe\/?p=20012","og_site_name":"Red Peruana de Gestores de la Educaci\u00f3n","article_published_time":"2018-06-12T19:11:01+00:00","article_modified_time":"2018-06-16T02:29:37+00:00","og_image":[{"width":604,"height":403,"url":"https:\/\/www.edugestores.pe\/wp-content\/uploads\/2018\/06\/empieza-capacitacion-a-comites-para-evaluacion-de-823957-jpg_604x0.jpg","type":"image\/jpeg"}],"twitter_card":"summary_large_image","twitter_misc":{"Escrito por":"Administrador","Tiempo de lectura":"2 minutos"},"schema":{"@context":"https:\/\/schema.org","@graph":[{"@type":"WebSite","@id":"https:\/\/www.edugestores.pe\/#website","url":"https:\/\/www.edugestores.pe\/","name":"Red Peruana de Gestores de la Educaci\u00f3n","description":"Red Peruana de Gestores de la Educaci\u00f3n","potentialAction":[{"@type":"SearchAction","target":{"@type":"EntryPoint","urlTemplate":"https:\/\/www.edugestores.pe\/?s={search_term_string}"},"query-input":"required name=search_term_string"}],"inLanguage":"es"},{"@type":"ImageObject","@id":"https:\/\/www.edugestores.pe\/?p=20012#primaryimage","inLanguage":"es","url":"https:\/\/www.edugestores.pe\/wp-content\/uploads\/2018\/06\/empieza-capacitacion-a-comites-para-evaluacion-de-823957-jpg_604x0.jpg","contentUrl":"https:\/\/www.edugestores.pe\/wp-content\/uploads\/2018\/06\/empieza-capacitacion-a-comites-para-evaluacion-de-823957-jpg_604x0.jpg","width":604,"height":403},{"@type":"WebPage","@id":"https:\/\/www.edugestores.pe\/?p=20012#webpage","url":"https:\/\/www.edugestores.pe\/?p=20012","name":"Arequipa: Empieza capacitaci\u00f3n a comit\u00e9s para Evaluaci\u00f3n de Desempe\u00f1o Docente - Red Peruana de Gestores de la Educaci\u00f3n","isPartOf":{"@id":"https:\/\/www.edugestores.pe\/#website"},"primaryImageOfPage":{"@id":"https:\/\/www.edugestores.pe\/?p=20012#primaryimage"},"datePublished":"2018-06-12T19:11:01+00:00","dateModified":"2018-06-16T02:29:37+00:00","author":{"@id":"https:\/\/www.edugestores.pe\/#\/schema\/person\/30dc82f35f5853289037a64b35c7c7d3"},"breadcrumb":{"@id":"https:\/\/www.edugestores.pe\/?p=20012#breadcrumb"},"inLanguage":"es","potentialAction":[{"@type":"ReadAction","target":["https:\/\/www.edugestores.pe\/?p=20012"]}]},{"@type":"BreadcrumbList","@id":"https:\/\/www.edugestores.pe\/?p=20012#breadcrumb","itemListElement":[{"@type":"ListItem","position":1,"name":"Portada","item":"https:\/\/www.edugestores.pe\/"},{"@type":"ListItem","position":2,"name":"Arequipa: Empieza capacitaci\u00f3n a comit\u00e9s para Evaluaci\u00f3n de Desempe\u00f1o Docente"}]},{"@type":"Person","@id":"https:\/\/www.edugestores.pe\/#\/schema\/person\/30dc82f35f5853289037a64b35c7c7d3","name":"Administrador","image":{"@type":"ImageObject","@id":"https:\/\/www.edugestores.pe\/#personlogo","inLanguage":"es","url":"https:\/\/secure.gravatar.com\/avatar\/70960d1239c4d2c778bb3d2786a3c1ae?s=96&d=mm&r=g","contentUrl":"https:\/\/secure.gravatar.com\/avatar\/70960d1239c4d2c778bb3d2786a3c1ae?s=96&d=mm&r=g","caption":"Administrador"},"url":"https:\/\/www.edugestores.pe\/?author=63"}]}},"jetpack_featured_media_url":"https:\/\/www.edugestores.pe\/wp-content\/uploads\/2018\/06\/empieza-capacitacion-a-comites-para-evaluacion-de-823957-jpg_604x0.jpg","_links":{"self":[{"href":"https:\/\/www.edugestores.pe\/index.php?rest_route=\/wp\/v2\/posts\/20012"}],"collection":[{"href":"https:\/\/www.edugestores.pe\/index.php?rest_route=\/wp\/v2\/posts"}],"about":[{"href":"https:\/\/www.edugestores.pe\/index.php?rest_route=\/wp\/v2\/types\/post"}],"author":[{"embeddable":true,"href":"https:\/\/www.edugestores.pe\/index.php?rest_route=\/wp\/v2\/users\/63"}],"replies":[{"embeddable":true,"href":"https:\/\/www.edugestores.pe\/index.php?rest_route=%2Fwp%2Fv2%2Fcomments&post=20012"}],"version-history":[{"count":1,"href":"https:\/\/www.edugestores.pe\/index.php?rest_route=\/wp\/v2\/posts\/20012\/revisions"}],"predecessor-version":[{"id":20014,"href":"https:\/\/www.edugestores.pe\/index.php?rest_route=\/wp\/v2\/posts\/20012\/revisions\/20014"}],"wp:featuredmedia":[{"embeddable":true,"href":"https:\/\/www.edugestores.pe\/index.php?rest_route=\/wp\/v2\/media\/20013"}],"wp:attachment":[{"href":"https:\/\/www.edugestores.pe\/index.php?rest_route=%2Fwp%2Fv2%2Fmedia&parent=20012"}],"wp:term":[{"taxonomy":"category","embeddable":true,"href":"https:\/\/www.edugestores.pe\/index.php?rest_route=%2Fwp%2Fv2%2Fcategories&post=20012"},{"taxonomy":"post_tag","embeddable":true,"href":"https:\/\/www.edugestores.pe\/index.php?rest_route=%2Fwp%2Fv2%2Ftags&post=20012"}],"curies":[{"name":"wp","href":"https:\/\/api.w.org\/{rel}","templated":true}]}}