{"id":20128,"date":"2018-06-21T16:58:13","date_gmt":"2018-06-21T21:58:13","guid":{"rendered":"https:\/\/www.edugestores.pe\/?p=20128"},"modified":"2018-06-26T18:02:57","modified_gmt":"2018-06-26T23:02:57","slug":"ayacucho-gore-anuncia-contratacion-de-170-maestros-en-reemplazo-de-huelguistas","status":"publish","type":"post","link":"https:\/\/www.edugestores.pe\/?p=20128","title":{"rendered":"Ayacucho: GORE anuncia contrataci\u00f3n de 170 maestros en reemplazo de huelguistas"},"content":{"rendered":"<p style=\"text-align: justify;\">El Gobierno Regional de Ayacucho anunci\u00f3 la contrataci\u00f3n de maestros en reemplazo de los huelguistas. Wilfredo Oscorima N\u00fa\u00f1ez inform\u00f3 esta medida durante la reuni\u00f3n con representantes de la Asociaci\u00f3n de Padres de Familia (Apafa) de diversas instituciones educativas de Huamanga y Huanta, seg\u00fan informaci\u00f3n recogida por el diario La Jornada de la regi\u00f3n.<\/p>\n<p style=\"text-align: justify;\">Por su parte, los padres de familia, mostraron su rechaz\u00f3 a la huelga de maestros e instaron a las autoridades regionales implementar acciones para garantizar el reinicio de labores escolares. \u201cInvocamos a los profesores que levanten la huelga y los instamos a sentarnos a dialogar sobre su demanda. Los m\u00e1s perjudicados son nuestros hijos que pierden clases y luego deben ser presionados para recuperar las labores que no tiene resultados\u201d, coment\u00f3 uno de los padres de familia.<\/p>\n<p style=\"text-align: justify;\">El gobernador regional, tambi\u00e9n mostr\u00f3 su predisposici\u00f3n para ser intermediario en solicitar un di\u00e1logo entre representantes del SUTE Ayacucho y el Ministerio de Educaci\u00f3n.\u201cNo podemos estar en una disyuntiva entre sindicatos de maestros. Nosotros vamos a instar al di\u00e1logo y exigir a los profesores que levanten la huelga\u201d, acot\u00f3 el gobernador regional.<\/p>\n<p>Con respecto, a la contrataci\u00f3n de profesores precis\u00f3 que se iniciar\u00e1 este proceso en el marco de las normas nacionales y para lo cual las Unidades de Gesti\u00f3n Educativa Local (UGEL) deben presentar la relaci\u00f3n de maestros que han abandonado sus funciones. Seg\u00fan informaci\u00f3n de la Direcci\u00f3n Regional de Educaci\u00f3n son 170 los maestros que ser\u00edan reemplazados.<\/p>\n<p style=\"text-align: justify;\">\u201cVamos a llamar a los maestros que quedaron en la lista del r\u00e1nking de contrataci\u00f3n, que se dio a inicio de a\u00f1os y coberturar las plazas abandonadas. En nuestra regi\u00f3n son pocos los profesores que acatan la huelga y podemos cubrir la plazas para garantizar el reinicio de clases\u201d, a\u00f1adi\u00f3.<\/p>\n<p style=\"text-align: justify;\">De otro lado, representantes del SUTE Ayacucho esperar\u00e1n la reuni\u00f3n con el ministro de Educaci\u00f3n, Daniel Alfaro para levantar la huelga.<\/p>\n<p style=\"text-align: justify;\">Fuente y foto: diario La Jornada de Ayacucho.<\/p>\n","protected":false},"excerpt":{"rendered":"<p>El Gobierno Regional de Ayacucho anunci\u00f3 la contrataci\u00f3n de maestros en reemplazo de los huelguistas. Wilfredo Oscorima N\u00fa\u00f1ez inform\u00f3 esta [&hellip;]<\/p>\n","protected":false},"author":63,"featured_media":20129,"comment_status":"open","ping_status":"open","sticky":false,"template":"","format":"standard","meta":{"spay_email":""},"categories":[125],"tags":[],"yoast_head":"<!-- This site is optimized with the Yoast SEO plugin v18.0 - https:\/\/yoast.com\/wordpress\/plugins\/seo\/ -->\n<title>Ayacucho: GORE anuncia contrataci\u00f3n de 170 maestros en reemplazo de huelguistas - Red Peruana de Gestores de la Educaci\u00f3n<\/title>\n<meta name=\"robots\" content=\"index, follow, max-snippet:-1, max-image-preview:large, max-video-preview:-1\" \/>\n<link rel=\"canonical\" href=\"https:\/\/www.edugestores.pe\/?p=20128\" \/>\n<meta property=\"og:locale\" content=\"es_ES\" \/>\n<meta property=\"og:type\" content=\"article\" \/>\n<meta property=\"og:title\" content=\"Ayacucho: GORE anuncia contrataci\u00f3n de 170 maestros en reemplazo de huelguistas - Red Peruana de Gestores de la Educaci\u00f3n\" \/>\n<meta property=\"og:description\" content=\"El Gobierno Regional de Ayacucho anunci\u00f3 la contrataci\u00f3n de maestros en reemplazo de los huelguistas. Wilfredo Oscorima N\u00fa\u00f1ez inform\u00f3 esta [&hellip;]\" \/>\n<meta property=\"og:url\" content=\"https:\/\/www.edugestores.pe\/?p=20128\" \/>\n<meta property=\"og:site_name\" content=\"Red Peruana de Gestores de la Educaci\u00f3n\" \/>\n<meta property=\"article:published_time\" content=\"2018-06-21T21:58:13+00:00\" \/>\n<meta property=\"article:modified_time\" content=\"2018-06-26T23:02:57+00:00\" \/>\n<meta property=\"og:image\" content=\"https:\/\/www.edugestores.pe\/wp-content\/uploads\/2018\/06\/Sin-t\u00edtulo-3anuncia.gif\" \/>\n\t<meta property=\"og:image:width\" content=\"900\" \/>\n\t<meta property=\"og:image:height\" content=\"360\" \/>\n\t<meta property=\"og:image:type\" content=\"image\/gif\" \/>\n<meta name=\"twitter:card\" content=\"summary_large_image\" \/>\n<meta name=\"twitter:label1\" content=\"Escrito por\" \/>\n\t<meta name=\"twitter:data1\" content=\"Administrador\" \/>\n\t<meta name=\"twitter:label2\" content=\"Tiempo de lectura\" \/>\n\t<meta name=\"twitter:data2\" content=\"2 minutos\" \/>\n<script type=\"application\/ld+json\" class=\"yoast-schema-graph\">{\"@context\":\"https:\/\/schema.org\",\"@graph\":[{\"@type\":\"WebSite\",\"@id\":\"https:\/\/www.edugestores.pe\/#website\",\"url\":\"https:\/\/www.edugestores.pe\/\",\"name\":\"Red Peruana de Gestores de la Educaci\u00f3n\",\"description\":\"Red Peruana de Gestores de la Educaci\u00f3n\",\"potentialAction\":[{\"@type\":\"SearchAction\",\"target\":{\"@type\":\"EntryPoint\",\"urlTemplate\":\"https:\/\/www.edugestores.pe\/?s={search_term_string}\"},\"query-input\":\"required name=search_term_string\"}],\"inLanguage\":\"es\"},{\"@type\":\"ImageObject\",\"@id\":\"https:\/\/www.edugestores.pe\/?p=20128#primaryimage\",\"inLanguage\":\"es\",\"url\":\"https:\/\/www.edugestores.pe\/wp-content\/uploads\/2018\/06\/Sin-t\u00edtulo-3anuncia.gif\",\"contentUrl\":\"https:\/\/www.edugestores.pe\/wp-content\/uploads\/2018\/06\/Sin-t\u00edtulo-3anuncia.gif\",\"width\":900,\"height\":360},{\"@type\":\"WebPage\",\"@id\":\"https:\/\/www.edugestores.pe\/?p=20128#webpage\",\"url\":\"https:\/\/www.edugestores.pe\/?p=20128\",\"name\":\"Ayacucho: GORE anuncia contrataci\u00f3n de 170 maestros en reemplazo de huelguistas - Red Peruana de Gestores de la Educaci\u00f3n\",\"isPartOf\":{\"@id\":\"https:\/\/www.edugestores.pe\/#website\"},\"primaryImageOfPage\":{\"@id\":\"https:\/\/www.edugestores.pe\/?p=20128#primaryimage\"},\"datePublished\":\"2018-06-21T21:58:13+00:00\",\"dateModified\":\"2018-06-26T23:02:57+00:00\",\"author\":{\"@id\":\"https:\/\/www.edugestores.pe\/#\/schema\/person\/30dc82f35f5853289037a64b35c7c7d3\"},\"breadcrumb\":{\"@id\":\"https:\/\/www.edugestores.pe\/?p=20128#breadcrumb\"},\"inLanguage\":\"es\",\"potentialAction\":[{\"@type\":\"ReadAction\",\"target\":[\"https:\/\/www.edugestores.pe\/?p=20128\"]}]},{\"@type\":\"BreadcrumbList\",\"@id\":\"https:\/\/www.edugestores.pe\/?p=20128#breadcrumb\",\"itemListElement\":[{\"@type\":\"ListItem\",\"position\":1,\"name\":\"Portada\",\"item\":\"https:\/\/www.edugestores.pe\/\"},{\"@type\":\"ListItem\",\"position\":2,\"name\":\"Ayacucho: GORE anuncia contrataci\u00f3n de 170 maestros en reemplazo de huelguistas\"}]},{\"@type\":\"Person\",\"@id\":\"https:\/\/www.edugestores.pe\/#\/schema\/person\/30dc82f35f5853289037a64b35c7c7d3\",\"name\":\"Administrador\",\"image\":{\"@type\":\"ImageObject\",\"@id\":\"https:\/\/www.edugestores.pe\/#personlogo\",\"inLanguage\":\"es\",\"url\":\"https:\/\/secure.gravatar.com\/avatar\/70960d1239c4d2c778bb3d2786a3c1ae?s=96&d=mm&r=g\",\"contentUrl\":\"https:\/\/secure.gravatar.com\/avatar\/70960d1239c4d2c778bb3d2786a3c1ae?s=96&d=mm&r=g\",\"caption\":\"Administrador\"},\"url\":\"https:\/\/www.edugestores.pe\/?author=63\"}]}<\/script>\n<!-- \/ Yoast SEO plugin. -->","yoast_head_json":{"title":"Ayacucho: GORE anuncia contrataci\u00f3n de 170 maestros en reemplazo de huelguistas - Red Peruana de Gestores de la Educaci\u00f3n","robots":{"index":"index","follow":"follow","max-snippet":"max-snippet:-1","max-image-preview":"max-image-preview:large","max-video-preview":"max-video-preview:-1"},"canonical":"https:\/\/www.edugestores.pe\/?p=20128","og_locale":"es_ES","og_type":"article","og_title":"Ayacucho: GORE anuncia contrataci\u00f3n de 170 maestros en reemplazo de huelguistas - Red Peruana de Gestores de la Educaci\u00f3n","og_description":"El Gobierno Regional de Ayacucho anunci\u00f3 la contrataci\u00f3n de maestros en reemplazo de los huelguistas. Wilfredo Oscorima N\u00fa\u00f1ez inform\u00f3 esta [&hellip;]","og_url":"https:\/\/www.edugestores.pe\/?p=20128","og_site_name":"Red Peruana de Gestores de la Educaci\u00f3n","article_published_time":"2018-06-21T21:58:13+00:00","article_modified_time":"2018-06-26T23:02:57+00:00","og_image":[{"width":900,"height":360,"url":"https:\/\/www.edugestores.pe\/wp-content\/uploads\/2018\/06\/Sin-t\u00edtulo-3anuncia.gif","type":"image\/gif"}],"twitter_card":"summary_large_image","twitter_misc":{"Escrito por":"Administrador","Tiempo de lectura":"2 minutos"},"schema":{"@context":"https:\/\/schema.org","@graph":[{"@type":"WebSite","@id":"https:\/\/www.edugestores.pe\/#website","url":"https:\/\/www.edugestores.pe\/","name":"Red Peruana de Gestores de la Educaci\u00f3n","description":"Red Peruana de Gestores de la Educaci\u00f3n","potentialAction":[{"@type":"SearchAction","target":{"@type":"EntryPoint","urlTemplate":"https:\/\/www.edugestores.pe\/?s={search_term_string}"},"query-input":"required name=search_term_string"}],"inLanguage":"es"},{"@type":"ImageObject","@id":"https:\/\/www.edugestores.pe\/?p=20128#primaryimage","inLanguage":"es","url":"https:\/\/www.edugestores.pe\/wp-content\/uploads\/2018\/06\/Sin-t\u00edtulo-3anuncia.gif","contentUrl":"https:\/\/www.edugestores.pe\/wp-content\/uploads\/2018\/06\/Sin-t\u00edtulo-3anuncia.gif","width":900,"height":360},{"@type":"WebPage","@id":"https:\/\/www.edugestores.pe\/?p=20128#webpage","url":"https:\/\/www.edugestores.pe\/?p=20128","name":"Ayacucho: GORE anuncia contrataci\u00f3n de 170 maestros en reemplazo de huelguistas - Red Peruana de Gestores de la Educaci\u00f3n","isPartOf":{"@id":"https:\/\/www.edugestores.pe\/#website"},"primaryImageOfPage":{"@id":"https:\/\/www.edugestores.pe\/?p=20128#primaryimage"},"datePublished":"2018-06-21T21:58:13+00:00","dateModified":"2018-06-26T23:02:57+00:00","author":{"@id":"https:\/\/www.edugestores.pe\/#\/schema\/person\/30dc82f35f5853289037a64b35c7c7d3"},"breadcrumb":{"@id":"https:\/\/www.edugestores.pe\/?p=20128#breadcrumb"},"inLanguage":"es","potentialAction":[{"@type":"ReadAction","target":["https:\/\/www.edugestores.pe\/?p=20128"]}]},{"@type":"BreadcrumbList","@id":"https:\/\/www.edugestores.pe\/?p=20128#breadcrumb","itemListElement":[{"@type":"ListItem","position":1,"name":"Portada","item":"https:\/\/www.edugestores.pe\/"},{"@type":"ListItem","position":2,"name":"Ayacucho: GORE anuncia contrataci\u00f3n de 170 maestros en reemplazo de huelguistas"}]},{"@type":"Person","@id":"https:\/\/www.edugestores.pe\/#\/schema\/person\/30dc82f35f5853289037a64b35c7c7d3","name":"Administrador","image":{"@type":"ImageObject","@id":"https:\/\/www.edugestores.pe\/#personlogo","inLanguage":"es","url":"https:\/\/secure.gravatar.com\/avatar\/70960d1239c4d2c778bb3d2786a3c1ae?s=96&d=mm&r=g","contentUrl":"https:\/\/secure.gravatar.com\/avatar\/70960d1239c4d2c778bb3d2786a3c1ae?s=96&d=mm&r=g","caption":"Administrador"},"url":"https:\/\/www.edugestores.pe\/?author=63"}]}},"jetpack_featured_media_url":"https:\/\/www.edugestores.pe\/wp-content\/uploads\/2018\/06\/Sin-t\u00edtulo-3anuncia.gif","_links":{"self":[{"href":"https:\/\/www.edugestores.pe\/index.php?rest_route=\/wp\/v2\/posts\/20128"}],"collection":[{"href":"https:\/\/www.edugestores.pe\/index.php?rest_route=\/wp\/v2\/posts"}],"about":[{"href":"https:\/\/www.edugestores.pe\/index.php?rest_route=\/wp\/v2\/types\/post"}],"author":[{"embeddable":true,"href":"https:\/\/www.edugestores.pe\/index.php?rest_route=\/wp\/v2\/users\/63"}],"replies":[{"embeddable":true,"href":"https:\/\/www.edugestores.pe\/index.php?rest_route=%2Fwp%2Fv2%2Fcomments&post=20128"}],"version-history":[{"count":1,"href":"https:\/\/www.edugestores.pe\/index.php?rest_route=\/wp\/v2\/posts\/20128\/revisions"}],"predecessor-version":[{"id":20130,"href":"https:\/\/www.edugestores.pe\/index.php?rest_route=\/wp\/v2\/posts\/20128\/revisions\/20130"}],"wp:featuredmedia":[{"embeddable":true,"href":"https:\/\/www.edugestores.pe\/index.php?rest_route=\/wp\/v2\/media\/20129"}],"wp:attachment":[{"href":"https:\/\/www.edugestores.pe\/index.php?rest_route=%2Fwp%2Fv2%2Fmedia&parent=20128"}],"wp:term":[{"taxonomy":"category","embeddable":true,"href":"https:\/\/www.edugestores.pe\/index.php?rest_route=%2Fwp%2Fv2%2Fcategories&post=20128"},{"taxonomy":"post_tag","embeddable":true,"href":"https:\/\/www.edugestores.pe\/index.php?rest_route=%2Fwp%2Fv2%2Ftags&post=20128"}],"curies":[{"name":"wp","href":"https:\/\/api.w.org\/{rel}","templated":true}]}}