{"id":20145,"date":"2018-06-23T12:54:01","date_gmt":"2018-06-23T17:54:01","guid":{"rendered":"https:\/\/www.edugestores.pe\/?p=20145"},"modified":"2018-07-01T19:20:41","modified_gmt":"2018-07-02T00:20:41","slug":"ojo-publico-denuncia-que-minedu-elabora-material-escolar-con-sesgo-sobre-genero-y","status":"publish","type":"post","link":"https:\/\/www.edugestores.pe\/?p=20145","title":{"rendered":"Ojo P\u00fablico denuncia que Minedu elabora material escolar con sesgo"},"content":{"rendered":"<p style=\"text-align: justify;\">Ayer el portal de investigaci\u00f3n period\u00edstica Ojo P\u00fablico hizo una denuncia, a trav\u00e9s de un reportaje, donde se\u00f1ala que el Ministerio de Educaci\u00f3n (Minedu) est\u00e1 preparando material educativo para educaci\u00f3n secundaria que omite violaciones a los derechos humanos cometidos por miembros de las Fuerzas Armadas durante el &#8216;conflicto armado interno&#8217;. Ojo P\u00fablico accedi\u00f3 a los documentos elaborados por un equipo t\u00e9cnico con el fin de actualizar los contenidos de acuerdo a la nueva curr\u00edcula escolar aprobada en el 2016.<\/p>\n<div class=\"post__body\">\n<div class=\"field field-name-body field-type-text-with-summary field-label-hidden\">\n<div class=\"field-items\">\n<div class=\"field-item even\" style=\"text-align: justify;\">\n<p style=\"text-align: justify;\">El informe, elaborado por el periodista Jonathan Castro, sostiene que &#8220;El material educativo, que tambi\u00e9n incluye art\u00edculos contrarios a la igualdad de g\u00e9nero y los derechos civiles de poblaciones vulnerables, fue debatido en por lo menos cinco reuniones entre el 24 y el 31 de mayo de este a\u00f1o.\u00a0Seg\u00fan especialistas asistentes a las citas, los textos presentan una versi\u00f3n incompleta de la historia reciente e incluso un \u00e9nfasis sesgado en los contenidos&#8221;.<\/p>\n<p style=\"text-align: justify;\">El informe indica que en la lista de asistentes a las reuniones figuran &#8220;ex funcionarios del gobierno de Alberto Fujimori, congresistas de Fuerza Popular,\u00a0miembros en retiro de las Fuerzas Armadas y del colectivo conservador &#8220;Con mis hijos no te metas&#8221;. La viceministra de Gesti\u00f3n Pedag\u00f3gica, Susana Helfer Llerena, inaugur\u00f3 y clausur\u00f3 todas las reuniones&#8221;.<\/p>\n<p>El martes,\u00a0la Coordinadora Nacional de Derechos Humanos denunci\u00f3 la politizaci\u00f3n de los criterios educativos\u00a0de los nuevos textos que est\u00e1 elaborando el Ministerio de Educaci\u00f3n.Ojo-Publico.com\u00a0tuvo acceso al\u00a0nuevo material del curso \u201cDesarrollo personal, ciudadan\u00eda y c\u00edvica\u201d para los tres primeros grados de educaci\u00f3n secundaria\u00a0-trabajados durante las gestiones de Idel Vexler y del actual ministro Daniel Alfaro- que el Minedu puso a discusi\u00f3n en los grupos de trabajo. &#8220;Los nuevos libros omiten los cr\u00edmenes cometidos por miembros de las Fuerzas Armadas, como las matanzas de Barrios Altos y La Cantuta, y no hacen menci\u00f3n a los responsables pol\u00edticos del Estado durante las dos d\u00e9cadas de violencia&#8221;, indican.<\/p>\n<\/div>\n<div class=\"field-item even\" style=\"text-align: justify;\">El periodista sostiene que el material actualizado tampoco utiliza el t\u00e9rmino\u00a0&#8216;conflicto armado interno&#8217;. Esta definici\u00f3n, reconocida oficialmente a trav\u00e9s del Informe Final de la Comisi\u00f3n de la Verdad y Reconciliaci\u00f3n (CVR), incluye las acciones terroristas de Sendero Luminoso y el Movimiento Revolucionario T\u00fapac Amaru (MRTA), como las violaciones de derechos humanos por las fuerzas del orden.&#8221;<\/div>\n<div class=\"field-item even\" style=\"text-align: justify;\"><\/div>\n<div class=\"field-item even\" style=\"text-align: justify;\">En 1980 el Per\u00fa entr\u00f3 en una crisis de violencia originada por las acciones terroristas indiscriminadas y masivas de agrupaciones como &#8216;Sendero Luminoso&#8217; y el &#8216;Movimiento Revolucionario T\u00fapac Amaru&#8217;, las que mantuvieron a la sociedad peruana en un estado de temor generalizado por m\u00e1s de diez a\u00f1os&#8221;, afirma\u00a0el texto para escolares de primero de secundaria, en la p\u00e1gina 194.<\/div>\n<div class=\"field-item even\" style=\"text-align: justify;\"><\/div>\n<div class=\"field-item even\" style=\"text-align: justify;\">Los textos no mencionan\u00a0cr\u00edmenes cometidos por miembros de las fuerzas del orden, como el Destacamento Colina,\u00a0durante el gobierno de Alberto Fujimori. \u201cAqu\u00ed hay una omisi\u00f3n consciente. No pueden contar la mitad de la historia quitando la mitad de muertos\u201d, explica Francesca Uccelli, integrante del Instituto de Estudios Peruanos (IEP) y la \u00fanica especialista independiente en educaci\u00f3n que asisti\u00f3 a las reuniones organizadas por el Minedu el pasado 31 de mayo.\u00a0La investigadora envi\u00f3 sus cr\u00edticas por escrito.<\/div>\n<div class=\"field-item even\" style=\"text-align: justify;\"><\/div>\n<div class=\"field-item even\" style=\"text-align: justify;\">Uccelli asegur\u00f3 que las omisiones en los nuevos textos escolares\u00a0obedecen a una presi\u00f3n pol\u00edtica, pues el nuevo curr\u00edculo escolar no contempla la incorporaci\u00f3n\u00a0del terrorismo como tema en los libros de \u201cDesarrollo personal, Ciudadan\u00eda y C\u00edvica\u201d para los tres primeros grados de secundaria. En este curso se aborda temas de familia,\u00a0identidad nacional, interculturalidad, derechos humanos, y vida democr\u00e1tica.<\/div>\n<div class=\"field-item even\" style=\"text-align: justify;\"><\/div>\n<\/div>\n<div class=\"field-item even\" style=\"text-align: justify;\"><\/div>\n<div class=\"field-items\">\n<div class=\"field-item even\" style=\"text-align: justify;\"><\/div>\n<div class=\"field-item even\" style=\"text-align: justify;\"><img decoding=\"async\" src=\"https:\/\/ojo-publico.com\/sites\/default\/files\/editor\/u11\/minedu1.png\" alt=\"\" \/><\/div>\n<\/div>\n<\/div>\n<\/div>\n<h6 class=\"caption\" style=\"text-align: justify;\">INCOMPLETO.\u00a0De las 69 mil v\u00edctimas que dej\u00f3 la violencia, la CVR estableci\u00f3 que Sendero Luminoso fue responsable del 46% de los casos, los agentes del Estado del 30%, y otros (MRTA, rondas, etc) del 24%. Foto: Texto de primer grado de secundaria.<\/h6>\n<p>&nbsp;<\/p>\n<p>Los nuevos textos ten\u00edan como finalidad sensibilizar a los escolares en las consecuencias\u00a0de la \u00e9poca de violencia entre 1980 y 2000. Hasta este a\u00f1o, la etapa sangrienta que vivi\u00f3 el Per\u00fa se abordaba en quinto grado de secundaria en el curso de Historia, despu\u00e9s de haber aprendido en los a\u00f1os previos los otros periodos de\u00a0la vida nacional.\u201cEl material contradice el enfoque del contenido del curso de Historia. Los conceptos que se utilizan en estos textos son pobres y las soluciones son varitas m\u00e1gicas\u201d, explica Uccelli.<\/p>\n<div class=\"field-item even\" style=\"text-align: justify;\"><\/div>\n<div class=\"field-item even\" style=\"text-align: justify;\">\n<p>Adem\u00e1s,\u00a0el libro de segundo de secundaria\u00a0tiene\u00a0imprecisiones:\u00a0una fotograf\u00eda de la detenci\u00f3n en 1979 de Abimael Guzm\u00e1n, exl\u00edder de la agrupaci\u00f3n terrorista Sendero Luminoso,\u00a0aparece fechada como 1985.\u00a0El texto incluso utiliza p\u00e1ginas de Internet como fuentes para definir el concepto de terrorismo, en vez\u00a0de recurrir al Derecho Internacional Humanitario.<\/p><\/div>\n<div class=\"field-item even\" style=\"text-align: justify;\"><\/div>\n<div class=\"field-item even\" style=\"text-align: justify;\">\n<p>El exintegrante de la CVR Carlos Tapia, invitado por el Minedu a participar del debate, se\u00f1al\u00f3 que los textos de los tres primeros grados de secundaria tienen serios errores, pues comparan las acciones terroristas de Sendero Luminoso con las del grupo yihadista Al Qaeda y el Estado Isl\u00e1mico. \u201cUna cosa es el fundamentalismo religioso, otra cosa son las acciones terroristas originadas por la subversi\u00f3n\u201d, explic\u00f3. Tapia envi\u00f3 sus cr\u00edticas por escrito al ministerio.<\/p><\/div>\n<div class=\"field-item even\" style=\"text-align: justify;\"><\/div>\n<div class=\"field-item even\" style=\"text-align: justify;\">\n<p>El texto vigente del curso de Historia para quinto de secundaria, editado en el 2015 y\u00a0puesto en debate en las reuniones organizadas por el Minedu,\u00a0aborda el conflicto armado con otra perspectiva: se reconoce que Sendero Luminoso y el MRTA son los responsables del origen de la violencia, y se enumera los cr\u00edmenes cometidos por agentes del Estado en la lucha contra el terrorismo, entre ellos la matanza en el Front\u00f3n, por la que fue investigado el vicealmirante (r) Luis Giampietri Rojas.<\/p><\/div>\n<div class=\"field-item even\" style=\"text-align: justify;\"><img decoding=\"async\" src=\"https:\/\/ojo-publico.com\/sites\/default\/files\/editor\/u11\/minedu2.jpg\" alt=\"\" \/><\/div>\n<div class=\"field-item even\" style=\"text-align: justify;\"><\/div>\n<div class=\"field-item even\" style=\"text-align: justify;\">\n<p>En conversaci\u00f3n con\u00a0Ojo-Publico.com, la congresista Luz Salgado coment\u00f3 que los libros actuales omiten sindicar a Guzm\u00e1n como cabecilla de una organizaci\u00f3n terrorista, y solo lo sindican como un l\u00edder de un grupo guerrillero.Aunque no recuerda con precisi\u00f3n el contenido del material revisado en el Hotel Business Tower, la congresista y expresidenta del Congreso durante el gobierno de Fujimori se\u00f1al\u00f3 que los textos vigentes \u201chacen aparecer a las fuerzas policiales y militares como violadoras de derechos humanos, y no como defensoras del Estado de Derecho\u201d.<\/p><\/div>\n<div class=\"field-item even\" style=\"text-align: justify;\"><\/div>\n<div class=\"field-item even\" style=\"text-align: justify;\">Salgado subray\u00f3 que el nuevo contenido incluido en los textos del Minedu no fue\u00a0proporcionado\u00a0por legisladores de Fuerza Popular, y que los aportes del Congreso s\u00f3lo se presentaron en las reuniones mencionadas.<\/div>\n<div class=\"field-item even\" style=\"text-align: justify;\"><\/div>\n<div class=\"field-item even\" style=\"text-align: justify;\"><strong>Tema de g\u00e9nero.\u00a0<\/strong>El Minedu tambi\u00e9n discuti\u00f3 textos educativos que abordan el tema de g\u00e9nero, en tres mesas de trabajo que incluyeron a integrantes del\u00a0movimiento &#8220;Con mis hijos no te metas&#8221;.\u00a0Ojo-Publico.com accedi\u00f3 al material de comprensi\u00f3n lectora\u00a0debatido los d\u00edas 24 y 30 de mayo en el mismo hotel, que incorpora posiciones encontradas sobre educaci\u00f3n y derechos sexuales.<\/div>\n<div class=\"field-item even\" style=\"text-align: justify;\"><\/div>\n<div class=\"field-item even\" style=\"text-align: justify;\">El libro\u00a0 incluye, desde posiciones conservadoras,\u00a0art\u00edculos sobre la preservaci\u00f3n de la virginidad en adolescentes del fallecido psicoanalista Fernando Maestre; la castidad, de la estudiante escolar Cassandra Figueroa; y una columna en contra de la Uni\u00f3n Civil, de Rafael Rey, actual director del Banco Central de Reserva.Del lado opuesto, el libro contiene un art\u00edculo a favor de la Uni\u00f3n Civil, escrito por Susana Ch\u00e1vez, directora de la ONG Promsex;\u00a0otro sobre las contradicciones de quienes\u00a0defienden\u00a0la Marcha por la vida, escrito por el fil\u00f3sofo Gianfranco Casuso;\u00a0y un texto sobre la intersexualidad.<\/div>\n<div class=\"field-item even\" style=\"text-align: justify;\"><\/div>\n<div class=\"field-item even\" style=\"text-align: justify;\">\n<p><img decoding=\"async\" src=\"https:\/\/ojo-publico.com\/sites\/default\/files\/editor\/u11\/castidad_minedu.png\" alt=\"\" \/><\/p>\n<h6 class=\"caption\" style=\"text-align: justify;\">CONFESIONALIDAD. La escolar autora de este texto gan\u00f3 un concurso\u00a0del Programa de Respeto a la Vida de la Arquidi\u00f3cesis de Miami, EE.UU. Es extra\u00eddo de Internet. Foto: Libro de comprensi\u00f3n lectora de quinto grado de secundaria.<\/h6>\n<p>&nbsp;<\/p>\n<p>El texto escogido del exministro Rafael Rey empieza con esta afirmaci\u00f3n: &#8220;Lo dijo muy claro Giovanna Castro en &#8216;Los Chistosos&#8217; de RPP: &#8216;Lo que est\u00e1 contra la naturaleza no puede ser bueno&#8217;. Y contra la naturaleza est\u00e1n las relaciones homosexuales&#8221;.<\/p>\n<\/div>\n<div class=\"field-item even\" style=\"text-align: justify;\">Especialistas consultadas por\u00a0Ojo-Publico.com\u00a0se\u00f1alaron varios puntos controversiales. En primer lugar, el libro no tiene un tratamiento adecuado del tema de g\u00e9nero. Patricia Arregui, Jessica Tapia y Mar\u00eda Fernanda Torres,\u00a0del centro de investigaci\u00f3n GRADE e integrantes del Colectivo Educaci\u00f3n e Igualdad,\u00a0enviaron una carta al ministerio con estas cr\u00edticas sobre el contenido.\u201cNo se encuentra un buen tratamiento del enfoque de igualdad de g\u00e9nero propuesto en el Curriculo [escolar].<\/div>\n<div class=\"field-item even\" style=\"text-align: justify;\"><\/div>\n<div class=\"field-item even\" style=\"text-align: justify;\">Se ha incluido, por ejemplo, textos de car\u00e1cter religioso, confesional y conservador, o que recurren al miedo como principal disuasivo [columnas de Maestre y Figueroa]. Estos textos son los que usan un lenguaje m\u00e1s cotidiano y por tanto son m\u00e1s sencillos de entender\u201d, explican en la carta.Adem\u00e1s, las investigadoras\u00a0critican que el Minedu, al no sentar una postura clara sobre cada tema, corre el riesgo de dejar estos textos a la libre interpretaci\u00f3n de cada docente.<\/div>\n<\/div>\n<div class=\"field-items\">\n<p>Puede leer el informe completo de Ojo P\u00fablico <a href=\"http:\/\/ojo-publico.com\/740\/minedu-elabora-material-escolar-que-omite-violaciones-de-derechos-humanos-desde-las-ffaa\">aqu\u00ed<\/a><\/p>\n<p>Acceda al cuaderno de trabajo propuesto aqu\u00ed:<\/p>\n<p><iframe loading=\"lazy\" src=\"https:\/\/drive.google.com\/file\/d\/1bxzFXtvAdED7oJJTQfPxRi3vBSdbJtvu\/preview\" width=\"640\" height=\"480\"><\/iframe><\/p>\n<p>&nbsp;<\/p>\n<\/div>\n<div class=\"authors\"><\/div>\n","protected":false},"excerpt":{"rendered":"<p>Ayer el portal de investigaci\u00f3n period\u00edstica Ojo P\u00fablico hizo una denuncia, a trav\u00e9s de un reportaje, donde se\u00f1ala que el [&hellip;]<\/p>\n","protected":false},"author":63,"featured_media":20152,"comment_status":"open","ping_status":"open","sticky":false,"template":"","format":"standard","meta":{"spay_email":""},"categories":[125],"tags":[],"yoast_head":"<!-- This site is optimized with the Yoast SEO plugin v18.0 - https:\/\/yoast.com\/wordpress\/plugins\/seo\/ -->\n<title>Ojo P\u00fablico denuncia que Minedu elabora material escolar con sesgo - Red Peruana de Gestores de la Educaci\u00f3n<\/title>\n<meta name=\"robots\" content=\"index, follow, max-snippet:-1, max-image-preview:large, max-video-preview:-1\" \/>\n<link rel=\"canonical\" href=\"https:\/\/www.edugestores.pe\/?p=20145\" \/>\n<meta property=\"og:locale\" content=\"es_ES\" \/>\n<meta property=\"og:type\" content=\"article\" \/>\n<meta property=\"og:title\" content=\"Ojo P\u00fablico denuncia que Minedu elabora material escolar con sesgo - Red Peruana de Gestores de la Educaci\u00f3n\" \/>\n<meta property=\"og:description\" content=\"Ayer el portal de investigaci\u00f3n period\u00edstica Ojo P\u00fablico hizo una denuncia, a trav\u00e9s de un reportaje, donde se\u00f1ala que el [&hellip;]\" \/>\n<meta property=\"og:url\" content=\"https:\/\/www.edugestores.pe\/?p=20145\" \/>\n<meta property=\"og:site_name\" content=\"Red Peruana de Gestores de la Educaci\u00f3n\" \/>\n<meta property=\"article:published_time\" content=\"2018-06-23T17:54:01+00:00\" \/>\n<meta property=\"article:modified_time\" content=\"2018-07-02T00:20:41+00:00\" \/>\n<meta property=\"og:image\" content=\"https:\/\/www.edugestores.pe\/wp-content\/uploads\/2018\/06\/minedu_andina.jpg\" \/>\n\t<meta property=\"og:image:width\" content=\"1500\" \/>\n\t<meta property=\"og:image:height\" content=\"1010\" \/>\n\t<meta property=\"og:image:type\" content=\"image\/jpeg\" \/>\n<meta name=\"twitter:card\" content=\"summary_large_image\" \/>\n<meta name=\"twitter:label1\" content=\"Escrito por\" \/>\n\t<meta name=\"twitter:data1\" content=\"Administrador\" \/>\n\t<meta name=\"twitter:label2\" content=\"Tiempo de lectura\" \/>\n\t<meta name=\"twitter:data2\" content=\"8 minutos\" \/>\n<script type=\"application\/ld+json\" class=\"yoast-schema-graph\">{\"@context\":\"https:\/\/schema.org\",\"@graph\":[{\"@type\":\"WebSite\",\"@id\":\"https:\/\/www.edugestores.pe\/#website\",\"url\":\"https:\/\/www.edugestores.pe\/\",\"name\":\"Red Peruana de Gestores de la Educaci\u00f3n\",\"description\":\"Red Peruana de Gestores de la Educaci\u00f3n\",\"potentialAction\":[{\"@type\":\"SearchAction\",\"target\":{\"@type\":\"EntryPoint\",\"urlTemplate\":\"https:\/\/www.edugestores.pe\/?s={search_term_string}\"},\"query-input\":\"required name=search_term_string\"}],\"inLanguage\":\"es\"},{\"@type\":\"ImageObject\",\"@id\":\"https:\/\/www.edugestores.pe\/?p=20145#primaryimage\",\"inLanguage\":\"es\",\"url\":\"https:\/\/www.edugestores.pe\/wp-content\/uploads\/2018\/06\/minedu_andina.jpg\",\"contentUrl\":\"https:\/\/www.edugestores.pe\/wp-content\/uploads\/2018\/06\/minedu_andina.jpg\",\"width\":1500,\"height\":1010},{\"@type\":\"WebPage\",\"@id\":\"https:\/\/www.edugestores.pe\/?p=20145#webpage\",\"url\":\"https:\/\/www.edugestores.pe\/?p=20145\",\"name\":\"Ojo P\u00fablico denuncia que Minedu elabora material escolar con sesgo - Red Peruana de Gestores de la Educaci\u00f3n\",\"isPartOf\":{\"@id\":\"https:\/\/www.edugestores.pe\/#website\"},\"primaryImageOfPage\":{\"@id\":\"https:\/\/www.edugestores.pe\/?p=20145#primaryimage\"},\"datePublished\":\"2018-06-23T17:54:01+00:00\",\"dateModified\":\"2018-07-02T00:20:41+00:00\",\"author\":{\"@id\":\"https:\/\/www.edugestores.pe\/#\/schema\/person\/30dc82f35f5853289037a64b35c7c7d3\"},\"breadcrumb\":{\"@id\":\"https:\/\/www.edugestores.pe\/?p=20145#breadcrumb\"},\"inLanguage\":\"es\",\"potentialAction\":[{\"@type\":\"ReadAction\",\"target\":[\"https:\/\/www.edugestores.pe\/?p=20145\"]}]},{\"@type\":\"BreadcrumbList\",\"@id\":\"https:\/\/www.edugestores.pe\/?p=20145#breadcrumb\",\"itemListElement\":[{\"@type\":\"ListItem\",\"position\":1,\"name\":\"Portada\",\"item\":\"https:\/\/www.edugestores.pe\/\"},{\"@type\":\"ListItem\",\"position\":2,\"name\":\"Ojo P\u00fablico denuncia que Minedu elabora material escolar con sesgo\"}]},{\"@type\":\"Person\",\"@id\":\"https:\/\/www.edugestores.pe\/#\/schema\/person\/30dc82f35f5853289037a64b35c7c7d3\",\"name\":\"Administrador\",\"image\":{\"@type\":\"ImageObject\",\"@id\":\"https:\/\/www.edugestores.pe\/#personlogo\",\"inLanguage\":\"es\",\"url\":\"https:\/\/secure.gravatar.com\/avatar\/70960d1239c4d2c778bb3d2786a3c1ae?s=96&d=mm&r=g\",\"contentUrl\":\"https:\/\/secure.gravatar.com\/avatar\/70960d1239c4d2c778bb3d2786a3c1ae?s=96&d=mm&r=g\",\"caption\":\"Administrador\"},\"url\":\"https:\/\/www.edugestores.pe\/?author=63\"}]}<\/script>\n<!-- \/ Yoast SEO plugin. -->","yoast_head_json":{"title":"Ojo P\u00fablico denuncia que Minedu elabora material escolar con sesgo - Red Peruana de Gestores de la Educaci\u00f3n","robots":{"index":"index","follow":"follow","max-snippet":"max-snippet:-1","max-image-preview":"max-image-preview:large","max-video-preview":"max-video-preview:-1"},"canonical":"https:\/\/www.edugestores.pe\/?p=20145","og_locale":"es_ES","og_type":"article","og_title":"Ojo P\u00fablico denuncia que Minedu elabora material escolar con sesgo - Red Peruana de Gestores de la Educaci\u00f3n","og_description":"Ayer el portal de investigaci\u00f3n period\u00edstica Ojo P\u00fablico hizo una denuncia, a trav\u00e9s de un reportaje, donde se\u00f1ala que el [&hellip;]","og_url":"https:\/\/www.edugestores.pe\/?p=20145","og_site_name":"Red Peruana de Gestores de la Educaci\u00f3n","article_published_time":"2018-06-23T17:54:01+00:00","article_modified_time":"2018-07-02T00:20:41+00:00","og_image":[{"width":1500,"height":1010,"url":"https:\/\/www.edugestores.pe\/wp-content\/uploads\/2018\/06\/minedu_andina.jpg","type":"image\/jpeg"}],"twitter_card":"summary_large_image","twitter_misc":{"Escrito por":"Administrador","Tiempo de lectura":"8 minutos"},"schema":{"@context":"https:\/\/schema.org","@graph":[{"@type":"WebSite","@id":"https:\/\/www.edugestores.pe\/#website","url":"https:\/\/www.edugestores.pe\/","name":"Red Peruana de Gestores de la Educaci\u00f3n","description":"Red Peruana de Gestores de la Educaci\u00f3n","potentialAction":[{"@type":"SearchAction","target":{"@type":"EntryPoint","urlTemplate":"https:\/\/www.edugestores.pe\/?s={search_term_string}"},"query-input":"required name=search_term_string"}],"inLanguage":"es"},{"@type":"ImageObject","@id":"https:\/\/www.edugestores.pe\/?p=20145#primaryimage","inLanguage":"es","url":"https:\/\/www.edugestores.pe\/wp-content\/uploads\/2018\/06\/minedu_andina.jpg","contentUrl":"https:\/\/www.edugestores.pe\/wp-content\/uploads\/2018\/06\/minedu_andina.jpg","width":1500,"height":1010},{"@type":"WebPage","@id":"https:\/\/www.edugestores.pe\/?p=20145#webpage","url":"https:\/\/www.edugestores.pe\/?p=20145","name":"Ojo P\u00fablico denuncia que Minedu elabora material escolar con sesgo - Red Peruana de Gestores de la Educaci\u00f3n","isPartOf":{"@id":"https:\/\/www.edugestores.pe\/#website"},"primaryImageOfPage":{"@id":"https:\/\/www.edugestores.pe\/?p=20145#primaryimage"},"datePublished":"2018-06-23T17:54:01+00:00","dateModified":"2018-07-02T00:20:41+00:00","author":{"@id":"https:\/\/www.edugestores.pe\/#\/schema\/person\/30dc82f35f5853289037a64b35c7c7d3"},"breadcrumb":{"@id":"https:\/\/www.edugestores.pe\/?p=20145#breadcrumb"},"inLanguage":"es","potentialAction":[{"@type":"ReadAction","target":["https:\/\/www.edugestores.pe\/?p=20145"]}]},{"@type":"BreadcrumbList","@id":"https:\/\/www.edugestores.pe\/?p=20145#breadcrumb","itemListElement":[{"@type":"ListItem","position":1,"name":"Portada","item":"https:\/\/www.edugestores.pe\/"},{"@type":"ListItem","position":2,"name":"Ojo P\u00fablico denuncia que Minedu elabora material escolar con sesgo"}]},{"@type":"Person","@id":"https:\/\/www.edugestores.pe\/#\/schema\/person\/30dc82f35f5853289037a64b35c7c7d3","name":"Administrador","image":{"@type":"ImageObject","@id":"https:\/\/www.edugestores.pe\/#personlogo","inLanguage":"es","url":"https:\/\/secure.gravatar.com\/avatar\/70960d1239c4d2c778bb3d2786a3c1ae?s=96&d=mm&r=g","contentUrl":"https:\/\/secure.gravatar.com\/avatar\/70960d1239c4d2c778bb3d2786a3c1ae?s=96&d=mm&r=g","caption":"Administrador"},"url":"https:\/\/www.edugestores.pe\/?author=63"}]}},"jetpack_featured_media_url":"https:\/\/www.edugestores.pe\/wp-content\/uploads\/2018\/06\/minedu_andina.jpg","_links":{"self":[{"href":"https:\/\/www.edugestores.pe\/index.php?rest_route=\/wp\/v2\/posts\/20145"}],"collection":[{"href":"https:\/\/www.edugestores.pe\/index.php?rest_route=\/wp\/v2\/posts"}],"about":[{"href":"https:\/\/www.edugestores.pe\/index.php?rest_route=\/wp\/v2\/types\/post"}],"author":[{"embeddable":true,"href":"https:\/\/www.edugestores.pe\/index.php?rest_route=\/wp\/v2\/users\/63"}],"replies":[{"embeddable":true,"href":"https:\/\/www.edugestores.pe\/index.php?rest_route=%2Fwp%2Fv2%2Fcomments&post=20145"}],"version-history":[{"count":6,"href":"https:\/\/www.edugestores.pe\/index.php?rest_route=\/wp\/v2\/posts\/20145\/revisions"}],"predecessor-version":[{"id":20153,"href":"https:\/\/www.edugestores.pe\/index.php?rest_route=\/wp\/v2\/posts\/20145\/revisions\/20153"}],"wp:featuredmedia":[{"embeddable":true,"href":"https:\/\/www.edugestores.pe\/index.php?rest_route=\/wp\/v2\/media\/20152"}],"wp:attachment":[{"href":"https:\/\/www.edugestores.pe\/index.php?rest_route=%2Fwp%2Fv2%2Fmedia&parent=20145"}],"wp:term":[{"taxonomy":"category","embeddable":true,"href":"https:\/\/www.edugestores.pe\/index.php?rest_route=%2Fwp%2Fv2%2Fcategories&post=20145"},{"taxonomy":"post_tag","embeddable":true,"href":"https:\/\/www.edugestores.pe\/index.php?rest_route=%2Fwp%2Fv2%2Ftags&post=20145"}],"curies":[{"name":"wp","href":"https:\/\/api.w.org\/{rel}","templated":true}]}}