{"id":20154,"date":"2018-06-23T16:49:43","date_gmt":"2018-06-23T21:49:43","guid":{"rendered":"https:\/\/www.edugestores.pe\/?p=20154"},"modified":"2018-07-01T19:21:18","modified_gmt":"2018-07-02T00:21:18","slug":"edugestores-reporta-estado-de-la-huelga-a-una-semana-de-su-inicio","status":"publish","type":"post","link":"https:\/\/www.edugestores.pe\/?p=20154","title":{"rendered":"Edugestores reporta: Estado de la huelga a una semana de su inicio"},"content":{"rendered":"<p style=\"text-align: justify;\">En Edugestores realizamos una compilaci\u00f3n de diversas notas emitidas en algunos medios de comunicaci\u00f3n, nacionales y locales, que dan cuenta del avance de la huelga magisterial en un grupo de regiones, que inici\u00f3 el pasado lunes 18 de junio.<\/p>\n<p style=\"text-align: justify;\"><strong>\u00c1ncash.<\/strong> En Correo se indica que solo algunos docentes de ocho de las 460 institituciones educativas de la provincia del\u00a0Santa\u00a0se encuentran acatando la huelga nacional indefinida convocada desde el lunes \u00faltimo por las bases regionales del Sute. Ese es el balance que hizo el director de la UGEL\u00a0Santa, Robert Iturria Huam\u00e1n, quien manifest\u00f3 que en estos colegios donde se acata la paralizaci\u00f3n, es tambi\u00e9n de modo parcial. El titular explic\u00f3 en su jurisdicci\u00f3n son 4.870 maestros, y solo 72 se han sumado a la paralizaci\u00f3n.<\/p>\n<p style=\"text-align: justify;\"><strong>Ayacucho.<\/strong> En diario Correo se inform\u00f3 que el gobernador regional Wilfredo Oscorima convoc\u00f3\u00a0hace unos d\u00edas a una reuni\u00f3n a los presidentes de la Asociaci\u00f3n de Padres de Familia (Apafas) de diversas instituciones educativas de la ciudad, donde anunci\u00f3 que por directiva del Ministerio de Educaci\u00f3n se proceder\u00e1 a contratar profesores que reemplacen a aquellos que vienen acatando la medida. Momentos m\u00e1s tarde, apareci\u00f3 en el auditorium el dirigente del Sutep, Germ\u00e1n Tacuri, quien intent\u00f3 convencer a los padres de familia de apoyar la medida, pero la situaci\u00f3n se sali\u00f3 de control debido a que los padres muy molestos le increparon el perjuicio de sus hijos.<\/p>\n<p style=\"text-align: justify;\"><strong>Huancavelica.<\/strong>\u00a0Los auditores de la\u00a0Contralor\u00eda General de la Rep\u00fablica, liderados por el Gerente Regional de Control de Huancavelica, Vladimiro Vegas, acompa\u00f1aron la visita de supervisi\u00f3n que realiz\u00f3 la asesora del\u00a0Minedu, Rosio Flores Guzm\u00e1n, en las principales instituciones educativas de la provincia capital donde verificaron la prestaci\u00f3n de los servicios educativos como la asistencia de los maestros y el dictado de clases, inform\u00f3 ayer el diario Correo. Seg\u00fan informaci\u00f3n del Minedu en la regi\u00f3n se tienen\u00a0123 mil estudiantes y 11 mil docentes, siendo menos del 5%\u00a0quienes acatan la huelga nacional, por lo que el Gerente Regional de la Contralor\u00eda invoc\u00f3 a los docentes a retornar a las aulas y continuar con las clases. Mientras que Rosio Flores, indic\u00f3 que no hay una justificaci\u00f3n para esta medida, porque todos los acuerdos con los docentes se est\u00e1n cumpliendo y se est\u00e1 teniendo una mesa de di\u00e1logo con los dirigentes del Sutep.<\/p>\n<p>&nbsp;<\/p>\n<p style=\"text-align: justify;\"><strong>La Libertad.<\/strong> La Rep\u00fablica indic\u00f3 que hasta la fecha\u00a0apenas el 1.3%\u00a0del total de docentes (menos de 300 profesores) en\u00a0la regi\u00f3n\u00a0viene acatado la\u00a0huelga\u00a0convocada por el Suter.\u00a0As\u00ed lo sostiene la Gerencia Regional de Educaci\u00f3n, que agrega que un gran n\u00famero de docentes ha retornado a las aulas a dictar clases.\u00a0El dirigente del Suter, Mario Huanilo, asegur\u00f3 que continuar\u00e1n con su medida de lucha y que el lunes 25 viajar\u00e1n a Lima para un reencuentro con amautas (colegas) de diversas partes del pa\u00eds.<\/p>\n<p style=\"text-align: justify;\">En di\u00e1logo con El Comercio, el gerente regional de Educaci\u00f3n de\u00a0La Libertad, Rafael Moya Rondo, indic\u00f3 que los docentes reemplazados ya cumplieron tres d\u00edas en huelga (72 horas) y que pertenecen a instituciones educativas de las provincias de Trujillo, Ascope, Pacasmayo, Chep\u00e9n, S\u00e1nchez Carri\u00f3n y Santiago de Chuco.<\/p>\n<p style=\"text-align: justify;\"><strong>Lima Metropolitana.\u00a0<\/strong>La\u00a0huelga magisterial, en su quinto d\u00eda, no se sinti\u00f3 en\u00a0la capital.\u00a0Seg\u00fan el Minedu, la ausencia de docentes fue m\u00ednima y en casi todos los colegios p\u00fablicos los maestros estuvieron dictando clases con normalidad.\u00a0En San Juan de Lurigancho, el distrito m\u00e1s poblado del pa\u00eds, la mayor\u00eda de\u00a0profesores\u00a0continu\u00f3 laborando y solo uno de los\u00a0448 colegios p\u00fablicos\u00a0de esa jurisdicci\u00f3n acat\u00f3 la medida de fuerza.<\/p>\n<p style=\"text-align: justify;\"><strong>Loreto<\/strong>. El diario La Regi\u00f3n inform\u00f3 hace dos d\u00edas que los profesores que integran el Suter se mantienen firmes con su huelga iniciada el lunes pasado. Los profesores recorren las calles de Requena para realizar plantones en los centros educativos y presionar a los maestros que est\u00e1n laborando para que cierren su centro de trabajo y se unan a su protesta. Por su lado, la UGEL cumple con observar de qu\u00e9 manera se va desarrollando la huelga en la ciudad y el porcentaje de acatamiento.<\/p>\n<p><strong>Puno.<\/strong> Seg\u00fan informaci\u00f3n del diario La Rep\u00fablica, la\u00a0Oficina Defensorial del Pueblo\u00a0en la regi\u00f3n verific\u00f3 que en las instituciones p\u00fablicas de la ciudad la asistencia de profesores y alumnos\u00a0fue normal. Esto significa que la huelga de los profesores agremiados al\u00a0Sutep\u00a0est\u00e1 fracasando. Sin embargo, el secretario regional del\u00a0Sutep\u00a0Puno, C\u00e9sar Hugo Tito Rojas, dijo que\u00a0hoy habr\u00e1 una asamblea donde se decidir\u00e1 qu\u00e9 profesores viajar\u00e1n a\u00a0Lima. Refiri\u00f3 que este lunes 25 de junio volver\u00e1n a protestar.<\/p>\n<p style=\"text-align: justify;\">En diario Los Andes, se indic\u00f3 que el director de la UGEL de San Rom\u00e1n, Julio Antonio Jara Aguirre, inst\u00f3 a los directores de los centros educativos a presentar su informe de las labores acad\u00e9micas tras el reinicio de la huelga indefinida de maestros.Mencion\u00f3 que despu\u00e9s de los tres d\u00edas consecutivos de inasistencia de un docente se considera como abandono de cargo, por lo que los directores de estudios, entre ayer y hoy, deber\u00edan presentar los reportes correspondientes. \u201cPor este periodo de huelga que se ha iniciado el d\u00eda lunes, hoy (ayer) se estar\u00eda cumpliendo el cuarto d\u00eda y ya deber\u00edan estar remitiendo los informes los directores de las instituciones\u201d, mencion\u00f3 el funcionario.<\/p>\n<p style=\"text-align: justify;\"><strong>Tacna.<\/strong>\u00a0La secretaria general del Sutep Regional, Mery Coila, asegur\u00f3 que son m\u00e1s de 160 docentes los que acatan el paro nacional indefinido en Tacna, y que ninguno de ellos, incluida ella, van a sus colegios a registrar su hora de ingreso para luego participar en la protesta, inform\u00f3 Correo. \u201cC\u00f3mo van a dictar clases si estamos en huelga, y eso es un derecho constitucional\u201d, precis\u00f3 la profesora agregando que no pueden ir a las instituciones educativas a marcar y luego salir porque eso ser\u00eda abandono de cargo. Tambi\u00e9n dijo que no presentar\u00e1n certificado m\u00e9dico para evitar descuentos advertidos por la Direcci\u00f3n Regional Sectorial de Educaci\u00f3n de Tacna.<\/p>\n<p>En este link puede acceder al <a href=\"https:\/\/www.edugestores.pe\/edugestores-reporta-como-se-viene-desarrollando-la-huelga-docente-en-las-regiones\/\">reporte del primer d\u00eda<\/a>.<\/p>\n<p>Aqu\u00ed aparece un reporte con el estado de la<a href=\"https:\/\/www.edugestores.pe\/edugestores-reporta-norte-del-pais-acato-parcialmente-primer-dia-de-huelga\/\"> huelga en el norte del pa\u00eds<\/a>.<\/p>\n<p>Con informaci\u00f3n de Correo, Los Andes, La Regi\u00f3n, El Comercio y La Rep\u00fablica. Foto: La Rep\u00fablica.<\/p>\n","protected":false},"excerpt":{"rendered":"<p>En Edugestores realizamos una compilaci\u00f3n de diversas notas emitidas en algunos medios de comunicaci\u00f3n, nacionales y locales, que dan cuenta [&hellip;]<\/p>\n","protected":false},"author":63,"featured_media":20155,"comment_status":"open","ping_status":"open","sticky":false,"template":"","format":"standard","meta":{"spay_email":""},"categories":[299,125],"tags":[],"yoast_head":"<!-- This site is optimized with the Yoast SEO plugin v18.0 - https:\/\/yoast.com\/wordpress\/plugins\/seo\/ -->\n<title>Edugestores reporta: Estado de la huelga a una semana de su inicio - Red Peruana de Gestores de la Educaci\u00f3n<\/title>\n<meta name=\"robots\" content=\"index, follow, max-snippet:-1, max-image-preview:large, max-video-preview:-1\" \/>\n<link rel=\"canonical\" href=\"https:\/\/www.edugestores.pe\/?p=20154\" \/>\n<meta property=\"og:locale\" content=\"es_ES\" \/>\n<meta property=\"og:type\" content=\"article\" \/>\n<meta property=\"og:title\" content=\"Edugestores reporta: Estado de la huelga a una semana de su inicio - Red Peruana de Gestores de la Educaci\u00f3n\" \/>\n<meta property=\"og:description\" content=\"En Edugestores realizamos una compilaci\u00f3n de diversas notas emitidas en algunos medios de comunicaci\u00f3n, nacionales y locales, que dan cuenta [&hellip;]\" \/>\n<meta property=\"og:url\" content=\"https:\/\/www.edugestores.pe\/?p=20154\" \/>\n<meta property=\"og:site_name\" content=\"Red Peruana de Gestores de la Educaci\u00f3n\" \/>\n<meta property=\"article:published_time\" content=\"2018-06-23T21:49:43+00:00\" \/>\n<meta property=\"article:modified_time\" content=\"2018-07-02T00:21:18+00:00\" \/>\n<meta property=\"og:image\" content=\"https:\/\/www.edugestores.pe\/wp-content\/uploads\/2018\/06\/noticia-noticia-p17n1-sutep-moquegua-4.jpg\" \/>\n\t<meta property=\"og:image:width\" content=\"720\" \/>\n\t<meta property=\"og:image:height\" content=\"405\" \/>\n\t<meta property=\"og:image:type\" content=\"image\/jpeg\" \/>\n<meta name=\"twitter:card\" content=\"summary_large_image\" \/>\n<meta name=\"twitter:label1\" content=\"Escrito por\" \/>\n\t<meta name=\"twitter:data1\" content=\"Administrador\" \/>\n\t<meta name=\"twitter:label2\" content=\"Tiempo de lectura\" \/>\n\t<meta name=\"twitter:data2\" content=\"5 minutos\" \/>\n<script type=\"application\/ld+json\" class=\"yoast-schema-graph\">{\"@context\":\"https:\/\/schema.org\",\"@graph\":[{\"@type\":\"WebSite\",\"@id\":\"https:\/\/www.edugestores.pe\/#website\",\"url\":\"https:\/\/www.edugestores.pe\/\",\"name\":\"Red Peruana de Gestores de la Educaci\u00f3n\",\"description\":\"Red Peruana de Gestores de la Educaci\u00f3n\",\"potentialAction\":[{\"@type\":\"SearchAction\",\"target\":{\"@type\":\"EntryPoint\",\"urlTemplate\":\"https:\/\/www.edugestores.pe\/?s={search_term_string}\"},\"query-input\":\"required name=search_term_string\"}],\"inLanguage\":\"es\"},{\"@type\":\"ImageObject\",\"@id\":\"https:\/\/www.edugestores.pe\/?p=20154#primaryimage\",\"inLanguage\":\"es\",\"url\":\"https:\/\/www.edugestores.pe\/wp-content\/uploads\/2018\/06\/noticia-noticia-p17n1-sutep-moquegua-4.jpg\",\"contentUrl\":\"https:\/\/www.edugestores.pe\/wp-content\/uploads\/2018\/06\/noticia-noticia-p17n1-sutep-moquegua-4.jpg\",\"width\":720,\"height\":405},{\"@type\":\"WebPage\",\"@id\":\"https:\/\/www.edugestores.pe\/?p=20154#webpage\",\"url\":\"https:\/\/www.edugestores.pe\/?p=20154\",\"name\":\"Edugestores reporta: Estado de la huelga a una semana de su inicio - Red Peruana de Gestores de la Educaci\u00f3n\",\"isPartOf\":{\"@id\":\"https:\/\/www.edugestores.pe\/#website\"},\"primaryImageOfPage\":{\"@id\":\"https:\/\/www.edugestores.pe\/?p=20154#primaryimage\"},\"datePublished\":\"2018-06-23T21:49:43+00:00\",\"dateModified\":\"2018-07-02T00:21:18+00:00\",\"author\":{\"@id\":\"https:\/\/www.edugestores.pe\/#\/schema\/person\/30dc82f35f5853289037a64b35c7c7d3\"},\"breadcrumb\":{\"@id\":\"https:\/\/www.edugestores.pe\/?p=20154#breadcrumb\"},\"inLanguage\":\"es\",\"potentialAction\":[{\"@type\":\"ReadAction\",\"target\":[\"https:\/\/www.edugestores.pe\/?p=20154\"]}]},{\"@type\":\"BreadcrumbList\",\"@id\":\"https:\/\/www.edugestores.pe\/?p=20154#breadcrumb\",\"itemListElement\":[{\"@type\":\"ListItem\",\"position\":1,\"name\":\"Portada\",\"item\":\"https:\/\/www.edugestores.pe\/\"},{\"@type\":\"ListItem\",\"position\":2,\"name\":\"Edugestores reporta: Estado de la huelga a una semana de su inicio\"}]},{\"@type\":\"Person\",\"@id\":\"https:\/\/www.edugestores.pe\/#\/schema\/person\/30dc82f35f5853289037a64b35c7c7d3\",\"name\":\"Administrador\",\"image\":{\"@type\":\"ImageObject\",\"@id\":\"https:\/\/www.edugestores.pe\/#personlogo\",\"inLanguage\":\"es\",\"url\":\"https:\/\/secure.gravatar.com\/avatar\/70960d1239c4d2c778bb3d2786a3c1ae?s=96&d=mm&r=g\",\"contentUrl\":\"https:\/\/secure.gravatar.com\/avatar\/70960d1239c4d2c778bb3d2786a3c1ae?s=96&d=mm&r=g\",\"caption\":\"Administrador\"},\"url\":\"https:\/\/www.edugestores.pe\/?author=63\"}]}<\/script>\n<!-- \/ Yoast SEO plugin. -->","yoast_head_json":{"title":"Edugestores reporta: Estado de la huelga a una semana de su inicio - Red Peruana de Gestores de la Educaci\u00f3n","robots":{"index":"index","follow":"follow","max-snippet":"max-snippet:-1","max-image-preview":"max-image-preview:large","max-video-preview":"max-video-preview:-1"},"canonical":"https:\/\/www.edugestores.pe\/?p=20154","og_locale":"es_ES","og_type":"article","og_title":"Edugestores reporta: Estado de la huelga a una semana de su inicio - Red Peruana de Gestores de la Educaci\u00f3n","og_description":"En Edugestores realizamos una compilaci\u00f3n de diversas notas emitidas en algunos medios de comunicaci\u00f3n, nacionales y locales, que dan cuenta [&hellip;]","og_url":"https:\/\/www.edugestores.pe\/?p=20154","og_site_name":"Red Peruana de Gestores de la Educaci\u00f3n","article_published_time":"2018-06-23T21:49:43+00:00","article_modified_time":"2018-07-02T00:21:18+00:00","og_image":[{"width":720,"height":405,"url":"https:\/\/www.edugestores.pe\/wp-content\/uploads\/2018\/06\/noticia-noticia-p17n1-sutep-moquegua-4.jpg","type":"image\/jpeg"}],"twitter_card":"summary_large_image","twitter_misc":{"Escrito por":"Administrador","Tiempo de lectura":"5 minutos"},"schema":{"@context":"https:\/\/schema.org","@graph":[{"@type":"WebSite","@id":"https:\/\/www.edugestores.pe\/#website","url":"https:\/\/www.edugestores.pe\/","name":"Red Peruana de Gestores de la Educaci\u00f3n","description":"Red Peruana de Gestores de la Educaci\u00f3n","potentialAction":[{"@type":"SearchAction","target":{"@type":"EntryPoint","urlTemplate":"https:\/\/www.edugestores.pe\/?s={search_term_string}"},"query-input":"required name=search_term_string"}],"inLanguage":"es"},{"@type":"ImageObject","@id":"https:\/\/www.edugestores.pe\/?p=20154#primaryimage","inLanguage":"es","url":"https:\/\/www.edugestores.pe\/wp-content\/uploads\/2018\/06\/noticia-noticia-p17n1-sutep-moquegua-4.jpg","contentUrl":"https:\/\/www.edugestores.pe\/wp-content\/uploads\/2018\/06\/noticia-noticia-p17n1-sutep-moquegua-4.jpg","width":720,"height":405},{"@type":"WebPage","@id":"https:\/\/www.edugestores.pe\/?p=20154#webpage","url":"https:\/\/www.edugestores.pe\/?p=20154","name":"Edugestores reporta: Estado de la huelga a una semana de su inicio - Red Peruana de Gestores de la Educaci\u00f3n","isPartOf":{"@id":"https:\/\/www.edugestores.pe\/#website"},"primaryImageOfPage":{"@id":"https:\/\/www.edugestores.pe\/?p=20154#primaryimage"},"datePublished":"2018-06-23T21:49:43+00:00","dateModified":"2018-07-02T00:21:18+00:00","author":{"@id":"https:\/\/www.edugestores.pe\/#\/schema\/person\/30dc82f35f5853289037a64b35c7c7d3"},"breadcrumb":{"@id":"https:\/\/www.edugestores.pe\/?p=20154#breadcrumb"},"inLanguage":"es","potentialAction":[{"@type":"ReadAction","target":["https:\/\/www.edugestores.pe\/?p=20154"]}]},{"@type":"BreadcrumbList","@id":"https:\/\/www.edugestores.pe\/?p=20154#breadcrumb","itemListElement":[{"@type":"ListItem","position":1,"name":"Portada","item":"https:\/\/www.edugestores.pe\/"},{"@type":"ListItem","position":2,"name":"Edugestores reporta: Estado de la huelga a una semana de su inicio"}]},{"@type":"Person","@id":"https:\/\/www.edugestores.pe\/#\/schema\/person\/30dc82f35f5853289037a64b35c7c7d3","name":"Administrador","image":{"@type":"ImageObject","@id":"https:\/\/www.edugestores.pe\/#personlogo","inLanguage":"es","url":"https:\/\/secure.gravatar.com\/avatar\/70960d1239c4d2c778bb3d2786a3c1ae?s=96&d=mm&r=g","contentUrl":"https:\/\/secure.gravatar.com\/avatar\/70960d1239c4d2c778bb3d2786a3c1ae?s=96&d=mm&r=g","caption":"Administrador"},"url":"https:\/\/www.edugestores.pe\/?author=63"}]}},"jetpack_featured_media_url":"https:\/\/www.edugestores.pe\/wp-content\/uploads\/2018\/06\/noticia-noticia-p17n1-sutep-moquegua-4.jpg","_links":{"self":[{"href":"https:\/\/www.edugestores.pe\/index.php?rest_route=\/wp\/v2\/posts\/20154"}],"collection":[{"href":"https:\/\/www.edugestores.pe\/index.php?rest_route=\/wp\/v2\/posts"}],"about":[{"href":"https:\/\/www.edugestores.pe\/index.php?rest_route=\/wp\/v2\/types\/post"}],"author":[{"embeddable":true,"href":"https:\/\/www.edugestores.pe\/index.php?rest_route=\/wp\/v2\/users\/63"}],"replies":[{"embeddable":true,"href":"https:\/\/www.edugestores.pe\/index.php?rest_route=%2Fwp%2Fv2%2Fcomments&post=20154"}],"version-history":[{"count":1,"href":"https:\/\/www.edugestores.pe\/index.php?rest_route=\/wp\/v2\/posts\/20154\/revisions"}],"predecessor-version":[{"id":20156,"href":"https:\/\/www.edugestores.pe\/index.php?rest_route=\/wp\/v2\/posts\/20154\/revisions\/20156"}],"wp:featuredmedia":[{"embeddable":true,"href":"https:\/\/www.edugestores.pe\/index.php?rest_route=\/wp\/v2\/media\/20155"}],"wp:attachment":[{"href":"https:\/\/www.edugestores.pe\/index.php?rest_route=%2Fwp%2Fv2%2Fmedia&parent=20154"}],"wp:term":[{"taxonomy":"category","embeddable":true,"href":"https:\/\/www.edugestores.pe\/index.php?rest_route=%2Fwp%2Fv2%2Fcategories&post=20154"},{"taxonomy":"post_tag","embeddable":true,"href":"https:\/\/www.edugestores.pe\/index.php?rest_route=%2Fwp%2Fv2%2Ftags&post=20154"}],"curies":[{"name":"wp","href":"https:\/\/api.w.org\/{rel}","templated":true}]}}