{"id":20157,"date":"2018-06-25T11:47:24","date_gmt":"2018-06-25T16:47:24","guid":{"rendered":"https:\/\/www.edugestores.pe\/?p=20157"},"modified":"2018-07-04T23:53:24","modified_gmt":"2018-07-05T04:53:24","slug":"ceplan-enfatiza-necesidad-de-mejorar-recaudacion-a-favor-de-la-educacion","status":"publish","type":"post","link":"https:\/\/www.edugestores.pe\/?p=20157","title":{"rendered":"Ceplan enfatiza necesidad de mejorar recaudaci\u00f3n a favor de la educaci\u00f3n"},"content":{"rendered":"<p style=\"text-align: justify;\">En el foro &#8220;Igualdad de oportunidades, \u00bfsin tributar? M\u00e1s inversi\u00f3n para la educaci\u00f3n p\u00fablica&#8221;, el presidente del Centro Nacional de Planeamiento Estrat\u00e9gico (Ceplan), Javier Abugatt\u00e1s, destac\u00f3 la necesidad de mejorar la recaudaci\u00f3n tributaria a favor de la educaci\u00f3n.<\/p>\n<p>Abugatt\u00e1s subray\u00f3 el compromiso del Per\u00fa para alinear pol\u00edticas fiscales con los objetivos de desarrollo integrados a la Agenda 2030. Para ello, indic\u00f3 que se debe hacer un enorme trabajo de reconocimiento de la realidad en cada zona.<\/p>\n<p>En el encuentro, Abugatt\u00e1s Fatule inform\u00f3 sobre el proceso participativo para construir la visi\u00f3n concertada de futuro de pa\u00eds al 2030, detallando la propuesta de imagen elaborada por Ceplan: un Per\u00fa con mayor potencial, sostenible, pr\u00f3spero, pac\u00edfico y unido.<\/p>\n<p>El evento tambi\u00e9n tuvo como panelistas a Magaly Robalino (Unesco Per\u00fa), Walter Twanama (Foro Educativo), Hugo \u00d1opo (Grade) y Adri\u00e1n Falco, secretario t\u00e9cnico de la Red de Justicia Tributaria de Am\u00e9rica Latina y El Caribe (RJFLAC).<\/p>\n<p><b>Metas realistas.\u00a0<\/b>El economista Hugo \u00d1opo propuso sincerar la meta establecida para el sector educaci\u00f3n, fijando una realista con hitos de corto, mediano y largo plazo.\u00a0&#8220;Hoy gastamos 3.7% del Producto Bruto Interno (PBI) en la educaci\u00f3n, movernos del 3.7% al 6% es imposible en un mediano plazo. Debemos saber a d\u00f3nde queremos llegar y por qu\u00e9 es que queremos llegar a tal o cual meta&#8221;, afirm\u00f3. En este contexto, el investigador expres\u00f3 que se requiere m\u00e1s inversi\u00f3n y mejorar la formaci\u00f3n de capital humano.<\/p>\n<p>Refiri\u00f3 que el Per\u00fa destina al a\u00f1o 1,100 d\u00f3lares por estudiante en la educaci\u00f3n b\u00e1sica regular, mientras que Colombia presupuesta 2,200 y Chile, 3,500 por alumno. &#8220;El atraso en la educaci\u00f3n, tambi\u00e9n genera otro c\u00edrculo vicioso de bajos salarios, escasas habilidades y poca capacidad para ense\u00f1ar. Hay que quebrar ese c\u00edrculo vicioso&#8221;, dijo. En ese sentido, enfatiz\u00f3 que, para romper ese c\u00edrculo negativo, se necesitan dos cosas, mejorar los salarios y las condiciones laborales. &#8220;Pero esto tiene que venir de la mano con una exigencia m\u00e1s alta, est\u00e1ndares m\u00e1s elevados para los profesores&#8221;, subray\u00f3.<\/p>\n<p><b>Monitoreo de avances.\u00a0<\/b>Por su parte, la representante de la Unesco Magaly Robalino, sostuvo que los pa\u00edses de la regi\u00f3n tienen el desaf\u00edo de adaptar o interconectar de forma integral las agendas de educaci\u00f3n al resto de \u00e1reas. En ese sentido, resalt\u00f3 tres principios importantes que se deben resaltar: Universalidad, Integralidad y que nadie se quede atr\u00e1s.<br \/>\n&#8220;Se debe fortalecer los sistemas y espacios de recopilaci\u00f3n de datos y monitoreo de las metas a nivel regional y nacional. Adem\u00e1s de formar alianzas entre centros de formaci\u00f3n para generar intercambio de conocimientos dentro del pa\u00eds, la regi\u00f3n y a nivel global&#8221;, puntualiz\u00f3.<\/p>\n<p style=\"text-align: justify;\">Este foro fue realizado con el apoyo de la Organizaci\u00f3n de las Naciones Unidas para la Educaci\u00f3n, la Ciencia y la Cultura (Unesco).\u00a0En el foro se presentaron avances de investigaciones sobre temas como presupuesto p\u00fablico, tributaci\u00f3n y el derecho a la educaci\u00f3n, en el marco del compromiso del Estado con la Agenda Educaci\u00f3n 2030 y, en particular sobre N\u00b0 4 Objetivo de Desarrollo Sostenible (ODS).<\/p>\n<p style=\"text-align: justify;\">Fuente: Andina.<\/p>\n","protected":false},"excerpt":{"rendered":"<p>En el foro &#8220;Igualdad de oportunidades, \u00bfsin tributar? M\u00e1s inversi\u00f3n para la educaci\u00f3n p\u00fablica&#8221;, el presidente del Centro Nacional de [&hellip;]<\/p>\n","protected":false},"author":63,"featured_media":20158,"comment_status":"open","ping_status":"open","sticky":false,"template":"","format":"standard","meta":{"spay_email":""},"categories":[125],"tags":[],"yoast_head":"<!-- This site is optimized with the Yoast SEO plugin v18.0 - https:\/\/yoast.com\/wordpress\/plugins\/seo\/ -->\n<title>Ceplan enfatiza necesidad de mejorar recaudaci\u00f3n a favor de la educaci\u00f3n - Red Peruana de Gestores de la Educaci\u00f3n<\/title>\n<meta name=\"robots\" content=\"index, follow, max-snippet:-1, max-image-preview:large, max-video-preview:-1\" \/>\n<link rel=\"canonical\" href=\"https:\/\/www.edugestores.pe\/?p=20157\" \/>\n<meta property=\"og:locale\" content=\"es_ES\" \/>\n<meta property=\"og:type\" content=\"article\" \/>\n<meta property=\"og:title\" content=\"Ceplan enfatiza necesidad de mejorar recaudaci\u00f3n a favor de la educaci\u00f3n - Red Peruana de Gestores de la Educaci\u00f3n\" \/>\n<meta property=\"og:description\" content=\"En el foro &#8220;Igualdad de oportunidades, \u00bfsin tributar? M\u00e1s inversi\u00f3n para la educaci\u00f3n p\u00fablica&#8221;, el presidente del Centro Nacional de [&hellip;]\" \/>\n<meta property=\"og:url\" content=\"https:\/\/www.edugestores.pe\/?p=20157\" \/>\n<meta property=\"og:site_name\" content=\"Red Peruana de Gestores de la Educaci\u00f3n\" \/>\n<meta property=\"article:published_time\" content=\"2018-06-25T16:47:24+00:00\" \/>\n<meta property=\"article:modified_time\" content=\"2018-07-05T04:53:24+00:00\" \/>\n<meta property=\"og:image\" content=\"https:\/\/www.edugestores.pe\/wp-content\/uploads\/2018\/06\/153027-ceplan-enfatiza-necesidad-mejorar-recaudacion-favor-educacion.jpg\" \/>\n\t<meta property=\"og:image:width\" content=\"741\" \/>\n\t<meta property=\"og:image:height\" content=\"356\" \/>\n\t<meta property=\"og:image:type\" content=\"image\/jpeg\" \/>\n<meta name=\"twitter:card\" content=\"summary_large_image\" \/>\n<meta name=\"twitter:label1\" content=\"Escrito por\" \/>\n\t<meta name=\"twitter:data1\" content=\"Administrador\" \/>\n\t<meta name=\"twitter:label2\" content=\"Tiempo de lectura\" \/>\n\t<meta name=\"twitter:data2\" content=\"3 minutos\" \/>\n<script type=\"application\/ld+json\" class=\"yoast-schema-graph\">{\"@context\":\"https:\/\/schema.org\",\"@graph\":[{\"@type\":\"WebSite\",\"@id\":\"https:\/\/www.edugestores.pe\/#website\",\"url\":\"https:\/\/www.edugestores.pe\/\",\"name\":\"Red Peruana de Gestores de la Educaci\u00f3n\",\"description\":\"Red Peruana de Gestores de la Educaci\u00f3n\",\"potentialAction\":[{\"@type\":\"SearchAction\",\"target\":{\"@type\":\"EntryPoint\",\"urlTemplate\":\"https:\/\/www.edugestores.pe\/?s={search_term_string}\"},\"query-input\":\"required name=search_term_string\"}],\"inLanguage\":\"es\"},{\"@type\":\"ImageObject\",\"@id\":\"https:\/\/www.edugestores.pe\/?p=20157#primaryimage\",\"inLanguage\":\"es\",\"url\":\"https:\/\/www.edugestores.pe\/wp-content\/uploads\/2018\/06\/153027-ceplan-enfatiza-necesidad-mejorar-recaudacion-favor-educacion.jpg\",\"contentUrl\":\"https:\/\/www.edugestores.pe\/wp-content\/uploads\/2018\/06\/153027-ceplan-enfatiza-necesidad-mejorar-recaudacion-favor-educacion.jpg\",\"width\":741,\"height\":356},{\"@type\":\"WebPage\",\"@id\":\"https:\/\/www.edugestores.pe\/?p=20157#webpage\",\"url\":\"https:\/\/www.edugestores.pe\/?p=20157\",\"name\":\"Ceplan enfatiza necesidad de mejorar recaudaci\u00f3n a favor de la educaci\u00f3n - Red Peruana de Gestores de la Educaci\u00f3n\",\"isPartOf\":{\"@id\":\"https:\/\/www.edugestores.pe\/#website\"},\"primaryImageOfPage\":{\"@id\":\"https:\/\/www.edugestores.pe\/?p=20157#primaryimage\"},\"datePublished\":\"2018-06-25T16:47:24+00:00\",\"dateModified\":\"2018-07-05T04:53:24+00:00\",\"author\":{\"@id\":\"https:\/\/www.edugestores.pe\/#\/schema\/person\/30dc82f35f5853289037a64b35c7c7d3\"},\"breadcrumb\":{\"@id\":\"https:\/\/www.edugestores.pe\/?p=20157#breadcrumb\"},\"inLanguage\":\"es\",\"potentialAction\":[{\"@type\":\"ReadAction\",\"target\":[\"https:\/\/www.edugestores.pe\/?p=20157\"]}]},{\"@type\":\"BreadcrumbList\",\"@id\":\"https:\/\/www.edugestores.pe\/?p=20157#breadcrumb\",\"itemListElement\":[{\"@type\":\"ListItem\",\"position\":1,\"name\":\"Portada\",\"item\":\"https:\/\/www.edugestores.pe\/\"},{\"@type\":\"ListItem\",\"position\":2,\"name\":\"Ceplan enfatiza necesidad de mejorar recaudaci\u00f3n a favor de la educaci\u00f3n\"}]},{\"@type\":\"Person\",\"@id\":\"https:\/\/www.edugestores.pe\/#\/schema\/person\/30dc82f35f5853289037a64b35c7c7d3\",\"name\":\"Administrador\",\"image\":{\"@type\":\"ImageObject\",\"@id\":\"https:\/\/www.edugestores.pe\/#personlogo\",\"inLanguage\":\"es\",\"url\":\"https:\/\/secure.gravatar.com\/avatar\/70960d1239c4d2c778bb3d2786a3c1ae?s=96&d=mm&r=g\",\"contentUrl\":\"https:\/\/secure.gravatar.com\/avatar\/70960d1239c4d2c778bb3d2786a3c1ae?s=96&d=mm&r=g\",\"caption\":\"Administrador\"},\"url\":\"https:\/\/www.edugestores.pe\/?author=63\"}]}<\/script>\n<!-- \/ Yoast SEO plugin. -->","yoast_head_json":{"title":"Ceplan enfatiza necesidad de mejorar recaudaci\u00f3n a favor de la educaci\u00f3n - Red Peruana de Gestores de la Educaci\u00f3n","robots":{"index":"index","follow":"follow","max-snippet":"max-snippet:-1","max-image-preview":"max-image-preview:large","max-video-preview":"max-video-preview:-1"},"canonical":"https:\/\/www.edugestores.pe\/?p=20157","og_locale":"es_ES","og_type":"article","og_title":"Ceplan enfatiza necesidad de mejorar recaudaci\u00f3n a favor de la educaci\u00f3n - Red Peruana de Gestores de la Educaci\u00f3n","og_description":"En el foro &#8220;Igualdad de oportunidades, \u00bfsin tributar? M\u00e1s inversi\u00f3n para la educaci\u00f3n p\u00fablica&#8221;, el presidente del Centro Nacional de [&hellip;]","og_url":"https:\/\/www.edugestores.pe\/?p=20157","og_site_name":"Red Peruana de Gestores de la Educaci\u00f3n","article_published_time":"2018-06-25T16:47:24+00:00","article_modified_time":"2018-07-05T04:53:24+00:00","og_image":[{"width":741,"height":356,"url":"https:\/\/www.edugestores.pe\/wp-content\/uploads\/2018\/06\/153027-ceplan-enfatiza-necesidad-mejorar-recaudacion-favor-educacion.jpg","type":"image\/jpeg"}],"twitter_card":"summary_large_image","twitter_misc":{"Escrito por":"Administrador","Tiempo de lectura":"3 minutos"},"schema":{"@context":"https:\/\/schema.org","@graph":[{"@type":"WebSite","@id":"https:\/\/www.edugestores.pe\/#website","url":"https:\/\/www.edugestores.pe\/","name":"Red Peruana de Gestores de la Educaci\u00f3n","description":"Red Peruana de Gestores de la Educaci\u00f3n","potentialAction":[{"@type":"SearchAction","target":{"@type":"EntryPoint","urlTemplate":"https:\/\/www.edugestores.pe\/?s={search_term_string}"},"query-input":"required name=search_term_string"}],"inLanguage":"es"},{"@type":"ImageObject","@id":"https:\/\/www.edugestores.pe\/?p=20157#primaryimage","inLanguage":"es","url":"https:\/\/www.edugestores.pe\/wp-content\/uploads\/2018\/06\/153027-ceplan-enfatiza-necesidad-mejorar-recaudacion-favor-educacion.jpg","contentUrl":"https:\/\/www.edugestores.pe\/wp-content\/uploads\/2018\/06\/153027-ceplan-enfatiza-necesidad-mejorar-recaudacion-favor-educacion.jpg","width":741,"height":356},{"@type":"WebPage","@id":"https:\/\/www.edugestores.pe\/?p=20157#webpage","url":"https:\/\/www.edugestores.pe\/?p=20157","name":"Ceplan enfatiza necesidad de mejorar recaudaci\u00f3n a favor de la educaci\u00f3n - Red Peruana de Gestores de la Educaci\u00f3n","isPartOf":{"@id":"https:\/\/www.edugestores.pe\/#website"},"primaryImageOfPage":{"@id":"https:\/\/www.edugestores.pe\/?p=20157#primaryimage"},"datePublished":"2018-06-25T16:47:24+00:00","dateModified":"2018-07-05T04:53:24+00:00","author":{"@id":"https:\/\/www.edugestores.pe\/#\/schema\/person\/30dc82f35f5853289037a64b35c7c7d3"},"breadcrumb":{"@id":"https:\/\/www.edugestores.pe\/?p=20157#breadcrumb"},"inLanguage":"es","potentialAction":[{"@type":"ReadAction","target":["https:\/\/www.edugestores.pe\/?p=20157"]}]},{"@type":"BreadcrumbList","@id":"https:\/\/www.edugestores.pe\/?p=20157#breadcrumb","itemListElement":[{"@type":"ListItem","position":1,"name":"Portada","item":"https:\/\/www.edugestores.pe\/"},{"@type":"ListItem","position":2,"name":"Ceplan enfatiza necesidad de mejorar recaudaci\u00f3n a favor de la educaci\u00f3n"}]},{"@type":"Person","@id":"https:\/\/www.edugestores.pe\/#\/schema\/person\/30dc82f35f5853289037a64b35c7c7d3","name":"Administrador","image":{"@type":"ImageObject","@id":"https:\/\/www.edugestores.pe\/#personlogo","inLanguage":"es","url":"https:\/\/secure.gravatar.com\/avatar\/70960d1239c4d2c778bb3d2786a3c1ae?s=96&d=mm&r=g","contentUrl":"https:\/\/secure.gravatar.com\/avatar\/70960d1239c4d2c778bb3d2786a3c1ae?s=96&d=mm&r=g","caption":"Administrador"},"url":"https:\/\/www.edugestores.pe\/?author=63"}]}},"jetpack_featured_media_url":"https:\/\/www.edugestores.pe\/wp-content\/uploads\/2018\/06\/153027-ceplan-enfatiza-necesidad-mejorar-recaudacion-favor-educacion.jpg","_links":{"self":[{"href":"https:\/\/www.edugestores.pe\/index.php?rest_route=\/wp\/v2\/posts\/20157"}],"collection":[{"href":"https:\/\/www.edugestores.pe\/index.php?rest_route=\/wp\/v2\/posts"}],"about":[{"href":"https:\/\/www.edugestores.pe\/index.php?rest_route=\/wp\/v2\/types\/post"}],"author":[{"embeddable":true,"href":"https:\/\/www.edugestores.pe\/index.php?rest_route=\/wp\/v2\/users\/63"}],"replies":[{"embeddable":true,"href":"https:\/\/www.edugestores.pe\/index.php?rest_route=%2Fwp%2Fv2%2Fcomments&post=20157"}],"version-history":[{"count":1,"href":"https:\/\/www.edugestores.pe\/index.php?rest_route=\/wp\/v2\/posts\/20157\/revisions"}],"predecessor-version":[{"id":20159,"href":"https:\/\/www.edugestores.pe\/index.php?rest_route=\/wp\/v2\/posts\/20157\/revisions\/20159"}],"wp:featuredmedia":[{"embeddable":true,"href":"https:\/\/www.edugestores.pe\/index.php?rest_route=\/wp\/v2\/media\/20158"}],"wp:attachment":[{"href":"https:\/\/www.edugestores.pe\/index.php?rest_route=%2Fwp%2Fv2%2Fmedia&parent=20157"}],"wp:term":[{"taxonomy":"category","embeddable":true,"href":"https:\/\/www.edugestores.pe\/index.php?rest_route=%2Fwp%2Fv2%2Fcategories&post=20157"},{"taxonomy":"post_tag","embeddable":true,"href":"https:\/\/www.edugestores.pe\/index.php?rest_route=%2Fwp%2Fv2%2Ftags&post=20157"}],"curies":[{"name":"wp","href":"https:\/\/api.w.org\/{rel}","templated":true}]}}