{"id":20186,"date":"2018-06-26T20:28:31","date_gmt":"2018-06-27T01:28:31","guid":{"rendered":"https:\/\/www.edugestores.pe\/?p=20186"},"modified":"2018-07-01T19:21:38","modified_gmt":"2018-07-02T00:21:38","slug":"martens-hay-responsabilidad-de-tres-gestiones-del-minedu-por-textos-escolares","status":"publish","type":"post","link":"https:\/\/www.edugestores.pe\/?p=20186","title":{"rendered":"Martens: &#8220;Hay responsabilidad de tres gestiones del Minedu por textos escolares&#8221;"},"content":{"rendered":"<p id=\"p530945-m299-298-300\" class=\"parrafo first-parrafo\" style=\"text-align: justify;\">La ex titular del Ministerio de Educaci\u00f3n (Minedu), Maril\u00fa Martens, indic\u00f3 a\u00a0<i>El Comercio<\/i>\u00a0que su gesti\u00f3n &#8220;debi\u00f3 haber detenido la impresi\u00f3n y distribuci\u00f3n&#8221; de los cuestionados textos escolares\u00a0sobre sexualidad, dirigidos a los alumnos de quinto de secundaria de todo el pa\u00eds. Espec\u00edficamente, los de un libro de trabajo de comprensi\u00f3n lectora que ya ha sido repartido en las aulas.<\/p>\n<p>Este material educativo recopila varias columnas de opini\u00f3n a favor de la virginidad y la moralidad en la vida sexual (incluso, una de ellas se\u00f1ala que &#8220;la castidad no solo es abstinencia: es vivir de manera moral&#8221;). Seg\u00fan el Ministerio de Educaci\u00f3n (Minedu), estos textos se est\u00e1n revisando para imprimir una edici\u00f3n mejorada al 2019.<\/p>\n<p id=\"p530945-m352-1-353\" class=\"parrafo first-parrafo\" style=\"text-align: justify;\">No obstante, Martens precis\u00f3 que &#8220;hay una responsabilidad compartida de tres gestiones del Minedu&#8221; \u2013incluyendo a la actual de Daniel Alfaro, la de Idel Vexler y la suya\u2013 respecto a la verificaci\u00f3n de este material educativo y su continua distribuci\u00f3n en las escuelas p\u00fablicas.<\/p>\n<p>\u201cEstoy en total desacuerdo con los contenidos en cuesti\u00f3n. A trav\u00e9s de El Comercio, quiero recomendar al ministro Alfaro que considere retirar todos estos textos, que son completamente indefendibles. Tambi\u00e9n quiero pedirle que siga fortaleciendo el enfoque de g\u00e9nero en todas las instituciones educativas\u201d, dijo.<\/p>\n<div id=\"p530945-m362-2-363\" class=\"news-media\">\n<div class=\"image_pri\">\n<div id=\"m366-365-367\" class=\"captioned-image image-article\">\n<div class=\"description-image\"><\/div>\n<div class=\"image\">\n<div id=\"m370-369-371\" class=\"image\"><img decoding=\"async\" loading=\"lazy\" class=\"\" title=\"minedu\" src=\"https:\/\/img.elcomercio.pe\/files\/listing_ec_flujo_xx\/uploads\/2018\/06\/25\/5b310617d989f.jpeg\" alt=\"minedu\" width=\"694\" height=\"861\" \/><\/div>\n<\/div>\n<\/div>\n<\/div>\n<p id=\"m383-1-384\" class=\"foto-description\">Texto incluido en material educativo distribuido por el Minedu y dirigido a alumnos de quinto de secundaria.<\/p>\n<\/div>\n<div id=\"ads_d_inline\"><\/div>\n<p id=\"p530945-m400-3-401\" class=\"parrafo first-parrafo\" style=\"text-align: justify;\">Para precisar algunos puntos, la ex ministra concedi\u00f3 una breve entrevista a este Diario:<\/p>\n<p><b>\u00bfQu\u00e9 es lo que fall\u00f3 durante su gesti\u00f3n para que se sigan repartiendo estos textos?<\/b><br \/>\nEste material fue distribuido en escuelas de jornada escolar completa (JEC) y escuelas focalizadas, que cuentan con un plan de estudios m\u00e1s rico, m\u00e1s fortalecido. A diferencia de otros centros educativos, en ellas los estudiantes tienen mayores oportunidades de recibir una tutor\u00eda y un acompa\u00f1amiento por parte de los docentes. Los textos en cuesti\u00f3n ya hab\u00edan sido elaborados durante la gesti\u00f3n anterior [de Jaime Saavedra], y en mi gesti\u00f3n se imprimieron y distribuyeron. Por ello, asumo la responsabilidad por no haber parado esos procesos. Definitivamente, ah\u00ed hubo un error.<\/p>\n<p><b>Usted hace un mea culpa, entonces.<\/b><br \/>\nClaro que s\u00ed. No voy a tratar de defender un error.<\/p>\n<p><b>\u00bfCu\u00e1l fue el criterio de selecci\u00f3n de estos textos que hablan de la virginidad o la moralidad en la vida sexual?<br \/>\n<\/b>Primero, hay que decir que estos textos no est\u00e1n dirigidos a ni\u00f1os, sino a j\u00f3venes de entre 15 y 16 a\u00f1os, quienes ya est\u00e1n en la capacidad de tener una postura cr\u00edtica a partir de diferentes posiciones sobre un tema. Por esta raz\u00f3n, los libros y textos las incluyen. Se buscaba que el estudiante desarrollase un pensamiento cr\u00edtico con varias fuentes de informaci\u00f3n. No quiero defender los textos, solo intento explicar qu\u00e9 es lo que se persegu\u00eda: fortalecer la capacidad de pensamiento cr\u00edtico en nuestros estudiantes.<\/p>\n<p><b>Pero pudo haberse incluido otros textos.<\/b><br \/>\n<b>\u200b<\/b>Por supuesto. Como ya he dicho: asumo la responsabilidad, pero tambi\u00e9n quiero pedirle al ministro Alfaro que eval\u00fae retirar este material educativo, ya que no aporta en nada al pensamiento cr\u00edtico de nuestros estudiantes. Y esto se evidencia porque en la gu\u00eda de maestros se ha sesgado la respuesta que deben dar los alumnos\u00a0 [por ejemplo, se plantea como &#8220;adecuado&#8221; que &#8220;el retraso del inicio sexual trae ventajas&#8221;]. Tampoco\u00a0aporta a lo que el Minedu debe fortalecer hoy en d\u00eda en el Per\u00fa: el enfoque de g\u00e9nero. Y lo digo con todas sus letras: g\u00e9-ne-ro.<\/p>\n<p><b>Respecto al hecho de que el Minedu consulte a congresistas los contenidos de los textos escolares. \u00bfEs adecuado?<\/b><br \/>\nCreo que el material educativo y el curr\u00edculo escolar, que son parte de la pol\u00edtica educativa del Estado, deben ser consultados a toda la ciudadan\u00eda. Se deben escuchar todas las opiniones y aportes. Por supuesto, ninguna opini\u00f3n es determinante. Lo que digan algunos congresistas en estas mesas de consulta que ha organizado el Minedu no puede ser determinante, ya que el sector tiene la \u00faltima palabra como ente rector y t\u00e9cnico.<\/p>\n<p class=\"parrafo first-parrafo\" style=\"text-align: justify;\">Tomado de El Comercio. Fotos: El Comercio.<\/p>\n","protected":false},"excerpt":{"rendered":"<p>La ex titular del Ministerio de Educaci\u00f3n (Minedu), Maril\u00fa Martens, indic\u00f3 a\u00a0El Comercio\u00a0que su gesti\u00f3n &#8220;debi\u00f3 haber detenido la impresi\u00f3n [&hellip;]<\/p>\n","protected":false},"author":63,"featured_media":20187,"comment_status":"open","ping_status":"open","sticky":false,"template":"","format":"standard","meta":{"spay_email":""},"categories":[125],"tags":[],"yoast_head":"<!-- This site is optimized with the Yoast SEO plugin v18.0 - https:\/\/yoast.com\/wordpress\/plugins\/seo\/ -->\n<title>Martens: &quot;Hay responsabilidad de tres gestiones del Minedu por textos escolares&quot; - Red Peruana de Gestores de la Educaci\u00f3n<\/title>\n<meta name=\"robots\" content=\"index, follow, max-snippet:-1, max-image-preview:large, max-video-preview:-1\" \/>\n<link rel=\"canonical\" href=\"https:\/\/www.edugestores.pe\/?p=20186\" \/>\n<meta property=\"og:locale\" content=\"es_ES\" \/>\n<meta property=\"og:type\" content=\"article\" \/>\n<meta property=\"og:title\" content=\"Martens: &quot;Hay responsabilidad de tres gestiones del Minedu por textos escolares&quot; - Red Peruana de Gestores de la Educaci\u00f3n\" \/>\n<meta property=\"og:description\" content=\"La ex titular del Ministerio de Educaci\u00f3n (Minedu), Maril\u00fa Martens, indic\u00f3 a\u00a0El Comercio\u00a0que su gesti\u00f3n &#8220;debi\u00f3 haber detenido la impresi\u00f3n [&hellip;]\" \/>\n<meta property=\"og:url\" content=\"https:\/\/www.edugestores.pe\/?p=20186\" \/>\n<meta property=\"og:site_name\" content=\"Red Peruana de Gestores de la Educaci\u00f3n\" \/>\n<meta property=\"article:published_time\" content=\"2018-06-27T01:28:31+00:00\" \/>\n<meta property=\"article:modified_time\" content=\"2018-07-02T00:21:38+00:00\" \/>\n<meta property=\"og:image\" content=\"https:\/\/www.edugestores.pe\/wp-content\/uploads\/2018\/06\/58df3ab7cc64a.jpeg\" \/>\n\t<meta property=\"og:image:width\" content=\"620\" \/>\n\t<meta property=\"og:image:height\" content=\"356\" \/>\n\t<meta property=\"og:image:type\" content=\"image\/jpeg\" \/>\n<meta name=\"twitter:card\" content=\"summary_large_image\" \/>\n<meta name=\"twitter:label1\" content=\"Escrito por\" \/>\n\t<meta name=\"twitter:data1\" content=\"Administrador\" \/>\n\t<meta name=\"twitter:label2\" content=\"Tiempo de lectura\" \/>\n\t<meta name=\"twitter:data2\" content=\"4 minutos\" \/>\n<script type=\"application\/ld+json\" class=\"yoast-schema-graph\">{\"@context\":\"https:\/\/schema.org\",\"@graph\":[{\"@type\":\"WebSite\",\"@id\":\"https:\/\/www.edugestores.pe\/#website\",\"url\":\"https:\/\/www.edugestores.pe\/\",\"name\":\"Red Peruana de Gestores de la Educaci\u00f3n\",\"description\":\"Red Peruana de Gestores de la Educaci\u00f3n\",\"potentialAction\":[{\"@type\":\"SearchAction\",\"target\":{\"@type\":\"EntryPoint\",\"urlTemplate\":\"https:\/\/www.edugestores.pe\/?s={search_term_string}\"},\"query-input\":\"required name=search_term_string\"}],\"inLanguage\":\"es\"},{\"@type\":\"ImageObject\",\"@id\":\"https:\/\/www.edugestores.pe\/?p=20186#primaryimage\",\"inLanguage\":\"es\",\"url\":\"https:\/\/www.edugestores.pe\/wp-content\/uploads\/2018\/06\/58df3ab7cc64a.jpeg\",\"contentUrl\":\"https:\/\/www.edugestores.pe\/wp-content\/uploads\/2018\/06\/58df3ab7cc64a.jpeg\",\"width\":620,\"height\":356},{\"@type\":\"WebPage\",\"@id\":\"https:\/\/www.edugestores.pe\/?p=20186#webpage\",\"url\":\"https:\/\/www.edugestores.pe\/?p=20186\",\"name\":\"Martens: \\\"Hay responsabilidad de tres gestiones del Minedu por textos escolares\\\" - Red Peruana de Gestores de la Educaci\u00f3n\",\"isPartOf\":{\"@id\":\"https:\/\/www.edugestores.pe\/#website\"},\"primaryImageOfPage\":{\"@id\":\"https:\/\/www.edugestores.pe\/?p=20186#primaryimage\"},\"datePublished\":\"2018-06-27T01:28:31+00:00\",\"dateModified\":\"2018-07-02T00:21:38+00:00\",\"author\":{\"@id\":\"https:\/\/www.edugestores.pe\/#\/schema\/person\/30dc82f35f5853289037a64b35c7c7d3\"},\"breadcrumb\":{\"@id\":\"https:\/\/www.edugestores.pe\/?p=20186#breadcrumb\"},\"inLanguage\":\"es\",\"potentialAction\":[{\"@type\":\"ReadAction\",\"target\":[\"https:\/\/www.edugestores.pe\/?p=20186\"]}]},{\"@type\":\"BreadcrumbList\",\"@id\":\"https:\/\/www.edugestores.pe\/?p=20186#breadcrumb\",\"itemListElement\":[{\"@type\":\"ListItem\",\"position\":1,\"name\":\"Portada\",\"item\":\"https:\/\/www.edugestores.pe\/\"},{\"@type\":\"ListItem\",\"position\":2,\"name\":\"Martens: \u00abHay responsabilidad de tres gestiones del Minedu por textos escolares\u00bb\"}]},{\"@type\":\"Person\",\"@id\":\"https:\/\/www.edugestores.pe\/#\/schema\/person\/30dc82f35f5853289037a64b35c7c7d3\",\"name\":\"Administrador\",\"image\":{\"@type\":\"ImageObject\",\"@id\":\"https:\/\/www.edugestores.pe\/#personlogo\",\"inLanguage\":\"es\",\"url\":\"https:\/\/secure.gravatar.com\/avatar\/70960d1239c4d2c778bb3d2786a3c1ae?s=96&d=mm&r=g\",\"contentUrl\":\"https:\/\/secure.gravatar.com\/avatar\/70960d1239c4d2c778bb3d2786a3c1ae?s=96&d=mm&r=g\",\"caption\":\"Administrador\"},\"url\":\"https:\/\/www.edugestores.pe\/?author=63\"}]}<\/script>\n<!-- \/ Yoast SEO plugin. -->","yoast_head_json":{"title":"Martens: \"Hay responsabilidad de tres gestiones del Minedu por textos escolares\" - Red Peruana de Gestores de la Educaci\u00f3n","robots":{"index":"index","follow":"follow","max-snippet":"max-snippet:-1","max-image-preview":"max-image-preview:large","max-video-preview":"max-video-preview:-1"},"canonical":"https:\/\/www.edugestores.pe\/?p=20186","og_locale":"es_ES","og_type":"article","og_title":"Martens: \"Hay responsabilidad de tres gestiones del Minedu por textos escolares\" - Red Peruana de Gestores de la Educaci\u00f3n","og_description":"La ex titular del Ministerio de Educaci\u00f3n (Minedu), Maril\u00fa Martens, indic\u00f3 a\u00a0El Comercio\u00a0que su gesti\u00f3n &#8220;debi\u00f3 haber detenido la impresi\u00f3n [&hellip;]","og_url":"https:\/\/www.edugestores.pe\/?p=20186","og_site_name":"Red Peruana de Gestores de la Educaci\u00f3n","article_published_time":"2018-06-27T01:28:31+00:00","article_modified_time":"2018-07-02T00:21:38+00:00","og_image":[{"width":620,"height":356,"url":"https:\/\/www.edugestores.pe\/wp-content\/uploads\/2018\/06\/58df3ab7cc64a.jpeg","type":"image\/jpeg"}],"twitter_card":"summary_large_image","twitter_misc":{"Escrito por":"Administrador","Tiempo de lectura":"4 minutos"},"schema":{"@context":"https:\/\/schema.org","@graph":[{"@type":"WebSite","@id":"https:\/\/www.edugestores.pe\/#website","url":"https:\/\/www.edugestores.pe\/","name":"Red Peruana de Gestores de la Educaci\u00f3n","description":"Red Peruana de Gestores de la Educaci\u00f3n","potentialAction":[{"@type":"SearchAction","target":{"@type":"EntryPoint","urlTemplate":"https:\/\/www.edugestores.pe\/?s={search_term_string}"},"query-input":"required name=search_term_string"}],"inLanguage":"es"},{"@type":"ImageObject","@id":"https:\/\/www.edugestores.pe\/?p=20186#primaryimage","inLanguage":"es","url":"https:\/\/www.edugestores.pe\/wp-content\/uploads\/2018\/06\/58df3ab7cc64a.jpeg","contentUrl":"https:\/\/www.edugestores.pe\/wp-content\/uploads\/2018\/06\/58df3ab7cc64a.jpeg","width":620,"height":356},{"@type":"WebPage","@id":"https:\/\/www.edugestores.pe\/?p=20186#webpage","url":"https:\/\/www.edugestores.pe\/?p=20186","name":"Martens: \"Hay responsabilidad de tres gestiones del Minedu por textos escolares\" - Red Peruana de Gestores de la Educaci\u00f3n","isPartOf":{"@id":"https:\/\/www.edugestores.pe\/#website"},"primaryImageOfPage":{"@id":"https:\/\/www.edugestores.pe\/?p=20186#primaryimage"},"datePublished":"2018-06-27T01:28:31+00:00","dateModified":"2018-07-02T00:21:38+00:00","author":{"@id":"https:\/\/www.edugestores.pe\/#\/schema\/person\/30dc82f35f5853289037a64b35c7c7d3"},"breadcrumb":{"@id":"https:\/\/www.edugestores.pe\/?p=20186#breadcrumb"},"inLanguage":"es","potentialAction":[{"@type":"ReadAction","target":["https:\/\/www.edugestores.pe\/?p=20186"]}]},{"@type":"BreadcrumbList","@id":"https:\/\/www.edugestores.pe\/?p=20186#breadcrumb","itemListElement":[{"@type":"ListItem","position":1,"name":"Portada","item":"https:\/\/www.edugestores.pe\/"},{"@type":"ListItem","position":2,"name":"Martens: \u00abHay responsabilidad de tres gestiones del Minedu por textos escolares\u00bb"}]},{"@type":"Person","@id":"https:\/\/www.edugestores.pe\/#\/schema\/person\/30dc82f35f5853289037a64b35c7c7d3","name":"Administrador","image":{"@type":"ImageObject","@id":"https:\/\/www.edugestores.pe\/#personlogo","inLanguage":"es","url":"https:\/\/secure.gravatar.com\/avatar\/70960d1239c4d2c778bb3d2786a3c1ae?s=96&d=mm&r=g","contentUrl":"https:\/\/secure.gravatar.com\/avatar\/70960d1239c4d2c778bb3d2786a3c1ae?s=96&d=mm&r=g","caption":"Administrador"},"url":"https:\/\/www.edugestores.pe\/?author=63"}]}},"jetpack_featured_media_url":"https:\/\/www.edugestores.pe\/wp-content\/uploads\/2018\/06\/58df3ab7cc64a.jpeg","_links":{"self":[{"href":"https:\/\/www.edugestores.pe\/index.php?rest_route=\/wp\/v2\/posts\/20186"}],"collection":[{"href":"https:\/\/www.edugestores.pe\/index.php?rest_route=\/wp\/v2\/posts"}],"about":[{"href":"https:\/\/www.edugestores.pe\/index.php?rest_route=\/wp\/v2\/types\/post"}],"author":[{"embeddable":true,"href":"https:\/\/www.edugestores.pe\/index.php?rest_route=\/wp\/v2\/users\/63"}],"replies":[{"embeddable":true,"href":"https:\/\/www.edugestores.pe\/index.php?rest_route=%2Fwp%2Fv2%2Fcomments&post=20186"}],"version-history":[{"count":1,"href":"https:\/\/www.edugestores.pe\/index.php?rest_route=\/wp\/v2\/posts\/20186\/revisions"}],"predecessor-version":[{"id":20188,"href":"https:\/\/www.edugestores.pe\/index.php?rest_route=\/wp\/v2\/posts\/20186\/revisions\/20188"}],"wp:featuredmedia":[{"embeddable":true,"href":"https:\/\/www.edugestores.pe\/index.php?rest_route=\/wp\/v2\/media\/20187"}],"wp:attachment":[{"href":"https:\/\/www.edugestores.pe\/index.php?rest_route=%2Fwp%2Fv2%2Fmedia&parent=20186"}],"wp:term":[{"taxonomy":"category","embeddable":true,"href":"https:\/\/www.edugestores.pe\/index.php?rest_route=%2Fwp%2Fv2%2Fcategories&post=20186"},{"taxonomy":"post_tag","embeddable":true,"href":"https:\/\/www.edugestores.pe\/index.php?rest_route=%2Fwp%2Fv2%2Ftags&post=20186"}],"curies":[{"name":"wp","href":"https:\/\/api.w.org\/{rel}","templated":true}]}}