{"id":20195,"date":"2018-06-27T15:01:52","date_gmt":"2018-06-27T20:01:52","guid":{"rendered":"https:\/\/www.edugestores.pe\/?p=20195"},"modified":"2018-07-01T19:21:53","modified_gmt":"2018-07-02T00:21:53","slug":"vexler-libros-cuestionados-no-fueron-elaborados-en-mi-gestion","status":"publish","type":"post","link":"https:\/\/www.edugestores.pe\/?p=20195","title":{"rendered":"Vexler: &#8220;libros cuestionados no fueron elaborados en mi gesti\u00f3n&#8221;"},"content":{"rendered":"<p style=\"text-align: justify;\">En nota publicada por el diario El Comercio, y elaborada por el periodista Fernando Alayo, se informa que el ex ministro de Educaci\u00f3n, Idel Vexler, dijo que los libros cuestionados por sesgo no fueron elaborados durante su gesti\u00f3n.<\/p>\n<p style=\"text-align: justify;\">Consultado por\u00a0<i>El Comercio<\/i>, Vexler\u00a0\u2013quien antecedi\u00f3 al actual ministro Daniel Alfaro\u2013 indic\u00f3 que estos libros no fueron desarrollados por su gesti\u00f3n, ya que prioriz\u00f3 hacer cambios en el\u00a0curr\u00edculo escolar. \u201cEntr\u00e9 al ministerio en setiembre del 2017, cuando todo eso estaba ya por imprimirse. Se hab\u00edan firmado contratos con las imprentas y con las flotas de veh\u00edculos para su distribuci\u00f3n\u201d, dijo.<\/p>\n<p style=\"text-align: justify;\">Este material educativo para estudiantes de secundaria y que recopila varias columnas de opini\u00f3n a favor de la virginidad y la moralidad en la vida sexual (incluso, una de ellas se\u00f1ala que &#8220;la castidad no solo es abstinencia: es vivir de manera moral&#8221;) ya ha sido distribuido a diversas escuelas del pa\u00eds. Seg\u00fan el Ministerio de Educaci\u00f3n (Minedu), estos textos fueron heredados de gestiones anteriores, y se est\u00e1n revisando para imprimir una edici\u00f3n mejorada al 2019.<\/p>\n<p id=\"p530906-m2170-2-2171\" class=\"parrafo first-parrafo\" style=\"text-align: justify;\">El ex titular del Minedu dijo que los materiales educativos en cuesti\u00f3n &#8220;se elaboraron&#8221; durante la gesti\u00f3n de Jaime Saavedra en el 2016, y luego &#8220;se reajustaron y enviaron a imprenta&#8221; por la ex ministra Maril\u00fa Martens. Los textos estuvieron a cargo de la\u00a0Direcci\u00f3n de Educaci\u00f3n Secundaria, que depende de\u00a0la Direcci\u00f3n Nacional de Educaci\u00f3n B\u00e1sica Regular.<\/p>\n<p>Sobre el convenio para coordinar las pol\u00edticas educativas que hab\u00eda anunciado con el presidente del Congreso, Luis Galarreta, Vexler indic\u00f3 que este nunca se concret\u00f3. &#8220;Se ha malinterpretado el fin del acuerdo que se iba a suscribir. El objetivo no era consensuar los contenidos del material educativo, porque esa es una competencia del Minedu, sino concretar la posibilidad de que los alumnos conozcan las din\u00e1micas de fiscalizaci\u00f3n y representaci\u00f3n del Parlamento&#8221;, agreg\u00f3.<\/p>\n<div id=\"ads_d_inline\" style=\"text-align: justify;\">La semana pasada, el portal Ojo P\u00fablico revel\u00f3 que el Minedu, bajo la gesti\u00f3n de Daniel Alfaro, hab\u00eda consultado algunos textos escolares \u2212referidos a la lucha contra el terrorismo y la historia del Per\u00fa entre los a\u00f1os 1980 y el 2000\u2212 con algunos congresistas en funi\u00f3n, miembros en retiro de las Fuerzas Armadas y pol\u00edticos de distintos partidos.<\/div>\n<p id=\"p530906-m2185-4-2186\" class=\"parrafo first-parrafo\" style=\"text-align: justify;\">Vexler cuestion\u00f3 este mecanismo de consulta: &#8220;Respeto la decisi\u00f3n del ministro Alfaro, pero yo no lo hubiese hecho ni para el curr\u00edculo escolar ni para esos textos. No es el camino adecuado realizar talleres con pol\u00edticos para buscar una pluralidad de opiniones. La consulta se debe hacer a los actores de la pol\u00edtica educativa: expertos, t\u00e9cnicos pedagogos, maestros y padres de familia&#8221;.<\/p>\n","protected":false},"excerpt":{"rendered":"<p>En nota publicada por el diario El Comercio, y elaborada por el periodista Fernando Alayo, se informa que el ex [&hellip;]<\/p>\n","protected":false},"author":63,"featured_media":20196,"comment_status":"open","ping_status":"open","sticky":false,"template":"","format":"standard","meta":{"spay_email":""},"categories":[125],"tags":[],"yoast_head":"<!-- This site is optimized with the Yoast SEO plugin v18.0 - https:\/\/yoast.com\/wordpress\/plugins\/seo\/ -->\n<title>Vexler: &quot;libros cuestionados no fueron elaborados en mi gesti\u00f3n&quot; - Red Peruana de Gestores de la Educaci\u00f3n<\/title>\n<meta name=\"robots\" content=\"index, follow, max-snippet:-1, max-image-preview:large, max-video-preview:-1\" \/>\n<link rel=\"canonical\" href=\"https:\/\/www.edugestores.pe\/?p=20195\" \/>\n<meta property=\"og:locale\" content=\"es_ES\" \/>\n<meta property=\"og:type\" content=\"article\" \/>\n<meta property=\"og:title\" content=\"Vexler: &quot;libros cuestionados no fueron elaborados en mi gesti\u00f3n&quot; - Red Peruana de Gestores de la Educaci\u00f3n\" \/>\n<meta property=\"og:description\" content=\"En nota publicada por el diario El Comercio, y elaborada por el periodista Fernando Alayo, se informa que el ex [&hellip;]\" \/>\n<meta property=\"og:url\" content=\"https:\/\/www.edugestores.pe\/?p=20195\" \/>\n<meta property=\"og:site_name\" content=\"Red Peruana de Gestores de la Educaci\u00f3n\" \/>\n<meta property=\"article:published_time\" content=\"2018-06-27T20:01:52+00:00\" \/>\n<meta property=\"article:modified_time\" content=\"2018-07-02T00:21:53+00:00\" \/>\n<meta property=\"og:image\" content=\"https:\/\/www.edugestores.pe\/wp-content\/uploads\/2018\/06\/5aa44a3852d1f.jpeg\" \/>\n\t<meta property=\"og:image:width\" content=\"620\" \/>\n\t<meta property=\"og:image:height\" content=\"356\" \/>\n\t<meta property=\"og:image:type\" content=\"image\/jpeg\" \/>\n<meta name=\"twitter:card\" content=\"summary_large_image\" \/>\n<meta name=\"twitter:label1\" content=\"Escrito por\" \/>\n\t<meta name=\"twitter:data1\" content=\"Administrador\" \/>\n\t<meta name=\"twitter:label2\" content=\"Tiempo de lectura\" \/>\n\t<meta name=\"twitter:data2\" content=\"2 minutos\" \/>\n<script type=\"application\/ld+json\" class=\"yoast-schema-graph\">{\"@context\":\"https:\/\/schema.org\",\"@graph\":[{\"@type\":\"WebSite\",\"@id\":\"https:\/\/www.edugestores.pe\/#website\",\"url\":\"https:\/\/www.edugestores.pe\/\",\"name\":\"Red Peruana de Gestores de la Educaci\u00f3n\",\"description\":\"Red Peruana de Gestores de la Educaci\u00f3n\",\"potentialAction\":[{\"@type\":\"SearchAction\",\"target\":{\"@type\":\"EntryPoint\",\"urlTemplate\":\"https:\/\/www.edugestores.pe\/?s={search_term_string}\"},\"query-input\":\"required name=search_term_string\"}],\"inLanguage\":\"es\"},{\"@type\":\"ImageObject\",\"@id\":\"https:\/\/www.edugestores.pe\/?p=20195#primaryimage\",\"inLanguage\":\"es\",\"url\":\"https:\/\/www.edugestores.pe\/wp-content\/uploads\/2018\/06\/5aa44a3852d1f.jpeg\",\"contentUrl\":\"https:\/\/www.edugestores.pe\/wp-content\/uploads\/2018\/06\/5aa44a3852d1f.jpeg\",\"width\":620,\"height\":356},{\"@type\":\"WebPage\",\"@id\":\"https:\/\/www.edugestores.pe\/?p=20195#webpage\",\"url\":\"https:\/\/www.edugestores.pe\/?p=20195\",\"name\":\"Vexler: \\\"libros cuestionados no fueron elaborados en mi gesti\u00f3n\\\" - Red Peruana de Gestores de la Educaci\u00f3n\",\"isPartOf\":{\"@id\":\"https:\/\/www.edugestores.pe\/#website\"},\"primaryImageOfPage\":{\"@id\":\"https:\/\/www.edugestores.pe\/?p=20195#primaryimage\"},\"datePublished\":\"2018-06-27T20:01:52+00:00\",\"dateModified\":\"2018-07-02T00:21:53+00:00\",\"author\":{\"@id\":\"https:\/\/www.edugestores.pe\/#\/schema\/person\/30dc82f35f5853289037a64b35c7c7d3\"},\"breadcrumb\":{\"@id\":\"https:\/\/www.edugestores.pe\/?p=20195#breadcrumb\"},\"inLanguage\":\"es\",\"potentialAction\":[{\"@type\":\"ReadAction\",\"target\":[\"https:\/\/www.edugestores.pe\/?p=20195\"]}]},{\"@type\":\"BreadcrumbList\",\"@id\":\"https:\/\/www.edugestores.pe\/?p=20195#breadcrumb\",\"itemListElement\":[{\"@type\":\"ListItem\",\"position\":1,\"name\":\"Portada\",\"item\":\"https:\/\/www.edugestores.pe\/\"},{\"@type\":\"ListItem\",\"position\":2,\"name\":\"Vexler: \u00ablibros cuestionados no fueron elaborados en mi gesti\u00f3n\u00bb\"}]},{\"@type\":\"Person\",\"@id\":\"https:\/\/www.edugestores.pe\/#\/schema\/person\/30dc82f35f5853289037a64b35c7c7d3\",\"name\":\"Administrador\",\"image\":{\"@type\":\"ImageObject\",\"@id\":\"https:\/\/www.edugestores.pe\/#personlogo\",\"inLanguage\":\"es\",\"url\":\"https:\/\/secure.gravatar.com\/avatar\/70960d1239c4d2c778bb3d2786a3c1ae?s=96&d=mm&r=g\",\"contentUrl\":\"https:\/\/secure.gravatar.com\/avatar\/70960d1239c4d2c778bb3d2786a3c1ae?s=96&d=mm&r=g\",\"caption\":\"Administrador\"},\"url\":\"https:\/\/www.edugestores.pe\/?author=63\"}]}<\/script>\n<!-- \/ Yoast SEO plugin. -->","yoast_head_json":{"title":"Vexler: \"libros cuestionados no fueron elaborados en mi gesti\u00f3n\" - Red Peruana de Gestores de la Educaci\u00f3n","robots":{"index":"index","follow":"follow","max-snippet":"max-snippet:-1","max-image-preview":"max-image-preview:large","max-video-preview":"max-video-preview:-1"},"canonical":"https:\/\/www.edugestores.pe\/?p=20195","og_locale":"es_ES","og_type":"article","og_title":"Vexler: \"libros cuestionados no fueron elaborados en mi gesti\u00f3n\" - Red Peruana de Gestores de la Educaci\u00f3n","og_description":"En nota publicada por el diario El Comercio, y elaborada por el periodista Fernando Alayo, se informa que el ex [&hellip;]","og_url":"https:\/\/www.edugestores.pe\/?p=20195","og_site_name":"Red Peruana de Gestores de la Educaci\u00f3n","article_published_time":"2018-06-27T20:01:52+00:00","article_modified_time":"2018-07-02T00:21:53+00:00","og_image":[{"width":620,"height":356,"url":"https:\/\/www.edugestores.pe\/wp-content\/uploads\/2018\/06\/5aa44a3852d1f.jpeg","type":"image\/jpeg"}],"twitter_card":"summary_large_image","twitter_misc":{"Escrito por":"Administrador","Tiempo de lectura":"2 minutos"},"schema":{"@context":"https:\/\/schema.org","@graph":[{"@type":"WebSite","@id":"https:\/\/www.edugestores.pe\/#website","url":"https:\/\/www.edugestores.pe\/","name":"Red Peruana de Gestores de la Educaci\u00f3n","description":"Red Peruana de Gestores de la Educaci\u00f3n","potentialAction":[{"@type":"SearchAction","target":{"@type":"EntryPoint","urlTemplate":"https:\/\/www.edugestores.pe\/?s={search_term_string}"},"query-input":"required name=search_term_string"}],"inLanguage":"es"},{"@type":"ImageObject","@id":"https:\/\/www.edugestores.pe\/?p=20195#primaryimage","inLanguage":"es","url":"https:\/\/www.edugestores.pe\/wp-content\/uploads\/2018\/06\/5aa44a3852d1f.jpeg","contentUrl":"https:\/\/www.edugestores.pe\/wp-content\/uploads\/2018\/06\/5aa44a3852d1f.jpeg","width":620,"height":356},{"@type":"WebPage","@id":"https:\/\/www.edugestores.pe\/?p=20195#webpage","url":"https:\/\/www.edugestores.pe\/?p=20195","name":"Vexler: \"libros cuestionados no fueron elaborados en mi gesti\u00f3n\" - Red Peruana de Gestores de la Educaci\u00f3n","isPartOf":{"@id":"https:\/\/www.edugestores.pe\/#website"},"primaryImageOfPage":{"@id":"https:\/\/www.edugestores.pe\/?p=20195#primaryimage"},"datePublished":"2018-06-27T20:01:52+00:00","dateModified":"2018-07-02T00:21:53+00:00","author":{"@id":"https:\/\/www.edugestores.pe\/#\/schema\/person\/30dc82f35f5853289037a64b35c7c7d3"},"breadcrumb":{"@id":"https:\/\/www.edugestores.pe\/?p=20195#breadcrumb"},"inLanguage":"es","potentialAction":[{"@type":"ReadAction","target":["https:\/\/www.edugestores.pe\/?p=20195"]}]},{"@type":"BreadcrumbList","@id":"https:\/\/www.edugestores.pe\/?p=20195#breadcrumb","itemListElement":[{"@type":"ListItem","position":1,"name":"Portada","item":"https:\/\/www.edugestores.pe\/"},{"@type":"ListItem","position":2,"name":"Vexler: \u00ablibros cuestionados no fueron elaborados en mi gesti\u00f3n\u00bb"}]},{"@type":"Person","@id":"https:\/\/www.edugestores.pe\/#\/schema\/person\/30dc82f35f5853289037a64b35c7c7d3","name":"Administrador","image":{"@type":"ImageObject","@id":"https:\/\/www.edugestores.pe\/#personlogo","inLanguage":"es","url":"https:\/\/secure.gravatar.com\/avatar\/70960d1239c4d2c778bb3d2786a3c1ae?s=96&d=mm&r=g","contentUrl":"https:\/\/secure.gravatar.com\/avatar\/70960d1239c4d2c778bb3d2786a3c1ae?s=96&d=mm&r=g","caption":"Administrador"},"url":"https:\/\/www.edugestores.pe\/?author=63"}]}},"jetpack_featured_media_url":"https:\/\/www.edugestores.pe\/wp-content\/uploads\/2018\/06\/5aa44a3852d1f.jpeg","_links":{"self":[{"href":"https:\/\/www.edugestores.pe\/index.php?rest_route=\/wp\/v2\/posts\/20195"}],"collection":[{"href":"https:\/\/www.edugestores.pe\/index.php?rest_route=\/wp\/v2\/posts"}],"about":[{"href":"https:\/\/www.edugestores.pe\/index.php?rest_route=\/wp\/v2\/types\/post"}],"author":[{"embeddable":true,"href":"https:\/\/www.edugestores.pe\/index.php?rest_route=\/wp\/v2\/users\/63"}],"replies":[{"embeddable":true,"href":"https:\/\/www.edugestores.pe\/index.php?rest_route=%2Fwp%2Fv2%2Fcomments&post=20195"}],"version-history":[{"count":1,"href":"https:\/\/www.edugestores.pe\/index.php?rest_route=\/wp\/v2\/posts\/20195\/revisions"}],"predecessor-version":[{"id":20197,"href":"https:\/\/www.edugestores.pe\/index.php?rest_route=\/wp\/v2\/posts\/20195\/revisions\/20197"}],"wp:featuredmedia":[{"embeddable":true,"href":"https:\/\/www.edugestores.pe\/index.php?rest_route=\/wp\/v2\/media\/20196"}],"wp:attachment":[{"href":"https:\/\/www.edugestores.pe\/index.php?rest_route=%2Fwp%2Fv2%2Fmedia&parent=20195"}],"wp:term":[{"taxonomy":"category","embeddable":true,"href":"https:\/\/www.edugestores.pe\/index.php?rest_route=%2Fwp%2Fv2%2Fcategories&post=20195"},{"taxonomy":"post_tag","embeddable":true,"href":"https:\/\/www.edugestores.pe\/index.php?rest_route=%2Fwp%2Fv2%2Ftags&post=20195"}],"curies":[{"name":"wp","href":"https:\/\/api.w.org\/{rel}","templated":true}]}}