{"id":20208,"date":"2018-06-28T10:52:09","date_gmt":"2018-06-28T15:52:09","guid":{"rendered":"https:\/\/www.edugestores.pe\/?p=20208"},"modified":"2018-07-07T20:29:12","modified_gmt":"2018-07-08T01:29:12","slug":"patricia-salas-no-dejemos-al-minedu-a-merced-de-algunas-fuerzas-politicas","status":"publish","type":"post","link":"https:\/\/www.edugestores.pe\/?p=20208","title":{"rendered":"Patricia Salas: &#8220;No dejemos al Minedu a merced de algunas fuerzas pol\u00edticas&#8221;"},"content":{"rendered":"<p style=\"text-align: justify;\">Compartimos esta entrevista realizada por Noticias SER a la ex ministra de Educaci\u00f3n Patricia Salas, sobre los contenidos de los textos escolares que entrega el Ministerio de Educaci\u00f3n (Minedu), donde se aborda de una forma sesgada temas sobre sexualidad, g\u00e9nero y conflicto armado. Este tema ha generado una pol\u00e9mica en la opini\u00f3n p\u00fablica, pero a la vez revela situaciones t\u00e9cnicamente inadecuadas en la elaboraci\u00f3n de los contenidos de los textos escolares. Patricia Salas es actual docente principal de la Universidad Nacional San Agust\u00edn de Arequipa.<\/p>\n<p style=\"text-align: justify;\"><strong>\u00bfQu\u00e9 opini\u00f3n le merece el debate que se ha generado sobre los contenidos de los textos escolares con respecto al enfoque de g\u00e9nero y el conflicto armado interno?<\/strong><\/p>\n<p style=\"text-align: justify;\">Yo no he visto los \u00faltimos textos escolares. No estoy en condiciones de poder decir si se est\u00e1 abordando los temas de manera conveniente o no. Pero al ser temas pol\u00e9micos, deben abordarse a nivel de la pol\u00e9mica, porque el estudiante tiene derecho a saber que hay\u00a0cosas sobre las que existe una discusi\u00f3n. Cuando nosotros est\u00e1bamos en la gesti\u00f3n del Minedu, el debate era muy fuerte, tanto sobre g\u00e9nero como sobre la historia del conflicto armado interno. En este \u00faltimo caso, el compromiso fue que el texto deber\u00eda fundarse en una pluralidad de fuentes. Es m\u00e1s, iniciamos un esfuerzo, que no s\u00e9 si se continu\u00f3 o no, de promover debate en los espacios acad\u00e9micos y de generaci\u00f3n de opini\u00f3n acerca de c\u00f3mo contar la historia reciente, porque en el fondo, el problema es c\u00f3mo el Ministerio de Educaci\u00f3n tiene que escribir y contar la historia reciente cuando los actores todav\u00eda est\u00e1n en vida y est\u00e1n tratando de establecer su punto de vista particular en la interpretaci\u00f3n de los hechos hist\u00f3ricos, y ese es el problema.<\/p>\n<p style=\"text-align: justify;\"><strong>\u00bfCu\u00e1l es la raz\u00f3n para que ciertos sectores pol\u00edticos y conservadores busquen que se obvien ciertos temas de los textos escolares?<\/strong><\/p>\n<p style=\"text-align: justify;\">Vemos que el fujimorismo no quiere que aparezcan las violaciones a los derechos humanos en los textos escolares, que son hechos que no podemos obviar. Por ello, hay que hacer un trabajo desde el Minedu y eventualmente con el Ministerio de Cultura para generar un intenso debate en los sectores acad\u00e9micos y en la opini\u00f3n p\u00fablica sobre c\u00f3mo se escribe la historia reciente, lo importante es que no dejemos al Minedu a merced de algunas fuerzas pol\u00edticas con una sola visi\u00f3n de las cosas.<\/p>\n<p style=\"text-align: justify;\"><strong>\u00bfCu\u00e1l es el proceso que deber\u00eda cumplir Minedu para la construcci\u00f3n del contenido de los textos escolares?<\/strong><\/p>\n<p style=\"text-align: justify;\">Lo importante a tener en cuenta es que los textos en sus contenidos y en sus metodolog\u00edas tienen que responder a los criterios del curr\u00edculo escolar. Por ello, primero tenemos que tener claro que cuando hablamos de textos escolares muchas veces se confunden dos tipos de materiales. Uno es el texto escolar propiamente dicho, que se distribuye en un banco de textos y que se renueva cada tres a\u00f1os y que los alumnos usan mientras est\u00e1n en el colegio. Y otro son los cuadernos de trabajo que se distribuyen todos los a\u00f1os para los estudiantes de la educaci\u00f3n b\u00e1sica. Ambos tienen que responder al curr\u00edculo escolar. Se prioriza los temas m\u00e1s cr\u00edticos e importantes y se elaboran unos t\u00e9rminos de referencia, se convoca a una licitaci\u00f3n a entidades especializadas y tras la calificaci\u00f3n se selecciona a la entidad que va a producir los textos. Luego viene un proceso de interacci\u00f3n entre la entidad ganadora de la licitaci\u00f3n y el Minedu, cuando hay cosas que est\u00e1n incompletas o que hay que mejorar. Finalmente los textos son aprobados en la Direcci\u00f3n de Educaci\u00f3n primaria, inicial y secundaria, seg\u00fan como corresponda, con el aval de los especialistas y entran a su impresi\u00f3n y posterior distribuci\u00f3n.<\/p>\n<p style=\"text-align: justify;\"><strong>\u00bfConsidera adecuado y un hecho regular que el Minedu realice consultas a congresistas sobre los contenidos de los textos escolares?<\/strong><\/p>\n<p style=\"text-align: justify;\">Los contenidos de los textos escolares no son opinables por el p\u00fablico en general, porque est\u00e1n estructurados sobre elementos acad\u00e9micos e investigaci\u00f3n, por lo tanto, si hay alguna consulta tendr\u00eda que hacerse a especialistas. La consulta con sectores pol\u00edticos y ciudadanos, tendr\u00eda que ser sobre los sentidos u orientaciones generales de la pol\u00edtica educativa y no sobre contenidos espec\u00edficos. \u00a0Son diferentes niveles de participaci\u00f3n y de consulta que el Minedu tiene que realizar. Siempre se dice que las pol\u00edticas deben estar adecuadas a las necesidades de la poblaci\u00f3n y que la poblaci\u00f3n tiene derecho a participar en la elaboraci\u00f3n de las pol\u00edticas, pero hay que diferenciar cu\u00e1l es el ciclo y el momento de la pol\u00edtica en la que estamos. Cuando producimos los objetivos generales, las direcciones generales deben hacer una consulta pol\u00edtica y ciudadana lo m\u00e1s exhaustiva posible, para poder encontrar cu\u00e1les son las prioridades y necesidades que el pa\u00eds tiene.<\/p>\n<p style=\"text-align: justify;\"><strong>\u00bfEs posible hablar de alg\u00fan nivel de control pol\u00edtico sobre los contenidos de textos escolares?<\/strong><\/p>\n<p style=\"text-align: justify;\">Eventualmente el control pol\u00edtico o ciudadano, tendr\u00eda que ser en el siguiente sentido: oiga \u00e9ste texto no est\u00e1 respondiendo a la pol\u00edtica curricular y a la pol\u00edtica establecida en el Proyecto Educativo Nacional y en la Ley general de Educaci\u00f3n. Pero ojo el texto escolar es un instrumento no es una pol\u00edtica.<\/p>\n<p style=\"text-align: justify;\"><strong>\u00bfY adem\u00e1s ahora los textos escolares buscan que el estudiante piense, no como antes en que las cosas se aprend\u00edan de memoria?<\/strong><\/p>\n<p style=\"text-align: justify;\">Los textos escolares son gu\u00edas de reflexi\u00f3n que combinan un texto acad\u00e9mico donde hay un contenido relevante que aprender y luego tienen textos de discusi\u00f3n y tienen actividades para favorecer la discusi\u00f3n para la resoluci\u00f3n de problema. Entonces si t\u00fa te fijas en el texto escolar, m\u00e1s que una enciclopedia o un texto de contenido, es como una gu\u00eda metodol\u00f3gica para que los estudiantes se acerquen a contenidos acad\u00e9micos y a la vez a hagan aplicaciones, discusiones y deliberaciones sobre los temas que se est\u00e1 discutiendo.<\/p>\n<p>http:\/\/www.noticiasser.pe\/entrevista\/patricia-salas-no-dejemos-al-minedu-merced-de-algunas-fuerzas-politicas<\/p>\n","protected":false},"excerpt":{"rendered":"<p>Compartimos esta entrevista realizada por Noticias SER a la ex ministra de Educaci\u00f3n Patricia Salas, sobre los contenidos de los [&hellip;]<\/p>\n","protected":false},"author":63,"featured_media":20209,"comment_status":"open","ping_status":"open","sticky":false,"template":"","format":"standard","meta":{"spay_email":""},"categories":[125],"tags":[],"yoast_head":"<!-- This site is optimized with the Yoast SEO plugin v18.0 - https:\/\/yoast.com\/wordpress\/plugins\/seo\/ -->\n<title>Patricia Salas: &quot;No dejemos al Minedu a merced de algunas fuerzas pol\u00edticas&quot; - Red Peruana de Gestores de la Educaci\u00f3n<\/title>\n<meta name=\"robots\" content=\"index, follow, max-snippet:-1, max-image-preview:large, max-video-preview:-1\" \/>\n<link rel=\"canonical\" href=\"https:\/\/www.edugestores.pe\/?p=20208\" \/>\n<meta property=\"og:locale\" content=\"es_ES\" \/>\n<meta property=\"og:type\" content=\"article\" \/>\n<meta property=\"og:title\" content=\"Patricia Salas: &quot;No dejemos al Minedu a merced de algunas fuerzas pol\u00edticas&quot; - Red Peruana de Gestores de la Educaci\u00f3n\" \/>\n<meta property=\"og:description\" content=\"Compartimos esta entrevista realizada por Noticias SER a la ex ministra de Educaci\u00f3n Patricia Salas, sobre los contenidos de los [&hellip;]\" \/>\n<meta property=\"og:url\" content=\"https:\/\/www.edugestores.pe\/?p=20208\" \/>\n<meta property=\"og:site_name\" content=\"Red Peruana de Gestores de la Educaci\u00f3n\" \/>\n<meta property=\"article:published_time\" content=\"2018-06-28T15:52:09+00:00\" \/>\n<meta property=\"article:modified_time\" content=\"2018-07-08T01:29:12+00:00\" \/>\n<meta property=\"og:image\" content=\"https:\/\/www.edugestores.pe\/wp-content\/uploads\/2018\/06\/000210047W-e1530200936494.jpg\" \/>\n\t<meta property=\"og:image:width\" content=\"540\" \/>\n\t<meta property=\"og:image:height\" content=\"360\" \/>\n\t<meta property=\"og:image:type\" content=\"image\/jpeg\" \/>\n<meta name=\"twitter:card\" content=\"summary_large_image\" \/>\n<meta name=\"twitter:label1\" content=\"Escrito por\" \/>\n\t<meta name=\"twitter:data1\" content=\"Administrador\" \/>\n\t<meta name=\"twitter:label2\" content=\"Tiempo de lectura\" \/>\n\t<meta name=\"twitter:data2\" content=\"5 minutos\" \/>\n<script type=\"application\/ld+json\" class=\"yoast-schema-graph\">{\"@context\":\"https:\/\/schema.org\",\"@graph\":[{\"@type\":\"WebSite\",\"@id\":\"https:\/\/www.edugestores.pe\/#website\",\"url\":\"https:\/\/www.edugestores.pe\/\",\"name\":\"Red Peruana de Gestores de la Educaci\u00f3n\",\"description\":\"Red Peruana de Gestores de la Educaci\u00f3n\",\"potentialAction\":[{\"@type\":\"SearchAction\",\"target\":{\"@type\":\"EntryPoint\",\"urlTemplate\":\"https:\/\/www.edugestores.pe\/?s={search_term_string}\"},\"query-input\":\"required name=search_term_string\"}],\"inLanguage\":\"es\"},{\"@type\":\"ImageObject\",\"@id\":\"https:\/\/www.edugestores.pe\/?p=20208#primaryimage\",\"inLanguage\":\"es\",\"url\":\"https:\/\/www.edugestores.pe\/wp-content\/uploads\/2018\/06\/000210047W-e1530200936494.jpg\",\"contentUrl\":\"https:\/\/www.edugestores.pe\/wp-content\/uploads\/2018\/06\/000210047W-e1530200936494.jpg\",\"width\":540,\"height\":360},{\"@type\":\"WebPage\",\"@id\":\"https:\/\/www.edugestores.pe\/?p=20208#webpage\",\"url\":\"https:\/\/www.edugestores.pe\/?p=20208\",\"name\":\"Patricia Salas: \\\"No dejemos al Minedu a merced de algunas fuerzas pol\u00edticas\\\" - Red Peruana de Gestores de la Educaci\u00f3n\",\"isPartOf\":{\"@id\":\"https:\/\/www.edugestores.pe\/#website\"},\"primaryImageOfPage\":{\"@id\":\"https:\/\/www.edugestores.pe\/?p=20208#primaryimage\"},\"datePublished\":\"2018-06-28T15:52:09+00:00\",\"dateModified\":\"2018-07-08T01:29:12+00:00\",\"author\":{\"@id\":\"https:\/\/www.edugestores.pe\/#\/schema\/person\/30dc82f35f5853289037a64b35c7c7d3\"},\"breadcrumb\":{\"@id\":\"https:\/\/www.edugestores.pe\/?p=20208#breadcrumb\"},\"inLanguage\":\"es\",\"potentialAction\":[{\"@type\":\"ReadAction\",\"target\":[\"https:\/\/www.edugestores.pe\/?p=20208\"]}]},{\"@type\":\"BreadcrumbList\",\"@id\":\"https:\/\/www.edugestores.pe\/?p=20208#breadcrumb\",\"itemListElement\":[{\"@type\":\"ListItem\",\"position\":1,\"name\":\"Portada\",\"item\":\"https:\/\/www.edugestores.pe\/\"},{\"@type\":\"ListItem\",\"position\":2,\"name\":\"Patricia Salas: \u00abNo dejemos al Minedu a merced de algunas fuerzas pol\u00edticas\u00bb\"}]},{\"@type\":\"Person\",\"@id\":\"https:\/\/www.edugestores.pe\/#\/schema\/person\/30dc82f35f5853289037a64b35c7c7d3\",\"name\":\"Administrador\",\"image\":{\"@type\":\"ImageObject\",\"@id\":\"https:\/\/www.edugestores.pe\/#personlogo\",\"inLanguage\":\"es\",\"url\":\"https:\/\/secure.gravatar.com\/avatar\/70960d1239c4d2c778bb3d2786a3c1ae?s=96&d=mm&r=g\",\"contentUrl\":\"https:\/\/secure.gravatar.com\/avatar\/70960d1239c4d2c778bb3d2786a3c1ae?s=96&d=mm&r=g\",\"caption\":\"Administrador\"},\"url\":\"https:\/\/www.edugestores.pe\/?author=63\"}]}<\/script>\n<!-- \/ Yoast SEO plugin. -->","yoast_head_json":{"title":"Patricia Salas: \"No dejemos al Minedu a merced de algunas fuerzas pol\u00edticas\" - Red Peruana de Gestores de la Educaci\u00f3n","robots":{"index":"index","follow":"follow","max-snippet":"max-snippet:-1","max-image-preview":"max-image-preview:large","max-video-preview":"max-video-preview:-1"},"canonical":"https:\/\/www.edugestores.pe\/?p=20208","og_locale":"es_ES","og_type":"article","og_title":"Patricia Salas: \"No dejemos al Minedu a merced de algunas fuerzas pol\u00edticas\" - Red Peruana de Gestores de la Educaci\u00f3n","og_description":"Compartimos esta entrevista realizada por Noticias SER a la ex ministra de Educaci\u00f3n Patricia Salas, sobre los contenidos de los [&hellip;]","og_url":"https:\/\/www.edugestores.pe\/?p=20208","og_site_name":"Red Peruana de Gestores de la Educaci\u00f3n","article_published_time":"2018-06-28T15:52:09+00:00","article_modified_time":"2018-07-08T01:29:12+00:00","og_image":[{"width":540,"height":360,"url":"https:\/\/www.edugestores.pe\/wp-content\/uploads\/2018\/06\/000210047W-e1530200936494.jpg","type":"image\/jpeg"}],"twitter_card":"summary_large_image","twitter_misc":{"Escrito por":"Administrador","Tiempo de lectura":"5 minutos"},"schema":{"@context":"https:\/\/schema.org","@graph":[{"@type":"WebSite","@id":"https:\/\/www.edugestores.pe\/#website","url":"https:\/\/www.edugestores.pe\/","name":"Red Peruana de Gestores de la Educaci\u00f3n","description":"Red Peruana de Gestores de la Educaci\u00f3n","potentialAction":[{"@type":"SearchAction","target":{"@type":"EntryPoint","urlTemplate":"https:\/\/www.edugestores.pe\/?s={search_term_string}"},"query-input":"required name=search_term_string"}],"inLanguage":"es"},{"@type":"ImageObject","@id":"https:\/\/www.edugestores.pe\/?p=20208#primaryimage","inLanguage":"es","url":"https:\/\/www.edugestores.pe\/wp-content\/uploads\/2018\/06\/000210047W-e1530200936494.jpg","contentUrl":"https:\/\/www.edugestores.pe\/wp-content\/uploads\/2018\/06\/000210047W-e1530200936494.jpg","width":540,"height":360},{"@type":"WebPage","@id":"https:\/\/www.edugestores.pe\/?p=20208#webpage","url":"https:\/\/www.edugestores.pe\/?p=20208","name":"Patricia Salas: \"No dejemos al Minedu a merced de algunas fuerzas pol\u00edticas\" - Red Peruana de Gestores de la Educaci\u00f3n","isPartOf":{"@id":"https:\/\/www.edugestores.pe\/#website"},"primaryImageOfPage":{"@id":"https:\/\/www.edugestores.pe\/?p=20208#primaryimage"},"datePublished":"2018-06-28T15:52:09+00:00","dateModified":"2018-07-08T01:29:12+00:00","author":{"@id":"https:\/\/www.edugestores.pe\/#\/schema\/person\/30dc82f35f5853289037a64b35c7c7d3"},"breadcrumb":{"@id":"https:\/\/www.edugestores.pe\/?p=20208#breadcrumb"},"inLanguage":"es","potentialAction":[{"@type":"ReadAction","target":["https:\/\/www.edugestores.pe\/?p=20208"]}]},{"@type":"BreadcrumbList","@id":"https:\/\/www.edugestores.pe\/?p=20208#breadcrumb","itemListElement":[{"@type":"ListItem","position":1,"name":"Portada","item":"https:\/\/www.edugestores.pe\/"},{"@type":"ListItem","position":2,"name":"Patricia Salas: \u00abNo dejemos al Minedu a merced de algunas fuerzas pol\u00edticas\u00bb"}]},{"@type":"Person","@id":"https:\/\/www.edugestores.pe\/#\/schema\/person\/30dc82f35f5853289037a64b35c7c7d3","name":"Administrador","image":{"@type":"ImageObject","@id":"https:\/\/www.edugestores.pe\/#personlogo","inLanguage":"es","url":"https:\/\/secure.gravatar.com\/avatar\/70960d1239c4d2c778bb3d2786a3c1ae?s=96&d=mm&r=g","contentUrl":"https:\/\/secure.gravatar.com\/avatar\/70960d1239c4d2c778bb3d2786a3c1ae?s=96&d=mm&r=g","caption":"Administrador"},"url":"https:\/\/www.edugestores.pe\/?author=63"}]}},"jetpack_featured_media_url":"https:\/\/www.edugestores.pe\/wp-content\/uploads\/2018\/06\/000210047W-e1530200936494.jpg","_links":{"self":[{"href":"https:\/\/www.edugestores.pe\/index.php?rest_route=\/wp\/v2\/posts\/20208"}],"collection":[{"href":"https:\/\/www.edugestores.pe\/index.php?rest_route=\/wp\/v2\/posts"}],"about":[{"href":"https:\/\/www.edugestores.pe\/index.php?rest_route=\/wp\/v2\/types\/post"}],"author":[{"embeddable":true,"href":"https:\/\/www.edugestores.pe\/index.php?rest_route=\/wp\/v2\/users\/63"}],"replies":[{"embeddable":true,"href":"https:\/\/www.edugestores.pe\/index.php?rest_route=%2Fwp%2Fv2%2Fcomments&post=20208"}],"version-history":[{"count":1,"href":"https:\/\/www.edugestores.pe\/index.php?rest_route=\/wp\/v2\/posts\/20208\/revisions"}],"predecessor-version":[{"id":20210,"href":"https:\/\/www.edugestores.pe\/index.php?rest_route=\/wp\/v2\/posts\/20208\/revisions\/20210"}],"wp:featuredmedia":[{"embeddable":true,"href":"https:\/\/www.edugestores.pe\/index.php?rest_route=\/wp\/v2\/media\/20209"}],"wp:attachment":[{"href":"https:\/\/www.edugestores.pe\/index.php?rest_route=%2Fwp%2Fv2%2Fmedia&parent=20208"}],"wp:term":[{"taxonomy":"category","embeddable":true,"href":"https:\/\/www.edugestores.pe\/index.php?rest_route=%2Fwp%2Fv2%2Fcategories&post=20208"},{"taxonomy":"post_tag","embeddable":true,"href":"https:\/\/www.edugestores.pe\/index.php?rest_route=%2Fwp%2Fv2%2Ftags&post=20208"}],"curies":[{"name":"wp","href":"https:\/\/api.w.org\/{rel}","templated":true}]}}