{"id":20217,"date":"2018-07-01T14:27:40","date_gmt":"2018-07-01T19:27:40","guid":{"rendered":"https:\/\/www.edugestores.pe\/?p=20217"},"modified":"2018-07-04T23:53:39","modified_gmt":"2018-07-05T04:53:39","slug":"sutep-minedu-debe-apurar-reemplazo-de-libros-polemicos-para-escolares","status":"publish","type":"post","link":"https:\/\/www.edugestores.pe\/?p=20217","title":{"rendered":"Sutep: Minedu debe apurar reemplazo de libros pol\u00e9micos para escolares"},"content":{"rendered":"<p style=\"text-align: justify;\">En nota del diario La Rep\u00fablica se inform\u00f3 que si bien el Ministerio de Educaci\u00f3n (Minedu) ha decidido reemplazar los textos escolares de &#8220;Comprensi\u00f3n Lectora 5&#8242; que presentan contenidos conservadores y hasta restrictivos de la sexualidad, este sector a\u00fan no agiliza el proceso de cambio para que los alumnos del quinto de secundaria tengan los libros de &#8220;Antolog\u00eda Literaria 5&#8242;, como alternativa.<\/p>\n<p style=\"text-align: justify;\">As\u00ed lo precis\u00f3 el secretario general del Sindicato Unitario de Trabajadores en la Educaci\u00f3n del Per\u00fa (Sutep), Alfredo Vel\u00e1squez, quien coincidi\u00f3 con congresistas, exministros y especialistas en que el Minedu debe retirar de inmediato los pol\u00e9micos materiales, los cuales -como comprob\u00f3 La Rep\u00fablica- no estaban en consulta sino que ya eran le\u00eddos por los estudiantes de los colegios p\u00fablicos de distritos de Lima. &#8220;Nosotros, como maestros, le hab\u00edamos solicitado al Minedu el retiro de los textos cuestionados; sin embargo, ha optado por reemplazarlos. Ahora le pedimos que tome acciones inmediatas porque ya vamos a llegar a casi la mitad del a\u00f1o escolar&#8221;,\u00a0asever\u00f3 el dirigente, quien afirma que se debe considerar la opini\u00f3n de los docentes al momento de la elecci\u00f3n de los contenidos.<\/p>\n<p style=\"text-align: justify;\">Pero \u00bfqu\u00e9 se sabe de este libro alternativo denominado &#8220;Antolog\u00eda Literaria 5&#8242;?\u00a0El libro fue editado por el Minedu en el 2015 y se reimprimi\u00f3 dos veces en el 2016 (julio y noviembre). La segunda reimpresi\u00f3n tuvo un tiraje de 38 mil 916 ejemplares.<\/p>\n<p style=\"text-align: justify;\"><b>Habla uno de sus autores.\u00a0<\/b>A trav\u00e9s de su cuenta en Twitter, uno de los dos antologadores del citado libro, Marcel Vel\u00e1squez, precis\u00f3 que el material se prepar\u00f3 con un equipo de la Universidad Nacional Mayor de San Marcos (UNMSM) y de la Pontificia Universidad Cat\u00f3lica (PUCP).<\/p>\n<p style=\"text-align: justify;\">&#8220;En tiempos de neoconservadurismo, me alegra que los j\u00f3venes de colegios p\u00fablicos puedan leer a (Bertolt) Brecht, (Rubem) Fonseca, (Alejo) Carpentier, (Jorge Eduardo) Eielson, (Franz) Kafka, @Pavese (Roc\u00edo Silva Santisteban) y relatos orales populares del Per\u00fa. El ministro de aquellos a\u00f1os era Jaime Saavedra&#8221;, dijo.<\/p>\n<p style=\"text-align: justify;\">El profesor universitario explic\u00f3 tambi\u00e9n que &#8220;Antolog\u00eda Literaria 5&#8242; incluye preguntas y materiales para la discusi\u00f3n (de los alumnos); sin embargo, &#8220;las habilidades de comprensi\u00f3n lectora requieren que se prepare un libro nuevo&#8221;.<\/p>\n<p style=\"text-align: justify;\"><b>Siguen con postura.\u00a0<\/b>Se debe precisar que este libro de obras literarias fue criticado el a\u00f1o pasado por el colectivo &#8220;Con mis hijos no te metas&#8217;, el grupo conservador que ha arremetido ahora contra el actual ministro de Educaci\u00f3n, Daniel Alfaro, luego de que este respaldara la incorporaci\u00f3n del enfoque de g\u00e9nero en el Curr\u00edculo Escolar.<\/p>\n<p style=\"text-align: justify;\">Uno de sus voceros se\u00f1al\u00f3 que con el cuento &#8220;Familia&#8217;, del reconocido escritor brasile\u00f1o Rubem Fonseca, que est\u00e1 incluido en la &#8220;Antolog\u00eda Literaria 5&#8242;, se aplicaba la denominada &#8220;ideolog\u00eda de g\u00e9nero&#8217;.<\/p>\n<p style=\"text-align: justify;\">Para el exviceministro de Educaci\u00f3n, Flavio Figallo, &#8220;leer una obra (ficci\u00f3n), conversar sobre ella, preguntarse sobre los personajes y ponerlos en otra situaci\u00f3n -sin que cambie su personalidad- es comprender. Pero otra cosa es la lectura cr\u00edtica, que implica reflexi\u00f3n, indagaci\u00f3n y posici\u00f3n&#8221;. La pol\u00e9mica sigue.<\/p>\n<p style=\"text-align: justify;\"><strong>Claves.<\/strong>\u00a0El expresidente del Foro Educativo Manuel Igui\u00f1iz afirm\u00f3 que el ministro de Educaci\u00f3n no puede abstenerse y permitir la injerencia del Poder Judicial en la implementaci\u00f3n de enfoque de g\u00e9nero del Curr\u00edculo Escolar.<br \/>\nLuego de que la Primera Sala Civil de la Corte Superior concediera medida cautelar al colectivo &#8220;Padres en acci\u00f3n&#8217; para suspender el enfoque de g\u00e9nero, se espera el fallo final de la Corte Suprema.<\/p>\n<p style=\"text-align: justify;\">Informaci\u00f3n tomada del diario La Rep\u00fablica. Foto: referencial.<\/p>\n","protected":false},"excerpt":{"rendered":"<p>En nota del diario La Rep\u00fablica se inform\u00f3 que si bien el Ministerio de Educaci\u00f3n (Minedu) ha decidido reemplazar los [&hellip;]<\/p>\n","protected":false},"author":63,"featured_media":17773,"comment_status":"open","ping_status":"open","sticky":false,"template":"","format":"standard","meta":{"spay_email":""},"categories":[125],"tags":[],"yoast_head":"<!-- This site is optimized with the Yoast SEO plugin v18.0 - https:\/\/yoast.com\/wordpress\/plugins\/seo\/ -->\n<title>Sutep: Minedu debe apurar reemplazo de libros pol\u00e9micos para escolares - Red Peruana de Gestores de la Educaci\u00f3n<\/title>\n<meta name=\"robots\" content=\"index, follow, max-snippet:-1, max-image-preview:large, max-video-preview:-1\" \/>\n<link rel=\"canonical\" href=\"https:\/\/www.edugestores.pe\/?p=20217\" \/>\n<meta property=\"og:locale\" content=\"es_ES\" \/>\n<meta property=\"og:type\" content=\"article\" \/>\n<meta property=\"og:title\" content=\"Sutep: Minedu debe apurar reemplazo de libros pol\u00e9micos para escolares - Red Peruana de Gestores de la Educaci\u00f3n\" \/>\n<meta property=\"og:description\" content=\"En nota del diario La Rep\u00fablica se inform\u00f3 que si bien el Ministerio de Educaci\u00f3n (Minedu) ha decidido reemplazar los [&hellip;]\" \/>\n<meta property=\"og:url\" content=\"https:\/\/www.edugestores.pe\/?p=20217\" \/>\n<meta property=\"og:site_name\" content=\"Red Peruana de Gestores de la Educaci\u00f3n\" \/>\n<meta property=\"article:published_time\" content=\"2018-07-01T19:27:40+00:00\" \/>\n<meta property=\"article:modified_time\" content=\"2018-07-05T04:53:39+00:00\" \/>\n<meta property=\"og:image\" content=\"https:\/\/www.edugestores.pe\/wp-content\/uploads\/2017\/09\/119709-ece-2016-minedu-publico-resultados-evaluacion-censal-estudiantes-abril-2017-umc.jpg\" \/>\n\t<meta property=\"og:image:width\" content=\"851\" \/>\n\t<meta property=\"og:image:height\" content=\"444\" \/>\n\t<meta property=\"og:image:type\" content=\"image\/jpeg\" \/>\n<meta name=\"twitter:card\" content=\"summary_large_image\" \/>\n<meta name=\"twitter:label1\" content=\"Escrito por\" \/>\n\t<meta name=\"twitter:data1\" content=\"Administrador\" \/>\n\t<meta name=\"twitter:label2\" content=\"Tiempo de lectura\" \/>\n\t<meta name=\"twitter:data2\" content=\"3 minutos\" \/>\n<script type=\"application\/ld+json\" class=\"yoast-schema-graph\">{\"@context\":\"https:\/\/schema.org\",\"@graph\":[{\"@type\":\"WebSite\",\"@id\":\"https:\/\/www.edugestores.pe\/#website\",\"url\":\"https:\/\/www.edugestores.pe\/\",\"name\":\"Red Peruana de Gestores de la Educaci\u00f3n\",\"description\":\"Red Peruana de Gestores de la Educaci\u00f3n\",\"potentialAction\":[{\"@type\":\"SearchAction\",\"target\":{\"@type\":\"EntryPoint\",\"urlTemplate\":\"https:\/\/www.edugestores.pe\/?s={search_term_string}\"},\"query-input\":\"required name=search_term_string\"}],\"inLanguage\":\"es\"},{\"@type\":\"ImageObject\",\"@id\":\"https:\/\/www.edugestores.pe\/?p=20217#primaryimage\",\"inLanguage\":\"es\",\"url\":\"https:\/\/www.edugestores.pe\/wp-content\/uploads\/2017\/09\/119709-ece-2016-minedu-publico-resultados-evaluacion-censal-estudiantes-abril-2017-umc.jpg\",\"contentUrl\":\"https:\/\/www.edugestores.pe\/wp-content\/uploads\/2017\/09\/119709-ece-2016-minedu-publico-resultados-evaluacion-censal-estudiantes-abril-2017-umc.jpg\",\"width\":851,\"height\":444},{\"@type\":\"WebPage\",\"@id\":\"https:\/\/www.edugestores.pe\/?p=20217#webpage\",\"url\":\"https:\/\/www.edugestores.pe\/?p=20217\",\"name\":\"Sutep: Minedu debe apurar reemplazo de libros pol\u00e9micos para escolares - Red Peruana de Gestores de la Educaci\u00f3n\",\"isPartOf\":{\"@id\":\"https:\/\/www.edugestores.pe\/#website\"},\"primaryImageOfPage\":{\"@id\":\"https:\/\/www.edugestores.pe\/?p=20217#primaryimage\"},\"datePublished\":\"2018-07-01T19:27:40+00:00\",\"dateModified\":\"2018-07-05T04:53:39+00:00\",\"author\":{\"@id\":\"https:\/\/www.edugestores.pe\/#\/schema\/person\/30dc82f35f5853289037a64b35c7c7d3\"},\"breadcrumb\":{\"@id\":\"https:\/\/www.edugestores.pe\/?p=20217#breadcrumb\"},\"inLanguage\":\"es\",\"potentialAction\":[{\"@type\":\"ReadAction\",\"target\":[\"https:\/\/www.edugestores.pe\/?p=20217\"]}]},{\"@type\":\"BreadcrumbList\",\"@id\":\"https:\/\/www.edugestores.pe\/?p=20217#breadcrumb\",\"itemListElement\":[{\"@type\":\"ListItem\",\"position\":1,\"name\":\"Portada\",\"item\":\"https:\/\/www.edugestores.pe\/\"},{\"@type\":\"ListItem\",\"position\":2,\"name\":\"Sutep: Minedu debe apurar reemplazo de libros pol\u00e9micos para escolares\"}]},{\"@type\":\"Person\",\"@id\":\"https:\/\/www.edugestores.pe\/#\/schema\/person\/30dc82f35f5853289037a64b35c7c7d3\",\"name\":\"Administrador\",\"image\":{\"@type\":\"ImageObject\",\"@id\":\"https:\/\/www.edugestores.pe\/#personlogo\",\"inLanguage\":\"es\",\"url\":\"https:\/\/secure.gravatar.com\/avatar\/70960d1239c4d2c778bb3d2786a3c1ae?s=96&d=mm&r=g\",\"contentUrl\":\"https:\/\/secure.gravatar.com\/avatar\/70960d1239c4d2c778bb3d2786a3c1ae?s=96&d=mm&r=g\",\"caption\":\"Administrador\"},\"url\":\"https:\/\/www.edugestores.pe\/?author=63\"}]}<\/script>\n<!-- \/ Yoast SEO plugin. -->","yoast_head_json":{"title":"Sutep: Minedu debe apurar reemplazo de libros pol\u00e9micos para escolares - Red Peruana de Gestores de la Educaci\u00f3n","robots":{"index":"index","follow":"follow","max-snippet":"max-snippet:-1","max-image-preview":"max-image-preview:large","max-video-preview":"max-video-preview:-1"},"canonical":"https:\/\/www.edugestores.pe\/?p=20217","og_locale":"es_ES","og_type":"article","og_title":"Sutep: Minedu debe apurar reemplazo de libros pol\u00e9micos para escolares - Red Peruana de Gestores de la Educaci\u00f3n","og_description":"En nota del diario La Rep\u00fablica se inform\u00f3 que si bien el Ministerio de Educaci\u00f3n (Minedu) ha decidido reemplazar los [&hellip;]","og_url":"https:\/\/www.edugestores.pe\/?p=20217","og_site_name":"Red Peruana de Gestores de la Educaci\u00f3n","article_published_time":"2018-07-01T19:27:40+00:00","article_modified_time":"2018-07-05T04:53:39+00:00","og_image":[{"width":851,"height":444,"url":"https:\/\/www.edugestores.pe\/wp-content\/uploads\/2017\/09\/119709-ece-2016-minedu-publico-resultados-evaluacion-censal-estudiantes-abril-2017-umc.jpg","type":"image\/jpeg"}],"twitter_card":"summary_large_image","twitter_misc":{"Escrito por":"Administrador","Tiempo de lectura":"3 minutos"},"schema":{"@context":"https:\/\/schema.org","@graph":[{"@type":"WebSite","@id":"https:\/\/www.edugestores.pe\/#website","url":"https:\/\/www.edugestores.pe\/","name":"Red Peruana de Gestores de la Educaci\u00f3n","description":"Red Peruana de Gestores de la Educaci\u00f3n","potentialAction":[{"@type":"SearchAction","target":{"@type":"EntryPoint","urlTemplate":"https:\/\/www.edugestores.pe\/?s={search_term_string}"},"query-input":"required name=search_term_string"}],"inLanguage":"es"},{"@type":"ImageObject","@id":"https:\/\/www.edugestores.pe\/?p=20217#primaryimage","inLanguage":"es","url":"https:\/\/www.edugestores.pe\/wp-content\/uploads\/2017\/09\/119709-ece-2016-minedu-publico-resultados-evaluacion-censal-estudiantes-abril-2017-umc.jpg","contentUrl":"https:\/\/www.edugestores.pe\/wp-content\/uploads\/2017\/09\/119709-ece-2016-minedu-publico-resultados-evaluacion-censal-estudiantes-abril-2017-umc.jpg","width":851,"height":444},{"@type":"WebPage","@id":"https:\/\/www.edugestores.pe\/?p=20217#webpage","url":"https:\/\/www.edugestores.pe\/?p=20217","name":"Sutep: Minedu debe apurar reemplazo de libros pol\u00e9micos para escolares - Red Peruana de Gestores de la Educaci\u00f3n","isPartOf":{"@id":"https:\/\/www.edugestores.pe\/#website"},"primaryImageOfPage":{"@id":"https:\/\/www.edugestores.pe\/?p=20217#primaryimage"},"datePublished":"2018-07-01T19:27:40+00:00","dateModified":"2018-07-05T04:53:39+00:00","author":{"@id":"https:\/\/www.edugestores.pe\/#\/schema\/person\/30dc82f35f5853289037a64b35c7c7d3"},"breadcrumb":{"@id":"https:\/\/www.edugestores.pe\/?p=20217#breadcrumb"},"inLanguage":"es","potentialAction":[{"@type":"ReadAction","target":["https:\/\/www.edugestores.pe\/?p=20217"]}]},{"@type":"BreadcrumbList","@id":"https:\/\/www.edugestores.pe\/?p=20217#breadcrumb","itemListElement":[{"@type":"ListItem","position":1,"name":"Portada","item":"https:\/\/www.edugestores.pe\/"},{"@type":"ListItem","position":2,"name":"Sutep: Minedu debe apurar reemplazo de libros pol\u00e9micos para escolares"}]},{"@type":"Person","@id":"https:\/\/www.edugestores.pe\/#\/schema\/person\/30dc82f35f5853289037a64b35c7c7d3","name":"Administrador","image":{"@type":"ImageObject","@id":"https:\/\/www.edugestores.pe\/#personlogo","inLanguage":"es","url":"https:\/\/secure.gravatar.com\/avatar\/70960d1239c4d2c778bb3d2786a3c1ae?s=96&d=mm&r=g","contentUrl":"https:\/\/secure.gravatar.com\/avatar\/70960d1239c4d2c778bb3d2786a3c1ae?s=96&d=mm&r=g","caption":"Administrador"},"url":"https:\/\/www.edugestores.pe\/?author=63"}]}},"jetpack_featured_media_url":"https:\/\/www.edugestores.pe\/wp-content\/uploads\/2017\/09\/119709-ece-2016-minedu-publico-resultados-evaluacion-censal-estudiantes-abril-2017-umc.jpg","_links":{"self":[{"href":"https:\/\/www.edugestores.pe\/index.php?rest_route=\/wp\/v2\/posts\/20217"}],"collection":[{"href":"https:\/\/www.edugestores.pe\/index.php?rest_route=\/wp\/v2\/posts"}],"about":[{"href":"https:\/\/www.edugestores.pe\/index.php?rest_route=\/wp\/v2\/types\/post"}],"author":[{"embeddable":true,"href":"https:\/\/www.edugestores.pe\/index.php?rest_route=\/wp\/v2\/users\/63"}],"replies":[{"embeddable":true,"href":"https:\/\/www.edugestores.pe\/index.php?rest_route=%2Fwp%2Fv2%2Fcomments&post=20217"}],"version-history":[{"count":2,"href":"https:\/\/www.edugestores.pe\/index.php?rest_route=\/wp\/v2\/posts\/20217\/revisions"}],"predecessor-version":[{"id":20220,"href":"https:\/\/www.edugestores.pe\/index.php?rest_route=\/wp\/v2\/posts\/20217\/revisions\/20220"}],"wp:featuredmedia":[{"embeddable":true,"href":"https:\/\/www.edugestores.pe\/index.php?rest_route=\/wp\/v2\/media\/17773"}],"wp:attachment":[{"href":"https:\/\/www.edugestores.pe\/index.php?rest_route=%2Fwp%2Fv2%2Fmedia&parent=20217"}],"wp:term":[{"taxonomy":"category","embeddable":true,"href":"https:\/\/www.edugestores.pe\/index.php?rest_route=%2Fwp%2Fv2%2Fcategories&post=20217"},{"taxonomy":"post_tag","embeddable":true,"href":"https:\/\/www.edugestores.pe\/index.php?rest_route=%2Fwp%2Fv2%2Ftags&post=20217"}],"curies":[{"name":"wp","href":"https:\/\/api.w.org\/{rel}","templated":true}]}}