{"id":20312,"date":"2018-07-09T21:49:46","date_gmt":"2018-07-10T02:49:46","guid":{"rendered":"https:\/\/www.edugestores.pe\/?p=20312"},"modified":"2018-07-16T23:10:05","modified_gmt":"2018-07-17T04:10:05","slug":"otra-mirada-es-el-fin-del-movimiento-magisterial-bajo-conduccion-del-conare","status":"publish","type":"post","link":"https:\/\/www.edugestores.pe\/?p=20312","title":{"rendered":"Otra Mirada: \u00bfEs el fin del movimiento magisterial bajo conducci\u00f3n del Conare?"},"content":{"rendered":"<p style=\"text-align: justify;\">Replicamos este art\u00edculo de la p\u00e1gina de opini\u00f3n Otra Mirada, donde se habla de la crisis de los gremios magisteriales tras la suspensi\u00f3n de la huelga docente:<\/p>\n<p style=\"text-align: justify;\">Hace unos d\u00edas la facci\u00f3n magisterial liderada por Pedro Castillo decidi\u00f3 levantar la huelga que iniciaron a finales del mes de junio. Salvo algunas movilizaciones regionales y un par de plantones en Lima, la protesta no tuvo el impacto que descoloc\u00f3 el a\u00f1o pasado al gobierno de Pedro Pablo Kuzcynski.<\/p>\n<p style=\"text-align: justify;\">Fuentes del Ministerio de Educaci\u00f3n consultadas por Otra Mirada, y que prefieren la reserva del caso, han brindado alguna informaci\u00f3n sobre el camino seguido por Castillo y sus seguidores para levantar una huelga destinada al fracaso. Castillo se dirigi\u00f3 al ministerio para conversar con miembros de la alta direcci\u00f3n del Minedu para solicitar la firma de un acta y concretar el levantamiento del paro. Esta acta hubiera sido un arma importante para la facci\u00f3n del Conare-SUTE para ser reconocidos como un actor v\u00e1lido frente al ente rector del sector.<\/p>\n<p style=\"text-align: justify;\">Sin embargo, las fuentes se\u00f1alan, que se le recomend\u00f3 al ministro Daniel Alfaro no aceptar este pedido -precisamente porque dar\u00eda validez a un movimiento que no tiene representaci\u00f3n ante el ministerio- y m\u00e1s bien se recomend\u00f3 que sea Castillo y su dirigencia la que decida el levantamiento de la medida de fuerza.<\/p>\n<p style=\"text-align: justify;\">Esto, basado en los informes que llegan de regiones donde se se\u00f1alaba que la movilizaci\u00f3n \u201cno prendi\u00f3 como s\u00ed ocurri\u00f3 el 2017\u201d.\u00a0 A ello hay que sumar los informes que llegaban de las Direcciones Regionales de Educaci\u00f3n que corroboraban la m\u00ednima ausencia de docentes en sus centros educativos. La cifra de profesores objetos de descuento en sus salarios no superaba la treintena en algunas regiones.<\/p>\n<p style=\"text-align: justify;\">El s\u00e1bado 30 de junio la FENASUTE (nuevo nombre del Conare) tuvo su asamblea de delegados. No se sabe a ciencia cierta cuantos asistieron y de qu\u00e9 regiones. Aqu\u00ed se esperaba, seg\u00fan informaci\u00f3n de nuestras fuentes, que se acordara el levantamiento de la huelga, que a esas alturas ya no despegaba, pero Pedro Castillo logr\u00f3 el acuerdo de insistir en una salida negociada con el Minedu para no repetir la experiencia del a\u00f1o pasado donde levantaron la huelga sin nada.<\/p>\n<p style=\"text-align: justify;\">Derrotada esta huelga magisterial, Pedro Castillo suma su tercera derrota en la conducci\u00f3n del movimiento magisterial de las bases de los SUTE; y el SUTE Conare que viene repitiendo huelgas desde el 2002 con el mismo objetivo estrat\u00e9gico sumar\u00eda su sexta derrota sindical.<\/p>\n<p>Bajo estas premisas, se puede ensayar algunas teor\u00edas respecto al futuro de esta facci\u00f3n del movimiento magisterial:<\/p>\n<p style=\"text-align: justify;\"><strong>1. El movimiento magisterial que condujo el Conare<\/strong>\u00a0fue una tenaz lucha de los maestros por democratizar el sindicalismo del magisterio en manos de Patria Roja que maneja el Sutep. En todas sus plataformas de lucha desde el 2002 a la fecha se trazaron por objetivo expulsarlos del movimiento magisterial. No lo lograron, pero generaron una profunda crisis en el sector que ha llevado -entre muchos docentes- al descr\u00e9dito del sindicalismo magisterial.<\/p>\n<p style=\"text-align: justify;\"><strong>2. Patria Roja y, por cierto, los partidos y grupos pol\u00edticos que cuestionan la conducci\u00f3n del Sutep de Patria Roja<\/strong>, no han logrado entender las demandas de mejoras del magisterio que no son precisamente sindicales reivindicativos solamente, sino\u00a0 tambi\u00e9n de una mayor y mejor profesionalizaci\u00f3n de sus labores.\u00a0 Es por eso que no lograron parar la reforma educativa, menos la evaluaci\u00f3n docente como tambi\u00e9n era su objetivo.<\/p>\n<p style=\"text-align: justify;\"><strong>3. Si bien los sindicatos son constituidos para defender derechos y conquistar derechos de los trabajadores<\/strong>, en el caso de los gremios profesionales, estos tienen tambi\u00e9n un componente de identificaci\u00f3n de profesionales de la educaci\u00f3n. No lo entendieron as\u00ed, e insistieron y pusieron por delante su condici\u00f3n de trabajador del Estado, y por ello, antepusieron a todo debate de la carrera magisterial a su condici\u00f3n de trabajador del Estado y por ello, de su defensa de la estabilidad laboral absoluta.<\/p>\n<p style=\"text-align: justify;\">Esta derrota del Conare, sin embargo, no es buena para el magisterio ni tampoco para el movimiento social. Lo que se requiere es que todos seamos conscientes de la necesidad de contar con un nuevo movimiento magisterial democr\u00e1tico en su estructura gremial, y que surjan liderazgos democr\u00e1ticos que los represente.<\/p>\n<p style=\"text-align: justify;\">Fuente: Otramirada.pe<\/p>\n","protected":false},"excerpt":{"rendered":"<p>Replicamos este art\u00edculo de la p\u00e1gina de opini\u00f3n Otra Mirada, donde se habla de la crisis de los gremios magisteriales [&hellip;]<\/p>\n","protected":false},"author":63,"featured_media":20313,"comment_status":"open","ping_status":"open","sticky":false,"template":"","format":"standard","meta":{"spay_email":""},"categories":[125],"tags":[],"yoast_head":"<!-- This site is optimized with the Yoast SEO plugin v18.0 - https:\/\/yoast.com\/wordpress\/plugins\/seo\/ -->\n<title>Otra Mirada: \u00bfEs el fin del movimiento magisterial bajo conducci\u00f3n del Conare? - Red Peruana de Gestores de la Educaci\u00f3n<\/title>\n<meta name=\"robots\" content=\"index, follow, max-snippet:-1, max-image-preview:large, max-video-preview:-1\" \/>\n<link rel=\"canonical\" href=\"https:\/\/www.edugestores.pe\/?p=20312\" \/>\n<meta property=\"og:locale\" content=\"es_ES\" \/>\n<meta property=\"og:type\" content=\"article\" \/>\n<meta property=\"og:title\" content=\"Otra Mirada: \u00bfEs el fin del movimiento magisterial bajo conducci\u00f3n del Conare? - Red Peruana de Gestores de la Educaci\u00f3n\" \/>\n<meta property=\"og:description\" content=\"Replicamos este art\u00edculo de la p\u00e1gina de opini\u00f3n Otra Mirada, donde se habla de la crisis de los gremios magisteriales [&hellip;]\" \/>\n<meta property=\"og:url\" content=\"https:\/\/www.edugestores.pe\/?p=20312\" \/>\n<meta property=\"og:site_name\" content=\"Red Peruana de Gestores de la Educaci\u00f3n\" \/>\n<meta property=\"article:published_time\" content=\"2018-07-10T02:49:46+00:00\" \/>\n<meta property=\"article:modified_time\" content=\"2018-07-17T04:10:05+00:00\" \/>\n<meta property=\"og:image\" content=\"https:\/\/www.edugestores.pe\/wp-content\/uploads\/2018\/07\/huelga.jpg\" \/>\n\t<meta property=\"og:image:width\" content=\"650\" \/>\n\t<meta property=\"og:image:height\" content=\"365\" \/>\n\t<meta property=\"og:image:type\" content=\"image\/jpeg\" \/>\n<meta name=\"twitter:card\" content=\"summary_large_image\" \/>\n<meta name=\"twitter:label1\" content=\"Escrito por\" \/>\n\t<meta name=\"twitter:data1\" content=\"Administrador\" \/>\n\t<meta name=\"twitter:label2\" content=\"Tiempo de lectura\" \/>\n\t<meta name=\"twitter:data2\" content=\"4 minutos\" \/>\n<script type=\"application\/ld+json\" class=\"yoast-schema-graph\">{\"@context\":\"https:\/\/schema.org\",\"@graph\":[{\"@type\":\"WebSite\",\"@id\":\"https:\/\/www.edugestores.pe\/#website\",\"url\":\"https:\/\/www.edugestores.pe\/\",\"name\":\"Red Peruana de Gestores de la Educaci\u00f3n\",\"description\":\"Red Peruana de Gestores de la Educaci\u00f3n\",\"potentialAction\":[{\"@type\":\"SearchAction\",\"target\":{\"@type\":\"EntryPoint\",\"urlTemplate\":\"https:\/\/www.edugestores.pe\/?s={search_term_string}\"},\"query-input\":\"required name=search_term_string\"}],\"inLanguage\":\"es\"},{\"@type\":\"ImageObject\",\"@id\":\"https:\/\/www.edugestores.pe\/?p=20312#primaryimage\",\"inLanguage\":\"es\",\"url\":\"https:\/\/www.edugestores.pe\/wp-content\/uploads\/2018\/07\/huelga.jpg\",\"contentUrl\":\"https:\/\/www.edugestores.pe\/wp-content\/uploads\/2018\/07\/huelga.jpg\",\"width\":650,\"height\":365},{\"@type\":\"WebPage\",\"@id\":\"https:\/\/www.edugestores.pe\/?p=20312#webpage\",\"url\":\"https:\/\/www.edugestores.pe\/?p=20312\",\"name\":\"Otra Mirada: \u00bfEs el fin del movimiento magisterial bajo conducci\u00f3n del Conare? - Red Peruana de Gestores de la Educaci\u00f3n\",\"isPartOf\":{\"@id\":\"https:\/\/www.edugestores.pe\/#website\"},\"primaryImageOfPage\":{\"@id\":\"https:\/\/www.edugestores.pe\/?p=20312#primaryimage\"},\"datePublished\":\"2018-07-10T02:49:46+00:00\",\"dateModified\":\"2018-07-17T04:10:05+00:00\",\"author\":{\"@id\":\"https:\/\/www.edugestores.pe\/#\/schema\/person\/30dc82f35f5853289037a64b35c7c7d3\"},\"breadcrumb\":{\"@id\":\"https:\/\/www.edugestores.pe\/?p=20312#breadcrumb\"},\"inLanguage\":\"es\",\"potentialAction\":[{\"@type\":\"ReadAction\",\"target\":[\"https:\/\/www.edugestores.pe\/?p=20312\"]}]},{\"@type\":\"BreadcrumbList\",\"@id\":\"https:\/\/www.edugestores.pe\/?p=20312#breadcrumb\",\"itemListElement\":[{\"@type\":\"ListItem\",\"position\":1,\"name\":\"Portada\",\"item\":\"https:\/\/www.edugestores.pe\/\"},{\"@type\":\"ListItem\",\"position\":2,\"name\":\"Otra Mirada: \u00bfEs el fin del movimiento magisterial bajo conducci\u00f3n del Conare?\"}]},{\"@type\":\"Person\",\"@id\":\"https:\/\/www.edugestores.pe\/#\/schema\/person\/30dc82f35f5853289037a64b35c7c7d3\",\"name\":\"Administrador\",\"image\":{\"@type\":\"ImageObject\",\"@id\":\"https:\/\/www.edugestores.pe\/#personlogo\",\"inLanguage\":\"es\",\"url\":\"https:\/\/secure.gravatar.com\/avatar\/70960d1239c4d2c778bb3d2786a3c1ae?s=96&d=mm&r=g\",\"contentUrl\":\"https:\/\/secure.gravatar.com\/avatar\/70960d1239c4d2c778bb3d2786a3c1ae?s=96&d=mm&r=g\",\"caption\":\"Administrador\"},\"url\":\"https:\/\/www.edugestores.pe\/?author=63\"}]}<\/script>\n<!-- \/ Yoast SEO plugin. -->","yoast_head_json":{"title":"Otra Mirada: \u00bfEs el fin del movimiento magisterial bajo conducci\u00f3n del Conare? - Red Peruana de Gestores de la Educaci\u00f3n","robots":{"index":"index","follow":"follow","max-snippet":"max-snippet:-1","max-image-preview":"max-image-preview:large","max-video-preview":"max-video-preview:-1"},"canonical":"https:\/\/www.edugestores.pe\/?p=20312","og_locale":"es_ES","og_type":"article","og_title":"Otra Mirada: \u00bfEs el fin del movimiento magisterial bajo conducci\u00f3n del Conare? - Red Peruana de Gestores de la Educaci\u00f3n","og_description":"Replicamos este art\u00edculo de la p\u00e1gina de opini\u00f3n Otra Mirada, donde se habla de la crisis de los gremios magisteriales [&hellip;]","og_url":"https:\/\/www.edugestores.pe\/?p=20312","og_site_name":"Red Peruana de Gestores de la Educaci\u00f3n","article_published_time":"2018-07-10T02:49:46+00:00","article_modified_time":"2018-07-17T04:10:05+00:00","og_image":[{"width":650,"height":365,"url":"https:\/\/www.edugestores.pe\/wp-content\/uploads\/2018\/07\/huelga.jpg","type":"image\/jpeg"}],"twitter_card":"summary_large_image","twitter_misc":{"Escrito por":"Administrador","Tiempo de lectura":"4 minutos"},"schema":{"@context":"https:\/\/schema.org","@graph":[{"@type":"WebSite","@id":"https:\/\/www.edugestores.pe\/#website","url":"https:\/\/www.edugestores.pe\/","name":"Red Peruana de Gestores de la Educaci\u00f3n","description":"Red Peruana de Gestores de la Educaci\u00f3n","potentialAction":[{"@type":"SearchAction","target":{"@type":"EntryPoint","urlTemplate":"https:\/\/www.edugestores.pe\/?s={search_term_string}"},"query-input":"required name=search_term_string"}],"inLanguage":"es"},{"@type":"ImageObject","@id":"https:\/\/www.edugestores.pe\/?p=20312#primaryimage","inLanguage":"es","url":"https:\/\/www.edugestores.pe\/wp-content\/uploads\/2018\/07\/huelga.jpg","contentUrl":"https:\/\/www.edugestores.pe\/wp-content\/uploads\/2018\/07\/huelga.jpg","width":650,"height":365},{"@type":"WebPage","@id":"https:\/\/www.edugestores.pe\/?p=20312#webpage","url":"https:\/\/www.edugestores.pe\/?p=20312","name":"Otra Mirada: \u00bfEs el fin del movimiento magisterial bajo conducci\u00f3n del Conare? - Red Peruana de Gestores de la Educaci\u00f3n","isPartOf":{"@id":"https:\/\/www.edugestores.pe\/#website"},"primaryImageOfPage":{"@id":"https:\/\/www.edugestores.pe\/?p=20312#primaryimage"},"datePublished":"2018-07-10T02:49:46+00:00","dateModified":"2018-07-17T04:10:05+00:00","author":{"@id":"https:\/\/www.edugestores.pe\/#\/schema\/person\/30dc82f35f5853289037a64b35c7c7d3"},"breadcrumb":{"@id":"https:\/\/www.edugestores.pe\/?p=20312#breadcrumb"},"inLanguage":"es","potentialAction":[{"@type":"ReadAction","target":["https:\/\/www.edugestores.pe\/?p=20312"]}]},{"@type":"BreadcrumbList","@id":"https:\/\/www.edugestores.pe\/?p=20312#breadcrumb","itemListElement":[{"@type":"ListItem","position":1,"name":"Portada","item":"https:\/\/www.edugestores.pe\/"},{"@type":"ListItem","position":2,"name":"Otra Mirada: \u00bfEs el fin del movimiento magisterial bajo conducci\u00f3n del Conare?"}]},{"@type":"Person","@id":"https:\/\/www.edugestores.pe\/#\/schema\/person\/30dc82f35f5853289037a64b35c7c7d3","name":"Administrador","image":{"@type":"ImageObject","@id":"https:\/\/www.edugestores.pe\/#personlogo","inLanguage":"es","url":"https:\/\/secure.gravatar.com\/avatar\/70960d1239c4d2c778bb3d2786a3c1ae?s=96&d=mm&r=g","contentUrl":"https:\/\/secure.gravatar.com\/avatar\/70960d1239c4d2c778bb3d2786a3c1ae?s=96&d=mm&r=g","caption":"Administrador"},"url":"https:\/\/www.edugestores.pe\/?author=63"}]}},"jetpack_featured_media_url":"https:\/\/www.edugestores.pe\/wp-content\/uploads\/2018\/07\/huelga.jpg","_links":{"self":[{"href":"https:\/\/www.edugestores.pe\/index.php?rest_route=\/wp\/v2\/posts\/20312"}],"collection":[{"href":"https:\/\/www.edugestores.pe\/index.php?rest_route=\/wp\/v2\/posts"}],"about":[{"href":"https:\/\/www.edugestores.pe\/index.php?rest_route=\/wp\/v2\/types\/post"}],"author":[{"embeddable":true,"href":"https:\/\/www.edugestores.pe\/index.php?rest_route=\/wp\/v2\/users\/63"}],"replies":[{"embeddable":true,"href":"https:\/\/www.edugestores.pe\/index.php?rest_route=%2Fwp%2Fv2%2Fcomments&post=20312"}],"version-history":[{"count":3,"href":"https:\/\/www.edugestores.pe\/index.php?rest_route=\/wp\/v2\/posts\/20312\/revisions"}],"predecessor-version":[{"id":20316,"href":"https:\/\/www.edugestores.pe\/index.php?rest_route=\/wp\/v2\/posts\/20312\/revisions\/20316"}],"wp:featuredmedia":[{"embeddable":true,"href":"https:\/\/www.edugestores.pe\/index.php?rest_route=\/wp\/v2\/media\/20313"}],"wp:attachment":[{"href":"https:\/\/www.edugestores.pe\/index.php?rest_route=%2Fwp%2Fv2%2Fmedia&parent=20312"}],"wp:term":[{"taxonomy":"category","embeddable":true,"href":"https:\/\/www.edugestores.pe\/index.php?rest_route=%2Fwp%2Fv2%2Fcategories&post=20312"},{"taxonomy":"post_tag","embeddable":true,"href":"https:\/\/www.edugestores.pe\/index.php?rest_route=%2Fwp%2Fv2%2Ftags&post=20312"}],"curies":[{"name":"wp","href":"https:\/\/api.w.org\/{rel}","templated":true}]}}