{"id":20549,"date":"2018-08-12T23:39:45","date_gmt":"2018-08-13T04:39:45","guid":{"rendered":"https:\/\/www.edugestores.pe\/?p=20549"},"modified":"2018-12-16T08:56:37","modified_gmt":"2018-12-16T13:56:37","slug":"lanzamos-debate-n-15-sobre-politicas-nacionales","status":"publish","type":"post","link":"https:\/\/www.edugestores.pe\/?p=20549","title":{"rendered":"Lanzamos debate N\u00b0 15 sobre pol\u00edticas nacionales"},"content":{"rendered":"<p style=\"text-align: justify;\">En Edugestores hemos iniciado un <a href=\"https:\/\/www.edugestores.pe\/groups\/0-edugestores-propone-n-15-como-fortalecer-la-rectoria-del-minedu-en-la-formulacion-seguimiento-y-evaluacion-de-politicas-educativas-nacionales-y-la-concordancia-entre-politicas-educati\/\">nuevo debate<\/a>, el segundo de este a\u00f1o, sobre la rector\u00eda del Ministerio de Educaci\u00f3n y las pol\u00edticas sectoriales, y de su articulaci\u00f3n con las pol\u00edticas regionales y locales, a partir de la puesta en consulta del <a href=\"https:\/\/www.edugestores.pe\/docs\/ceplan-proyecto-de-guia-de-politicas-nacionales\/\">Proyecto de Gu\u00eda de Pol\u00edticas Nacionales<\/a> del\u00a0Centro Nacional de Planeamiento Estrat\u00e9gico (Ceplan).<\/p>\n<p style=\"text-align: justify;\">El pasado 20 de marzo de 2018 se aprob\u00f3\u00a0el \u201cReglamento que regula las Pol\u00edticas Nacionales\u201d, que dispuso que el Ceplan se encargar\u00eda de aprobar \u201cla metodolog\u00eda para el dise\u00f1o, formulaci\u00f3n, seguimiento y evaluaci\u00f3n de las pol\u00edticas nacionales, as\u00ed como el procedimiento a aplicar para su actualizaci\u00f3n\u201d. En cumplimiento de esta disposici\u00f3n, el Ceplan acaba de hacer de conocimiento de los interesados, a trav\u00e9s de su p\u00e1gina web, el documento \u201cProyecto de Gu\u00eda de Pol\u00edticas Nacionales\u201d; el mismo que precisa las definiciones de \u201cproblema p\u00fablico\u201d, \u201cpol\u00edticas nacionales\u201d y su relaci\u00f3n con las \u201cpol\u00edticas de Estado\u201d y la \u201cpol\u00edtica general de gobierno\u201d, as\u00ed como los roles asignados al gobierno nacional (a trav\u00e9s de los ministerios) para el ejercicio de la rector\u00eda y la diferencia entre las pol\u00edticas nacionales sectoriales de las multisectoriales.<\/p>\n<p style=\"text-align: justify;\">Adem\u00e1s de estas necesarias precisiones, en la segunda parte del documento se describe el paso a paso que deber\u00e1n seguir los ministerios para la elaboraci\u00f3n de sus pol\u00edticas nacionales; distinguiendo los procedimientos a seguir durante las fases de dise\u00f1o, formulaci\u00f3n, operacionalizaci\u00f3n y seguimiento y evaluaci\u00f3n. Debe destacarse el esfuerzo de Ceplan por incorporar en este proyecto de Gu\u00eda el enfoque de gesti\u00f3n por resultados, as\u00ed como los enfoques de g\u00e9nero e interculturalidad como transversales a la formulaci\u00f3n de pol\u00edticas. A la vez, llama la atenci\u00f3n que no se hayan desarrollado las orientaciones espec\u00edficas para que, seg\u00fan el mandato\u00a0del\u00a0<a href=\"https:\/\/www.edugestores.pe\/docs\/aprueba-reglamento-que-regula-las-politicas-nacionales\/\">D.S. N\u00b0 029-2018-PCM<\/a>, los gobiernos regionales y locales formulen sus pol\u00edticas espec\u00edficas en los \u00e1mbitos territoriales que les corresponden, \u201cen concordancia con las pol\u00edticas nacionales\u201d.<\/p>\n<p style=\"text-align: justify;\">Desde Edugestores consideramos importante no solo aportar a la mejora de este documento sino, adem\u00e1s, iniciar un debate sobre c\u00f3mo el <a href=\"https:\/\/www.edugestores.pe\/docs\/aprueba-reglamento-que-regula-las-politicas-nacionales\/\">D.S. 029-2018-PCM<\/a> y esta gu\u00eda metodol\u00f3gica pueden contribuir a articular mejor las pol\u00edticas sectoriales del Minedu en el marco de las pol\u00edticas de Estado y la Pol\u00edtica General de Gobierno al 2021, uno de cuyos lineamientos prioritarios es el de \u201cmejorar los niveles de logros de aprendizaje de los estudiantes con \u00e9nfasis en los grupos con mayores brechas\u201d.<\/p>\n<p style=\"text-align: justify;\">Para ello, proponemos dos preguntas a responder en nuestro debate, denominado <strong>\u00bfC\u00f3mo fortalecer la rector\u00eda del Minedu en la formulaci\u00f3n, seguimiento y evaluaci\u00f3n de pol\u00edticas educativas nacionales y la concordancia entre pol\u00edticas educativas regionales, locales y las pol\u00edticas nacionales<\/strong>?:<\/p>\n<p style=\"text-align: justify;\">1. \u00bfQu\u00e9 etapas del proceso de elaboraci\u00f3n de las pol\u00edticas sectoriales deber\u00eda priorizar el Minedu para mejorar su rol de rector\u00eda?<br \/>\n2. \u00bfQu\u00e9 aspectos metodol\u00f3gicos deber\u00eda considerar la Gu\u00eda para que las pol\u00edticas regionales y locales sean efectivamente concordantes con las pol\u00edticas sectoriales del Minedu?<\/p>\n<p style=\"text-align: justify;\">Acceda al grupo de debate e<a href=\"https:\/\/www.edugestores.pe\/groups\/0-edugestores-propone-n-15-como-fortalecer-la-rectoria-del-minedu-en-la-formulacion-seguimiento-y-evaluacion-de-politicas-educativas-nacionales-y-la-concordancia-entre-politicas-educati\/\">n este link<\/a>. No deje de participar.<\/p>\n","protected":false},"excerpt":{"rendered":"<p>En Edugestores hemos iniciado un nuevo debate, el segundo de este a\u00f1o, sobre la rector\u00eda del Ministerio de Educaci\u00f3n y [&hellip;]<\/p>\n","protected":false},"author":63,"featured_media":20552,"comment_status":"open","ping_status":"open","sticky":false,"template":"","format":"standard","meta":{"spay_email":""},"categories":[339],"tags":[],"yoast_head":"<!-- This site is optimized with the Yoast SEO plugin v18.0 - https:\/\/yoast.com\/wordpress\/plugins\/seo\/ -->\n<title>Lanzamos debate N\u00b0 15 sobre pol\u00edticas nacionales - Red Peruana de Gestores de la Educaci\u00f3n<\/title>\n<meta name=\"robots\" content=\"index, follow, max-snippet:-1, max-image-preview:large, max-video-preview:-1\" \/>\n<link rel=\"canonical\" href=\"https:\/\/www.edugestores.pe\/?p=20549\" \/>\n<meta property=\"og:locale\" content=\"es_ES\" \/>\n<meta property=\"og:type\" content=\"article\" \/>\n<meta property=\"og:title\" content=\"Lanzamos debate N\u00b0 15 sobre pol\u00edticas nacionales - Red Peruana de Gestores de la Educaci\u00f3n\" \/>\n<meta property=\"og:description\" content=\"En Edugestores hemos iniciado un nuevo debate, el segundo de este a\u00f1o, sobre la rector\u00eda del Ministerio de Educaci\u00f3n y [&hellip;]\" \/>\n<meta property=\"og:url\" content=\"https:\/\/www.edugestores.pe\/?p=20549\" \/>\n<meta property=\"og:site_name\" content=\"Red Peruana de Gestores de la Educaci\u00f3n\" \/>\n<meta property=\"article:published_time\" content=\"2018-08-13T04:39:45+00:00\" \/>\n<meta property=\"article:modified_time\" content=\"2018-12-16T13:56:37+00:00\" \/>\n<meta property=\"og:image\" content=\"https:\/\/www.edugestores.pe\/wp-content\/uploads\/2018\/08\/web_pequena_0_0.png\" \/>\n\t<meta property=\"og:image:width\" content=\"720\" \/>\n\t<meta property=\"og:image:height\" content=\"332\" \/>\n\t<meta property=\"og:image:type\" content=\"image\/png\" \/>\n<meta name=\"twitter:card\" content=\"summary_large_image\" \/>\n<meta name=\"twitter:label1\" content=\"Escrito por\" \/>\n\t<meta name=\"twitter:data1\" content=\"Administrador\" \/>\n\t<meta name=\"twitter:label2\" content=\"Tiempo de lectura\" \/>\n\t<meta name=\"twitter:data2\" content=\"3 minutos\" \/>\n<script type=\"application\/ld+json\" class=\"yoast-schema-graph\">{\"@context\":\"https:\/\/schema.org\",\"@graph\":[{\"@type\":\"WebSite\",\"@id\":\"https:\/\/www.edugestores.pe\/#website\",\"url\":\"https:\/\/www.edugestores.pe\/\",\"name\":\"Red Peruana de Gestores de la Educaci\u00f3n\",\"description\":\"Red Peruana de Gestores de la Educaci\u00f3n\",\"potentialAction\":[{\"@type\":\"SearchAction\",\"target\":{\"@type\":\"EntryPoint\",\"urlTemplate\":\"https:\/\/www.edugestores.pe\/?s={search_term_string}\"},\"query-input\":\"required name=search_term_string\"}],\"inLanguage\":\"es\"},{\"@type\":\"ImageObject\",\"@id\":\"https:\/\/www.edugestores.pe\/?p=20549#primaryimage\",\"inLanguage\":\"es\",\"url\":\"https:\/\/www.edugestores.pe\/wp-content\/uploads\/2018\/08\/web_pequena_0_0.png\",\"contentUrl\":\"https:\/\/www.edugestores.pe\/wp-content\/uploads\/2018\/08\/web_pequena_0_0.png\",\"width\":720,\"height\":332},{\"@type\":\"WebPage\",\"@id\":\"https:\/\/www.edugestores.pe\/?p=20549#webpage\",\"url\":\"https:\/\/www.edugestores.pe\/?p=20549\",\"name\":\"Lanzamos debate N\u00b0 15 sobre pol\u00edticas nacionales - Red Peruana de Gestores de la Educaci\u00f3n\",\"isPartOf\":{\"@id\":\"https:\/\/www.edugestores.pe\/#website\"},\"primaryImageOfPage\":{\"@id\":\"https:\/\/www.edugestores.pe\/?p=20549#primaryimage\"},\"datePublished\":\"2018-08-13T04:39:45+00:00\",\"dateModified\":\"2018-12-16T13:56:37+00:00\",\"author\":{\"@id\":\"https:\/\/www.edugestores.pe\/#\/schema\/person\/30dc82f35f5853289037a64b35c7c7d3\"},\"breadcrumb\":{\"@id\":\"https:\/\/www.edugestores.pe\/?p=20549#breadcrumb\"},\"inLanguage\":\"es\",\"potentialAction\":[{\"@type\":\"ReadAction\",\"target\":[\"https:\/\/www.edugestores.pe\/?p=20549\"]}]},{\"@type\":\"BreadcrumbList\",\"@id\":\"https:\/\/www.edugestores.pe\/?p=20549#breadcrumb\",\"itemListElement\":[{\"@type\":\"ListItem\",\"position\":1,\"name\":\"Portada\",\"item\":\"https:\/\/www.edugestores.pe\/\"},{\"@type\":\"ListItem\",\"position\":2,\"name\":\"Lanzamos debate N\u00b0 15 sobre pol\u00edticas nacionales\"}]},{\"@type\":\"Person\",\"@id\":\"https:\/\/www.edugestores.pe\/#\/schema\/person\/30dc82f35f5853289037a64b35c7c7d3\",\"name\":\"Administrador\",\"image\":{\"@type\":\"ImageObject\",\"@id\":\"https:\/\/www.edugestores.pe\/#personlogo\",\"inLanguage\":\"es\",\"url\":\"https:\/\/secure.gravatar.com\/avatar\/70960d1239c4d2c778bb3d2786a3c1ae?s=96&d=mm&r=g\",\"contentUrl\":\"https:\/\/secure.gravatar.com\/avatar\/70960d1239c4d2c778bb3d2786a3c1ae?s=96&d=mm&r=g\",\"caption\":\"Administrador\"},\"url\":\"https:\/\/www.edugestores.pe\/?author=63\"}]}<\/script>\n<!-- \/ Yoast SEO plugin. -->","yoast_head_json":{"title":"Lanzamos debate N\u00b0 15 sobre pol\u00edticas nacionales - Red Peruana de Gestores de la Educaci\u00f3n","robots":{"index":"index","follow":"follow","max-snippet":"max-snippet:-1","max-image-preview":"max-image-preview:large","max-video-preview":"max-video-preview:-1"},"canonical":"https:\/\/www.edugestores.pe\/?p=20549","og_locale":"es_ES","og_type":"article","og_title":"Lanzamos debate N\u00b0 15 sobre pol\u00edticas nacionales - Red Peruana de Gestores de la Educaci\u00f3n","og_description":"En Edugestores hemos iniciado un nuevo debate, el segundo de este a\u00f1o, sobre la rector\u00eda del Ministerio de Educaci\u00f3n y [&hellip;]","og_url":"https:\/\/www.edugestores.pe\/?p=20549","og_site_name":"Red Peruana de Gestores de la Educaci\u00f3n","article_published_time":"2018-08-13T04:39:45+00:00","article_modified_time":"2018-12-16T13:56:37+00:00","og_image":[{"width":720,"height":332,"url":"https:\/\/www.edugestores.pe\/wp-content\/uploads\/2018\/08\/web_pequena_0_0.png","type":"image\/png"}],"twitter_card":"summary_large_image","twitter_misc":{"Escrito por":"Administrador","Tiempo de lectura":"3 minutos"},"schema":{"@context":"https:\/\/schema.org","@graph":[{"@type":"WebSite","@id":"https:\/\/www.edugestores.pe\/#website","url":"https:\/\/www.edugestores.pe\/","name":"Red Peruana de Gestores de la Educaci\u00f3n","description":"Red Peruana de Gestores de la Educaci\u00f3n","potentialAction":[{"@type":"SearchAction","target":{"@type":"EntryPoint","urlTemplate":"https:\/\/www.edugestores.pe\/?s={search_term_string}"},"query-input":"required name=search_term_string"}],"inLanguage":"es"},{"@type":"ImageObject","@id":"https:\/\/www.edugestores.pe\/?p=20549#primaryimage","inLanguage":"es","url":"https:\/\/www.edugestores.pe\/wp-content\/uploads\/2018\/08\/web_pequena_0_0.png","contentUrl":"https:\/\/www.edugestores.pe\/wp-content\/uploads\/2018\/08\/web_pequena_0_0.png","width":720,"height":332},{"@type":"WebPage","@id":"https:\/\/www.edugestores.pe\/?p=20549#webpage","url":"https:\/\/www.edugestores.pe\/?p=20549","name":"Lanzamos debate N\u00b0 15 sobre pol\u00edticas nacionales - Red Peruana de Gestores de la Educaci\u00f3n","isPartOf":{"@id":"https:\/\/www.edugestores.pe\/#website"},"primaryImageOfPage":{"@id":"https:\/\/www.edugestores.pe\/?p=20549#primaryimage"},"datePublished":"2018-08-13T04:39:45+00:00","dateModified":"2018-12-16T13:56:37+00:00","author":{"@id":"https:\/\/www.edugestores.pe\/#\/schema\/person\/30dc82f35f5853289037a64b35c7c7d3"},"breadcrumb":{"@id":"https:\/\/www.edugestores.pe\/?p=20549#breadcrumb"},"inLanguage":"es","potentialAction":[{"@type":"ReadAction","target":["https:\/\/www.edugestores.pe\/?p=20549"]}]},{"@type":"BreadcrumbList","@id":"https:\/\/www.edugestores.pe\/?p=20549#breadcrumb","itemListElement":[{"@type":"ListItem","position":1,"name":"Portada","item":"https:\/\/www.edugestores.pe\/"},{"@type":"ListItem","position":2,"name":"Lanzamos debate N\u00b0 15 sobre pol\u00edticas nacionales"}]},{"@type":"Person","@id":"https:\/\/www.edugestores.pe\/#\/schema\/person\/30dc82f35f5853289037a64b35c7c7d3","name":"Administrador","image":{"@type":"ImageObject","@id":"https:\/\/www.edugestores.pe\/#personlogo","inLanguage":"es","url":"https:\/\/secure.gravatar.com\/avatar\/70960d1239c4d2c778bb3d2786a3c1ae?s=96&d=mm&r=g","contentUrl":"https:\/\/secure.gravatar.com\/avatar\/70960d1239c4d2c778bb3d2786a3c1ae?s=96&d=mm&r=g","caption":"Administrador"},"url":"https:\/\/www.edugestores.pe\/?author=63"}]}},"jetpack_featured_media_url":"https:\/\/www.edugestores.pe\/wp-content\/uploads\/2018\/08\/web_pequena_0_0.png","_links":{"self":[{"href":"https:\/\/www.edugestores.pe\/index.php?rest_route=\/wp\/v2\/posts\/20549"}],"collection":[{"href":"https:\/\/www.edugestores.pe\/index.php?rest_route=\/wp\/v2\/posts"}],"about":[{"href":"https:\/\/www.edugestores.pe\/index.php?rest_route=\/wp\/v2\/types\/post"}],"author":[{"embeddable":true,"href":"https:\/\/www.edugestores.pe\/index.php?rest_route=\/wp\/v2\/users\/63"}],"replies":[{"embeddable":true,"href":"https:\/\/www.edugestores.pe\/index.php?rest_route=%2Fwp%2Fv2%2Fcomments&post=20549"}],"version-history":[{"count":1,"href":"https:\/\/www.edugestores.pe\/index.php?rest_route=\/wp\/v2\/posts\/20549\/revisions"}],"predecessor-version":[{"id":20551,"href":"https:\/\/www.edugestores.pe\/index.php?rest_route=\/wp\/v2\/posts\/20549\/revisions\/20551"}],"wp:featuredmedia":[{"embeddable":true,"href":"https:\/\/www.edugestores.pe\/index.php?rest_route=\/wp\/v2\/media\/20552"}],"wp:attachment":[{"href":"https:\/\/www.edugestores.pe\/index.php?rest_route=%2Fwp%2Fv2%2Fmedia&parent=20549"}],"wp:term":[{"taxonomy":"category","embeddable":true,"href":"https:\/\/www.edugestores.pe\/index.php?rest_route=%2Fwp%2Fv2%2Fcategories&post=20549"},{"taxonomy":"post_tag","embeddable":true,"href":"https:\/\/www.edugestores.pe\/index.php?rest_route=%2Fwp%2Fv2%2Ftags&post=20549"}],"curies":[{"name":"wp","href":"https:\/\/api.w.org\/{rel}","templated":true}]}}