{"id":20962,"date":"2018-10-08T19:46:46","date_gmt":"2018-10-09T00:46:46","guid":{"rendered":"https:\/\/www.edugestores.pe\/?p=20962"},"modified":"2019-08-16T11:44:30","modified_gmt":"2019-08-16T16:44:30","slug":"edugestores-reporta-destacados-de-setiembre-de-2018","status":"publish","type":"post","link":"https:\/\/www.edugestores.pe\/?p=20962","title":{"rendered":"Edugestores reporta: destacados de setiembre de 2018"},"content":{"rendered":"<article id=\"post-20221\" class=\"clearfix post-20221 post type-post status-publish format-standard has-post-thumbnail hentry category-edugestores-reporta user-has-not-earned\">\n<div class=\"article-content\" style=\"text-align: justify;\">\n<h1>\u00bfCu\u00e1les son las regiones\u00a0m\u00e1s activas en setiembre en\u00a0<em>Edugestores?<\/em><\/h1>\n<hr \/>\n<p><b>Tambi\u00e9n conoce cu\u00e1ntos usuarios estuvieron activos en la red durante este mes<\/b><\/p>\n<hr \/>\n<p><strong>PARTICIPACI\u00d3N EN LA PLATAFORMA<\/strong><\/p>\n<p>En la actualidad forman nuestra comunidad\u00a02800 inscritos, y contamos con m\u00e1s de\u00a0<strong>500 edugestores activos<\/strong>, quienes siguen participando en nuestra plataforma, ya sea a trav\u00e9s de los grupos de inter\u00e9s, los debates, o el muro de actividades.<\/p>\n<p>En setiembre , se inscribieron por primera vez\u00a052 miembros.\u00a0De acuerdo a la participaci\u00f3n por regiones, entre mayo y junio de 2018,\u00a0se agregaron m\u00e1s nuevos miembros de las siguientes regiones: La Libertad, Puno, Loreto y Cusco. Y Lima Metropolitana sigue siendo la zona m\u00e1s activa de todo el pa\u00eds en nuestra red.<\/p>\n<p>Tambi\u00e9n a trav\u00e9s de nuestro Facebook hay edugestores activos en estos meses con sus comentarios y aportes que recuperamos en nuestros informes con un alcance de\u00a085 mil\u00a0usuarios en la red y con\u00a05,697 interacciones.<\/p>\n<hr \/>\n<p><strong>NUEVO MICROSITIO EN LA PLATAFORMA<\/strong><\/p>\n<p>En setiembre inauguramos un micrositio sobre <a href=\"https:\/\/www.edugestores.pe\/micrositio-genero-y-educacion\/\">Educaci\u00f3n y G\u00e9nero<\/a>, donde condensamos informaci\u00f3n sobre el fallo judicial sobre el enfoque de g\u00e9nero en el curr\u00edculo nacional.<\/p>\n<p>Este mes dimos a conocer a los ganadores del concurso de Buenas Pr\u00e1cticas de Gesti\u00f3n Educativa de DRE y UGEL, organizado por el Ministerio de Educaci\u00f3n, evento en el cual recibimos el reconocimiento como una instituci\u00f3n comprometida con la mejora de la gesti\u00f3n descentralizada. Edugestores asesor\u00f3 m\u00e1s de 45 proyectos en diversas regiones, resultando una de ellas ganadora. Tambi\u00e9n continuamos con la difusi\u00f3n de los videos de las pr\u00e1cticas ganadoras en nuestro Facebook.<\/p>\n<\/div>\n<div class=\"article-content\" style=\"text-align: justify;\">\n<p>Y seguimos recogiendo aportes para nuestro <a href=\"https:\/\/www.edugestores.pe\/groups\/0-edugestores-propone-n-15-como-fortalecer-la-rectoria-del-minedu-en-la-formulacion-seguimiento-y-evaluacion-de-politicas-educativas-nacionales-y-la-concordancia-entre-politicas-educati\/\">debate N\u00b0 15<\/a> sobre pol\u00edticas nacionales.<\/p>\n<hr \/>\n<p><strong>CONOCE A LOS EDUGESTORES DESTACADOS DE\u00a0SETIEMBRE DE\u00a02018\u00a0<img decoding=\"async\" loading=\"lazy\" class=\" wp-image-13831 alignright\" src=\"https:\/\/www.edugestores.pe\/wp-content\/uploads\/2017\/02\/medalla-edugestores-204x300.jpg\" alt=\"medalla edugestores\" width=\"68\" height=\"100\" srcset=\"https:\/\/www.edugestores.pe\/wp-content\/uploads\/2017\/02\/medalla-edugestores-204x300.jpg 204w, https:\/\/www.edugestores.pe\/wp-content\/uploads\/2017\/02\/medalla-edugestores-68x100.jpg 68w, https:\/\/www.edugestores.pe\/wp-content\/uploads\/2017\/02\/medalla-edugestores.jpg 435w\" sizes=\"(max-width: 68px) 100vw, 68px\" \/><\/strong><\/p>\n<p>Este mes los\u00a0edugestores siguieron brindando aportes al nuevo\u00a0<a href=\"https:\/\/www.edugestores.pe\/lanzamos-debate-n-15-sobre-politicas-nacionales\/\">debate N\u00b0 15<\/a>\u00a0sobre pol\u00edticas nacionales. Destacamos la participaci\u00f3n de los edugestores que tuvieron m\u00e1s de tres intervenciones tanto en la plataforma como en nuestra p\u00e1gina de Facebook:<\/p>\n<hr \/>\n<p><strong><a href=\"https:\/\/www.edugestores.pe\/wp-content\/uploads\/2018\/10\/ecf629e67b8ae7fb6c55cfcf5ba8f817-bpfull.jpg\"><img decoding=\"async\" loading=\"lazy\" class=\"size-full wp-image-20958 alignright\" src=\"https:\/\/www.edugestores.pe\/wp-content\/uploads\/2018\/10\/ecf629e67b8ae7fb6c55cfcf5ba8f817-bpfull.jpg\" alt=\"ecf629e67b8ae7fb6c55cfcf5ba8f817-bpfull\" width=\"150\" height=\"150\" srcset=\"https:\/\/www.edugestores.pe\/wp-content\/uploads\/2018\/10\/ecf629e67b8ae7fb6c55cfcf5ba8f817-bpfull.jpg 150w, https:\/\/www.edugestores.pe\/wp-content\/uploads\/2018\/10\/ecf629e67b8ae7fb6c55cfcf5ba8f817-bpfull-100x100.jpg 100w\" sizes=\"(max-width: 150px) 100vw, 150px\" \/><\/a>\u00a0ROMAN ALLER<\/strong>: Especialistab en temas de juventud, educaci\u00f3n y ciudadan\u00eda. Es licenciado\u00a0 \u00a0en Educaci\u00f3n por la universidad Enrique Guzm\u00e1n y Valle, con estudios de Maestr\u00eda en\u00a0 \u00a0Pol\u00edticas\u00a0 sociales (UNMSM), especialista en Gesti\u00f3n P\u00fablica por la Escuela de Posgrado de la\u00a0 \u00a0Universidad Continental y un diplomado en Educaci\u00f3n, Juventud y Trabajo por FLACSO-\u00a0 \u00a0Argentina. Ha desarrollado un curso de Gesti\u00f3n del Talento y la capacitaci\u00f3n en la UPC. Es\u00a0 \u00a0miembro de Edugestores desde 2015 y actualmente es especialista del Consejo Nacional de\u00a0 \u00a0Educaci\u00f3n. Tiene un blog\u00a0El \u00e1gora del escribidor:\u00a0<a href=\"http:\/\/romanaller.blogspot.pe\/\" rel=\"nofollow\">http:\/\/romanaller.blogspot.pe\/<\/a>, donde comparte opiniones sobre el quehacer educativo. Aport\u00f3 al debate sobre pol\u00edticas nacionales y descentralizaci\u00f3n en agosto.<\/p>\n<hr \/>\n<p><strong>FERNANDO ROMERO BOLA\u00d1OS:\u00a0<\/strong>edugestor,\u00a0licenciado en Sociolog\u00eda por la Pontificia\u00a0 \u00a0Universidad Cat\u00f3lica\u00a0 \u00a0del Per\u00fa, asesor p<\/p>\n<\/div>\n<\/article>\n<article id=\"post-20221\" class=\"clearfix post-20221 post type-post status-publish format-standard has-post-thumbnail hentry category-edugestores-reporta user-has-not-earned\">\n<div class=\"article-content\">\n<p><img decoding=\"async\" loading=\"lazy\" class=\"size-full wp-image-20959 alignleft\" src=\"https:\/\/www.edugestores.pe\/wp-content\/uploads\/2018\/10\/aaa2e57e512f57c06d23e567a2ac02ad-bpfull.jpg\" alt=\"fernando romero\" width=\"150\" height=\"150\" srcset=\"https:\/\/www.edugestores.pe\/wp-content\/uploads\/2018\/10\/aaa2e57e512f57c06d23e567a2ac02ad-bpfull.jpg 150w, https:\/\/www.edugestores.pe\/wp-content\/uploads\/2018\/10\/aaa2e57e512f57c06d23e567a2ac02ad-bpfull-100x100.jpg 100w\" sizes=\"(max-width: 150px) 100vw, 150px\" \/>ara la gesti\u00f3n de conflictos sociales y en\u00a0el dise\u00f1o\u00a0 \u00a0 \u00a0y\u00a0realizaci\u00f3n de acciones\u00a0 \u00a0de incidencia dirigidas al establecimiento de leyes o pol\u00edticas por el\u00a0 \u00a0Congreso, ministerios,\u00a0 \u00a0 \u00a0gobiernos regionales o locales y empresas privadas. Ha sido asesor del\u00a0 \u00a0viceministerio de\u00a0 \u00a0Gesti\u00f3n Pedag\u00f3gica del Minedu. Se ha unido a Edugestores este a\u00f1o\u00a0y brind\u00f3\u00a0 \u00a0aportes al\u00a0 \u00a0debate sobre pol\u00edticas nacionales y su articulaci\u00f3n en educaci\u00f3n.<strong>\u00a0 \u00a0 \u00a0 \u00a0 \u00a0 \u00a0 \u00a0 \u00a0 \u00a0 \u00a0 \u00a0 \u00a0 \u00a0<\/strong><\/p>\n<p>&nbsp;<\/p>\n<hr \/>\n<p><strong>NOTICIAS M\u00c1S VISTAS\u00a0<\/strong><\/p>\n<p><strong><a class=\"row-title\" title=\"Editar \u201cPresupuesto 2019: aumentan al sector educaci\u00f3n\u201d\" href=\"https:\/\/www.edugestores.pe\/presupuesto-2019-aumentan-al-sector-educacion\/\">Presupuesto 2019: aumentan al sector educaci\u00f3n<\/a><\/strong>\u2013 726 visitas<br \/>\n<strong><a class=\"row-title\" title=\"Editar \u201cPresentaron libro \u2018Modelo de Gesti\u00f3n Escolar para mejorar los aprendizajes en Piura\u2019\u201d\" href=\"https:\/\/www.edugestores.pe\/presentaron-libro-modelo-de-gestion-escolar-para-mejorar-los-aprendizajes-en-piura\/\">Presentaron libro \u2018Modelo de Gesti\u00f3n Escolar para mejorar los aprendizajes en Piura\u2019<\/a><\/strong> -689 visitas<br \/>\n<a href=\"https:\/\/www.edugestores.pe\/flor-pablo-en-cade-educacion-2018-que-modelo-de-gestion-necesitamos-para-las-escuelas\/\"><strong>Flor Pablo en CADE educaci\u00f3n: \u00bfQu\u00e9 modelo de gesti\u00f3n necesitamos para las escuelas?<\/strong><\/a>-495 visitas<br \/>\n<strong><a href=\"https:\/\/www.edugestores.pe\/aumento-a-los-maestros-un-articulo-de-hugo-diaz\/\">Aumento a los maestros, un art\u00edculo de Hugo Diaz<\/a><\/strong>\u2013429 visitas<\/p>\n<hr \/>\n<p><strong>EDUGESTORES\u00a0REPORTA<br \/>\n<\/strong><\/p>\n<p><strong><a class=\"row-title\" title=\"Editar \u201cPlanes de gobierno regionales en educaci\u00f3n: La Libertad\u201d\" href=\"https:\/\/www.edugestores.pe\/planes-de-gobierno-regionales-en-educacion-la-libertad\/\">Planes de gobierno regionales en educaci\u00f3n: La Libertad<\/a><\/strong><br \/>\n<strong><a class=\"row-title\" title=\"Editar \u201cUcayali: \u00bfqu\u00e9 proponen los candidatos en educaci\u00f3n?\u201d\" href=\"https:\/\/www.edugestores.pe\/ucayali-que-proponen-los-candidatos-en-educacion\/\">Ucayali: \u00bfqu\u00e9 proponen los candidatos en educaci\u00f3n?<\/a><\/strong><br \/>\n<strong><a class=\"row-title\" title=\"Editar \u201cCusco: \u00bfQu\u00e9 dicen los planes de gobierno en educaci\u00f3n?\u201d\" href=\"https:\/\/www.edugestores.pe\/20909\/\">Cusco: \u00bfQu\u00e9 dicen los planes de gobierno en educaci\u00f3n?<\/a><\/strong><br \/>\n<strong><a class=\"row-title\" title=\"Editar \u201cSan Mart\u00edn: sepa qu\u00e9 proponen los candidatos en educaci\u00f3n\u201d\" href=\"https:\/\/www.edugestores.pe\/san-martin-sepa-que-proponen-los-candidatos-en-educacion\/\">San Mart\u00edn: sepa qu\u00e9 proponen los candidatos en educaci\u00f3n<\/a><\/strong><\/p>\n<\/div>\n<\/article>\n","protected":false},"excerpt":{"rendered":"<p>\u00bfCu\u00e1les son las regiones\u00a0m\u00e1s activas en setiembre en\u00a0Edugestores? Tambi\u00e9n conoce cu\u00e1ntos usuarios estuvieron activos en la red durante este mes [&hellip;]<\/p>\n","protected":false},"author":63,"featured_media":20966,"comment_status":"open","ping_status":"open","sticky":false,"template":"","format":"standard","meta":{"spay_email":""},"categories":[299,125,1413],"tags":[],"yoast_head":"<!-- This site is optimized with the Yoast SEO plugin v18.0 - https:\/\/yoast.com\/wordpress\/plugins\/seo\/ -->\n<title>Edugestores reporta: destacados de setiembre de 2018 - Red Peruana de Gestores de la Educaci\u00f3n<\/title>\n<meta name=\"robots\" content=\"index, follow, max-snippet:-1, max-image-preview:large, max-video-preview:-1\" \/>\n<link rel=\"canonical\" href=\"https:\/\/www.edugestores.pe\/?p=20962\" \/>\n<meta property=\"og:locale\" content=\"es_ES\" \/>\n<meta property=\"og:type\" content=\"article\" \/>\n<meta property=\"og:title\" content=\"Edugestores reporta: destacados de setiembre de 2018 - Red Peruana de Gestores de la Educaci\u00f3n\" \/>\n<meta property=\"og:description\" content=\"\u00bfCu\u00e1les son las regiones\u00a0m\u00e1s activas en setiembre en\u00a0Edugestores? Tambi\u00e9n conoce cu\u00e1ntos usuarios estuvieron activos en la red durante este mes [&hellip;]\" \/>\n<meta property=\"og:url\" content=\"https:\/\/www.edugestores.pe\/?p=20962\" \/>\n<meta property=\"og:site_name\" content=\"Red Peruana de Gestores de la Educaci\u00f3n\" \/>\n<meta property=\"article:published_time\" content=\"2018-10-09T00:46:46+00:00\" \/>\n<meta property=\"article:modified_time\" content=\"2019-08-16T16:44:30+00:00\" \/>\n<meta property=\"og:image\" content=\"https:\/\/www.edugestores.pe\/wp-content\/uploads\/2018\/10\/CABECERA-EDU-REPORTA-oct-2018.png\" \/>\n\t<meta property=\"og:image:width\" content=\"700\" \/>\n\t<meta property=\"og:image:height\" content=\"100\" \/>\n\t<meta property=\"og:image:type\" content=\"image\/png\" \/>\n<meta name=\"twitter:card\" content=\"summary_large_image\" \/>\n<meta name=\"twitter:label1\" content=\"Escrito por\" \/>\n\t<meta name=\"twitter:data1\" content=\"Administrador\" \/>\n\t<meta name=\"twitter:label2\" content=\"Tiempo de lectura\" \/>\n\t<meta name=\"twitter:data2\" content=\"3 minutos\" \/>\n<script type=\"application\/ld+json\" class=\"yoast-schema-graph\">{\"@context\":\"https:\/\/schema.org\",\"@graph\":[{\"@type\":\"WebSite\",\"@id\":\"https:\/\/www.edugestores.pe\/#website\",\"url\":\"https:\/\/www.edugestores.pe\/\",\"name\":\"Red Peruana de Gestores de la Educaci\u00f3n\",\"description\":\"Red Peruana de Gestores de la Educaci\u00f3n\",\"potentialAction\":[{\"@type\":\"SearchAction\",\"target\":{\"@type\":\"EntryPoint\",\"urlTemplate\":\"https:\/\/www.edugestores.pe\/?s={search_term_string}\"},\"query-input\":\"required name=search_term_string\"}],\"inLanguage\":\"es\"},{\"@type\":\"ImageObject\",\"@id\":\"https:\/\/www.edugestores.pe\/?p=20962#primaryimage\",\"inLanguage\":\"es\",\"url\":\"https:\/\/www.edugestores.pe\/wp-content\/uploads\/2018\/10\/CABECERA-EDU-REPORTA-oct-2018.png\",\"contentUrl\":\"https:\/\/www.edugestores.pe\/wp-content\/uploads\/2018\/10\/CABECERA-EDU-REPORTA-oct-2018.png\",\"width\":700,\"height\":100},{\"@type\":\"WebPage\",\"@id\":\"https:\/\/www.edugestores.pe\/?p=20962#webpage\",\"url\":\"https:\/\/www.edugestores.pe\/?p=20962\",\"name\":\"Edugestores reporta: destacados de setiembre de 2018 - Red Peruana de Gestores de la Educaci\u00f3n\",\"isPartOf\":{\"@id\":\"https:\/\/www.edugestores.pe\/#website\"},\"primaryImageOfPage\":{\"@id\":\"https:\/\/www.edugestores.pe\/?p=20962#primaryimage\"},\"datePublished\":\"2018-10-09T00:46:46+00:00\",\"dateModified\":\"2019-08-16T16:44:30+00:00\",\"author\":{\"@id\":\"https:\/\/www.edugestores.pe\/#\/schema\/person\/30dc82f35f5853289037a64b35c7c7d3\"},\"breadcrumb\":{\"@id\":\"https:\/\/www.edugestores.pe\/?p=20962#breadcrumb\"},\"inLanguage\":\"es\",\"potentialAction\":[{\"@type\":\"ReadAction\",\"target\":[\"https:\/\/www.edugestores.pe\/?p=20962\"]}]},{\"@type\":\"BreadcrumbList\",\"@id\":\"https:\/\/www.edugestores.pe\/?p=20962#breadcrumb\",\"itemListElement\":[{\"@type\":\"ListItem\",\"position\":1,\"name\":\"Portada\",\"item\":\"https:\/\/www.edugestores.pe\/\"},{\"@type\":\"ListItem\",\"position\":2,\"name\":\"Edugestores reporta: destacados de setiembre de 2018\"}]},{\"@type\":\"Person\",\"@id\":\"https:\/\/www.edugestores.pe\/#\/schema\/person\/30dc82f35f5853289037a64b35c7c7d3\",\"name\":\"Administrador\",\"image\":{\"@type\":\"ImageObject\",\"@id\":\"https:\/\/www.edugestores.pe\/#personlogo\",\"inLanguage\":\"es\",\"url\":\"https:\/\/secure.gravatar.com\/avatar\/70960d1239c4d2c778bb3d2786a3c1ae?s=96&d=mm&r=g\",\"contentUrl\":\"https:\/\/secure.gravatar.com\/avatar\/70960d1239c4d2c778bb3d2786a3c1ae?s=96&d=mm&r=g\",\"caption\":\"Administrador\"},\"url\":\"https:\/\/www.edugestores.pe\/?author=63\"}]}<\/script>\n<!-- \/ Yoast SEO plugin. -->","yoast_head_json":{"title":"Edugestores reporta: destacados de setiembre de 2018 - Red Peruana de Gestores de la Educaci\u00f3n","robots":{"index":"index","follow":"follow","max-snippet":"max-snippet:-1","max-image-preview":"max-image-preview:large","max-video-preview":"max-video-preview:-1"},"canonical":"https:\/\/www.edugestores.pe\/?p=20962","og_locale":"es_ES","og_type":"article","og_title":"Edugestores reporta: destacados de setiembre de 2018 - Red Peruana de Gestores de la Educaci\u00f3n","og_description":"\u00bfCu\u00e1les son las regiones\u00a0m\u00e1s activas en setiembre en\u00a0Edugestores? Tambi\u00e9n conoce cu\u00e1ntos usuarios estuvieron activos en la red durante este mes [&hellip;]","og_url":"https:\/\/www.edugestores.pe\/?p=20962","og_site_name":"Red Peruana de Gestores de la Educaci\u00f3n","article_published_time":"2018-10-09T00:46:46+00:00","article_modified_time":"2019-08-16T16:44:30+00:00","og_image":[{"width":700,"height":100,"url":"https:\/\/www.edugestores.pe\/wp-content\/uploads\/2018\/10\/CABECERA-EDU-REPORTA-oct-2018.png","type":"image\/png"}],"twitter_card":"summary_large_image","twitter_misc":{"Escrito por":"Administrador","Tiempo de lectura":"3 minutos"},"schema":{"@context":"https:\/\/schema.org","@graph":[{"@type":"WebSite","@id":"https:\/\/www.edugestores.pe\/#website","url":"https:\/\/www.edugestores.pe\/","name":"Red Peruana de Gestores de la Educaci\u00f3n","description":"Red Peruana de Gestores de la Educaci\u00f3n","potentialAction":[{"@type":"SearchAction","target":{"@type":"EntryPoint","urlTemplate":"https:\/\/www.edugestores.pe\/?s={search_term_string}"},"query-input":"required name=search_term_string"}],"inLanguage":"es"},{"@type":"ImageObject","@id":"https:\/\/www.edugestores.pe\/?p=20962#primaryimage","inLanguage":"es","url":"https:\/\/www.edugestores.pe\/wp-content\/uploads\/2018\/10\/CABECERA-EDU-REPORTA-oct-2018.png","contentUrl":"https:\/\/www.edugestores.pe\/wp-content\/uploads\/2018\/10\/CABECERA-EDU-REPORTA-oct-2018.png","width":700,"height":100},{"@type":"WebPage","@id":"https:\/\/www.edugestores.pe\/?p=20962#webpage","url":"https:\/\/www.edugestores.pe\/?p=20962","name":"Edugestores reporta: destacados de setiembre de 2018 - Red Peruana de Gestores de la Educaci\u00f3n","isPartOf":{"@id":"https:\/\/www.edugestores.pe\/#website"},"primaryImageOfPage":{"@id":"https:\/\/www.edugestores.pe\/?p=20962#primaryimage"},"datePublished":"2018-10-09T00:46:46+00:00","dateModified":"2019-08-16T16:44:30+00:00","author":{"@id":"https:\/\/www.edugestores.pe\/#\/schema\/person\/30dc82f35f5853289037a64b35c7c7d3"},"breadcrumb":{"@id":"https:\/\/www.edugestores.pe\/?p=20962#breadcrumb"},"inLanguage":"es","potentialAction":[{"@type":"ReadAction","target":["https:\/\/www.edugestores.pe\/?p=20962"]}]},{"@type":"BreadcrumbList","@id":"https:\/\/www.edugestores.pe\/?p=20962#breadcrumb","itemListElement":[{"@type":"ListItem","position":1,"name":"Portada","item":"https:\/\/www.edugestores.pe\/"},{"@type":"ListItem","position":2,"name":"Edugestores reporta: destacados de setiembre de 2018"}]},{"@type":"Person","@id":"https:\/\/www.edugestores.pe\/#\/schema\/person\/30dc82f35f5853289037a64b35c7c7d3","name":"Administrador","image":{"@type":"ImageObject","@id":"https:\/\/www.edugestores.pe\/#personlogo","inLanguage":"es","url":"https:\/\/secure.gravatar.com\/avatar\/70960d1239c4d2c778bb3d2786a3c1ae?s=96&d=mm&r=g","contentUrl":"https:\/\/secure.gravatar.com\/avatar\/70960d1239c4d2c778bb3d2786a3c1ae?s=96&d=mm&r=g","caption":"Administrador"},"url":"https:\/\/www.edugestores.pe\/?author=63"}]}},"jetpack_featured_media_url":"https:\/\/www.edugestores.pe\/wp-content\/uploads\/2018\/10\/CABECERA-EDU-REPORTA-oct-2018.png","_links":{"self":[{"href":"https:\/\/www.edugestores.pe\/index.php?rest_route=\/wp\/v2\/posts\/20962"}],"collection":[{"href":"https:\/\/www.edugestores.pe\/index.php?rest_route=\/wp\/v2\/posts"}],"about":[{"href":"https:\/\/www.edugestores.pe\/index.php?rest_route=\/wp\/v2\/types\/post"}],"author":[{"embeddable":true,"href":"https:\/\/www.edugestores.pe\/index.php?rest_route=\/wp\/v2\/users\/63"}],"replies":[{"embeddable":true,"href":"https:\/\/www.edugestores.pe\/index.php?rest_route=%2Fwp%2Fv2%2Fcomments&post=20962"}],"version-history":[{"count":2,"href":"https:\/\/www.edugestores.pe\/index.php?rest_route=\/wp\/v2\/posts\/20962\/revisions"}],"predecessor-version":[{"id":20964,"href":"https:\/\/www.edugestores.pe\/index.php?rest_route=\/wp\/v2\/posts\/20962\/revisions\/20964"}],"wp:featuredmedia":[{"embeddable":true,"href":"https:\/\/www.edugestores.pe\/index.php?rest_route=\/wp\/v2\/media\/20966"}],"wp:attachment":[{"href":"https:\/\/www.edugestores.pe\/index.php?rest_route=%2Fwp%2Fv2%2Fmedia&parent=20962"}],"wp:term":[{"taxonomy":"category","embeddable":true,"href":"https:\/\/www.edugestores.pe\/index.php?rest_route=%2Fwp%2Fv2%2Fcategories&post=20962"},{"taxonomy":"post_tag","embeddable":true,"href":"https:\/\/www.edugestores.pe\/index.php?rest_route=%2Fwp%2Fv2%2Ftags&post=20962"}],"curies":[{"name":"wp","href":"https:\/\/api.w.org\/{rel}","templated":true}]}}