{"id":20999,"date":"2018-10-15T22:55:09","date_gmt":"2018-10-16T03:55:09","guid":{"rendered":"https:\/\/www.edugestores.pe\/?p=20999"},"modified":"2018-10-25T20:28:13","modified_gmt":"2018-10-26T01:28:13","slug":"tinkuy-2018-conoce-a-algunas-delegaciones-regionales","status":"publish","type":"post","link":"https:\/\/www.edugestores.pe\/?p=20999","title":{"rendered":"Tinkuy 2018: conoce a algunas delegaciones regionales"},"content":{"rendered":"<p style=\"text-align: justify;\">La agencia Andina indica que m\u00e1s de 150 ni\u00f1os de pueblos originarios y de otras tradiciones culturales del Per\u00fa, Ecuador y Guatemala, que participan del Tinkuy 2018, vienen desarrollando diversas actividades\u00a0 en Lima. Y este martes,\u00a0los ni\u00f1os\u00a0tambi\u00e9n recorrieron las instalaciones de la Casa de Gobierno, el Sal\u00f3n Dorado, lugar en el que se realiza tradicionalmente la juramentaci\u00f3n de ministros; el Gran Hall y el Gran Comedor.<\/p>\n<div style=\"text-align: justify;\">Durante este emotivo encuentro, que re\u00fane a menores de sexto grado de primaria, el mandatario Martin Vizcarra dialog\u00f3 con Geraldy de Hu\u00e1nuco; Jean de Loreto, William y Romualdo de Puno, Juana de Guatemala y Johan de Moquegua. Durante este encuentro, los menores pidieron al mandatario que\u00a0contin\u00fae luchando contra la corrupci\u00f3n, la delincuencia y mejorar la educaci\u00f3n en el pa\u00eds.<\/div>\n<div style=\"text-align: justify;\"><\/div>\n<div style=\"text-align: justify;\">El\u00a0Tinkuy 2018\u00a0es organizado por la Direcci\u00f3n General de Educaci\u00f3n B\u00e1sica Alternativa Intercultural Biling\u00fce y de Servicio Educativo en el \u00c1mbito Rural del Minedu, y este a\u00f1o tiene como tema \u201cLos alimentos de mi comunidad: Aprendiendo a vivir sano y sin anemia\u201d.<\/div>\n<div style=\"text-align: justify;\"><\/div>\n<div style=\"text-align: justify;\">Este encuentro permite a los menores expresar sus aspiraciones y promueve el intercambio y la valoraci\u00f3n de la diversidad cultural y ling\u00fc\u00edstica; enfatizados en las pr\u00e1cticas, saberes y lenguas de los diversos pueblos.<\/div>\n<div style=\"text-align: justify;\"><\/div>\n<div style=\"text-align: justify;\">Los estudiantes proceden de los\u00a0pueblos ind\u00edgenas<strong>\u00a0<\/strong>ashaninka, aimara, awaj\u00fan, shawi, urarina, shipibo-konibo, wampis, matsigenka, yine, nomatsigenga, shiwilu, chapra, kukama kukamiria, yagua, secoya, mats\u00e9s, ese eja, cashinahua, sharanahua, kapanawa y quechua.<\/div>\n<div style=\"text-align: justify;\"><\/div>\n<div style=\"text-align: justify;\"><strong>Loreto.<\/strong> Seg\u00fan informaci\u00f3n del diario Voces, con el lema Los alimentos de mi comunidad, cuatro alumnos de la I.E.P. 62021 del distrito de Jeberos de la etnia shiwilu, participan este a\u00f1o en el Tinkuy. Ni\u00f1os del 5 y 6 grado de primaria exponen las costumbres y tradiciones de su comunidad, y la delegaci\u00f3n que representa a la Unidad de Gesti\u00f3n Educativa Local de Alto Amazonas pone en exhibici\u00f3n un plato novedoso conocido por los ancestros de Jeberos como el Pankihuala, hormiga tostada tipo la sikisapa, pero m\u00e1s peque\u00f1a. Acompa\u00f1an a los alumnos, el docente Rider Mozombite Guerrero y la madre de familia, Maritza Lachuma Maca.<\/div>\n<p><a href=\"https:\/\/www.edugestores.pe\/wp-content\/uploads\/2018\/10\/Delegaci\u00f3n-shiwilu-que-participa-en-TINKUY-2018.jpg\"><img decoding=\"async\" loading=\"lazy\" class=\"aligncenter size-full wp-image-21000\" src=\"https:\/\/www.edugestores.pe\/wp-content\/uploads\/2018\/10\/Delegaci\u00f3n-shiwilu-que-participa-en-TINKUY-2018.jpg\" alt=\"Delegaci\u00f3n-shiwilu-que-participa-en-TINKUY-2018\" width=\"650\" height=\"366\" srcset=\"https:\/\/www.edugestores.pe\/wp-content\/uploads\/2018\/10\/Delegaci\u00f3n-shiwilu-que-participa-en-TINKUY-2018.jpg 650w, https:\/\/www.edugestores.pe\/wp-content\/uploads\/2018\/10\/Delegaci\u00f3n-shiwilu-que-participa-en-TINKUY-2018-300x169.jpg 300w, https:\/\/www.edugestores.pe\/wp-content\/uploads\/2018\/10\/Delegaci\u00f3n-shiwilu-que-participa-en-TINKUY-2018-100x56.jpg 100w\" sizes=\"(max-width: 650px) 100vw, 650px\" \/><\/a><\/p>\n<p style=\"text-align: justify;\"><strong>Puno.<\/strong>\u00a0En la p\u00e1gina web de la radio Onda Azul se informa que los ni\u00f1os de\u00a0la I.E. de primaria 70168, Ayrumas Carumas de Acora,\u00a0participan representando a su regi\u00f3n.\u00a0La directora de la instituci\u00f3n educativa de Carumas, Bona Pineda Serruto, manifest\u00f3 que los ni\u00f1os compartir\u00e1n sus experiencias de c\u00f3mo es el proceso de crecimiento de productos desde la siembra hasta la cosecha. Entre los productos propios de la zona se ha considerado a la papa, charqui, tunta, carne. Adem\u00e1s se est\u00e1 tomando prioridad la ca\u00f1ihua, el mismo que es considerado como un alimento importante que contribuye en la alimentaci\u00f3n en el desarrollo de los ni\u00f1os.<\/p>\n<p style=\"text-align: justify;\"><strong>Arequipa<\/strong>.\u00a0Cuatro ni\u00f1os de la instituci\u00f3n educativa San Mart\u00edn de Porres de Acar\u00ed (Caravel\u00ed) representan a la regi\u00f3n. Sair Riveros (11), Diego Galarza (10), Gabriela Patricia Zegarra (12) y Melani Lava Bravo (11) son los menores que\u00a0vienen intercambiando las experiencias de vivir en diferentes contextos geogr\u00e1ficos y culturales. Los estudiantes han presentado el saltado del brote de ca\u00f1a brava, que crece a orillas del r\u00edo Acar\u00ed. &#8220;Este producto para consumirlo primero tenemos que macerarlo, con rodajas de lim\u00f3n, sal y agua de arroz, y se deja de 10 a 15 d\u00edas; esto posteriormente se sirve con arroz\u201d, dijo Diego Galarza. Por su parte, Sair Riveros explic\u00f3 que llevan esta propuesta porque es un potaje muy nutritivo en hierro y minerales, bueno para combatir la anemia y diabetes. Los peque\u00f1os tambi\u00e9n acuden a dicho encuentro porque Acar\u00ed,es el \u00fanico distrito con afrodescendientes, muestra de ello, demostrar\u00e1n su destreza para tocar el caj\u00f3n. (Correo).<\/p>\n<p><a href=\"https:\/\/www.edugestores.pe\/wp-content\/uploads\/2018\/10\/saltado-de-cana-brava-de-acari-para-reducir-la-ane-847033-577652-JPG_604x0.jpg\"><img decoding=\"async\" loading=\"lazy\" class=\"aligncenter size-full wp-image-21002\" src=\"https:\/\/www.edugestores.pe\/wp-content\/uploads\/2018\/10\/saltado-de-cana-brava-de-acari-para-reducir-la-ane-847033-577652-JPG_604x0.jpg\" alt=\"saltado-de-cana-brava-de-acari-para-reducir-la-ane-847033-577652-JPG_604x0\" width=\"604\" height=\"453\" srcset=\"https:\/\/www.edugestores.pe\/wp-content\/uploads\/2018\/10\/saltado-de-cana-brava-de-acari-para-reducir-la-ane-847033-577652-JPG_604x0.jpg 604w, https:\/\/www.edugestores.pe\/wp-content\/uploads\/2018\/10\/saltado-de-cana-brava-de-acari-para-reducir-la-ane-847033-577652-JPG_604x0-300x225.jpg 300w, https:\/\/www.edugestores.pe\/wp-content\/uploads\/2018\/10\/saltado-de-cana-brava-de-acari-para-reducir-la-ane-847033-577652-JPG_604x0-100x75.jpg 100w\" sizes=\"(max-width: 604px) 100vw, 604px\" \/><\/a><\/p>\n<p>&nbsp;<\/p>\n","protected":false},"excerpt":{"rendered":"<p>La agencia Andina indica que m\u00e1s de 150 ni\u00f1os de pueblos originarios y de otras tradiciones culturales del Per\u00fa, Ecuador [&hellip;]<\/p>\n","protected":false},"author":63,"featured_media":21001,"comment_status":"open","ping_status":"open","sticky":false,"template":"","format":"standard","meta":{"spay_email":""},"categories":[125],"tags":[],"yoast_head":"<!-- This site is optimized with the Yoast SEO plugin v18.0 - https:\/\/yoast.com\/wordpress\/plugins\/seo\/ -->\n<title>Tinkuy 2018: conoce a algunas delegaciones regionales - Red Peruana de Gestores de la Educaci\u00f3n<\/title>\n<meta name=\"robots\" content=\"index, follow, max-snippet:-1, max-image-preview:large, max-video-preview:-1\" \/>\n<link rel=\"canonical\" href=\"https:\/\/www.edugestores.pe\/?p=20999\" \/>\n<meta property=\"og:locale\" content=\"es_ES\" \/>\n<meta property=\"og:type\" content=\"article\" \/>\n<meta property=\"og:title\" content=\"Tinkuy 2018: conoce a algunas delegaciones regionales - Red Peruana de Gestores de la Educaci\u00f3n\" \/>\n<meta property=\"og:description\" content=\"La agencia Andina indica que m\u00e1s de 150 ni\u00f1os de pueblos originarios y de otras tradiciones culturales del Per\u00fa, Ecuador [&hellip;]\" \/>\n<meta property=\"og:url\" content=\"https:\/\/www.edugestores.pe\/?p=20999\" \/>\n<meta property=\"og:site_name\" content=\"Red Peruana de Gestores de la Educaci\u00f3n\" \/>\n<meta property=\"article:published_time\" content=\"2018-10-16T03:55:09+00:00\" \/>\n<meta property=\"article:modified_time\" content=\"2018-10-26T01:28:13+00:00\" \/>\n<meta property=\"og:image\" content=\"https:\/\/www.edugestores.pe\/wp-content\/uploads\/2018\/10\/000537664W.jpg\" \/>\n\t<meta property=\"og:image:width\" content=\"1800\" \/>\n\t<meta property=\"og:image:height\" content=\"1199\" \/>\n\t<meta property=\"og:image:type\" content=\"image\/jpeg\" \/>\n<meta name=\"twitter:card\" content=\"summary_large_image\" \/>\n<meta name=\"twitter:label1\" content=\"Escrito por\" \/>\n\t<meta name=\"twitter:data1\" content=\"Administrador\" \/>\n\t<meta name=\"twitter:label2\" content=\"Tiempo de lectura\" \/>\n\t<meta name=\"twitter:data2\" content=\"3 minutos\" \/>\n<script type=\"application\/ld+json\" class=\"yoast-schema-graph\">{\"@context\":\"https:\/\/schema.org\",\"@graph\":[{\"@type\":\"WebSite\",\"@id\":\"https:\/\/www.edugestores.pe\/#website\",\"url\":\"https:\/\/www.edugestores.pe\/\",\"name\":\"Red Peruana de Gestores de la Educaci\u00f3n\",\"description\":\"Red Peruana de Gestores de la Educaci\u00f3n\",\"potentialAction\":[{\"@type\":\"SearchAction\",\"target\":{\"@type\":\"EntryPoint\",\"urlTemplate\":\"https:\/\/www.edugestores.pe\/?s={search_term_string}\"},\"query-input\":\"required name=search_term_string\"}],\"inLanguage\":\"es\"},{\"@type\":\"ImageObject\",\"@id\":\"https:\/\/www.edugestores.pe\/?p=20999#primaryimage\",\"inLanguage\":\"es\",\"url\":\"https:\/\/www.edugestores.pe\/wp-content\/uploads\/2018\/10\/000537664W.jpg\",\"contentUrl\":\"https:\/\/www.edugestores.pe\/wp-content\/uploads\/2018\/10\/000537664W.jpg\",\"width\":1800,\"height\":1199},{\"@type\":\"WebPage\",\"@id\":\"https:\/\/www.edugestores.pe\/?p=20999#webpage\",\"url\":\"https:\/\/www.edugestores.pe\/?p=20999\",\"name\":\"Tinkuy 2018: conoce a algunas delegaciones regionales - Red Peruana de Gestores de la Educaci\u00f3n\",\"isPartOf\":{\"@id\":\"https:\/\/www.edugestores.pe\/#website\"},\"primaryImageOfPage\":{\"@id\":\"https:\/\/www.edugestores.pe\/?p=20999#primaryimage\"},\"datePublished\":\"2018-10-16T03:55:09+00:00\",\"dateModified\":\"2018-10-26T01:28:13+00:00\",\"author\":{\"@id\":\"https:\/\/www.edugestores.pe\/#\/schema\/person\/30dc82f35f5853289037a64b35c7c7d3\"},\"breadcrumb\":{\"@id\":\"https:\/\/www.edugestores.pe\/?p=20999#breadcrumb\"},\"inLanguage\":\"es\",\"potentialAction\":[{\"@type\":\"ReadAction\",\"target\":[\"https:\/\/www.edugestores.pe\/?p=20999\"]}]},{\"@type\":\"BreadcrumbList\",\"@id\":\"https:\/\/www.edugestores.pe\/?p=20999#breadcrumb\",\"itemListElement\":[{\"@type\":\"ListItem\",\"position\":1,\"name\":\"Portada\",\"item\":\"https:\/\/www.edugestores.pe\/\"},{\"@type\":\"ListItem\",\"position\":2,\"name\":\"Tinkuy 2018: conoce a algunas delegaciones regionales\"}]},{\"@type\":\"Person\",\"@id\":\"https:\/\/www.edugestores.pe\/#\/schema\/person\/30dc82f35f5853289037a64b35c7c7d3\",\"name\":\"Administrador\",\"image\":{\"@type\":\"ImageObject\",\"@id\":\"https:\/\/www.edugestores.pe\/#personlogo\",\"inLanguage\":\"es\",\"url\":\"https:\/\/secure.gravatar.com\/avatar\/70960d1239c4d2c778bb3d2786a3c1ae?s=96&d=mm&r=g\",\"contentUrl\":\"https:\/\/secure.gravatar.com\/avatar\/70960d1239c4d2c778bb3d2786a3c1ae?s=96&d=mm&r=g\",\"caption\":\"Administrador\"},\"url\":\"https:\/\/www.edugestores.pe\/?author=63\"}]}<\/script>\n<!-- \/ Yoast SEO plugin. -->","yoast_head_json":{"title":"Tinkuy 2018: conoce a algunas delegaciones regionales - Red Peruana de Gestores de la Educaci\u00f3n","robots":{"index":"index","follow":"follow","max-snippet":"max-snippet:-1","max-image-preview":"max-image-preview:large","max-video-preview":"max-video-preview:-1"},"canonical":"https:\/\/www.edugestores.pe\/?p=20999","og_locale":"es_ES","og_type":"article","og_title":"Tinkuy 2018: conoce a algunas delegaciones regionales - Red Peruana de Gestores de la Educaci\u00f3n","og_description":"La agencia Andina indica que m\u00e1s de 150 ni\u00f1os de pueblos originarios y de otras tradiciones culturales del Per\u00fa, Ecuador [&hellip;]","og_url":"https:\/\/www.edugestores.pe\/?p=20999","og_site_name":"Red Peruana de Gestores de la Educaci\u00f3n","article_published_time":"2018-10-16T03:55:09+00:00","article_modified_time":"2018-10-26T01:28:13+00:00","og_image":[{"width":1800,"height":1199,"url":"https:\/\/www.edugestores.pe\/wp-content\/uploads\/2018\/10\/000537664W.jpg","type":"image\/jpeg"}],"twitter_card":"summary_large_image","twitter_misc":{"Escrito por":"Administrador","Tiempo de lectura":"3 minutos"},"schema":{"@context":"https:\/\/schema.org","@graph":[{"@type":"WebSite","@id":"https:\/\/www.edugestores.pe\/#website","url":"https:\/\/www.edugestores.pe\/","name":"Red Peruana de Gestores de la Educaci\u00f3n","description":"Red Peruana de Gestores de la Educaci\u00f3n","potentialAction":[{"@type":"SearchAction","target":{"@type":"EntryPoint","urlTemplate":"https:\/\/www.edugestores.pe\/?s={search_term_string}"},"query-input":"required name=search_term_string"}],"inLanguage":"es"},{"@type":"ImageObject","@id":"https:\/\/www.edugestores.pe\/?p=20999#primaryimage","inLanguage":"es","url":"https:\/\/www.edugestores.pe\/wp-content\/uploads\/2018\/10\/000537664W.jpg","contentUrl":"https:\/\/www.edugestores.pe\/wp-content\/uploads\/2018\/10\/000537664W.jpg","width":1800,"height":1199},{"@type":"WebPage","@id":"https:\/\/www.edugestores.pe\/?p=20999#webpage","url":"https:\/\/www.edugestores.pe\/?p=20999","name":"Tinkuy 2018: conoce a algunas delegaciones regionales - Red Peruana de Gestores de la Educaci\u00f3n","isPartOf":{"@id":"https:\/\/www.edugestores.pe\/#website"},"primaryImageOfPage":{"@id":"https:\/\/www.edugestores.pe\/?p=20999#primaryimage"},"datePublished":"2018-10-16T03:55:09+00:00","dateModified":"2018-10-26T01:28:13+00:00","author":{"@id":"https:\/\/www.edugestores.pe\/#\/schema\/person\/30dc82f35f5853289037a64b35c7c7d3"},"breadcrumb":{"@id":"https:\/\/www.edugestores.pe\/?p=20999#breadcrumb"},"inLanguage":"es","potentialAction":[{"@type":"ReadAction","target":["https:\/\/www.edugestores.pe\/?p=20999"]}]},{"@type":"BreadcrumbList","@id":"https:\/\/www.edugestores.pe\/?p=20999#breadcrumb","itemListElement":[{"@type":"ListItem","position":1,"name":"Portada","item":"https:\/\/www.edugestores.pe\/"},{"@type":"ListItem","position":2,"name":"Tinkuy 2018: conoce a algunas delegaciones regionales"}]},{"@type":"Person","@id":"https:\/\/www.edugestores.pe\/#\/schema\/person\/30dc82f35f5853289037a64b35c7c7d3","name":"Administrador","image":{"@type":"ImageObject","@id":"https:\/\/www.edugestores.pe\/#personlogo","inLanguage":"es","url":"https:\/\/secure.gravatar.com\/avatar\/70960d1239c4d2c778bb3d2786a3c1ae?s=96&d=mm&r=g","contentUrl":"https:\/\/secure.gravatar.com\/avatar\/70960d1239c4d2c778bb3d2786a3c1ae?s=96&d=mm&r=g","caption":"Administrador"},"url":"https:\/\/www.edugestores.pe\/?author=63"}]}},"jetpack_featured_media_url":"https:\/\/www.edugestores.pe\/wp-content\/uploads\/2018\/10\/000537664W.jpg","_links":{"self":[{"href":"https:\/\/www.edugestores.pe\/index.php?rest_route=\/wp\/v2\/posts\/20999"}],"collection":[{"href":"https:\/\/www.edugestores.pe\/index.php?rest_route=\/wp\/v2\/posts"}],"about":[{"href":"https:\/\/www.edugestores.pe\/index.php?rest_route=\/wp\/v2\/types\/post"}],"author":[{"embeddable":true,"href":"https:\/\/www.edugestores.pe\/index.php?rest_route=\/wp\/v2\/users\/63"}],"replies":[{"embeddable":true,"href":"https:\/\/www.edugestores.pe\/index.php?rest_route=%2Fwp%2Fv2%2Fcomments&post=20999"}],"version-history":[{"count":2,"href":"https:\/\/www.edugestores.pe\/index.php?rest_route=\/wp\/v2\/posts\/20999\/revisions"}],"predecessor-version":[{"id":21004,"href":"https:\/\/www.edugestores.pe\/index.php?rest_route=\/wp\/v2\/posts\/20999\/revisions\/21004"}],"wp:featuredmedia":[{"embeddable":true,"href":"https:\/\/www.edugestores.pe\/index.php?rest_route=\/wp\/v2\/media\/21001"}],"wp:attachment":[{"href":"https:\/\/www.edugestores.pe\/index.php?rest_route=%2Fwp%2Fv2%2Fmedia&parent=20999"}],"wp:term":[{"taxonomy":"category","embeddable":true,"href":"https:\/\/www.edugestores.pe\/index.php?rest_route=%2Fwp%2Fv2%2Fcategories&post=20999"},{"taxonomy":"post_tag","embeddable":true,"href":"https:\/\/www.edugestores.pe\/index.php?rest_route=%2Fwp%2Fv2%2Ftags&post=20999"}],"curies":[{"name":"wp","href":"https:\/\/api.w.org\/{rel}","templated":true}]}}