{"id":21078,"date":"2018-10-22T11:04:44","date_gmt":"2018-10-22T16:04:44","guid":{"rendered":"https:\/\/www.edugestores.pe\/?p=21078"},"modified":"2019-08-16T11:43:51","modified_gmt":"2019-08-16T16:43:51","slug":"edugestores-propone-n-15-rectoria-y-concordancia-entre-politicas-nacionales-y-subnacionales-en-educacion","status":"publish","type":"post","link":"https:\/\/www.edugestores.pe\/?p=21078","title":{"rendered":"Edugestores Propone N\u00b0 15: Rector\u00eda y concordancia entre pol\u00edticas nacionales y subnacionales en educaci\u00f3n"},"content":{"rendered":"<p style=\"text-align: justify;\">Publicamos sobre nuestros aportes al debate que convocamos a partir del \u201cReglamento que regula las Pol\u00edticas Nacionales\u201d, del\u00a0Centro Nacional de Planeamiento Estrat\u00e9gico (Ceplan),<em>\u00a0<\/em>en\u00a0agosto del presente a\u00f1o, y que condensamos en nuestro reporte <a href=\"https:\/\/www.edugestores.pe\/docs\/edugestores-propone-15-rectoria-y-concordancia-entre-politicas-nacionales-y-subnacionales-en-educacion\/\">E<em>dugestores Propone N\u00b0 15: Rector\u00eda y concordancia entre pol\u00edticas nacionales y subnacionales en educaci\u00f3n<\/em><\/a>.<\/p>\n<p style=\"text-align: justify;\">Edugestores invit\u00f3 a sus miembros a participar en\u00a0este debate virtual con el objetivo de colaborar con propuestas dirigidas a articular las pol\u00edticas sectoriales elaboradas por el Ministerio de Educaci\u00f3n (Minedu), con el marco de pol\u00edticas de Estado y la Pol\u00edtica General de Gobierno al 2021, fortalecer el rol de rector\u00eda del Minedu y lograr que las pol\u00edticas regionales y locales sean efectivamente concordantes con las pol\u00edticas sectoriales.<\/p>\n<p style=\"text-align: justify;\">Edugestores reconoce el notable esfuerzo del Ceplan para avanzar en una propuesta metodol\u00f3gica que articule las Pol\u00edticas Nacionales (con una mejor definici\u00f3n y contenido) con los instrumentos del Sistema Nacional de Planeamiento (SINAPLAN), pero tambi\u00e9n encuentra motivos de preocupaci\u00f3n que compartimos a continuaci\u00f3n acompa\u00f1ados de algunas recomendaciones.<\/p>\n<p style=\"text-align: justify;\">Presentamos las propuestas de nuestra comunidad, algunas de las cu\u00e1les ya han sido recogidas por Ceplan, en la versi\u00f3n final de la Gu\u00eda, cuya aprobaci\u00f3n se produjo en setiembre pasado, mientras el debate virtual continuaba en proceso.<\/p>\n<p style=\"text-align: justify;\">Acceda al Edugestores Propone N\u00b0 15, <a href=\"https:\/\/www.edugestores.pe\/docs\/edugestores-propone-15-rectoria-y-concordancia-entre-politicas-nacionales-y-subnacionales-en-educacion\/\">aqu\u00ed<\/a>.<\/p>\n<p>[pdf-light-viewer id=&#8221;21074&#8243;]<\/p>\n","protected":false},"excerpt":{"rendered":"<p>Publicamos sobre nuestros aportes al debate que convocamos a partir del \u201cReglamento que regula las Pol\u00edticas Nacionales\u201d, del\u00a0Centro Nacional de [&hellip;]<\/p>\n","protected":false},"author":63,"featured_media":21079,"comment_status":"open","ping_status":"open","sticky":false,"template":"","format":"standard","meta":{"spay_email":""},"categories":[339,1413],"tags":[],"yoast_head":"<!-- This site is optimized with the Yoast SEO plugin v18.0 - https:\/\/yoast.com\/wordpress\/plugins\/seo\/ -->\n<title>Edugestores Propone N\u00b0 15: Rector\u00eda y concordancia entre pol\u00edticas nacionales y subnacionales en educaci\u00f3n - Red Peruana de Gestores de la Educaci\u00f3n<\/title>\n<meta name=\"robots\" content=\"index, follow, max-snippet:-1, max-image-preview:large, max-video-preview:-1\" \/>\n<link rel=\"canonical\" href=\"https:\/\/www.edugestores.pe\/?p=21078\" \/>\n<meta property=\"og:locale\" content=\"es_ES\" \/>\n<meta property=\"og:type\" content=\"article\" \/>\n<meta property=\"og:title\" content=\"Edugestores Propone N\u00b0 15: Rector\u00eda y concordancia entre pol\u00edticas nacionales y subnacionales en educaci\u00f3n - Red Peruana de Gestores de la Educaci\u00f3n\" \/>\n<meta property=\"og:description\" content=\"Publicamos sobre nuestros aportes al debate que convocamos a partir del \u201cReglamento que regula las Pol\u00edticas Nacionales\u201d, del\u00a0Centro Nacional de [&hellip;]\" \/>\n<meta property=\"og:url\" content=\"https:\/\/www.edugestores.pe\/?p=21078\" \/>\n<meta property=\"og:site_name\" content=\"Red Peruana de Gestores de la Educaci\u00f3n\" \/>\n<meta property=\"article:published_time\" content=\"2018-10-22T16:04:44+00:00\" \/>\n<meta property=\"article:modified_time\" content=\"2019-08-16T16:43:51+00:00\" \/>\n<meta property=\"og:image\" content=\"https:\/\/www.edugestores.pe\/wp-content\/uploads\/2018\/10\/CABECERA-EDU-PROPONEOCT-2018.png\" \/>\n\t<meta property=\"og:image:width\" content=\"700\" \/>\n\t<meta property=\"og:image:height\" content=\"100\" \/>\n\t<meta property=\"og:image:type\" content=\"image\/png\" \/>\n<meta name=\"twitter:card\" content=\"summary_large_image\" \/>\n<meta name=\"twitter:label1\" content=\"Escrito por\" \/>\n\t<meta name=\"twitter:data1\" content=\"Administrador\" \/>\n\t<meta name=\"twitter:label2\" content=\"Tiempo de lectura\" \/>\n\t<meta name=\"twitter:data2\" content=\"1 minuto\" \/>\n<script type=\"application\/ld+json\" class=\"yoast-schema-graph\">{\"@context\":\"https:\/\/schema.org\",\"@graph\":[{\"@type\":\"WebSite\",\"@id\":\"https:\/\/www.edugestores.pe\/#website\",\"url\":\"https:\/\/www.edugestores.pe\/\",\"name\":\"Red Peruana de Gestores de la Educaci\u00f3n\",\"description\":\"Red Peruana de Gestores de la Educaci\u00f3n\",\"potentialAction\":[{\"@type\":\"SearchAction\",\"target\":{\"@type\":\"EntryPoint\",\"urlTemplate\":\"https:\/\/www.edugestores.pe\/?s={search_term_string}\"},\"query-input\":\"required name=search_term_string\"}],\"inLanguage\":\"es\"},{\"@type\":\"ImageObject\",\"@id\":\"https:\/\/www.edugestores.pe\/?p=21078#primaryimage\",\"inLanguage\":\"es\",\"url\":\"https:\/\/www.edugestores.pe\/wp-content\/uploads\/2018\/10\/CABECERA-EDU-PROPONEOCT-2018.png\",\"contentUrl\":\"https:\/\/www.edugestores.pe\/wp-content\/uploads\/2018\/10\/CABECERA-EDU-PROPONEOCT-2018.png\",\"width\":700,\"height\":100},{\"@type\":\"WebPage\",\"@id\":\"https:\/\/www.edugestores.pe\/?p=21078#webpage\",\"url\":\"https:\/\/www.edugestores.pe\/?p=21078\",\"name\":\"Edugestores Propone N\u00b0 15: Rector\u00eda y concordancia entre pol\u00edticas nacionales y subnacionales en educaci\u00f3n - Red Peruana de Gestores de la Educaci\u00f3n\",\"isPartOf\":{\"@id\":\"https:\/\/www.edugestores.pe\/#website\"},\"primaryImageOfPage\":{\"@id\":\"https:\/\/www.edugestores.pe\/?p=21078#primaryimage\"},\"datePublished\":\"2018-10-22T16:04:44+00:00\",\"dateModified\":\"2019-08-16T16:43:51+00:00\",\"author\":{\"@id\":\"https:\/\/www.edugestores.pe\/#\/schema\/person\/30dc82f35f5853289037a64b35c7c7d3\"},\"breadcrumb\":{\"@id\":\"https:\/\/www.edugestores.pe\/?p=21078#breadcrumb\"},\"inLanguage\":\"es\",\"potentialAction\":[{\"@type\":\"ReadAction\",\"target\":[\"https:\/\/www.edugestores.pe\/?p=21078\"]}]},{\"@type\":\"BreadcrumbList\",\"@id\":\"https:\/\/www.edugestores.pe\/?p=21078#breadcrumb\",\"itemListElement\":[{\"@type\":\"ListItem\",\"position\":1,\"name\":\"Portada\",\"item\":\"https:\/\/www.edugestores.pe\/\"},{\"@type\":\"ListItem\",\"position\":2,\"name\":\"Edugestores Propone N\u00b0 15: Rector\u00eda y concordancia entre pol\u00edticas nacionales y subnacionales en educaci\u00f3n\"}]},{\"@type\":\"Person\",\"@id\":\"https:\/\/www.edugestores.pe\/#\/schema\/person\/30dc82f35f5853289037a64b35c7c7d3\",\"name\":\"Administrador\",\"image\":{\"@type\":\"ImageObject\",\"@id\":\"https:\/\/www.edugestores.pe\/#personlogo\",\"inLanguage\":\"es\",\"url\":\"https:\/\/secure.gravatar.com\/avatar\/70960d1239c4d2c778bb3d2786a3c1ae?s=96&d=mm&r=g\",\"contentUrl\":\"https:\/\/secure.gravatar.com\/avatar\/70960d1239c4d2c778bb3d2786a3c1ae?s=96&d=mm&r=g\",\"caption\":\"Administrador\"},\"url\":\"https:\/\/www.edugestores.pe\/?author=63\"}]}<\/script>\n<!-- \/ Yoast SEO plugin. -->","yoast_head_json":{"title":"Edugestores Propone N\u00b0 15: Rector\u00eda y concordancia entre pol\u00edticas nacionales y subnacionales en educaci\u00f3n - Red Peruana de Gestores de la Educaci\u00f3n","robots":{"index":"index","follow":"follow","max-snippet":"max-snippet:-1","max-image-preview":"max-image-preview:large","max-video-preview":"max-video-preview:-1"},"canonical":"https:\/\/www.edugestores.pe\/?p=21078","og_locale":"es_ES","og_type":"article","og_title":"Edugestores Propone N\u00b0 15: Rector\u00eda y concordancia entre pol\u00edticas nacionales y subnacionales en educaci\u00f3n - Red Peruana de Gestores de la Educaci\u00f3n","og_description":"Publicamos sobre nuestros aportes al debate que convocamos a partir del \u201cReglamento que regula las Pol\u00edticas Nacionales\u201d, del\u00a0Centro Nacional de [&hellip;]","og_url":"https:\/\/www.edugestores.pe\/?p=21078","og_site_name":"Red Peruana de Gestores de la Educaci\u00f3n","article_published_time":"2018-10-22T16:04:44+00:00","article_modified_time":"2019-08-16T16:43:51+00:00","og_image":[{"width":700,"height":100,"url":"https:\/\/www.edugestores.pe\/wp-content\/uploads\/2018\/10\/CABECERA-EDU-PROPONEOCT-2018.png","type":"image\/png"}],"twitter_card":"summary_large_image","twitter_misc":{"Escrito por":"Administrador","Tiempo de lectura":"1 minuto"},"schema":{"@context":"https:\/\/schema.org","@graph":[{"@type":"WebSite","@id":"https:\/\/www.edugestores.pe\/#website","url":"https:\/\/www.edugestores.pe\/","name":"Red Peruana de Gestores de la Educaci\u00f3n","description":"Red Peruana de Gestores de la Educaci\u00f3n","potentialAction":[{"@type":"SearchAction","target":{"@type":"EntryPoint","urlTemplate":"https:\/\/www.edugestores.pe\/?s={search_term_string}"},"query-input":"required name=search_term_string"}],"inLanguage":"es"},{"@type":"ImageObject","@id":"https:\/\/www.edugestores.pe\/?p=21078#primaryimage","inLanguage":"es","url":"https:\/\/www.edugestores.pe\/wp-content\/uploads\/2018\/10\/CABECERA-EDU-PROPONEOCT-2018.png","contentUrl":"https:\/\/www.edugestores.pe\/wp-content\/uploads\/2018\/10\/CABECERA-EDU-PROPONEOCT-2018.png","width":700,"height":100},{"@type":"WebPage","@id":"https:\/\/www.edugestores.pe\/?p=21078#webpage","url":"https:\/\/www.edugestores.pe\/?p=21078","name":"Edugestores Propone N\u00b0 15: Rector\u00eda y concordancia entre pol\u00edticas nacionales y subnacionales en educaci\u00f3n - Red Peruana de Gestores de la Educaci\u00f3n","isPartOf":{"@id":"https:\/\/www.edugestores.pe\/#website"},"primaryImageOfPage":{"@id":"https:\/\/www.edugestores.pe\/?p=21078#primaryimage"},"datePublished":"2018-10-22T16:04:44+00:00","dateModified":"2019-08-16T16:43:51+00:00","author":{"@id":"https:\/\/www.edugestores.pe\/#\/schema\/person\/30dc82f35f5853289037a64b35c7c7d3"},"breadcrumb":{"@id":"https:\/\/www.edugestores.pe\/?p=21078#breadcrumb"},"inLanguage":"es","potentialAction":[{"@type":"ReadAction","target":["https:\/\/www.edugestores.pe\/?p=21078"]}]},{"@type":"BreadcrumbList","@id":"https:\/\/www.edugestores.pe\/?p=21078#breadcrumb","itemListElement":[{"@type":"ListItem","position":1,"name":"Portada","item":"https:\/\/www.edugestores.pe\/"},{"@type":"ListItem","position":2,"name":"Edugestores Propone N\u00b0 15: Rector\u00eda y concordancia entre pol\u00edticas nacionales y subnacionales en educaci\u00f3n"}]},{"@type":"Person","@id":"https:\/\/www.edugestores.pe\/#\/schema\/person\/30dc82f35f5853289037a64b35c7c7d3","name":"Administrador","image":{"@type":"ImageObject","@id":"https:\/\/www.edugestores.pe\/#personlogo","inLanguage":"es","url":"https:\/\/secure.gravatar.com\/avatar\/70960d1239c4d2c778bb3d2786a3c1ae?s=96&d=mm&r=g","contentUrl":"https:\/\/secure.gravatar.com\/avatar\/70960d1239c4d2c778bb3d2786a3c1ae?s=96&d=mm&r=g","caption":"Administrador"},"url":"https:\/\/www.edugestores.pe\/?author=63"}]}},"jetpack_featured_media_url":"https:\/\/www.edugestores.pe\/wp-content\/uploads\/2018\/10\/CABECERA-EDU-PROPONEOCT-2018.png","_links":{"self":[{"href":"https:\/\/www.edugestores.pe\/index.php?rest_route=\/wp\/v2\/posts\/21078"}],"collection":[{"href":"https:\/\/www.edugestores.pe\/index.php?rest_route=\/wp\/v2\/posts"}],"about":[{"href":"https:\/\/www.edugestores.pe\/index.php?rest_route=\/wp\/v2\/types\/post"}],"author":[{"embeddable":true,"href":"https:\/\/www.edugestores.pe\/index.php?rest_route=\/wp\/v2\/users\/63"}],"replies":[{"embeddable":true,"href":"https:\/\/www.edugestores.pe\/index.php?rest_route=%2Fwp%2Fv2%2Fcomments&post=21078"}],"version-history":[{"count":3,"href":"https:\/\/www.edugestores.pe\/index.php?rest_route=\/wp\/v2\/posts\/21078\/revisions"}],"predecessor-version":[{"id":21086,"href":"https:\/\/www.edugestores.pe\/index.php?rest_route=\/wp\/v2\/posts\/21078\/revisions\/21086"}],"wp:featuredmedia":[{"embeddable":true,"href":"https:\/\/www.edugestores.pe\/index.php?rest_route=\/wp\/v2\/media\/21079"}],"wp:attachment":[{"href":"https:\/\/www.edugestores.pe\/index.php?rest_route=%2Fwp%2Fv2%2Fmedia&parent=21078"}],"wp:term":[{"taxonomy":"category","embeddable":true,"href":"https:\/\/www.edugestores.pe\/index.php?rest_route=%2Fwp%2Fv2%2Fcategories&post=21078"},{"taxonomy":"post_tag","embeddable":true,"href":"https:\/\/www.edugestores.pe\/index.php?rest_route=%2Fwp%2Fv2%2Ftags&post=21078"}],"curies":[{"name":"wp","href":"https:\/\/api.w.org\/{rel}","templated":true}]}}