{"id":21111,"date":"2018-10-31T16:26:13","date_gmt":"2018-10-31T21:26:13","guid":{"rendered":"https:\/\/www.edugestores.pe\/?p=21111"},"modified":"2018-11-04T07:29:33","modified_gmt":"2018-11-04T12:29:33","slug":"arequipa-minedu-refuerza-aprendizaje-escolar-de-pueblos-originarios","status":"publish","type":"post","link":"https:\/\/www.edugestores.pe\/?p=21111","title":{"rendered":"Arequipa: Minedu refuerza aprendizaje escolar de pueblos originarios"},"content":{"rendered":"<p style=\"text-align: justify;\">Durante el\u00a0VI Taller Macrorregional de Fortalecimiento de Competencias y Desempe\u00f1os de los Acompa\u00f1antes de Soporte Pedag\u00f3gico Intercultural, realizado en la Universidad Cat\u00f3lica de Santa Mar\u00eda de Arequipa, el ministro de Educaci\u00f3n, Daniel Alfaro, subray\u00f3 que la capacidad de conducir el futuro de cada comunidad est\u00e1 en la educaci\u00f3n.<\/p>\n<div>\n<div style=\"text-align: justify;\">\u201cLa educaci\u00f3n permite desarrollar todas las herramientas necesarias para que una persona, orgullosa de su origen, pueda decidir cu\u00e1nto le puede aportar al Per\u00fa\u201d, enfatiz\u00f3 el titular del sector\u00a0 en el encuentro con 188 acompa\u00f1antes pedag\u00f3gicos y 30 especialistas de educaci\u00f3n intercultural biling\u00fce de Apur\u00edmac, Arequipa, Cusco, Puno y Madre de Dios. \u201cY esto se logra primero en el aula, y es ah\u00ed cuando los\u00a0programas de acompa\u00f1amiento intercultural biling\u00fce\u00a0tienen un rol fundamental, pues no solo se busca\u00a0traducir a las lenguas originarias los contenidos educativos, sino\u00a0construir procesos formativos\u00a0en la cosmovisi\u00f3n de la comunidad\u201d, afirm\u00f3. Manifest\u00f3, adem\u00e1s, que\u00a0un profesor no solo es un referente en la formaci\u00f3n de ni\u00f1os y adolescentes, sino de todos los integrantes de la comunidad educativa.<\/div>\n<div>\n<div style=\"text-align: justify;\"><\/div>\n<div style=\"text-align: justify;\">\u201cPor tal motivo, el rol del maestro es vital en el\u00a0acompa\u00f1amiento intercultural biling\u00fce, y el trabajo de ustedes es esencial para el desarrollo de dos objetivos de la pol\u00edtica educativa al 2021:\u00a0igualdad de oportunidades para todos los peruanos\u00a0sin importar el nivel socioecon\u00f3mico, el \u00e1rea geogr\u00e1fica o el g\u00e9nero, y la construcci\u00f3n de una ciudadan\u00eda intercultural\u201d, asever\u00f3.<\/div>\n<div style=\"text-align: justify;\">El programa de\u00a0acompa\u00f1antes de\u00a0soporte pedag\u00f3gico intercultural\u00a0se desarrolla en 18 regiones del pa\u00eds\u00a0y en su implementaci\u00f3n este a\u00f1o\u00a0se han invertido m\u00e1s de 82 millones de soles.<\/div>\n<\/div>\n<div style=\"text-align: justify;\">Tomado de Andina. Foto: Minedu.<\/div>\n<\/div>\n","protected":false},"excerpt":{"rendered":"<p>Durante el\u00a0VI Taller Macrorregional de Fortalecimiento de Competencias y Desempe\u00f1os de los Acompa\u00f1antes de Soporte Pedag\u00f3gico Intercultural, realizado en la [&hellip;]<\/p>\n","protected":false},"author":63,"featured_media":21112,"comment_status":"open","ping_status":"open","sticky":false,"template":"","format":"standard","meta":{"spay_email":""},"categories":[125],"tags":[],"yoast_head":"<!-- This site is optimized with the Yoast SEO plugin v18.0 - https:\/\/yoast.com\/wordpress\/plugins\/seo\/ -->\n<title>Arequipa: Minedu refuerza aprendizaje escolar de pueblos originarios - Red Peruana de Gestores de la Educaci\u00f3n<\/title>\n<meta name=\"robots\" content=\"index, follow, max-snippet:-1, max-image-preview:large, max-video-preview:-1\" \/>\n<link rel=\"canonical\" href=\"https:\/\/www.edugestores.pe\/?p=21111\" \/>\n<meta property=\"og:locale\" content=\"es_ES\" \/>\n<meta property=\"og:type\" content=\"article\" \/>\n<meta property=\"og:title\" content=\"Arequipa: Minedu refuerza aprendizaje escolar de pueblos originarios - Red Peruana de Gestores de la Educaci\u00f3n\" \/>\n<meta property=\"og:description\" content=\"Durante el\u00a0VI Taller Macrorregional de Fortalecimiento de Competencias y Desempe\u00f1os de los Acompa\u00f1antes de Soporte Pedag\u00f3gico Intercultural, realizado en la [&hellip;]\" \/>\n<meta property=\"og:url\" content=\"https:\/\/www.edugestores.pe\/?p=21111\" \/>\n<meta property=\"og:site_name\" content=\"Red Peruana de Gestores de la Educaci\u00f3n\" \/>\n<meta property=\"article:published_time\" content=\"2018-10-31T21:26:13+00:00\" \/>\n<meta property=\"article:modified_time\" content=\"2018-11-04T12:29:33+00:00\" \/>\n<meta property=\"og:image\" content=\"https:\/\/www.edugestores.pe\/wp-content\/uploads\/2018\/10\/000541841M.jpg\" \/>\n\t<meta property=\"og:image:width\" content=\"500\" \/>\n\t<meta property=\"og:image:height\" content=\"333\" \/>\n\t<meta property=\"og:image:type\" content=\"image\/jpeg\" \/>\n<meta name=\"twitter:card\" content=\"summary_large_image\" \/>\n<meta name=\"twitter:label1\" content=\"Escrito por\" \/>\n\t<meta name=\"twitter:data1\" content=\"Administrador\" \/>\n\t<meta name=\"twitter:label2\" content=\"Tiempo de lectura\" \/>\n\t<meta name=\"twitter:data2\" content=\"1 minuto\" \/>\n<script type=\"application\/ld+json\" class=\"yoast-schema-graph\">{\"@context\":\"https:\/\/schema.org\",\"@graph\":[{\"@type\":\"WebSite\",\"@id\":\"https:\/\/www.edugestores.pe\/#website\",\"url\":\"https:\/\/www.edugestores.pe\/\",\"name\":\"Red Peruana de Gestores de la Educaci\u00f3n\",\"description\":\"Red Peruana de Gestores de la Educaci\u00f3n\",\"potentialAction\":[{\"@type\":\"SearchAction\",\"target\":{\"@type\":\"EntryPoint\",\"urlTemplate\":\"https:\/\/www.edugestores.pe\/?s={search_term_string}\"},\"query-input\":\"required name=search_term_string\"}],\"inLanguage\":\"es\"},{\"@type\":\"ImageObject\",\"@id\":\"https:\/\/www.edugestores.pe\/?p=21111#primaryimage\",\"inLanguage\":\"es\",\"url\":\"https:\/\/www.edugestores.pe\/wp-content\/uploads\/2018\/10\/000541841M.jpg\",\"contentUrl\":\"https:\/\/www.edugestores.pe\/wp-content\/uploads\/2018\/10\/000541841M.jpg\",\"width\":500,\"height\":333},{\"@type\":\"WebPage\",\"@id\":\"https:\/\/www.edugestores.pe\/?p=21111#webpage\",\"url\":\"https:\/\/www.edugestores.pe\/?p=21111\",\"name\":\"Arequipa: Minedu refuerza aprendizaje escolar de pueblos originarios - Red Peruana de Gestores de la Educaci\u00f3n\",\"isPartOf\":{\"@id\":\"https:\/\/www.edugestores.pe\/#website\"},\"primaryImageOfPage\":{\"@id\":\"https:\/\/www.edugestores.pe\/?p=21111#primaryimage\"},\"datePublished\":\"2018-10-31T21:26:13+00:00\",\"dateModified\":\"2018-11-04T12:29:33+00:00\",\"author\":{\"@id\":\"https:\/\/www.edugestores.pe\/#\/schema\/person\/30dc82f35f5853289037a64b35c7c7d3\"},\"breadcrumb\":{\"@id\":\"https:\/\/www.edugestores.pe\/?p=21111#breadcrumb\"},\"inLanguage\":\"es\",\"potentialAction\":[{\"@type\":\"ReadAction\",\"target\":[\"https:\/\/www.edugestores.pe\/?p=21111\"]}]},{\"@type\":\"BreadcrumbList\",\"@id\":\"https:\/\/www.edugestores.pe\/?p=21111#breadcrumb\",\"itemListElement\":[{\"@type\":\"ListItem\",\"position\":1,\"name\":\"Portada\",\"item\":\"https:\/\/www.edugestores.pe\/\"},{\"@type\":\"ListItem\",\"position\":2,\"name\":\"Arequipa: Minedu refuerza aprendizaje escolar de pueblos originarios\"}]},{\"@type\":\"Person\",\"@id\":\"https:\/\/www.edugestores.pe\/#\/schema\/person\/30dc82f35f5853289037a64b35c7c7d3\",\"name\":\"Administrador\",\"image\":{\"@type\":\"ImageObject\",\"@id\":\"https:\/\/www.edugestores.pe\/#personlogo\",\"inLanguage\":\"es\",\"url\":\"https:\/\/secure.gravatar.com\/avatar\/70960d1239c4d2c778bb3d2786a3c1ae?s=96&d=mm&r=g\",\"contentUrl\":\"https:\/\/secure.gravatar.com\/avatar\/70960d1239c4d2c778bb3d2786a3c1ae?s=96&d=mm&r=g\",\"caption\":\"Administrador\"},\"url\":\"https:\/\/www.edugestores.pe\/?author=63\"}]}<\/script>\n<!-- \/ Yoast SEO plugin. -->","yoast_head_json":{"title":"Arequipa: Minedu refuerza aprendizaje escolar de pueblos originarios - Red Peruana de Gestores de la Educaci\u00f3n","robots":{"index":"index","follow":"follow","max-snippet":"max-snippet:-1","max-image-preview":"max-image-preview:large","max-video-preview":"max-video-preview:-1"},"canonical":"https:\/\/www.edugestores.pe\/?p=21111","og_locale":"es_ES","og_type":"article","og_title":"Arequipa: Minedu refuerza aprendizaje escolar de pueblos originarios - Red Peruana de Gestores de la Educaci\u00f3n","og_description":"Durante el\u00a0VI Taller Macrorregional de Fortalecimiento de Competencias y Desempe\u00f1os de los Acompa\u00f1antes de Soporte Pedag\u00f3gico Intercultural, realizado en la [&hellip;]","og_url":"https:\/\/www.edugestores.pe\/?p=21111","og_site_name":"Red Peruana de Gestores de la Educaci\u00f3n","article_published_time":"2018-10-31T21:26:13+00:00","article_modified_time":"2018-11-04T12:29:33+00:00","og_image":[{"width":500,"height":333,"url":"https:\/\/www.edugestores.pe\/wp-content\/uploads\/2018\/10\/000541841M.jpg","type":"image\/jpeg"}],"twitter_card":"summary_large_image","twitter_misc":{"Escrito por":"Administrador","Tiempo de lectura":"1 minuto"},"schema":{"@context":"https:\/\/schema.org","@graph":[{"@type":"WebSite","@id":"https:\/\/www.edugestores.pe\/#website","url":"https:\/\/www.edugestores.pe\/","name":"Red Peruana de Gestores de la Educaci\u00f3n","description":"Red Peruana de Gestores de la Educaci\u00f3n","potentialAction":[{"@type":"SearchAction","target":{"@type":"EntryPoint","urlTemplate":"https:\/\/www.edugestores.pe\/?s={search_term_string}"},"query-input":"required name=search_term_string"}],"inLanguage":"es"},{"@type":"ImageObject","@id":"https:\/\/www.edugestores.pe\/?p=21111#primaryimage","inLanguage":"es","url":"https:\/\/www.edugestores.pe\/wp-content\/uploads\/2018\/10\/000541841M.jpg","contentUrl":"https:\/\/www.edugestores.pe\/wp-content\/uploads\/2018\/10\/000541841M.jpg","width":500,"height":333},{"@type":"WebPage","@id":"https:\/\/www.edugestores.pe\/?p=21111#webpage","url":"https:\/\/www.edugestores.pe\/?p=21111","name":"Arequipa: Minedu refuerza aprendizaje escolar de pueblos originarios - Red Peruana de Gestores de la Educaci\u00f3n","isPartOf":{"@id":"https:\/\/www.edugestores.pe\/#website"},"primaryImageOfPage":{"@id":"https:\/\/www.edugestores.pe\/?p=21111#primaryimage"},"datePublished":"2018-10-31T21:26:13+00:00","dateModified":"2018-11-04T12:29:33+00:00","author":{"@id":"https:\/\/www.edugestores.pe\/#\/schema\/person\/30dc82f35f5853289037a64b35c7c7d3"},"breadcrumb":{"@id":"https:\/\/www.edugestores.pe\/?p=21111#breadcrumb"},"inLanguage":"es","potentialAction":[{"@type":"ReadAction","target":["https:\/\/www.edugestores.pe\/?p=21111"]}]},{"@type":"BreadcrumbList","@id":"https:\/\/www.edugestores.pe\/?p=21111#breadcrumb","itemListElement":[{"@type":"ListItem","position":1,"name":"Portada","item":"https:\/\/www.edugestores.pe\/"},{"@type":"ListItem","position":2,"name":"Arequipa: Minedu refuerza aprendizaje escolar de pueblos originarios"}]},{"@type":"Person","@id":"https:\/\/www.edugestores.pe\/#\/schema\/person\/30dc82f35f5853289037a64b35c7c7d3","name":"Administrador","image":{"@type":"ImageObject","@id":"https:\/\/www.edugestores.pe\/#personlogo","inLanguage":"es","url":"https:\/\/secure.gravatar.com\/avatar\/70960d1239c4d2c778bb3d2786a3c1ae?s=96&d=mm&r=g","contentUrl":"https:\/\/secure.gravatar.com\/avatar\/70960d1239c4d2c778bb3d2786a3c1ae?s=96&d=mm&r=g","caption":"Administrador"},"url":"https:\/\/www.edugestores.pe\/?author=63"}]}},"jetpack_featured_media_url":"https:\/\/www.edugestores.pe\/wp-content\/uploads\/2018\/10\/000541841M.jpg","_links":{"self":[{"href":"https:\/\/www.edugestores.pe\/index.php?rest_route=\/wp\/v2\/posts\/21111"}],"collection":[{"href":"https:\/\/www.edugestores.pe\/index.php?rest_route=\/wp\/v2\/posts"}],"about":[{"href":"https:\/\/www.edugestores.pe\/index.php?rest_route=\/wp\/v2\/types\/post"}],"author":[{"embeddable":true,"href":"https:\/\/www.edugestores.pe\/index.php?rest_route=\/wp\/v2\/users\/63"}],"replies":[{"embeddable":true,"href":"https:\/\/www.edugestores.pe\/index.php?rest_route=%2Fwp%2Fv2%2Fcomments&post=21111"}],"version-history":[{"count":1,"href":"https:\/\/www.edugestores.pe\/index.php?rest_route=\/wp\/v2\/posts\/21111\/revisions"}],"predecessor-version":[{"id":21113,"href":"https:\/\/www.edugestores.pe\/index.php?rest_route=\/wp\/v2\/posts\/21111\/revisions\/21113"}],"wp:featuredmedia":[{"embeddable":true,"href":"https:\/\/www.edugestores.pe\/index.php?rest_route=\/wp\/v2\/media\/21112"}],"wp:attachment":[{"href":"https:\/\/www.edugestores.pe\/index.php?rest_route=%2Fwp%2Fv2%2Fmedia&parent=21111"}],"wp:term":[{"taxonomy":"category","embeddable":true,"href":"https:\/\/www.edugestores.pe\/index.php?rest_route=%2Fwp%2Fv2%2Fcategories&post=21111"},{"taxonomy":"post_tag","embeddable":true,"href":"https:\/\/www.edugestores.pe\/index.php?rest_route=%2Fwp%2Fv2%2Ftags&post=21111"}],"curies":[{"name":"wp","href":"https:\/\/api.w.org\/{rel}","templated":true}]}}