{"id":21140,"date":"2018-11-07T14:21:05","date_gmt":"2018-11-07T19:21:05","guid":{"rendered":"https:\/\/www.edugestores.pe\/?p=21140"},"modified":"2019-08-16T11:43:00","modified_gmt":"2019-08-16T16:43:00","slug":"participa-en-foro-de-edugestores-sobre-proyecto-de-ley-de-atencion-educativa-en-zonas-alto-andinas-y-de-selva","status":"publish","type":"post","link":"https:\/\/www.edugestores.pe\/?p=21140","title":{"rendered":"Participa en foro de Edugestores sobre proyecto de ley de atenci\u00f3n educativa en zonas alto andinas y de selva"},"content":{"rendered":"<p style=\"text-align: justify;\">En Edugestores los convocamos a participar en nuestro foro sobre un <a href=\"https:\/\/www.edugestores.pe\/forums\/topic\/proyecto-de-ley-que-promueve-atencion-educativa-en-zonas-alto-andinas-y-selva\/\">proyecto de ley<\/a> que busca promover la atenci\u00f3n educativa ininterrumpida en zonas alto andinas y de selva y reducir la exposici\u00f3n de los estudiantes de Educaci\u00f3n B\u00e1sica Regular a las heladas, el friaje y las enfermedades respiratorias con fatales consecuencias, preservando su derecho a la salud y a la educaci\u00f3n y garantizando el deber del Estado de asegurar que nadie se vea impedido de recibir educaci\u00f3n adecuada.<\/p>\n<p style=\"text-align: justify;\">El 18 de octubre de 2018, el Grupo Parlamentario Fuerza Popular puso a consideraci\u00f3n del Congreso de la Rep\u00fablica este\u00a0<a href=\"https:\/\/www.edugestores.pe\/docs\/proyecto-de-ley-que-promueve-la-atencion-educativa-en-las-zonas-alto-andina-y-de-selva\/\" rel=\"nofollow\">Proyecto de Ley N\u00b0 3555\/2018-CR<\/a>, que propone que el Ministerio de Educaci\u00f3n conjuntamente con las direcciones regionales de educaci\u00f3n (DRE) y las UGEL promuevan pol\u00edticas de prevenci\u00f3n ante las bajas temperaturas en zonas alto andinas ubicadas a partir de los 3,000 metros sobre el nivel del mar y en zonas de selva. Entre las medidas se indican el adelanto del inicio del a\u00f1o escolar entre la primera y segunda semana de febrero y las vacaciones de medio a\u00f1o a partir de la tercera semana de junio hasta la segunda de agosto.<\/p>\n<p style=\"text-align: justify;\">Pueden acceder al texto completo del proyecto de ley en el\u00a0<a href=\"https:\/\/www.edugestores.pe\/docs\/proyecto-de-ley-que-promueve-la-atencion-educativa-en-las-zonas-alto-andina-y-de-selva\/\" rel=\"nofollow\">repositorio de Edugestores<\/a>.<\/p>\n<p style=\"text-align: justify;\">Edugestores invita a todos sus miembros y, en particular, a los que trabajan en instancias de gesti\u00f3n descentralizada ubicadas en zonas alto andinas y de selva con bajas temperaturas, a participar en este foro virtual compartiendo sus puntos de vista respecto a las siguientes interrogantes:<\/p>\n<ol>\n<li style=\"text-align: justify;\">\u00bfEl adelanto del a\u00f1o escolar en las zonas alto andinas y de selva con bajas temperaturas es una medida que contribuir\u00e1 a reducir las enfermedades respiratorias y la exposici\u00f3n de los estudiantes a las heladas y el friaje? \u00bfQu\u00e9 otras medidas son necesarias?<\/li>\n<li style=\"text-align: justify;\">\u00bfQu\u00e9 oportunidades y qu\u00e9 dificultades creen ustedes que podr\u00edan enfrentar las DRE y UGEL para implementar las disposiciones de este proyecto de ley?<\/li>\n<\/ol>\n","protected":false},"excerpt":{"rendered":"<p>En Edugestores los convocamos a participar en nuestro foro sobre un proyecto de ley que busca promover la atenci\u00f3n educativa [&hellip;]<\/p>\n","protected":false},"author":63,"featured_media":21141,"comment_status":"open","ping_status":"open","sticky":false,"template":"","format":"standard","meta":{"spay_email":""},"categories":[339,125,1413],"tags":[],"yoast_head":"<!-- This site is optimized with the Yoast SEO plugin v18.0 - https:\/\/yoast.com\/wordpress\/plugins\/seo\/ -->\n<title>Participa en foro de Edugestores sobre proyecto de ley de atenci\u00f3n educativa en zonas alto andinas y de selva - Red Peruana de Gestores de la Educaci\u00f3n<\/title>\n<meta name=\"robots\" content=\"index, follow, max-snippet:-1, max-image-preview:large, max-video-preview:-1\" \/>\n<link rel=\"canonical\" href=\"https:\/\/www.edugestores.pe\/?p=21140\" \/>\n<meta property=\"og:locale\" content=\"es_ES\" \/>\n<meta property=\"og:type\" content=\"article\" \/>\n<meta property=\"og:title\" content=\"Participa en foro de Edugestores sobre proyecto de ley de atenci\u00f3n educativa en zonas alto andinas y de selva - Red Peruana de Gestores de la Educaci\u00f3n\" \/>\n<meta property=\"og:description\" content=\"En Edugestores los convocamos a participar en nuestro foro sobre un proyecto de ley que busca promover la atenci\u00f3n educativa [&hellip;]\" \/>\n<meta property=\"og:url\" content=\"https:\/\/www.edugestores.pe\/?p=21140\" \/>\n<meta property=\"og:site_name\" content=\"Red Peruana de Gestores de la Educaci\u00f3n\" \/>\n<meta property=\"article:published_time\" content=\"2018-11-07T19:21:05+00:00\" \/>\n<meta property=\"article:modified_time\" content=\"2019-08-16T16:43:00+00:00\" \/>\n<meta property=\"og:image\" content=\"https:\/\/www.edugestores.pe\/wp-content\/uploads\/2018\/11\/mineduie-selva.jpg\" \/>\n\t<meta property=\"og:image:width\" content=\"480\" \/>\n\t<meta property=\"og:image:height\" content=\"300\" \/>\n\t<meta property=\"og:image:type\" content=\"image\/jpeg\" \/>\n<meta name=\"twitter:card\" content=\"summary_large_image\" \/>\n<meta name=\"twitter:label1\" content=\"Escrito por\" \/>\n\t<meta name=\"twitter:data1\" content=\"Administrador\" \/>\n\t<meta name=\"twitter:label2\" content=\"Tiempo de lectura\" \/>\n\t<meta name=\"twitter:data2\" content=\"2 minutos\" \/>\n<script type=\"application\/ld+json\" class=\"yoast-schema-graph\">{\"@context\":\"https:\/\/schema.org\",\"@graph\":[{\"@type\":\"WebSite\",\"@id\":\"https:\/\/www.edugestores.pe\/#website\",\"url\":\"https:\/\/www.edugestores.pe\/\",\"name\":\"Red Peruana de Gestores de la Educaci\u00f3n\",\"description\":\"Red Peruana de Gestores de la Educaci\u00f3n\",\"potentialAction\":[{\"@type\":\"SearchAction\",\"target\":{\"@type\":\"EntryPoint\",\"urlTemplate\":\"https:\/\/www.edugestores.pe\/?s={search_term_string}\"},\"query-input\":\"required name=search_term_string\"}],\"inLanguage\":\"es\"},{\"@type\":\"ImageObject\",\"@id\":\"https:\/\/www.edugestores.pe\/?p=21140#primaryimage\",\"inLanguage\":\"es\",\"url\":\"https:\/\/www.edugestores.pe\/wp-content\/uploads\/2018\/11\/mineduie-selva.jpg\",\"contentUrl\":\"https:\/\/www.edugestores.pe\/wp-content\/uploads\/2018\/11\/mineduie-selva.jpg\",\"width\":480,\"height\":300},{\"@type\":\"WebPage\",\"@id\":\"https:\/\/www.edugestores.pe\/?p=21140#webpage\",\"url\":\"https:\/\/www.edugestores.pe\/?p=21140\",\"name\":\"Participa en foro de Edugestores sobre proyecto de ley de atenci\u00f3n educativa en zonas alto andinas y de selva - Red Peruana de Gestores de la Educaci\u00f3n\",\"isPartOf\":{\"@id\":\"https:\/\/www.edugestores.pe\/#website\"},\"primaryImageOfPage\":{\"@id\":\"https:\/\/www.edugestores.pe\/?p=21140#primaryimage\"},\"datePublished\":\"2018-11-07T19:21:05+00:00\",\"dateModified\":\"2019-08-16T16:43:00+00:00\",\"author\":{\"@id\":\"https:\/\/www.edugestores.pe\/#\/schema\/person\/30dc82f35f5853289037a64b35c7c7d3\"},\"breadcrumb\":{\"@id\":\"https:\/\/www.edugestores.pe\/?p=21140#breadcrumb\"},\"inLanguage\":\"es\",\"potentialAction\":[{\"@type\":\"ReadAction\",\"target\":[\"https:\/\/www.edugestores.pe\/?p=21140\"]}]},{\"@type\":\"BreadcrumbList\",\"@id\":\"https:\/\/www.edugestores.pe\/?p=21140#breadcrumb\",\"itemListElement\":[{\"@type\":\"ListItem\",\"position\":1,\"name\":\"Portada\",\"item\":\"https:\/\/www.edugestores.pe\/\"},{\"@type\":\"ListItem\",\"position\":2,\"name\":\"Participa en foro de Edugestores sobre proyecto de ley de atenci\u00f3n educativa en zonas alto andinas y de selva\"}]},{\"@type\":\"Person\",\"@id\":\"https:\/\/www.edugestores.pe\/#\/schema\/person\/30dc82f35f5853289037a64b35c7c7d3\",\"name\":\"Administrador\",\"image\":{\"@type\":\"ImageObject\",\"@id\":\"https:\/\/www.edugestores.pe\/#personlogo\",\"inLanguage\":\"es\",\"url\":\"https:\/\/secure.gravatar.com\/avatar\/70960d1239c4d2c778bb3d2786a3c1ae?s=96&d=mm&r=g\",\"contentUrl\":\"https:\/\/secure.gravatar.com\/avatar\/70960d1239c4d2c778bb3d2786a3c1ae?s=96&d=mm&r=g\",\"caption\":\"Administrador\"},\"url\":\"https:\/\/www.edugestores.pe\/?author=63\"}]}<\/script>\n<!-- \/ Yoast SEO plugin. -->","yoast_head_json":{"title":"Participa en foro de Edugestores sobre proyecto de ley de atenci\u00f3n educativa en zonas alto andinas y de selva - Red Peruana de Gestores de la Educaci\u00f3n","robots":{"index":"index","follow":"follow","max-snippet":"max-snippet:-1","max-image-preview":"max-image-preview:large","max-video-preview":"max-video-preview:-1"},"canonical":"https:\/\/www.edugestores.pe\/?p=21140","og_locale":"es_ES","og_type":"article","og_title":"Participa en foro de Edugestores sobre proyecto de ley de atenci\u00f3n educativa en zonas alto andinas y de selva - Red Peruana de Gestores de la Educaci\u00f3n","og_description":"En Edugestores los convocamos a participar en nuestro foro sobre un proyecto de ley que busca promover la atenci\u00f3n educativa [&hellip;]","og_url":"https:\/\/www.edugestores.pe\/?p=21140","og_site_name":"Red Peruana de Gestores de la Educaci\u00f3n","article_published_time":"2018-11-07T19:21:05+00:00","article_modified_time":"2019-08-16T16:43:00+00:00","og_image":[{"width":480,"height":300,"url":"https:\/\/www.edugestores.pe\/wp-content\/uploads\/2018\/11\/mineduie-selva.jpg","type":"image\/jpeg"}],"twitter_card":"summary_large_image","twitter_misc":{"Escrito por":"Administrador","Tiempo de lectura":"2 minutos"},"schema":{"@context":"https:\/\/schema.org","@graph":[{"@type":"WebSite","@id":"https:\/\/www.edugestores.pe\/#website","url":"https:\/\/www.edugestores.pe\/","name":"Red Peruana de Gestores de la Educaci\u00f3n","description":"Red Peruana de Gestores de la Educaci\u00f3n","potentialAction":[{"@type":"SearchAction","target":{"@type":"EntryPoint","urlTemplate":"https:\/\/www.edugestores.pe\/?s={search_term_string}"},"query-input":"required name=search_term_string"}],"inLanguage":"es"},{"@type":"ImageObject","@id":"https:\/\/www.edugestores.pe\/?p=21140#primaryimage","inLanguage":"es","url":"https:\/\/www.edugestores.pe\/wp-content\/uploads\/2018\/11\/mineduie-selva.jpg","contentUrl":"https:\/\/www.edugestores.pe\/wp-content\/uploads\/2018\/11\/mineduie-selva.jpg","width":480,"height":300},{"@type":"WebPage","@id":"https:\/\/www.edugestores.pe\/?p=21140#webpage","url":"https:\/\/www.edugestores.pe\/?p=21140","name":"Participa en foro de Edugestores sobre proyecto de ley de atenci\u00f3n educativa en zonas alto andinas y de selva - Red Peruana de Gestores de la Educaci\u00f3n","isPartOf":{"@id":"https:\/\/www.edugestores.pe\/#website"},"primaryImageOfPage":{"@id":"https:\/\/www.edugestores.pe\/?p=21140#primaryimage"},"datePublished":"2018-11-07T19:21:05+00:00","dateModified":"2019-08-16T16:43:00+00:00","author":{"@id":"https:\/\/www.edugestores.pe\/#\/schema\/person\/30dc82f35f5853289037a64b35c7c7d3"},"breadcrumb":{"@id":"https:\/\/www.edugestores.pe\/?p=21140#breadcrumb"},"inLanguage":"es","potentialAction":[{"@type":"ReadAction","target":["https:\/\/www.edugestores.pe\/?p=21140"]}]},{"@type":"BreadcrumbList","@id":"https:\/\/www.edugestores.pe\/?p=21140#breadcrumb","itemListElement":[{"@type":"ListItem","position":1,"name":"Portada","item":"https:\/\/www.edugestores.pe\/"},{"@type":"ListItem","position":2,"name":"Participa en foro de Edugestores sobre proyecto de ley de atenci\u00f3n educativa en zonas alto andinas y de selva"}]},{"@type":"Person","@id":"https:\/\/www.edugestores.pe\/#\/schema\/person\/30dc82f35f5853289037a64b35c7c7d3","name":"Administrador","image":{"@type":"ImageObject","@id":"https:\/\/www.edugestores.pe\/#personlogo","inLanguage":"es","url":"https:\/\/secure.gravatar.com\/avatar\/70960d1239c4d2c778bb3d2786a3c1ae?s=96&d=mm&r=g","contentUrl":"https:\/\/secure.gravatar.com\/avatar\/70960d1239c4d2c778bb3d2786a3c1ae?s=96&d=mm&r=g","caption":"Administrador"},"url":"https:\/\/www.edugestores.pe\/?author=63"}]}},"jetpack_featured_media_url":"https:\/\/www.edugestores.pe\/wp-content\/uploads\/2018\/11\/mineduie-selva.jpg","_links":{"self":[{"href":"https:\/\/www.edugestores.pe\/index.php?rest_route=\/wp\/v2\/posts\/21140"}],"collection":[{"href":"https:\/\/www.edugestores.pe\/index.php?rest_route=\/wp\/v2\/posts"}],"about":[{"href":"https:\/\/www.edugestores.pe\/index.php?rest_route=\/wp\/v2\/types\/post"}],"author":[{"embeddable":true,"href":"https:\/\/www.edugestores.pe\/index.php?rest_route=\/wp\/v2\/users\/63"}],"replies":[{"embeddable":true,"href":"https:\/\/www.edugestores.pe\/index.php?rest_route=%2Fwp%2Fv2%2Fcomments&post=21140"}],"version-history":[{"count":1,"href":"https:\/\/www.edugestores.pe\/index.php?rest_route=\/wp\/v2\/posts\/21140\/revisions"}],"predecessor-version":[{"id":21142,"href":"https:\/\/www.edugestores.pe\/index.php?rest_route=\/wp\/v2\/posts\/21140\/revisions\/21142"}],"wp:featuredmedia":[{"embeddable":true,"href":"https:\/\/www.edugestores.pe\/index.php?rest_route=\/wp\/v2\/media\/21141"}],"wp:attachment":[{"href":"https:\/\/www.edugestores.pe\/index.php?rest_route=%2Fwp%2Fv2%2Fmedia&parent=21140"}],"wp:term":[{"taxonomy":"category","embeddable":true,"href":"https:\/\/www.edugestores.pe\/index.php?rest_route=%2Fwp%2Fv2%2Fcategories&post=21140"},{"taxonomy":"post_tag","embeddable":true,"href":"https:\/\/www.edugestores.pe\/index.php?rest_route=%2Fwp%2Fv2%2Ftags&post=21140"}],"curies":[{"name":"wp","href":"https:\/\/api.w.org\/{rel}","templated":true}]}}