{"id":21176,"date":"2018-11-15T04:59:27","date_gmt":"2018-11-15T09:59:27","guid":{"rendered":"https:\/\/www.edugestores.pe\/?p=21176"},"modified":"2018-11-25T14:57:01","modified_gmt":"2018-11-25T19:57:01","slug":"minedu-sobre-marcha-contra-el-enfoque-de-genero-es-un-grupo-que-no-representa-a-todos-los-padres-de-familia","status":"publish","type":"post","link":"https:\/\/www.edugestores.pe\/?p=21176","title":{"rendered":"Minedu sobre marcha contra el enfoque de g\u00e9nero: Es un grupo que no representa a todos los padres de familia"},"content":{"rendered":"<p style=\"text-align: justify;\">El ministro de Educaci\u00f3n,\u00a0Daniel Alfaro, se pronunci\u00f3 en entrevista a RPP sobre la marcha de &#8216;Con Mis Hijos No Te Metas&#8217;, convocada por distintos grupos en contra del\u00a0enfoque de g\u00e9nero\u00a0en el\u00a0Curr\u00edculo Nacional.<\/p>\n<p style=\"text-align: justify;\">Alfaro sostuvo que\u00a0la agrupaci\u00f3n no representa a todos los padres de familia,\u00a0ya que \u00e9l se ha reunido con\u00a0Apafas\u00a0de distintos colegios quienes s\u00ed se mostraron a favor de la implementaci\u00f3n de este enfoque.\u00a0&#8220;Nosotros escuchamos a todos los padres de familia. Este es un grupo, pero no representa a todos porque por otro lado en las diferentes reuniones con Apafas y otras asociaciones nos han trasladado m\u00e1s bien su respaldo con respecto al enfoque de\u00a0igualdad de g\u00e9nero&#8221;, se\u00f1al\u00f3 el ministro en\u00a0<em>RPP.\u00a0<\/em><\/p>\n<p style=\"text-align: justify;\">Adem\u00e1s, insisti\u00f3 en que la\u00a0&#8220;ideolog\u00eda de g\u00e9nero&#8221;\u00a0no existe y lo que se busca es erradicar estereotipos que genera que desde ni\u00f1os se produzca la desigualdad de oportunidades entre hombres y mujeres.\u00a0&#8220;No existe este miedo a querer homosexualizar a los ni\u00f1os y ni\u00f1as a partir del nuevo curr\u00edculo. Lo que deseamos es implementar un enfoque de igualdad de g\u00e9nero como herramienta para identificar todos esos estereotipos que desde edades tempranas van generando desigualdad&#8221;, indic\u00f3. (Tomado de RPP)<\/p>\n<h3 style=\"text-align: justify;\"><\/h3>\n","protected":false},"excerpt":{"rendered":"<p>El ministro de Educaci\u00f3n,\u00a0Daniel Alfaro, se pronunci\u00f3 en entrevista a RPP sobre la marcha de &#8216;Con Mis Hijos No Te [&hellip;]<\/p>\n","protected":false},"author":63,"featured_media":21177,"comment_status":"open","ping_status":"open","sticky":false,"template":"","format":"standard","meta":{"spay_email":""},"categories":[125],"tags":[],"yoast_head":"<!-- This site is optimized with the Yoast SEO plugin v18.0 - https:\/\/yoast.com\/wordpress\/plugins\/seo\/ -->\n<title>Minedu sobre marcha contra el enfoque de g\u00e9nero: Es un grupo que no representa a todos los padres de familia - Red Peruana de Gestores de la Educaci\u00f3n<\/title>\n<meta name=\"robots\" content=\"index, follow, max-snippet:-1, max-image-preview:large, max-video-preview:-1\" \/>\n<link rel=\"canonical\" href=\"https:\/\/www.edugestores.pe\/?p=21176\" \/>\n<meta property=\"og:locale\" content=\"es_ES\" \/>\n<meta property=\"og:type\" content=\"article\" \/>\n<meta property=\"og:title\" content=\"Minedu sobre marcha contra el enfoque de g\u00e9nero: Es un grupo que no representa a todos los padres de familia - Red Peruana de Gestores de la Educaci\u00f3n\" \/>\n<meta property=\"og:description\" content=\"El ministro de Educaci\u00f3n,\u00a0Daniel Alfaro, se pronunci\u00f3 en entrevista a RPP sobre la marcha de &#8216;Con Mis Hijos No Te [&hellip;]\" \/>\n<meta property=\"og:url\" content=\"https:\/\/www.edugestores.pe\/?p=21176\" \/>\n<meta property=\"og:site_name\" content=\"Red Peruana de Gestores de la Educaci\u00f3n\" \/>\n<meta property=\"article:published_time\" content=\"2018-11-15T09:59:27+00:00\" \/>\n<meta property=\"article:modified_time\" content=\"2018-11-25T19:57:01+00:00\" \/>\n<meta property=\"og:image\" content=\"https:\/\/www.edugestores.pe\/wp-content\/uploads\/2018\/11\/594759_709605.jpg\" \/>\n\t<meta property=\"og:image:width\" content=\"604\" \/>\n\t<meta property=\"og:image:height\" content=\"340\" \/>\n\t<meta property=\"og:image:type\" content=\"image\/jpeg\" \/>\n<meta name=\"twitter:card\" content=\"summary_large_image\" \/>\n<meta name=\"twitter:label1\" content=\"Escrito por\" \/>\n\t<meta name=\"twitter:data1\" content=\"Administrador\" \/>\n\t<meta name=\"twitter:label2\" content=\"Tiempo de lectura\" \/>\n\t<meta name=\"twitter:data2\" content=\"1 minuto\" \/>\n<script type=\"application\/ld+json\" class=\"yoast-schema-graph\">{\"@context\":\"https:\/\/schema.org\",\"@graph\":[{\"@type\":\"WebSite\",\"@id\":\"https:\/\/www.edugestores.pe\/#website\",\"url\":\"https:\/\/www.edugestores.pe\/\",\"name\":\"Red Peruana de Gestores de la Educaci\u00f3n\",\"description\":\"Red Peruana de Gestores de la Educaci\u00f3n\",\"potentialAction\":[{\"@type\":\"SearchAction\",\"target\":{\"@type\":\"EntryPoint\",\"urlTemplate\":\"https:\/\/www.edugestores.pe\/?s={search_term_string}\"},\"query-input\":\"required name=search_term_string\"}],\"inLanguage\":\"es\"},{\"@type\":\"ImageObject\",\"@id\":\"https:\/\/www.edugestores.pe\/?p=21176#primaryimage\",\"inLanguage\":\"es\",\"url\":\"https:\/\/www.edugestores.pe\/wp-content\/uploads\/2018\/11\/594759_709605.jpg\",\"contentUrl\":\"https:\/\/www.edugestores.pe\/wp-content\/uploads\/2018\/11\/594759_709605.jpg\",\"width\":604,\"height\":340},{\"@type\":\"WebPage\",\"@id\":\"https:\/\/www.edugestores.pe\/?p=21176#webpage\",\"url\":\"https:\/\/www.edugestores.pe\/?p=21176\",\"name\":\"Minedu sobre marcha contra el enfoque de g\u00e9nero: Es un grupo que no representa a todos los padres de familia - Red Peruana de Gestores de la Educaci\u00f3n\",\"isPartOf\":{\"@id\":\"https:\/\/www.edugestores.pe\/#website\"},\"primaryImageOfPage\":{\"@id\":\"https:\/\/www.edugestores.pe\/?p=21176#primaryimage\"},\"datePublished\":\"2018-11-15T09:59:27+00:00\",\"dateModified\":\"2018-11-25T19:57:01+00:00\",\"author\":{\"@id\":\"https:\/\/www.edugestores.pe\/#\/schema\/person\/30dc82f35f5853289037a64b35c7c7d3\"},\"breadcrumb\":{\"@id\":\"https:\/\/www.edugestores.pe\/?p=21176#breadcrumb\"},\"inLanguage\":\"es\",\"potentialAction\":[{\"@type\":\"ReadAction\",\"target\":[\"https:\/\/www.edugestores.pe\/?p=21176\"]}]},{\"@type\":\"BreadcrumbList\",\"@id\":\"https:\/\/www.edugestores.pe\/?p=21176#breadcrumb\",\"itemListElement\":[{\"@type\":\"ListItem\",\"position\":1,\"name\":\"Portada\",\"item\":\"https:\/\/www.edugestores.pe\/\"},{\"@type\":\"ListItem\",\"position\":2,\"name\":\"Minedu sobre marcha contra el enfoque de g\u00e9nero: Es un grupo que no representa a todos los padres de familia\"}]},{\"@type\":\"Person\",\"@id\":\"https:\/\/www.edugestores.pe\/#\/schema\/person\/30dc82f35f5853289037a64b35c7c7d3\",\"name\":\"Administrador\",\"image\":{\"@type\":\"ImageObject\",\"@id\":\"https:\/\/www.edugestores.pe\/#personlogo\",\"inLanguage\":\"es\",\"url\":\"https:\/\/secure.gravatar.com\/avatar\/70960d1239c4d2c778bb3d2786a3c1ae?s=96&d=mm&r=g\",\"contentUrl\":\"https:\/\/secure.gravatar.com\/avatar\/70960d1239c4d2c778bb3d2786a3c1ae?s=96&d=mm&r=g\",\"caption\":\"Administrador\"},\"url\":\"https:\/\/www.edugestores.pe\/?author=63\"}]}<\/script>\n<!-- \/ Yoast SEO plugin. -->","yoast_head_json":{"title":"Minedu sobre marcha contra el enfoque de g\u00e9nero: Es un grupo que no representa a todos los padres de familia - Red Peruana de Gestores de la Educaci\u00f3n","robots":{"index":"index","follow":"follow","max-snippet":"max-snippet:-1","max-image-preview":"max-image-preview:large","max-video-preview":"max-video-preview:-1"},"canonical":"https:\/\/www.edugestores.pe\/?p=21176","og_locale":"es_ES","og_type":"article","og_title":"Minedu sobre marcha contra el enfoque de g\u00e9nero: Es un grupo que no representa a todos los padres de familia - Red Peruana de Gestores de la Educaci\u00f3n","og_description":"El ministro de Educaci\u00f3n,\u00a0Daniel Alfaro, se pronunci\u00f3 en entrevista a RPP sobre la marcha de &#8216;Con Mis Hijos No Te [&hellip;]","og_url":"https:\/\/www.edugestores.pe\/?p=21176","og_site_name":"Red Peruana de Gestores de la Educaci\u00f3n","article_published_time":"2018-11-15T09:59:27+00:00","article_modified_time":"2018-11-25T19:57:01+00:00","og_image":[{"width":604,"height":340,"url":"https:\/\/www.edugestores.pe\/wp-content\/uploads\/2018\/11\/594759_709605.jpg","type":"image\/jpeg"}],"twitter_card":"summary_large_image","twitter_misc":{"Escrito por":"Administrador","Tiempo de lectura":"1 minuto"},"schema":{"@context":"https:\/\/schema.org","@graph":[{"@type":"WebSite","@id":"https:\/\/www.edugestores.pe\/#website","url":"https:\/\/www.edugestores.pe\/","name":"Red Peruana de Gestores de la Educaci\u00f3n","description":"Red Peruana de Gestores de la Educaci\u00f3n","potentialAction":[{"@type":"SearchAction","target":{"@type":"EntryPoint","urlTemplate":"https:\/\/www.edugestores.pe\/?s={search_term_string}"},"query-input":"required name=search_term_string"}],"inLanguage":"es"},{"@type":"ImageObject","@id":"https:\/\/www.edugestores.pe\/?p=21176#primaryimage","inLanguage":"es","url":"https:\/\/www.edugestores.pe\/wp-content\/uploads\/2018\/11\/594759_709605.jpg","contentUrl":"https:\/\/www.edugestores.pe\/wp-content\/uploads\/2018\/11\/594759_709605.jpg","width":604,"height":340},{"@type":"WebPage","@id":"https:\/\/www.edugestores.pe\/?p=21176#webpage","url":"https:\/\/www.edugestores.pe\/?p=21176","name":"Minedu sobre marcha contra el enfoque de g\u00e9nero: Es un grupo que no representa a todos los padres de familia - Red Peruana de Gestores de la Educaci\u00f3n","isPartOf":{"@id":"https:\/\/www.edugestores.pe\/#website"},"primaryImageOfPage":{"@id":"https:\/\/www.edugestores.pe\/?p=21176#primaryimage"},"datePublished":"2018-11-15T09:59:27+00:00","dateModified":"2018-11-25T19:57:01+00:00","author":{"@id":"https:\/\/www.edugestores.pe\/#\/schema\/person\/30dc82f35f5853289037a64b35c7c7d3"},"breadcrumb":{"@id":"https:\/\/www.edugestores.pe\/?p=21176#breadcrumb"},"inLanguage":"es","potentialAction":[{"@type":"ReadAction","target":["https:\/\/www.edugestores.pe\/?p=21176"]}]},{"@type":"BreadcrumbList","@id":"https:\/\/www.edugestores.pe\/?p=21176#breadcrumb","itemListElement":[{"@type":"ListItem","position":1,"name":"Portada","item":"https:\/\/www.edugestores.pe\/"},{"@type":"ListItem","position":2,"name":"Minedu sobre marcha contra el enfoque de g\u00e9nero: Es un grupo que no representa a todos los padres de familia"}]},{"@type":"Person","@id":"https:\/\/www.edugestores.pe\/#\/schema\/person\/30dc82f35f5853289037a64b35c7c7d3","name":"Administrador","image":{"@type":"ImageObject","@id":"https:\/\/www.edugestores.pe\/#personlogo","inLanguage":"es","url":"https:\/\/secure.gravatar.com\/avatar\/70960d1239c4d2c778bb3d2786a3c1ae?s=96&d=mm&r=g","contentUrl":"https:\/\/secure.gravatar.com\/avatar\/70960d1239c4d2c778bb3d2786a3c1ae?s=96&d=mm&r=g","caption":"Administrador"},"url":"https:\/\/www.edugestores.pe\/?author=63"}]}},"jetpack_featured_media_url":"https:\/\/www.edugestores.pe\/wp-content\/uploads\/2018\/11\/594759_709605.jpg","_links":{"self":[{"href":"https:\/\/www.edugestores.pe\/index.php?rest_route=\/wp\/v2\/posts\/21176"}],"collection":[{"href":"https:\/\/www.edugestores.pe\/index.php?rest_route=\/wp\/v2\/posts"}],"about":[{"href":"https:\/\/www.edugestores.pe\/index.php?rest_route=\/wp\/v2\/types\/post"}],"author":[{"embeddable":true,"href":"https:\/\/www.edugestores.pe\/index.php?rest_route=\/wp\/v2\/users\/63"}],"replies":[{"embeddable":true,"href":"https:\/\/www.edugestores.pe\/index.php?rest_route=%2Fwp%2Fv2%2Fcomments&post=21176"}],"version-history":[{"count":1,"href":"https:\/\/www.edugestores.pe\/index.php?rest_route=\/wp\/v2\/posts\/21176\/revisions"}],"predecessor-version":[{"id":21178,"href":"https:\/\/www.edugestores.pe\/index.php?rest_route=\/wp\/v2\/posts\/21176\/revisions\/21178"}],"wp:featuredmedia":[{"embeddable":true,"href":"https:\/\/www.edugestores.pe\/index.php?rest_route=\/wp\/v2\/media\/21177"}],"wp:attachment":[{"href":"https:\/\/www.edugestores.pe\/index.php?rest_route=%2Fwp%2Fv2%2Fmedia&parent=21176"}],"wp:term":[{"taxonomy":"category","embeddable":true,"href":"https:\/\/www.edugestores.pe\/index.php?rest_route=%2Fwp%2Fv2%2Fcategories&post=21176"},{"taxonomy":"post_tag","embeddable":true,"href":"https:\/\/www.edugestores.pe\/index.php?rest_route=%2Fwp%2Fv2%2Ftags&post=21176"}],"curies":[{"name":"wp","href":"https:\/\/api.w.org\/{rel}","templated":true}]}}