{"id":21227,"date":"2018-11-25T14:53:21","date_gmt":"2018-11-25T19:53:21","guid":{"rendered":"https:\/\/www.edugestores.pe\/?p=21227"},"modified":"2018-12-01T14:05:52","modified_gmt":"2018-12-01T19:05:52","slug":"ugel-chiclayo-presento-su-plan-educativo-provincial-al-2030","status":"publish","type":"post","link":"https:\/\/www.edugestores.pe\/?p=21227","title":{"rendered":"UGEL Chiclayo present\u00f3 su Plan Educativo Provincial al 2030"},"content":{"rendered":"<p style=\"text-align: justify;\">La\u00a0Unidad de Gesti\u00f3n Educativa Local (UGEL) de Chiclayo present\u00f3 el\u00a0Plan Educativo Provincial al 2030, proyecto que busca implementar acciones educativas en prevenci\u00f3n de las grandes problem\u00e1ticas que tiene la provincia, as\u00ed inform\u00f3 el director de esta instituci\u00f3n, Dar\u00edo Balc\u00e1zar Quintana.<\/p>\n<p style=\"text-align: justify;\">Balc\u00e1zar Quintana\u00a0\u00a0explic\u00f3 que\u00a0este plan contempla trabajar desde las aulas los enfoques de g\u00e9nero, ambiental y tecnol\u00f3gico.\u00a0\u00a0&#8220;Se est\u00e1 priorizando el tema de la\u00a0educaci\u00f3n familiar, la igualdad entre hombre y mujer, reducir los \u00edndices de violencia escolar y familiar,\u00a0as\u00ed como el problema de la contaminaci\u00f3n como ejes principales, junto a ello el desarrollo de la ciencia y tecnolog\u00eda&#8221;, manifest\u00f3.<\/p>\n<p style=\"text-align: justify;\">Tomado de RPP<\/p>\n","protected":false},"excerpt":{"rendered":"<p>La\u00a0Unidad de Gesti\u00f3n Educativa Local (UGEL) de Chiclayo present\u00f3 el\u00a0Plan Educativo Provincial al 2030, proyecto que busca implementar acciones educativas [&hellip;]<\/p>\n","protected":false},"author":63,"featured_media":21228,"comment_status":"open","ping_status":"open","sticky":false,"template":"","format":"standard","meta":{"spay_email":""},"categories":[125],"tags":[],"yoast_head":"<!-- This site is optimized with the Yoast SEO plugin v18.0 - https:\/\/yoast.com\/wordpress\/plugins\/seo\/ -->\n<title>UGEL Chiclayo present\u00f3 su Plan Educativo Provincial al 2030 - Red Peruana de Gestores de la Educaci\u00f3n<\/title>\n<meta name=\"robots\" content=\"index, follow, max-snippet:-1, max-image-preview:large, max-video-preview:-1\" \/>\n<link rel=\"canonical\" href=\"https:\/\/www.edugestores.pe\/?p=21227\" \/>\n<meta property=\"og:locale\" content=\"es_ES\" \/>\n<meta property=\"og:type\" content=\"article\" \/>\n<meta property=\"og:title\" content=\"UGEL Chiclayo present\u00f3 su Plan Educativo Provincial al 2030 - Red Peruana de Gestores de la Educaci\u00f3n\" \/>\n<meta property=\"og:description\" content=\"La\u00a0Unidad de Gesti\u00f3n Educativa Local (UGEL) de Chiclayo present\u00f3 el\u00a0Plan Educativo Provincial al 2030, proyecto que busca implementar acciones educativas [&hellip;]\" \/>\n<meta property=\"og:url\" content=\"https:\/\/www.edugestores.pe\/?p=21227\" \/>\n<meta property=\"og:site_name\" content=\"Red Peruana de Gestores de la Educaci\u00f3n\" \/>\n<meta property=\"article:published_time\" content=\"2018-11-25T19:53:21+00:00\" \/>\n<meta property=\"article:modified_time\" content=\"2018-12-01T19:05:52+00:00\" \/>\n<meta property=\"og:image\" content=\"https:\/\/www.edugestores.pe\/wp-content\/uploads\/2018\/11\/Captura-de-pantalla-2018-11-25-14.53.50.png\" \/>\n\t<meta property=\"og:image:width\" content=\"634\" \/>\n\t<meta property=\"og:image:height\" content=\"313\" \/>\n\t<meta property=\"og:image:type\" content=\"image\/png\" \/>\n<meta name=\"twitter:card\" content=\"summary_large_image\" \/>\n<meta name=\"twitter:label1\" content=\"Escrito por\" \/>\n\t<meta name=\"twitter:data1\" content=\"Administrador\" \/>\n\t<meta name=\"twitter:label2\" content=\"Tiempo de lectura\" \/>\n\t<meta name=\"twitter:data2\" content=\"1 minuto\" \/>\n<script type=\"application\/ld+json\" class=\"yoast-schema-graph\">{\"@context\":\"https:\/\/schema.org\",\"@graph\":[{\"@type\":\"WebSite\",\"@id\":\"https:\/\/www.edugestores.pe\/#website\",\"url\":\"https:\/\/www.edugestores.pe\/\",\"name\":\"Red Peruana de Gestores de la Educaci\u00f3n\",\"description\":\"Red Peruana de Gestores de la Educaci\u00f3n\",\"potentialAction\":[{\"@type\":\"SearchAction\",\"target\":{\"@type\":\"EntryPoint\",\"urlTemplate\":\"https:\/\/www.edugestores.pe\/?s={search_term_string}\"},\"query-input\":\"required name=search_term_string\"}],\"inLanguage\":\"es\"},{\"@type\":\"ImageObject\",\"@id\":\"https:\/\/www.edugestores.pe\/?p=21227#primaryimage\",\"inLanguage\":\"es\",\"url\":\"https:\/\/www.edugestores.pe\/wp-content\/uploads\/2018\/11\/Captura-de-pantalla-2018-11-25-14.53.50.png\",\"contentUrl\":\"https:\/\/www.edugestores.pe\/wp-content\/uploads\/2018\/11\/Captura-de-pantalla-2018-11-25-14.53.50.png\",\"width\":634,\"height\":313},{\"@type\":\"WebPage\",\"@id\":\"https:\/\/www.edugestores.pe\/?p=21227#webpage\",\"url\":\"https:\/\/www.edugestores.pe\/?p=21227\",\"name\":\"UGEL Chiclayo present\u00f3 su Plan Educativo Provincial al 2030 - Red Peruana de Gestores de la Educaci\u00f3n\",\"isPartOf\":{\"@id\":\"https:\/\/www.edugestores.pe\/#website\"},\"primaryImageOfPage\":{\"@id\":\"https:\/\/www.edugestores.pe\/?p=21227#primaryimage\"},\"datePublished\":\"2018-11-25T19:53:21+00:00\",\"dateModified\":\"2018-12-01T19:05:52+00:00\",\"author\":{\"@id\":\"https:\/\/www.edugestores.pe\/#\/schema\/person\/30dc82f35f5853289037a64b35c7c7d3\"},\"breadcrumb\":{\"@id\":\"https:\/\/www.edugestores.pe\/?p=21227#breadcrumb\"},\"inLanguage\":\"es\",\"potentialAction\":[{\"@type\":\"ReadAction\",\"target\":[\"https:\/\/www.edugestores.pe\/?p=21227\"]}]},{\"@type\":\"BreadcrumbList\",\"@id\":\"https:\/\/www.edugestores.pe\/?p=21227#breadcrumb\",\"itemListElement\":[{\"@type\":\"ListItem\",\"position\":1,\"name\":\"Portada\",\"item\":\"https:\/\/www.edugestores.pe\/\"},{\"@type\":\"ListItem\",\"position\":2,\"name\":\"UGEL Chiclayo present\u00f3 su Plan Educativo Provincial al 2030\"}]},{\"@type\":\"Person\",\"@id\":\"https:\/\/www.edugestores.pe\/#\/schema\/person\/30dc82f35f5853289037a64b35c7c7d3\",\"name\":\"Administrador\",\"image\":{\"@type\":\"ImageObject\",\"@id\":\"https:\/\/www.edugestores.pe\/#personlogo\",\"inLanguage\":\"es\",\"url\":\"https:\/\/secure.gravatar.com\/avatar\/70960d1239c4d2c778bb3d2786a3c1ae?s=96&d=mm&r=g\",\"contentUrl\":\"https:\/\/secure.gravatar.com\/avatar\/70960d1239c4d2c778bb3d2786a3c1ae?s=96&d=mm&r=g\",\"caption\":\"Administrador\"},\"url\":\"https:\/\/www.edugestores.pe\/?author=63\"}]}<\/script>\n<!-- \/ Yoast SEO plugin. -->","yoast_head_json":{"title":"UGEL Chiclayo present\u00f3 su Plan Educativo Provincial al 2030 - Red Peruana de Gestores de la Educaci\u00f3n","robots":{"index":"index","follow":"follow","max-snippet":"max-snippet:-1","max-image-preview":"max-image-preview:large","max-video-preview":"max-video-preview:-1"},"canonical":"https:\/\/www.edugestores.pe\/?p=21227","og_locale":"es_ES","og_type":"article","og_title":"UGEL Chiclayo present\u00f3 su Plan Educativo Provincial al 2030 - Red Peruana de Gestores de la Educaci\u00f3n","og_description":"La\u00a0Unidad de Gesti\u00f3n Educativa Local (UGEL) de Chiclayo present\u00f3 el\u00a0Plan Educativo Provincial al 2030, proyecto que busca implementar acciones educativas [&hellip;]","og_url":"https:\/\/www.edugestores.pe\/?p=21227","og_site_name":"Red Peruana de Gestores de la Educaci\u00f3n","article_published_time":"2018-11-25T19:53:21+00:00","article_modified_time":"2018-12-01T19:05:52+00:00","og_image":[{"width":634,"height":313,"url":"https:\/\/www.edugestores.pe\/wp-content\/uploads\/2018\/11\/Captura-de-pantalla-2018-11-25-14.53.50.png","type":"image\/png"}],"twitter_card":"summary_large_image","twitter_misc":{"Escrito por":"Administrador","Tiempo de lectura":"1 minuto"},"schema":{"@context":"https:\/\/schema.org","@graph":[{"@type":"WebSite","@id":"https:\/\/www.edugestores.pe\/#website","url":"https:\/\/www.edugestores.pe\/","name":"Red Peruana de Gestores de la Educaci\u00f3n","description":"Red Peruana de Gestores de la Educaci\u00f3n","potentialAction":[{"@type":"SearchAction","target":{"@type":"EntryPoint","urlTemplate":"https:\/\/www.edugestores.pe\/?s={search_term_string}"},"query-input":"required name=search_term_string"}],"inLanguage":"es"},{"@type":"ImageObject","@id":"https:\/\/www.edugestores.pe\/?p=21227#primaryimage","inLanguage":"es","url":"https:\/\/www.edugestores.pe\/wp-content\/uploads\/2018\/11\/Captura-de-pantalla-2018-11-25-14.53.50.png","contentUrl":"https:\/\/www.edugestores.pe\/wp-content\/uploads\/2018\/11\/Captura-de-pantalla-2018-11-25-14.53.50.png","width":634,"height":313},{"@type":"WebPage","@id":"https:\/\/www.edugestores.pe\/?p=21227#webpage","url":"https:\/\/www.edugestores.pe\/?p=21227","name":"UGEL Chiclayo present\u00f3 su Plan Educativo Provincial al 2030 - Red Peruana de Gestores de la Educaci\u00f3n","isPartOf":{"@id":"https:\/\/www.edugestores.pe\/#website"},"primaryImageOfPage":{"@id":"https:\/\/www.edugestores.pe\/?p=21227#primaryimage"},"datePublished":"2018-11-25T19:53:21+00:00","dateModified":"2018-12-01T19:05:52+00:00","author":{"@id":"https:\/\/www.edugestores.pe\/#\/schema\/person\/30dc82f35f5853289037a64b35c7c7d3"},"breadcrumb":{"@id":"https:\/\/www.edugestores.pe\/?p=21227#breadcrumb"},"inLanguage":"es","potentialAction":[{"@type":"ReadAction","target":["https:\/\/www.edugestores.pe\/?p=21227"]}]},{"@type":"BreadcrumbList","@id":"https:\/\/www.edugestores.pe\/?p=21227#breadcrumb","itemListElement":[{"@type":"ListItem","position":1,"name":"Portada","item":"https:\/\/www.edugestores.pe\/"},{"@type":"ListItem","position":2,"name":"UGEL Chiclayo present\u00f3 su Plan Educativo Provincial al 2030"}]},{"@type":"Person","@id":"https:\/\/www.edugestores.pe\/#\/schema\/person\/30dc82f35f5853289037a64b35c7c7d3","name":"Administrador","image":{"@type":"ImageObject","@id":"https:\/\/www.edugestores.pe\/#personlogo","inLanguage":"es","url":"https:\/\/secure.gravatar.com\/avatar\/70960d1239c4d2c778bb3d2786a3c1ae?s=96&d=mm&r=g","contentUrl":"https:\/\/secure.gravatar.com\/avatar\/70960d1239c4d2c778bb3d2786a3c1ae?s=96&d=mm&r=g","caption":"Administrador"},"url":"https:\/\/www.edugestores.pe\/?author=63"}]}},"jetpack_featured_media_url":"https:\/\/www.edugestores.pe\/wp-content\/uploads\/2018\/11\/Captura-de-pantalla-2018-11-25-14.53.50.png","_links":{"self":[{"href":"https:\/\/www.edugestores.pe\/index.php?rest_route=\/wp\/v2\/posts\/21227"}],"collection":[{"href":"https:\/\/www.edugestores.pe\/index.php?rest_route=\/wp\/v2\/posts"}],"about":[{"href":"https:\/\/www.edugestores.pe\/index.php?rest_route=\/wp\/v2\/types\/post"}],"author":[{"embeddable":true,"href":"https:\/\/www.edugestores.pe\/index.php?rest_route=\/wp\/v2\/users\/63"}],"replies":[{"embeddable":true,"href":"https:\/\/www.edugestores.pe\/index.php?rest_route=%2Fwp%2Fv2%2Fcomments&post=21227"}],"version-history":[{"count":1,"href":"https:\/\/www.edugestores.pe\/index.php?rest_route=\/wp\/v2\/posts\/21227\/revisions"}],"predecessor-version":[{"id":21229,"href":"https:\/\/www.edugestores.pe\/index.php?rest_route=\/wp\/v2\/posts\/21227\/revisions\/21229"}],"wp:featuredmedia":[{"embeddable":true,"href":"https:\/\/www.edugestores.pe\/index.php?rest_route=\/wp\/v2\/media\/21228"}],"wp:attachment":[{"href":"https:\/\/www.edugestores.pe\/index.php?rest_route=%2Fwp%2Fv2%2Fmedia&parent=21227"}],"wp:term":[{"taxonomy":"category","embeddable":true,"href":"https:\/\/www.edugestores.pe\/index.php?rest_route=%2Fwp%2Fv2%2Fcategories&post=21227"},{"taxonomy":"post_tag","embeddable":true,"href":"https:\/\/www.edugestores.pe\/index.php?rest_route=%2Fwp%2Fv2%2Ftags&post=21227"}],"curies":[{"name":"wp","href":"https:\/\/api.w.org\/{rel}","templated":true}]}}