{"id":21257,"date":"2018-11-28T07:56:21","date_gmt":"2018-11-28T12:56:21","guid":{"rendered":"https:\/\/www.edugestores.pe\/?p=21257"},"modified":"2019-08-16T11:41:46","modified_gmt":"2019-08-16T16:41:46","slug":"participa-en-nuestro-foro-edugestor-director-de-ugel-como-cargo-de-confianza-en-educacion","status":"publish","type":"post","link":"https:\/\/www.edugestores.pe\/?p=21257","title":{"rendered":"Participa en nuestro foro edugestor: &#8220;Director de UGEL como cargo de confianza en educaci\u00f3n&#8221;"},"content":{"rendered":"<p style=\"text-align: justify;\">El edugestor Carlos Yampuf\u00e9, docente y ex miembro del Consejo Nacional de Educaci\u00f3n, ha propuesto un nuevo foro en nuestra plataforma, denominado: <a href=\"https:\/\/www.edugestores.pe\/forums\/topic\/director-de-ugel-cargo-de-confianza-en-educacion\/\">Director de UGEL: cargo de confianza<\/a>, ante lo cual los invitamos a participar con sus comentarios ante este tema.<\/p>\n<p style=\"text-align: justify;\">El <a href=\"https:\/\/www.edugestores.pe\/forums\/topic\/director-de-ugel-cargo-de-confianza-en-educacion\/\">foro<\/a> se abre con la siguiente propuesta:<\/p>\n<p style=\"text-align: justify;\">Habiendo ya recibido sus credenciales las futuras autoridades elegidas a los gobiernos regionales para el periodo 2019 \u2013 2022, se presenta una situaci\u00f3n en el sector educaci\u00f3n que amerita el an\u00e1lisis y una toma de decisiones adecuada y oportuna, ya que podr\u00eda convertirse en un problema al inicio de la nueva gesti\u00f3n en este sector.<\/p>\n<p style=\"text-align: justify;\">La situaci\u00f3n, aparentemente contradictoria, se da en el acceso al cargo de Director de UGEL en todas las regiones del pa\u00eds. La Ley N\u00b0 29944, Ley de Reforma Magisterial, en su literal a) del art\u00edculo 35 sobre cargos del \u00e1rea de Gesti\u00f3n Institucional, dispone que el cargo de Director de Unidad de Gesti\u00f3n Educativa Local\u00a0<em>\u201cEs un cargo de confianza del Director Regional de Educaci\u00f3n, al que se accede por designaci\u00f3n entre los postulantes mejor calificados en el correspondiente concurso\u2026\u201d<\/em>.<\/p>\n<p style=\"text-align: justify;\">As\u00ed mismo el art\u00edculo 61 del D.S. N\u00b0004-2013-ED Reglamento de la Ley de Reforma Magisterial, en su numeral 61.1 se dispone que\u00a0<em>\u201cDe conformidad con lo establecido en el art\u00edculo 35 de la Ley, el cargo de Director de UGEL es un cargo de confianza del Director Regional de Educaci\u00f3n, de designaci\u00f3n o remoci\u00f3n regulada, al que se accede por designaci\u00f3n entre los postulantes mejor calificados en el correspondiente concurso. Dicho concurso es regulado por el Minedu y conducido por el Gobierno Regional.\u201d<\/em>\u00a0Tambi\u00e9n el numeral 61.3 dice que\u00a0<em>\u201cEl Director Regional de Educaci\u00f3n elige y designa entre los tres (03) postulantes mejor calificados por el Comit\u00e9 de Evaluaci\u00f3n, al profesor de su confianza, mediante la resoluci\u00f3n correspondiente; salvo las excepciones autorizadas por el Minedu.\u201d<\/em><\/p>\n<p style=\"text-align: justify;\">En cuanto a la evaluaci\u00f3n del desempe\u00f1o, el art\u00edculo 62 del reglamento, menciona en su numeral 62.2 lo siguiente\u00a0<em>\u201cLa evaluaci\u00f3n de desempe\u00f1o en el cargo se realiza al t\u00e9rmino del plazo de duraci\u00f3n del cargo establecido en la Ley, con excepci\u00f3n de los cargos de Director de UGEL o el Director o Jefe de Gesti\u00f3n Pedag\u00f3gica de la DRE o UGEL que, adicionalmente, son evaluados al finalizar el segundo a\u00f1o de haber accedido al cargo, para determinar su continuidad\u201d<\/em>. As\u00ed mismo el numeral 62.3 dice que\u00a0<em>\u201cLa ratificaci\u00f3n del profesor por un periodo adicional est\u00e1 sujeta a la evaluaci\u00f3n de desempe\u00f1o en el cargo. El profesor que no es ratificado en cualquiera de los cargos a los que accedi\u00f3 por concurso, retorna al cargo docente en su instituci\u00f3n educativa de origen o una similar de su jurisdicci\u00f3n. Igual tratamiento corresponde al profesor que renuncia al cargo por decisi\u00f3n personal.\u201d<\/em><\/p>\n<p style=\"text-align: justify;\">Ahora al iniciar un nuevo periodo gubernamental en las regiones la pregunta es \u00bfqui\u00e9n designa al director de la UGEL? o \u00bfqui\u00e9n lo ratifica?, \u00bfdeber\u00e1 continuar en su cargo?, ante los cambios evidentes de director de DRE\/GRE \u00bfseguir\u00e1 siendo de confianza la persona que actualmente est\u00e1 ocupando el cargo de Director de UGEL?<\/p>\n<p style=\"text-align: justify;\">Si bien es cierto, la designaci\u00f3n o remoci\u00f3n del director de UGEL es regulada por el Minedu, a esta regulaci\u00f3n se antepone el cargo de confianza, el mismo que corresponde al titular de la DRE\/GRE realizarlo. Ante esta situaci\u00f3n surgen otras preguntas: \u00bfQu\u00e9 pasa si el director de UGEL no tiene la confianza del director de la DRE\/GRE? \u00bfEl\u00a0Minedu tendr\u00e1 que imponer su \u201crector\u00eda\u201d en este caso?<\/p>\n<p style=\"text-align: justify;\">Se visualizan entonces diferentes escenarios posibles:<br \/>\n\u2022 Que prevalezca la ratificaci\u00f3n y se brinde continuidad al director de UGEL en 2019 a m\u00e1s, con la confianza del Director de la DRE\/GRE.<br \/>\n\u2022 Que a pesar de no tener la confianza del director de la DRE\/GRE, se ratifique y contin\u00fae en cargo el director de la UGEL en 2019 a m\u00e1s.<br \/>\n\u2022 Que, sin la confianza del Director de la DRE\/GRE, se remueva al Director de la UGEL, a pesar de la ratificaci\u00f3n que tenga y contravenga lo dispuesto por el Minedu. Para lo cual podr\u00eda suceder que el director de DRE\/GRE opte por designar un docente que particip\u00f3 del concurso y\/o se encuentre en la terna de los postulantes mejor calificados.<br \/>\n\u2022 Que el Director de la DRE\/GRE desconozca las disposiciones del\u00a0Minedu y haciendo caso omiso a su rector\u00eda, disponga la designaci\u00f3n de otra persona como Director de la UGEL, asumiendo su responsabilidad.<\/p>\n<p style=\"text-align: justify;\">Lo que s\u00ed se vuelve de imperiosa necesidad es que el cargo de director de UGEL siga siendo un cargo de confianza, tal como lo dice la Ley de Reforma Magisterial y su reglamento, o un cargo al cual se accede por concurso y en meritocracia. \u00bfQu\u00e9 opina usted?<\/p>\n<p style=\"text-align: justify;\">Opine en nuestro <a href=\"https:\/\/www.edugestores.pe\/forums\/topic\/director-de-ugel-cargo-de-confianza-en-educacion\/\">foro<\/a>.<\/p>\n<p style=\"text-align: justify;\">Si a\u00fan no es parte de Edugestores, inscr\u00edbase en nuestra plataforma.<\/p>\n","protected":false},"excerpt":{"rendered":"<p>El edugestor Carlos Yampuf\u00e9, docente y ex miembro del Consejo Nacional de Educaci\u00f3n, ha propuesto un nuevo foro en nuestra [&hellip;]<\/p>\n","protected":false},"author":63,"featured_media":21261,"comment_status":"open","ping_status":"open","sticky":false,"template":"","format":"standard","meta":{"spay_email":""},"categories":[125,1413],"tags":[],"yoast_head":"<!-- This site is optimized with the Yoast SEO plugin v18.0 - https:\/\/yoast.com\/wordpress\/plugins\/seo\/ -->\n<title>Participa en nuestro foro edugestor: &quot;Director de UGEL como cargo de confianza en educaci\u00f3n&quot; - Red Peruana de Gestores de la Educaci\u00f3n<\/title>\n<meta name=\"robots\" content=\"index, follow, max-snippet:-1, max-image-preview:large, max-video-preview:-1\" \/>\n<link rel=\"canonical\" href=\"https:\/\/www.edugestores.pe\/?p=21257\" \/>\n<meta property=\"og:locale\" content=\"es_ES\" \/>\n<meta property=\"og:type\" content=\"article\" \/>\n<meta property=\"og:title\" content=\"Participa en nuestro foro edugestor: &quot;Director de UGEL como cargo de confianza en educaci\u00f3n&quot; - Red Peruana de Gestores de la Educaci\u00f3n\" \/>\n<meta property=\"og:description\" content=\"El edugestor Carlos Yampuf\u00e9, docente y ex miembro del Consejo Nacional de Educaci\u00f3n, ha propuesto un nuevo foro en nuestra [&hellip;]\" \/>\n<meta property=\"og:url\" content=\"https:\/\/www.edugestores.pe\/?p=21257\" \/>\n<meta property=\"og:site_name\" content=\"Red Peruana de Gestores de la Educaci\u00f3n\" \/>\n<meta property=\"article:published_time\" content=\"2018-11-28T12:56:21+00:00\" \/>\n<meta property=\"article:modified_time\" content=\"2019-08-16T16:41:46+00:00\" \/>\n<meta property=\"og:image\" content=\"https:\/\/www.edugestores.pe\/wp-content\/uploads\/2018\/11\/confianza.jpg\" \/>\n\t<meta property=\"og:image:width\" content=\"626\" \/>\n\t<meta property=\"og:image:height\" content=\"364\" \/>\n\t<meta property=\"og:image:type\" content=\"image\/jpeg\" \/>\n<meta name=\"twitter:card\" content=\"summary_large_image\" \/>\n<meta name=\"twitter:label1\" content=\"Escrito por\" \/>\n\t<meta name=\"twitter:data1\" content=\"Administrador\" \/>\n\t<meta name=\"twitter:label2\" content=\"Tiempo de lectura\" \/>\n\t<meta name=\"twitter:data2\" content=\"4 minutos\" \/>\n<script type=\"application\/ld+json\" class=\"yoast-schema-graph\">{\"@context\":\"https:\/\/schema.org\",\"@graph\":[{\"@type\":\"WebSite\",\"@id\":\"https:\/\/www.edugestores.pe\/#website\",\"url\":\"https:\/\/www.edugestores.pe\/\",\"name\":\"Red Peruana de Gestores de la Educaci\u00f3n\",\"description\":\"Red Peruana de Gestores de la Educaci\u00f3n\",\"potentialAction\":[{\"@type\":\"SearchAction\",\"target\":{\"@type\":\"EntryPoint\",\"urlTemplate\":\"https:\/\/www.edugestores.pe\/?s={search_term_string}\"},\"query-input\":\"required name=search_term_string\"}],\"inLanguage\":\"es\"},{\"@type\":\"ImageObject\",\"@id\":\"https:\/\/www.edugestores.pe\/?p=21257#primaryimage\",\"inLanguage\":\"es\",\"url\":\"https:\/\/www.edugestores.pe\/wp-content\/uploads\/2018\/11\/confianza.jpg\",\"contentUrl\":\"https:\/\/www.edugestores.pe\/wp-content\/uploads\/2018\/11\/confianza.jpg\",\"width\":626,\"height\":364},{\"@type\":\"WebPage\",\"@id\":\"https:\/\/www.edugestores.pe\/?p=21257#webpage\",\"url\":\"https:\/\/www.edugestores.pe\/?p=21257\",\"name\":\"Participa en nuestro foro edugestor: \\\"Director de UGEL como cargo de confianza en educaci\u00f3n\\\" - Red Peruana de Gestores de la Educaci\u00f3n\",\"isPartOf\":{\"@id\":\"https:\/\/www.edugestores.pe\/#website\"},\"primaryImageOfPage\":{\"@id\":\"https:\/\/www.edugestores.pe\/?p=21257#primaryimage\"},\"datePublished\":\"2018-11-28T12:56:21+00:00\",\"dateModified\":\"2019-08-16T16:41:46+00:00\",\"author\":{\"@id\":\"https:\/\/www.edugestores.pe\/#\/schema\/person\/30dc82f35f5853289037a64b35c7c7d3\"},\"breadcrumb\":{\"@id\":\"https:\/\/www.edugestores.pe\/?p=21257#breadcrumb\"},\"inLanguage\":\"es\",\"potentialAction\":[{\"@type\":\"ReadAction\",\"target\":[\"https:\/\/www.edugestores.pe\/?p=21257\"]}]},{\"@type\":\"BreadcrumbList\",\"@id\":\"https:\/\/www.edugestores.pe\/?p=21257#breadcrumb\",\"itemListElement\":[{\"@type\":\"ListItem\",\"position\":1,\"name\":\"Portada\",\"item\":\"https:\/\/www.edugestores.pe\/\"},{\"@type\":\"ListItem\",\"position\":2,\"name\":\"Participa en nuestro foro edugestor: \u00abDirector de UGEL como cargo de confianza en educaci\u00f3n\u00bb\"}]},{\"@type\":\"Person\",\"@id\":\"https:\/\/www.edugestores.pe\/#\/schema\/person\/30dc82f35f5853289037a64b35c7c7d3\",\"name\":\"Administrador\",\"image\":{\"@type\":\"ImageObject\",\"@id\":\"https:\/\/www.edugestores.pe\/#personlogo\",\"inLanguage\":\"es\",\"url\":\"https:\/\/secure.gravatar.com\/avatar\/70960d1239c4d2c778bb3d2786a3c1ae?s=96&d=mm&r=g\",\"contentUrl\":\"https:\/\/secure.gravatar.com\/avatar\/70960d1239c4d2c778bb3d2786a3c1ae?s=96&d=mm&r=g\",\"caption\":\"Administrador\"},\"url\":\"https:\/\/www.edugestores.pe\/?author=63\"}]}<\/script>\n<!-- \/ Yoast SEO plugin. -->","yoast_head_json":{"title":"Participa en nuestro foro edugestor: \"Director de UGEL como cargo de confianza en educaci\u00f3n\" - Red Peruana de Gestores de la Educaci\u00f3n","robots":{"index":"index","follow":"follow","max-snippet":"max-snippet:-1","max-image-preview":"max-image-preview:large","max-video-preview":"max-video-preview:-1"},"canonical":"https:\/\/www.edugestores.pe\/?p=21257","og_locale":"es_ES","og_type":"article","og_title":"Participa en nuestro foro edugestor: \"Director de UGEL como cargo de confianza en educaci\u00f3n\" - Red Peruana de Gestores de la Educaci\u00f3n","og_description":"El edugestor Carlos Yampuf\u00e9, docente y ex miembro del Consejo Nacional de Educaci\u00f3n, ha propuesto un nuevo foro en nuestra [&hellip;]","og_url":"https:\/\/www.edugestores.pe\/?p=21257","og_site_name":"Red Peruana de Gestores de la Educaci\u00f3n","article_published_time":"2018-11-28T12:56:21+00:00","article_modified_time":"2019-08-16T16:41:46+00:00","og_image":[{"width":626,"height":364,"url":"https:\/\/www.edugestores.pe\/wp-content\/uploads\/2018\/11\/confianza.jpg","type":"image\/jpeg"}],"twitter_card":"summary_large_image","twitter_misc":{"Escrito por":"Administrador","Tiempo de lectura":"4 minutos"},"schema":{"@context":"https:\/\/schema.org","@graph":[{"@type":"WebSite","@id":"https:\/\/www.edugestores.pe\/#website","url":"https:\/\/www.edugestores.pe\/","name":"Red Peruana de Gestores de la Educaci\u00f3n","description":"Red Peruana de Gestores de la Educaci\u00f3n","potentialAction":[{"@type":"SearchAction","target":{"@type":"EntryPoint","urlTemplate":"https:\/\/www.edugestores.pe\/?s={search_term_string}"},"query-input":"required name=search_term_string"}],"inLanguage":"es"},{"@type":"ImageObject","@id":"https:\/\/www.edugestores.pe\/?p=21257#primaryimage","inLanguage":"es","url":"https:\/\/www.edugestores.pe\/wp-content\/uploads\/2018\/11\/confianza.jpg","contentUrl":"https:\/\/www.edugestores.pe\/wp-content\/uploads\/2018\/11\/confianza.jpg","width":626,"height":364},{"@type":"WebPage","@id":"https:\/\/www.edugestores.pe\/?p=21257#webpage","url":"https:\/\/www.edugestores.pe\/?p=21257","name":"Participa en nuestro foro edugestor: \"Director de UGEL como cargo de confianza en educaci\u00f3n\" - Red Peruana de Gestores de la Educaci\u00f3n","isPartOf":{"@id":"https:\/\/www.edugestores.pe\/#website"},"primaryImageOfPage":{"@id":"https:\/\/www.edugestores.pe\/?p=21257#primaryimage"},"datePublished":"2018-11-28T12:56:21+00:00","dateModified":"2019-08-16T16:41:46+00:00","author":{"@id":"https:\/\/www.edugestores.pe\/#\/schema\/person\/30dc82f35f5853289037a64b35c7c7d3"},"breadcrumb":{"@id":"https:\/\/www.edugestores.pe\/?p=21257#breadcrumb"},"inLanguage":"es","potentialAction":[{"@type":"ReadAction","target":["https:\/\/www.edugestores.pe\/?p=21257"]}]},{"@type":"BreadcrumbList","@id":"https:\/\/www.edugestores.pe\/?p=21257#breadcrumb","itemListElement":[{"@type":"ListItem","position":1,"name":"Portada","item":"https:\/\/www.edugestores.pe\/"},{"@type":"ListItem","position":2,"name":"Participa en nuestro foro edugestor: \u00abDirector de UGEL como cargo de confianza en educaci\u00f3n\u00bb"}]},{"@type":"Person","@id":"https:\/\/www.edugestores.pe\/#\/schema\/person\/30dc82f35f5853289037a64b35c7c7d3","name":"Administrador","image":{"@type":"ImageObject","@id":"https:\/\/www.edugestores.pe\/#personlogo","inLanguage":"es","url":"https:\/\/secure.gravatar.com\/avatar\/70960d1239c4d2c778bb3d2786a3c1ae?s=96&d=mm&r=g","contentUrl":"https:\/\/secure.gravatar.com\/avatar\/70960d1239c4d2c778bb3d2786a3c1ae?s=96&d=mm&r=g","caption":"Administrador"},"url":"https:\/\/www.edugestores.pe\/?author=63"}]}},"jetpack_featured_media_url":"https:\/\/www.edugestores.pe\/wp-content\/uploads\/2018\/11\/confianza.jpg","_links":{"self":[{"href":"https:\/\/www.edugestores.pe\/index.php?rest_route=\/wp\/v2\/posts\/21257"}],"collection":[{"href":"https:\/\/www.edugestores.pe\/index.php?rest_route=\/wp\/v2\/posts"}],"about":[{"href":"https:\/\/www.edugestores.pe\/index.php?rest_route=\/wp\/v2\/types\/post"}],"author":[{"embeddable":true,"href":"https:\/\/www.edugestores.pe\/index.php?rest_route=\/wp\/v2\/users\/63"}],"replies":[{"embeddable":true,"href":"https:\/\/www.edugestores.pe\/index.php?rest_route=%2Fwp%2Fv2%2Fcomments&post=21257"}],"version-history":[{"count":1,"href":"https:\/\/www.edugestores.pe\/index.php?rest_route=\/wp\/v2\/posts\/21257\/revisions"}],"predecessor-version":[{"id":21259,"href":"https:\/\/www.edugestores.pe\/index.php?rest_route=\/wp\/v2\/posts\/21257\/revisions\/21259"}],"wp:featuredmedia":[{"embeddable":true,"href":"https:\/\/www.edugestores.pe\/index.php?rest_route=\/wp\/v2\/media\/21261"}],"wp:attachment":[{"href":"https:\/\/www.edugestores.pe\/index.php?rest_route=%2Fwp%2Fv2%2Fmedia&parent=21257"}],"wp:term":[{"taxonomy":"category","embeddable":true,"href":"https:\/\/www.edugestores.pe\/index.php?rest_route=%2Fwp%2Fv2%2Fcategories&post=21257"},{"taxonomy":"post_tag","embeddable":true,"href":"https:\/\/www.edugestores.pe\/index.php?rest_route=%2Fwp%2Fv2%2Ftags&post=21257"}],"curies":[{"name":"wp","href":"https:\/\/api.w.org\/{rel}","templated":true}]}}