{"id":21268,"date":"2018-11-28T08:37:32","date_gmt":"2018-11-28T13:37:32","guid":{"rendered":"https:\/\/www.edugestores.pe\/?p=21268"},"modified":"2019-08-16T11:41:34","modified_gmt":"2019-08-16T16:41:34","slug":"directores-de-dre-y-gre-solicitan-a-minedu-modificar-disposiciones-que-los-afectan-en-la-carrera-publica-magisterial","status":"publish","type":"post","link":"https:\/\/www.edugestores.pe\/?p=21268","title":{"rendered":"Directores de DRE y GRE solicitan a Minedu modificar disposiciones que los afectan en la Carrera P\u00fablica Magisterial"},"content":{"rendered":"<p style=\"text-align: justify;\">Directores y gerentes regionales de Educaci\u00f3n que solicitaron licencia en sus anteriores cargos en la\u00a0(CPM) para asumir cargos de confianza en sus respectivos gobiernos regionales, suscriben\u00a0el pronunciamiento adjunto dirigido al Ministro de Educaci\u00f3n Daniel Alfaro y solicitan revisar disposiciones de menor rango a las establecidas en la Ley de Reforma Magisterial y su reglamento que los perjudican, igual que a directores de UGEL y otros cargos del \u00e1rea de gesti\u00f3n institucional de la CPM. De no modificarse estas disposiciones los directores regionales estar\u00e1n impedidos de postular a encargaturas de especialistas de educaci\u00f3n y cargos directivos y su experiencia de gesti\u00f3n como directores\u00a0de DRE y UGEL\u00a0no recibir\u00e1 ninguna valoraci\u00f3n en su trayectoria para postular a ascensos en la carrera p\u00fablica magisterial o concursos de acceso a cargos de gesti\u00f3n institucional.<\/p>\n<p style=\"text-align: justify;\">Edugestores comparte la preocupaci\u00f3n de los directores regionales y los de gestores que ocupan otros cargos del \u00e1rea de gesti\u00f3n institucional en la Carrera P\u00fablica Magisterial (CPM),\u00a0respecto a las disposiciones mecionadas que truncan su trayectoria en la carrera publica magisterial.<\/p>\n<p style=\"text-align: justify;\">Tambi\u00e9n se adhirieron a este pronunciamiento Edith Anahua T\u00e9llez, directora regional de Tacna y Luis Colonia Zevallos, director regional de Educaci\u00f3n de Hu\u00e1nuco.<\/p>\n<p style=\"text-align: justify;\">Para leer, comentar y difundir.<\/p>\n<p><a href=\"https:\/\/www.edugestores.pe\/wp-content\/uploads\/2018\/11\/WhatsApp-Image-2018-11-25-at-7.44.51-PM1.jpeg\"><img decoding=\"async\" loading=\"lazy\" class=\"alignnone  wp-image-21271\" src=\"https:\/\/www.edugestores.pe\/wp-content\/uploads\/2018\/11\/WhatsApp-Image-2018-11-25-at-7.44.51-PM1.jpeg\" alt=\"WhatsApp Image 2018-11-25 at 7.44.51 PM\" width=\"583\" height=\"824\" srcset=\"https:\/\/www.edugestores.pe\/wp-content\/uploads\/2018\/11\/WhatsApp-Image-2018-11-25-at-7.44.51-PM1.jpeg 715w, https:\/\/www.edugestores.pe\/wp-content\/uploads\/2018\/11\/WhatsApp-Image-2018-11-25-at-7.44.51-PM1-212x300.jpeg 212w, https:\/\/www.edugestores.pe\/wp-content\/uploads\/2018\/11\/WhatsApp-Image-2018-11-25-at-7.44.51-PM1-672x950.jpeg 672w, https:\/\/www.edugestores.pe\/wp-content\/uploads\/2018\/11\/WhatsApp-Image-2018-11-25-at-7.44.51-PM1-71x100.jpeg 71w\" sizes=\"(max-width: 583px) 100vw, 583px\" \/><\/a><\/p>\n<p>&nbsp;<\/p>\n<p><a href=\"https:\/\/www.edugestores.pe\/wp-content\/uploads\/2018\/11\/WhatsApp-Image-2018-11-25-at-7.44.54-PM.jpeg\"><img decoding=\"async\" loading=\"lazy\" class=\"alignnone  wp-image-21272\" src=\"https:\/\/www.edugestores.pe\/wp-content\/uploads\/2018\/11\/WhatsApp-Image-2018-11-25-at-7.44.54-PM.jpeg\" alt=\"WhatsApp Image 2018-11-25 at 7.44.54 PM\" width=\"584\" height=\"843\" srcset=\"https:\/\/www.edugestores.pe\/wp-content\/uploads\/2018\/11\/WhatsApp-Image-2018-11-25-at-7.44.54-PM.jpeg 717w, https:\/\/www.edugestores.pe\/wp-content\/uploads\/2018\/11\/WhatsApp-Image-2018-11-25-at-7.44.54-PM-208x300.jpeg 208w, https:\/\/www.edugestores.pe\/wp-content\/uploads\/2018\/11\/WhatsApp-Image-2018-11-25-at-7.44.54-PM-709x1024.jpeg 709w, https:\/\/www.edugestores.pe\/wp-content\/uploads\/2018\/11\/WhatsApp-Image-2018-11-25-at-7.44.54-PM-672x970.jpeg 672w, https:\/\/www.edugestores.pe\/wp-content\/uploads\/2018\/11\/WhatsApp-Image-2018-11-25-at-7.44.54-PM-69x100.jpeg 69w\" sizes=\"(max-width: 584px) 100vw, 584px\" \/><\/a><\/p>\n","protected":false},"excerpt":{"rendered":"<p>Directores y gerentes regionales de Educaci\u00f3n que solicitaron licencia en sus anteriores cargos en la\u00a0(CPM) para asumir cargos de confianza [&hellip;]<\/p>\n","protected":false},"author":63,"featured_media":21274,"comment_status":"open","ping_status":"open","sticky":false,"template":"","format":"standard","meta":{"spay_email":""},"categories":[125,1413],"tags":[],"yoast_head":"<!-- This site is optimized with the Yoast SEO plugin v18.0 - https:\/\/yoast.com\/wordpress\/plugins\/seo\/ -->\n<title>Directores de DRE y GRE solicitan a Minedu modificar disposiciones que los afectan en la Carrera P\u00fablica Magisterial - Red Peruana de Gestores de la Educaci\u00f3n<\/title>\n<meta name=\"robots\" content=\"index, follow, max-snippet:-1, max-image-preview:large, max-video-preview:-1\" \/>\n<link rel=\"canonical\" href=\"https:\/\/www.edugestores.pe\/?p=21268\" \/>\n<meta property=\"og:locale\" content=\"es_ES\" \/>\n<meta property=\"og:type\" content=\"article\" \/>\n<meta property=\"og:title\" content=\"Directores de DRE y GRE solicitan a Minedu modificar disposiciones que los afectan en la Carrera P\u00fablica Magisterial - Red Peruana de Gestores de la Educaci\u00f3n\" \/>\n<meta property=\"og:description\" content=\"Directores y gerentes regionales de Educaci\u00f3n que solicitaron licencia en sus anteriores cargos en la\u00a0(CPM) para asumir cargos de confianza [&hellip;]\" \/>\n<meta property=\"og:url\" content=\"https:\/\/www.edugestores.pe\/?p=21268\" \/>\n<meta property=\"og:site_name\" content=\"Red Peruana de Gestores de la Educaci\u00f3n\" \/>\n<meta property=\"article:published_time\" content=\"2018-11-28T13:37:32+00:00\" \/>\n<meta property=\"article:modified_time\" content=\"2019-08-16T16:41:34+00:00\" \/>\n<meta property=\"og:image\" content=\"https:\/\/www.edugestores.pe\/wp-content\/uploads\/2018\/11\/139501-minedu-publicara-hoy-plazas-vacantes-contratacion-docente-2018-2019.jpg\" \/>\n\t<meta property=\"og:image:width\" content=\"851\" \/>\n\t<meta property=\"og:image:height\" content=\"444\" \/>\n\t<meta property=\"og:image:type\" content=\"image\/jpeg\" \/>\n<meta name=\"twitter:card\" content=\"summary_large_image\" \/>\n<meta name=\"twitter:label1\" content=\"Escrito por\" \/>\n\t<meta name=\"twitter:data1\" content=\"Administrador\" \/>\n\t<meta name=\"twitter:label2\" content=\"Tiempo de lectura\" \/>\n\t<meta name=\"twitter:data2\" content=\"1 minuto\" \/>\n<script type=\"application\/ld+json\" class=\"yoast-schema-graph\">{\"@context\":\"https:\/\/schema.org\",\"@graph\":[{\"@type\":\"WebSite\",\"@id\":\"https:\/\/www.edugestores.pe\/#website\",\"url\":\"https:\/\/www.edugestores.pe\/\",\"name\":\"Red Peruana de Gestores de la Educaci\u00f3n\",\"description\":\"Red Peruana de Gestores de la Educaci\u00f3n\",\"potentialAction\":[{\"@type\":\"SearchAction\",\"target\":{\"@type\":\"EntryPoint\",\"urlTemplate\":\"https:\/\/www.edugestores.pe\/?s={search_term_string}\"},\"query-input\":\"required name=search_term_string\"}],\"inLanguage\":\"es\"},{\"@type\":\"ImageObject\",\"@id\":\"https:\/\/www.edugestores.pe\/?p=21268#primaryimage\",\"inLanguage\":\"es\",\"url\":\"https:\/\/www.edugestores.pe\/wp-content\/uploads\/2018\/11\/139501-minedu-publicara-hoy-plazas-vacantes-contratacion-docente-2018-2019.jpg\",\"contentUrl\":\"https:\/\/www.edugestores.pe\/wp-content\/uploads\/2018\/11\/139501-minedu-publicara-hoy-plazas-vacantes-contratacion-docente-2018-2019.jpg\",\"width\":851,\"height\":444},{\"@type\":\"WebPage\",\"@id\":\"https:\/\/www.edugestores.pe\/?p=21268#webpage\",\"url\":\"https:\/\/www.edugestores.pe\/?p=21268\",\"name\":\"Directores de DRE y GRE solicitan a Minedu modificar disposiciones que los afectan en la Carrera P\u00fablica Magisterial - Red Peruana de Gestores de la Educaci\u00f3n\",\"isPartOf\":{\"@id\":\"https:\/\/www.edugestores.pe\/#website\"},\"primaryImageOfPage\":{\"@id\":\"https:\/\/www.edugestores.pe\/?p=21268#primaryimage\"},\"datePublished\":\"2018-11-28T13:37:32+00:00\",\"dateModified\":\"2019-08-16T16:41:34+00:00\",\"author\":{\"@id\":\"https:\/\/www.edugestores.pe\/#\/schema\/person\/30dc82f35f5853289037a64b35c7c7d3\"},\"breadcrumb\":{\"@id\":\"https:\/\/www.edugestores.pe\/?p=21268#breadcrumb\"},\"inLanguage\":\"es\",\"potentialAction\":[{\"@type\":\"ReadAction\",\"target\":[\"https:\/\/www.edugestores.pe\/?p=21268\"]}]},{\"@type\":\"BreadcrumbList\",\"@id\":\"https:\/\/www.edugestores.pe\/?p=21268#breadcrumb\",\"itemListElement\":[{\"@type\":\"ListItem\",\"position\":1,\"name\":\"Portada\",\"item\":\"https:\/\/www.edugestores.pe\/\"},{\"@type\":\"ListItem\",\"position\":2,\"name\":\"Directores de DRE y GRE solicitan a Minedu modificar disposiciones que los afectan en la Carrera P\u00fablica Magisterial\"}]},{\"@type\":\"Person\",\"@id\":\"https:\/\/www.edugestores.pe\/#\/schema\/person\/30dc82f35f5853289037a64b35c7c7d3\",\"name\":\"Administrador\",\"image\":{\"@type\":\"ImageObject\",\"@id\":\"https:\/\/www.edugestores.pe\/#personlogo\",\"inLanguage\":\"es\",\"url\":\"https:\/\/secure.gravatar.com\/avatar\/70960d1239c4d2c778bb3d2786a3c1ae?s=96&d=mm&r=g\",\"contentUrl\":\"https:\/\/secure.gravatar.com\/avatar\/70960d1239c4d2c778bb3d2786a3c1ae?s=96&d=mm&r=g\",\"caption\":\"Administrador\"},\"url\":\"https:\/\/www.edugestores.pe\/?author=63\"}]}<\/script>\n<!-- \/ Yoast SEO plugin. -->","yoast_head_json":{"title":"Directores de DRE y GRE solicitan a Minedu modificar disposiciones que los afectan en la Carrera P\u00fablica Magisterial - Red Peruana de Gestores de la Educaci\u00f3n","robots":{"index":"index","follow":"follow","max-snippet":"max-snippet:-1","max-image-preview":"max-image-preview:large","max-video-preview":"max-video-preview:-1"},"canonical":"https:\/\/www.edugestores.pe\/?p=21268","og_locale":"es_ES","og_type":"article","og_title":"Directores de DRE y GRE solicitan a Minedu modificar disposiciones que los afectan en la Carrera P\u00fablica Magisterial - Red Peruana de Gestores de la Educaci\u00f3n","og_description":"Directores y gerentes regionales de Educaci\u00f3n que solicitaron licencia en sus anteriores cargos en la\u00a0(CPM) para asumir cargos de confianza [&hellip;]","og_url":"https:\/\/www.edugestores.pe\/?p=21268","og_site_name":"Red Peruana de Gestores de la Educaci\u00f3n","article_published_time":"2018-11-28T13:37:32+00:00","article_modified_time":"2019-08-16T16:41:34+00:00","og_image":[{"width":851,"height":444,"url":"https:\/\/www.edugestores.pe\/wp-content\/uploads\/2018\/11\/139501-minedu-publicara-hoy-plazas-vacantes-contratacion-docente-2018-2019.jpg","type":"image\/jpeg"}],"twitter_card":"summary_large_image","twitter_misc":{"Escrito por":"Administrador","Tiempo de lectura":"1 minuto"},"schema":{"@context":"https:\/\/schema.org","@graph":[{"@type":"WebSite","@id":"https:\/\/www.edugestores.pe\/#website","url":"https:\/\/www.edugestores.pe\/","name":"Red Peruana de Gestores de la Educaci\u00f3n","description":"Red Peruana de Gestores de la Educaci\u00f3n","potentialAction":[{"@type":"SearchAction","target":{"@type":"EntryPoint","urlTemplate":"https:\/\/www.edugestores.pe\/?s={search_term_string}"},"query-input":"required name=search_term_string"}],"inLanguage":"es"},{"@type":"ImageObject","@id":"https:\/\/www.edugestores.pe\/?p=21268#primaryimage","inLanguage":"es","url":"https:\/\/www.edugestores.pe\/wp-content\/uploads\/2018\/11\/139501-minedu-publicara-hoy-plazas-vacantes-contratacion-docente-2018-2019.jpg","contentUrl":"https:\/\/www.edugestores.pe\/wp-content\/uploads\/2018\/11\/139501-minedu-publicara-hoy-plazas-vacantes-contratacion-docente-2018-2019.jpg","width":851,"height":444},{"@type":"WebPage","@id":"https:\/\/www.edugestores.pe\/?p=21268#webpage","url":"https:\/\/www.edugestores.pe\/?p=21268","name":"Directores de DRE y GRE solicitan a Minedu modificar disposiciones que los afectan en la Carrera P\u00fablica Magisterial - Red Peruana de Gestores de la Educaci\u00f3n","isPartOf":{"@id":"https:\/\/www.edugestores.pe\/#website"},"primaryImageOfPage":{"@id":"https:\/\/www.edugestores.pe\/?p=21268#primaryimage"},"datePublished":"2018-11-28T13:37:32+00:00","dateModified":"2019-08-16T16:41:34+00:00","author":{"@id":"https:\/\/www.edugestores.pe\/#\/schema\/person\/30dc82f35f5853289037a64b35c7c7d3"},"breadcrumb":{"@id":"https:\/\/www.edugestores.pe\/?p=21268#breadcrumb"},"inLanguage":"es","potentialAction":[{"@type":"ReadAction","target":["https:\/\/www.edugestores.pe\/?p=21268"]}]},{"@type":"BreadcrumbList","@id":"https:\/\/www.edugestores.pe\/?p=21268#breadcrumb","itemListElement":[{"@type":"ListItem","position":1,"name":"Portada","item":"https:\/\/www.edugestores.pe\/"},{"@type":"ListItem","position":2,"name":"Directores de DRE y GRE solicitan a Minedu modificar disposiciones que los afectan en la Carrera P\u00fablica Magisterial"}]},{"@type":"Person","@id":"https:\/\/www.edugestores.pe\/#\/schema\/person\/30dc82f35f5853289037a64b35c7c7d3","name":"Administrador","image":{"@type":"ImageObject","@id":"https:\/\/www.edugestores.pe\/#personlogo","inLanguage":"es","url":"https:\/\/secure.gravatar.com\/avatar\/70960d1239c4d2c778bb3d2786a3c1ae?s=96&d=mm&r=g","contentUrl":"https:\/\/secure.gravatar.com\/avatar\/70960d1239c4d2c778bb3d2786a3c1ae?s=96&d=mm&r=g","caption":"Administrador"},"url":"https:\/\/www.edugestores.pe\/?author=63"}]}},"jetpack_featured_media_url":"https:\/\/www.edugestores.pe\/wp-content\/uploads\/2018\/11\/139501-minedu-publicara-hoy-plazas-vacantes-contratacion-docente-2018-2019.jpg","_links":{"self":[{"href":"https:\/\/www.edugestores.pe\/index.php?rest_route=\/wp\/v2\/posts\/21268"}],"collection":[{"href":"https:\/\/www.edugestores.pe\/index.php?rest_route=\/wp\/v2\/posts"}],"about":[{"href":"https:\/\/www.edugestores.pe\/index.php?rest_route=\/wp\/v2\/types\/post"}],"author":[{"embeddable":true,"href":"https:\/\/www.edugestores.pe\/index.php?rest_route=\/wp\/v2\/users\/63"}],"replies":[{"embeddable":true,"href":"https:\/\/www.edugestores.pe\/index.php?rest_route=%2Fwp%2Fv2%2Fcomments&post=21268"}],"version-history":[{"count":4,"href":"https:\/\/www.edugestores.pe\/index.php?rest_route=\/wp\/v2\/posts\/21268\/revisions"}],"predecessor-version":[{"id":21278,"href":"https:\/\/www.edugestores.pe\/index.php?rest_route=\/wp\/v2\/posts\/21268\/revisions\/21278"}],"wp:featuredmedia":[{"embeddable":true,"href":"https:\/\/www.edugestores.pe\/index.php?rest_route=\/wp\/v2\/media\/21274"}],"wp:attachment":[{"href":"https:\/\/www.edugestores.pe\/index.php?rest_route=%2Fwp%2Fv2%2Fmedia&parent=21268"}],"wp:term":[{"taxonomy":"category","embeddable":true,"href":"https:\/\/www.edugestores.pe\/index.php?rest_route=%2Fwp%2Fv2%2Fcategories&post=21268"},{"taxonomy":"post_tag","embeddable":true,"href":"https:\/\/www.edugestores.pe\/index.php?rest_route=%2Fwp%2Fv2%2Ftags&post=21268"}],"curies":[{"name":"wp","href":"https:\/\/api.w.org\/{rel}","templated":true}]}}