{"id":21301,"date":"2018-12-01T15:13:20","date_gmt":"2018-12-01T20:13:20","guid":{"rendered":"https:\/\/www.edugestores.pe\/?p=21301"},"modified":"2019-08-16T11:40:59","modified_gmt":"2019-08-16T16:40:59","slug":"lanzan-en-evento-grupo-impulsor-para-elaboracion-del-proyecto-educativo-nacional-al-2036","status":"publish","type":"post","link":"https:\/\/www.edugestores.pe\/?p=21301","title":{"rendered":"Lanzan en evento Grupo Impulsor para elaboraci\u00f3n del Proyecto Educativo Nacional al 2036"},"content":{"rendered":"<p style=\"text-align: justify;\">Este martes 6 de diciembre se realizar\u00e1 un evento de lanzamiento del Grupo Impulsor para la elaboraci\u00f3n del Proyecto Educativo Nacional (PEN) al 2036, en el auditorio del Lugar de la Memoria, la Tolerancia y la Inclusi\u00f3n Social (LUM), a las 3:30 de la tarde. El evento es organizado por el Consejo Nacional de Educaci\u00f3n (CNE).<\/p>\n<p style=\"text-align: justify;\">Las palabras de bienvenida estar\u00e1n a cargo de Manuel Burga, director del LUM, y le seguir\u00e1 un saludo institucional y presentaci\u00f3n del Grupo Impulsor a cargo de C\u00e9sar Guadalupe, presidente del CNE.<\/p>\n<p style=\"text-align: justify;\">Luego se desarrollar\u00e1 en panel\u00a0La importancia del di\u00e1logo para la construcci\u00f3n del PEN, moderado por el consejero del CNE, Le\u00f3n Trahtemberg. La mesa de di\u00e1logo estar\u00e1 conformada por\u00a0Mar\u00eda Isabel Le\u00f3n, tambi\u00e9n consejera del CNE,\u00a0Patricia Arregui, investigradora de GRADE y consejera del CNE, y de Javier Igui\u00f1iz, secretario t\u00e9cnico del Acuerdo Nacional.<\/p>\n<p style=\"text-align: justify;\">Habr\u00e1 un acto protocolar de lanzamiento del Grupo Impulsor, a cargo de Grover Pango, vicepresidente del CNE, y las palabras de\u00a0cierre estar\u00e1n a cargo del ministro de Educaci\u00f3n,\u00a0Daniel Alfaro.<\/p>\n<div class=\"_2cuy _3dgx _2vxa\" style=\"text-align: justify;\">El Grupo Impulsor del PEN al 2036 es una iniciativa que se enmarca en el proceso de elaboraci\u00f3n participativa del Proyecto Educativo Nacional (PEN), con el objetivo de buscar alianzas para impulsar el di\u00e1logo y la movilizaci\u00f3n en todo el pa\u00eds.<\/div>\n<div class=\"_2cuy _3dgx _2vxa\" style=\"text-align: justify;\"><\/div>\n<div class=\"_2cuy _3dgx _2vxa\" style=\"text-align: justify;\">Se tiene previsto que en cada una de las regiones se promueva la existencia de un grupo impulsor que articule el inter\u00e9s y compromiso de los aliados locales y regionales con el objetivo de recoger la mayor y m\u00e1s diversa cantidad de voces de los diferentes sectores de la sociedad. Para ello, el Consejo Nacional de Educaci\u00f3n ha conformado un equipo regional que ya se encuentra en los territorios tomando contacto con los diferentes actores y potenciales aliados.<\/div>\n<div class=\"_2cuy _3dgx _2vxa\" style=\"text-align: justify;\"><\/div>\n<div class=\"_2cuy _3dgx _2vxa\" style=\"text-align: justify;\">Adem\u00e1s, dentro del Grupo Impulsor se cuenta con instituciones que ayudar\u00e1n a establecer metodolog\u00edas pertinentes para el recojo de aportes de poblaciones espec\u00edficas como son personas con discapacidad, poblaciones multiculturales, ni\u00f1as, ni\u00f1os y adolescentes.<\/div>\n<p style=\"text-align: justify;\">El auditorio del LUM se ubica en la Bajada San Mart\u00edn 151, Miraflores.<\/p>\n","protected":false},"excerpt":{"rendered":"<p>Este martes 6 de diciembre se realizar\u00e1 un evento de lanzamiento del Grupo Impulsor para la elaboraci\u00f3n del Proyecto Educativo [&hellip;]<\/p>\n","protected":false},"author":63,"featured_media":21307,"comment_status":"open","ping_status":"open","sticky":false,"template":"","format":"standard","meta":{"spay_email":""},"categories":[125,1413],"tags":[],"yoast_head":"<!-- This site is optimized with the Yoast SEO plugin v18.0 - https:\/\/yoast.com\/wordpress\/plugins\/seo\/ -->\n<title>Lanzan en evento Grupo Impulsor para elaboraci\u00f3n del Proyecto Educativo Nacional al 2036 - Red Peruana de Gestores de la Educaci\u00f3n<\/title>\n<meta name=\"robots\" content=\"index, follow, max-snippet:-1, max-image-preview:large, max-video-preview:-1\" \/>\n<link rel=\"canonical\" href=\"https:\/\/www.edugestores.pe\/?p=21301\" \/>\n<meta property=\"og:locale\" content=\"es_ES\" \/>\n<meta property=\"og:type\" content=\"article\" \/>\n<meta property=\"og:title\" content=\"Lanzan en evento Grupo Impulsor para elaboraci\u00f3n del Proyecto Educativo Nacional al 2036 - Red Peruana de Gestores de la Educaci\u00f3n\" \/>\n<meta property=\"og:description\" content=\"Este martes 6 de diciembre se realizar\u00e1 un evento de lanzamiento del Grupo Impulsor para la elaboraci\u00f3n del Proyecto Educativo [&hellip;]\" \/>\n<meta property=\"og:url\" content=\"https:\/\/www.edugestores.pe\/?p=21301\" \/>\n<meta property=\"og:site_name\" content=\"Red Peruana de Gestores de la Educaci\u00f3n\" \/>\n<meta property=\"article:published_time\" content=\"2018-12-01T20:13:20+00:00\" \/>\n<meta property=\"article:modified_time\" content=\"2019-08-16T16:40:59+00:00\" \/>\n<meta property=\"og:image\" content=\"https:\/\/www.edugestores.pe\/wp-content\/uploads\/2018\/12\/images1.jpg\" \/>\n\t<meta property=\"og:image:width\" content=\"500\" \/>\n\t<meta property=\"og:image:height\" content=\"203\" \/>\n\t<meta property=\"og:image:type\" content=\"image\/jpeg\" \/>\n<meta name=\"twitter:card\" content=\"summary_large_image\" \/>\n<meta name=\"twitter:label1\" content=\"Escrito por\" \/>\n\t<meta name=\"twitter:data1\" content=\"Administrador\" \/>\n\t<meta name=\"twitter:label2\" content=\"Tiempo de lectura\" \/>\n\t<meta name=\"twitter:data2\" content=\"2 minutos\" \/>\n<script type=\"application\/ld+json\" class=\"yoast-schema-graph\">{\"@context\":\"https:\/\/schema.org\",\"@graph\":[{\"@type\":\"WebSite\",\"@id\":\"https:\/\/www.edugestores.pe\/#website\",\"url\":\"https:\/\/www.edugestores.pe\/\",\"name\":\"Red Peruana de Gestores de la Educaci\u00f3n\",\"description\":\"Red Peruana de Gestores de la Educaci\u00f3n\",\"potentialAction\":[{\"@type\":\"SearchAction\",\"target\":{\"@type\":\"EntryPoint\",\"urlTemplate\":\"https:\/\/www.edugestores.pe\/?s={search_term_string}\"},\"query-input\":\"required name=search_term_string\"}],\"inLanguage\":\"es\"},{\"@type\":\"ImageObject\",\"@id\":\"https:\/\/www.edugestores.pe\/?p=21301#primaryimage\",\"inLanguage\":\"es\",\"url\":\"https:\/\/www.edugestores.pe\/wp-content\/uploads\/2018\/12\/images1.jpg\",\"contentUrl\":\"https:\/\/www.edugestores.pe\/wp-content\/uploads\/2018\/12\/images1.jpg\",\"width\":500,\"height\":203},{\"@type\":\"WebPage\",\"@id\":\"https:\/\/www.edugestores.pe\/?p=21301#webpage\",\"url\":\"https:\/\/www.edugestores.pe\/?p=21301\",\"name\":\"Lanzan en evento Grupo Impulsor para elaboraci\u00f3n del Proyecto Educativo Nacional al 2036 - Red Peruana de Gestores de la Educaci\u00f3n\",\"isPartOf\":{\"@id\":\"https:\/\/www.edugestores.pe\/#website\"},\"primaryImageOfPage\":{\"@id\":\"https:\/\/www.edugestores.pe\/?p=21301#primaryimage\"},\"datePublished\":\"2018-12-01T20:13:20+00:00\",\"dateModified\":\"2019-08-16T16:40:59+00:00\",\"author\":{\"@id\":\"https:\/\/www.edugestores.pe\/#\/schema\/person\/30dc82f35f5853289037a64b35c7c7d3\"},\"breadcrumb\":{\"@id\":\"https:\/\/www.edugestores.pe\/?p=21301#breadcrumb\"},\"inLanguage\":\"es\",\"potentialAction\":[{\"@type\":\"ReadAction\",\"target\":[\"https:\/\/www.edugestores.pe\/?p=21301\"]}]},{\"@type\":\"BreadcrumbList\",\"@id\":\"https:\/\/www.edugestores.pe\/?p=21301#breadcrumb\",\"itemListElement\":[{\"@type\":\"ListItem\",\"position\":1,\"name\":\"Portada\",\"item\":\"https:\/\/www.edugestores.pe\/\"},{\"@type\":\"ListItem\",\"position\":2,\"name\":\"Lanzan en evento Grupo Impulsor para elaboraci\u00f3n del Proyecto Educativo Nacional al 2036\"}]},{\"@type\":\"Person\",\"@id\":\"https:\/\/www.edugestores.pe\/#\/schema\/person\/30dc82f35f5853289037a64b35c7c7d3\",\"name\":\"Administrador\",\"image\":{\"@type\":\"ImageObject\",\"@id\":\"https:\/\/www.edugestores.pe\/#personlogo\",\"inLanguage\":\"es\",\"url\":\"https:\/\/secure.gravatar.com\/avatar\/70960d1239c4d2c778bb3d2786a3c1ae?s=96&d=mm&r=g\",\"contentUrl\":\"https:\/\/secure.gravatar.com\/avatar\/70960d1239c4d2c778bb3d2786a3c1ae?s=96&d=mm&r=g\",\"caption\":\"Administrador\"},\"url\":\"https:\/\/www.edugestores.pe\/?author=63\"}]}<\/script>\n<!-- \/ Yoast SEO plugin. -->","yoast_head_json":{"title":"Lanzan en evento Grupo Impulsor para elaboraci\u00f3n del Proyecto Educativo Nacional al 2036 - Red Peruana de Gestores de la Educaci\u00f3n","robots":{"index":"index","follow":"follow","max-snippet":"max-snippet:-1","max-image-preview":"max-image-preview:large","max-video-preview":"max-video-preview:-1"},"canonical":"https:\/\/www.edugestores.pe\/?p=21301","og_locale":"es_ES","og_type":"article","og_title":"Lanzan en evento Grupo Impulsor para elaboraci\u00f3n del Proyecto Educativo Nacional al 2036 - Red Peruana de Gestores de la Educaci\u00f3n","og_description":"Este martes 6 de diciembre se realizar\u00e1 un evento de lanzamiento del Grupo Impulsor para la elaboraci\u00f3n del Proyecto Educativo [&hellip;]","og_url":"https:\/\/www.edugestores.pe\/?p=21301","og_site_name":"Red Peruana de Gestores de la Educaci\u00f3n","article_published_time":"2018-12-01T20:13:20+00:00","article_modified_time":"2019-08-16T16:40:59+00:00","og_image":[{"width":500,"height":203,"url":"https:\/\/www.edugestores.pe\/wp-content\/uploads\/2018\/12\/images1.jpg","type":"image\/jpeg"}],"twitter_card":"summary_large_image","twitter_misc":{"Escrito por":"Administrador","Tiempo de lectura":"2 minutos"},"schema":{"@context":"https:\/\/schema.org","@graph":[{"@type":"WebSite","@id":"https:\/\/www.edugestores.pe\/#website","url":"https:\/\/www.edugestores.pe\/","name":"Red Peruana de Gestores de la Educaci\u00f3n","description":"Red Peruana de Gestores de la Educaci\u00f3n","potentialAction":[{"@type":"SearchAction","target":{"@type":"EntryPoint","urlTemplate":"https:\/\/www.edugestores.pe\/?s={search_term_string}"},"query-input":"required name=search_term_string"}],"inLanguage":"es"},{"@type":"ImageObject","@id":"https:\/\/www.edugestores.pe\/?p=21301#primaryimage","inLanguage":"es","url":"https:\/\/www.edugestores.pe\/wp-content\/uploads\/2018\/12\/images1.jpg","contentUrl":"https:\/\/www.edugestores.pe\/wp-content\/uploads\/2018\/12\/images1.jpg","width":500,"height":203},{"@type":"WebPage","@id":"https:\/\/www.edugestores.pe\/?p=21301#webpage","url":"https:\/\/www.edugestores.pe\/?p=21301","name":"Lanzan en evento Grupo Impulsor para elaboraci\u00f3n del Proyecto Educativo Nacional al 2036 - Red Peruana de Gestores de la Educaci\u00f3n","isPartOf":{"@id":"https:\/\/www.edugestores.pe\/#website"},"primaryImageOfPage":{"@id":"https:\/\/www.edugestores.pe\/?p=21301#primaryimage"},"datePublished":"2018-12-01T20:13:20+00:00","dateModified":"2019-08-16T16:40:59+00:00","author":{"@id":"https:\/\/www.edugestores.pe\/#\/schema\/person\/30dc82f35f5853289037a64b35c7c7d3"},"breadcrumb":{"@id":"https:\/\/www.edugestores.pe\/?p=21301#breadcrumb"},"inLanguage":"es","potentialAction":[{"@type":"ReadAction","target":["https:\/\/www.edugestores.pe\/?p=21301"]}]},{"@type":"BreadcrumbList","@id":"https:\/\/www.edugestores.pe\/?p=21301#breadcrumb","itemListElement":[{"@type":"ListItem","position":1,"name":"Portada","item":"https:\/\/www.edugestores.pe\/"},{"@type":"ListItem","position":2,"name":"Lanzan en evento Grupo Impulsor para elaboraci\u00f3n del Proyecto Educativo Nacional al 2036"}]},{"@type":"Person","@id":"https:\/\/www.edugestores.pe\/#\/schema\/person\/30dc82f35f5853289037a64b35c7c7d3","name":"Administrador","image":{"@type":"ImageObject","@id":"https:\/\/www.edugestores.pe\/#personlogo","inLanguage":"es","url":"https:\/\/secure.gravatar.com\/avatar\/70960d1239c4d2c778bb3d2786a3c1ae?s=96&d=mm&r=g","contentUrl":"https:\/\/secure.gravatar.com\/avatar\/70960d1239c4d2c778bb3d2786a3c1ae?s=96&d=mm&r=g","caption":"Administrador"},"url":"https:\/\/www.edugestores.pe\/?author=63"}]}},"jetpack_featured_media_url":"https:\/\/www.edugestores.pe\/wp-content\/uploads\/2018\/12\/images1.jpg","_links":{"self":[{"href":"https:\/\/www.edugestores.pe\/index.php?rest_route=\/wp\/v2\/posts\/21301"}],"collection":[{"href":"https:\/\/www.edugestores.pe\/index.php?rest_route=\/wp\/v2\/posts"}],"about":[{"href":"https:\/\/www.edugestores.pe\/index.php?rest_route=\/wp\/v2\/types\/post"}],"author":[{"embeddable":true,"href":"https:\/\/www.edugestores.pe\/index.php?rest_route=\/wp\/v2\/users\/63"}],"replies":[{"embeddable":true,"href":"https:\/\/www.edugestores.pe\/index.php?rest_route=%2Fwp%2Fv2%2Fcomments&post=21301"}],"version-history":[{"count":1,"href":"https:\/\/www.edugestores.pe\/index.php?rest_route=\/wp\/v2\/posts\/21301\/revisions"}],"predecessor-version":[{"id":21303,"href":"https:\/\/www.edugestores.pe\/index.php?rest_route=\/wp\/v2\/posts\/21301\/revisions\/21303"}],"wp:featuredmedia":[{"embeddable":true,"href":"https:\/\/www.edugestores.pe\/index.php?rest_route=\/wp\/v2\/media\/21307"}],"wp:attachment":[{"href":"https:\/\/www.edugestores.pe\/index.php?rest_route=%2Fwp%2Fv2%2Fmedia&parent=21301"}],"wp:term":[{"taxonomy":"category","embeddable":true,"href":"https:\/\/www.edugestores.pe\/index.php?rest_route=%2Fwp%2Fv2%2Fcategories&post=21301"},{"taxonomy":"post_tag","embeddable":true,"href":"https:\/\/www.edugestores.pe\/index.php?rest_route=%2Fwp%2Fv2%2Ftags&post=21301"}],"curies":[{"name":"wp","href":"https:\/\/api.w.org\/{rel}","templated":true}]}}