{"id":21317,"date":"2018-12-05T07:43:38","date_gmt":"2018-12-05T12:43:38","guid":{"rendered":"https:\/\/www.edugestores.pe\/?p=21317"},"modified":"2019-08-16T11:40:51","modified_gmt":"2019-08-16T16:40:51","slug":"reporte-de-noviembre-del-observatorio-de-politicas-educativas-2","status":"publish","type":"post","link":"https:\/\/www.edugestores.pe\/?p=21317","title":{"rendered":"Reporte de noviembre del Observatorio de Pol\u00edticas Educativas"},"content":{"rendered":"<p style=\"font-weight: 400; text-align: justify;\">En Edugestores, compartimos el reporte mensual elaborado por el Instituto de Gobierno y Desarrollo Humano.<\/p>\n<p style=\"font-weight: 400; text-align: justify;\">\u00a0Las principales pol\u00edticas a destacar son las siguientes:<\/p>\n<p style=\"font-weight: 400; text-align: justify;\"><strong>1. Desarrollo docente:<\/strong><\/p>\n<p style=\"font-weight: 400; text-align: justify;\">&#8211;\u00a0<strong><a href=\"https:\/\/www.gob.pe\/institucion\/minedu\/normas-legales\/222494-012-2018-minedu-fe-de-erratas\">Decreto Supremo N\u00b0 012-2018-MINEDU<\/a>:<\/strong>\u00a0Modifican el numeral 45.3 del Art\u00edculo 45 los Art\u00edculos 49 y 59 el numeral 62.1 del Art\u00edculo 62 y el literal a) del Art\u00edculo 217 del Reglamento de la Ley N\u00b0 29944 Ley de Reforma Magisterial aprobado por Decreto Supremo N\u00b0 004-2013-ED.<\/p>\n<p style=\"font-weight: 400; text-align: justify;\">&#8211;\u00a0<a href=\"https:\/\/www.gob.pe\/institucion\/minedu\/normas-legales\/222335-648-2018-minedu\"><strong>Resoluci\u00f3n Ministerial\u00a0<\/strong><\/a><strong><a href=\"https:\/\/www.gob.pe\/institucion\/minedu\/normas-legales\/222335-648-2018-minedu\">N\u00b0 648-2018-MINEDU<\/a>:<\/strong>\u00a0Modifican anexo de la R.M. N\u00b0 275-2018-MINEDU que contiene el cronograma de la Evaluaci\u00f3n del Desempe\u00f1o en Cargos Directivos de Instituci\u00f3n Educativa de Educaci\u00f3n B\u00e1sica en el marco de la Carrera P\u00fablica Magisterial de la Ley de Reforma Magisterial de los Grupos I y II.<\/p>\n<p style=\"font-weight: 400; text-align: justify;\">&#8211;\u00a0<a href=\"https:\/\/www.edugestores.pe\/docs\/norma-que-regula-la-evaluacion-del-desempeno-en-cargos-directivos-2018\/\"><strong>Resoluci\u00f3n Ministerial\u00a0<\/strong><\/a><strong><a href=\"https:\/\/www.edugestores.pe\/docs\/norma-que-regula-la-evaluacion-del-desempeno-en-cargos-directivos-2018\/\">N\u00b0 656-2018-MINEDU<\/a>:<\/strong>\u00a0Modifican Normas T\u00e9cnicas denominadas Norma que regula la Evaluaci\u00f3n del Desempe\u00f1o en Cargos Directivos de Instituci\u00f3n Educativa de Educaci\u00f3n B\u00e1sica en el marco de la Carrera P\u00fablica Magisterial de la Ley de Reforma Magisterial y Norma que regula la Evaluaci\u00f3n del Desempe\u00f1o en Cargos Directivos de Centros de Educaci\u00f3n T\u00e9cnico Productiva en el marco de la Carrera P\u00fablica Magisterial de la Ley de Reforma Magisterial.<\/p>\n<p style=\"font-weight: 400; text-align: justify;\">\u00a0<strong>2. Aprendizajes<\/strong><\/p>\n<p style=\"font-weight: 400; text-align: justify;\">&#8211;\u00a0<strong>Resoluci\u00f3n Ministerial\u00a0<\/strong><strong>N\u00b0 602-2018-MINEDU:<\/strong>\u00a0Crean el Grupo de Trabajo encargado de elaborar la propuesta de Plan de Acciones para la Conmemoraci\u00f3n del Bicentenario de la Independencia del Per\u00fa del Ministerio de Educaci\u00f3n.<\/p>\n<p style=\"font-weight: 400; text-align: justify;\">&#8211;\u00a0<a href=\"https:\/\/www.gob.pe\/institucion\/minedu\/normas-legales\/222329-646-2018-minedu\"><strong>Resoluci\u00f3n Ministerial\u00a0<\/strong><\/a><strong><a href=\"https:\/\/www.gob.pe\/institucion\/minedu\/normas-legales\/222329-646-2018-minedu\">N\u00b0 646-2018-MINEDU<\/a>:<\/strong>\u00a0Crean el Registro Nacional de Instituciones Educativas que brindan el Servicio de Educaci\u00f3n Intercultural Biling\u00fce aprueban norma t\u00e9cnica y dictan otras disposiciones.<\/p>\n<p style=\"font-weight: 400; text-align: justify;\">&#8211;<a href=\"https:\/\/www.edugestores.pe\/docs\/elaboracion-y-aprobacion-del-cuadro-de-distribucion-de-horas-pedagogicas-2019\/\"><strong>Resoluci\u00f3n Ministerial\u00a0<\/strong><\/a><strong><a href=\"https:\/\/www.edugestores.pe\/docs\/elaboracion-y-aprobacion-del-cuadro-de-distribucion-de-horas-pedagogicas-2019\/\">N\u00b0 647-2018-MINEDU<\/a>:<\/strong>\u00a0Aprueban la Norma T\u00e9cnica Normas para la Elaboraci\u00f3n y Aprobaci\u00f3n del Cuadro de Distribuci\u00f3n de Horas Pedag\u00f3gicas en las Instituciones Educativas P\u00fablicas del nivel de Educaci\u00f3n Secundaria de Educaci\u00f3n B\u00e1sica Regular y del Ciclo Avanzado de Educaci\u00f3n B\u00e1sica Alternativa para el periodo lectivo 2019.<\/p>\n<p style=\"font-weight: 400; text-align: justify;\"><strong>3. Gesti\u00f3n y presupuesto<\/strong><\/p>\n<p style=\"font-weight: 400; text-align: justify;\">&#8211;\u00a0\u00a0<strong><a href=\"https:\/\/www.gob.pe\/institucion\/minedu\/normas-legales\/221734-179-2018-minedu\">Resoluci\u00f3n Viceministerial N\u00b0 179-2018-MINEDU<\/a>:<\/strong>\u00a0Modifican Norma T\u00e9cnica denominada Norma que orienta el procedimiento para la elaboraci\u00f3n del CAP Provisional de las DRE y UGEL en regiones.<\/p>\n<p style=\"text-align: justify;\"><b>4. Educaci\u00f3n superior:<\/b><\/p>\n<p style=\"font-weight: 400; text-align: justify;\">&#8211;\u00a0<strong>Resoluci\u00f3n Viceministerial N\u00b0 178-2018-MINEDU:<\/strong>\u00a0Aprueban el Cat\u00e1logo Nacional de la Oferta Formativa de la Educaci\u00f3n Superior Tecnol\u00f3gica y T\u00e9cnico \u2013 Productiva.<\/p>\n<p style=\"font-weight: 400; text-align: justify;\">&#8211;\u00a0<strong>Resoluci\u00f3n N\u00b0 156-2018-SUNEDU:<\/strong>\u00a0Aprueban formatos para informar sobre la realizaci\u00f3n de operaciones de fusi\u00f3n transformaci\u00f3n escisi\u00f3n disoluci\u00f3n o liquidaci\u00f3n de universidades privadas y escuelas de posgrado.<\/p>\n<p style=\"font-weight: 400; text-align: justify;\"><strong>\u00a05. Infraestructura:<\/strong><\/p>\n<p style=\"font-weight: 400; text-align: justify;\">&#8211;\u00a0<strong>Resoluci\u00f3n Ministerial N\u00b0 619-2018-MINEDU:\u00a0<\/strong>Aprueban el reordenamiento del Cuadro para Asignaci\u00f3n de Personal Provisional del Programa Nacional de Infraestructura Educativa.<\/p>\n<p style=\"font-weight: 400; text-align: justify;\"><strong>\u00a0<\/strong>Para mayor informaci\u00f3n visite la web del Observatorio de Pol\u00edticas Educativas en el siguiente link:<\/p>\n<p style=\"font-weight: 400; text-align: justify;\"><a href=\"http:\/\/www.gobiernoydesarrollohumano.org\/cuadro.php?anio=2018&amp;mes=noviembre\" data-saferedirecturl=\"https:\/\/www.google.com\/url?q=http:\/\/www.gobiernoydesarrollohumano.org\/cuadro.php?anio%3D2018%26mes%3Dnoviembre&amp;source=gmail&amp;ust=1544099509472000&amp;usg=AFQjCNEGrnJ3vfvIBQqo-b3X3EjLwU3Ocg\">http:\/\/www.gobiernoydesarrollohumano.org\/cuadro.php?anio=2018&amp;mes=noviembre<\/a><\/p>\n<p style=\"font-weight: 400;\">\u00a0<img decoding=\"async\" loading=\"lazy\" class=\"alignnone  wp-image-21318\" src=\"https:\/\/www.edugestores.pe\/wp-content\/uploads\/2018\/12\/NOVIEMBRE.png\" alt=\"NOVIEMBRE\" width=\"751\" height=\"422\" srcset=\"https:\/\/www.edugestores.pe\/wp-content\/uploads\/2018\/12\/NOVIEMBRE.png 1366w, https:\/\/www.edugestores.pe\/wp-content\/uploads\/2018\/12\/NOVIEMBRE-300x169.png 300w, https:\/\/www.edugestores.pe\/wp-content\/uploads\/2018\/12\/NOVIEMBRE-1024x576.png 1024w, https:\/\/www.edugestores.pe\/wp-content\/uploads\/2018\/12\/NOVIEMBRE-672x378.png 672w, https:\/\/www.edugestores.pe\/wp-content\/uploads\/2018\/12\/NOVIEMBRE-1038x584.png 1038w, https:\/\/www.edugestores.pe\/wp-content\/uploads\/2018\/12\/NOVIEMBRE-100x56.png 100w\" sizes=\"(max-width: 751px) 100vw, 751px\" \/><\/p>\n<p style=\"font-weight: 400;\">\n","protected":false},"excerpt":{"rendered":"<p>En Edugestores, compartimos el reporte mensual elaborado por el Instituto de Gobierno y Desarrollo Humano. \u00a0Las principales pol\u00edticas a destacar [&hellip;]<\/p>\n","protected":false},"author":63,"featured_media":12590,"comment_status":"open","ping_status":"open","sticky":false,"template":"","format":"standard","meta":{"spay_email":""},"categories":[125,1413],"tags":[],"yoast_head":"<!-- This site is optimized with the Yoast SEO plugin v18.0 - https:\/\/yoast.com\/wordpress\/plugins\/seo\/ -->\n<title>Reporte de noviembre del Observatorio de Pol\u00edticas Educativas - Red Peruana de Gestores de la Educaci\u00f3n<\/title>\n<meta name=\"robots\" content=\"index, follow, max-snippet:-1, max-image-preview:large, max-video-preview:-1\" \/>\n<link rel=\"canonical\" href=\"https:\/\/www.edugestores.pe\/?p=21317\" \/>\n<meta property=\"og:locale\" content=\"es_ES\" \/>\n<meta property=\"og:type\" content=\"article\" \/>\n<meta property=\"og:title\" content=\"Reporte de noviembre del Observatorio de Pol\u00edticas Educativas - Red Peruana de Gestores de la Educaci\u00f3n\" \/>\n<meta property=\"og:description\" content=\"En Edugestores, compartimos el reporte mensual elaborado por el Instituto de Gobierno y Desarrollo Humano. \u00a0Las principales pol\u00edticas a destacar [&hellip;]\" \/>\n<meta property=\"og:url\" content=\"https:\/\/www.edugestores.pe\/?p=21317\" \/>\n<meta property=\"og:site_name\" content=\"Red Peruana de Gestores de la Educaci\u00f3n\" \/>\n<meta property=\"article:published_time\" content=\"2018-12-05T12:43:38+00:00\" \/>\n<meta property=\"article:modified_time\" content=\"2019-08-16T16:40:51+00:00\" \/>\n<meta property=\"og:image\" content=\"https:\/\/www.edugestores.pe\/wp-content\/uploads\/2016\/09\/104201-minedu-docentes-ascenderan-mas-rapido-podran-ganar-mas-4000-segun-nueva-escala.jpg\" \/>\n\t<meta property=\"og:image:width\" content=\"860\" \/>\n\t<meta property=\"og:image:height\" content=\"450\" \/>\n\t<meta property=\"og:image:type\" content=\"image\/jpeg\" \/>\n<meta name=\"twitter:card\" content=\"summary_large_image\" \/>\n<meta name=\"twitter:label1\" content=\"Escrito por\" \/>\n\t<meta name=\"twitter:data1\" content=\"Administrador\" \/>\n\t<meta name=\"twitter:label2\" content=\"Tiempo de lectura\" \/>\n\t<meta name=\"twitter:data2\" content=\"2 minutos\" \/>\n<script type=\"application\/ld+json\" class=\"yoast-schema-graph\">{\"@context\":\"https:\/\/schema.org\",\"@graph\":[{\"@type\":\"WebSite\",\"@id\":\"https:\/\/www.edugestores.pe\/#website\",\"url\":\"https:\/\/www.edugestores.pe\/\",\"name\":\"Red Peruana de Gestores de la Educaci\u00f3n\",\"description\":\"Red Peruana de Gestores de la Educaci\u00f3n\",\"potentialAction\":[{\"@type\":\"SearchAction\",\"target\":{\"@type\":\"EntryPoint\",\"urlTemplate\":\"https:\/\/www.edugestores.pe\/?s={search_term_string}\"},\"query-input\":\"required name=search_term_string\"}],\"inLanguage\":\"es\"},{\"@type\":\"ImageObject\",\"@id\":\"https:\/\/www.edugestores.pe\/?p=21317#primaryimage\",\"inLanguage\":\"es\",\"url\":\"https:\/\/www.edugestores.pe\/wp-content\/uploads\/2016\/09\/104201-minedu-docentes-ascenderan-mas-rapido-podran-ganar-mas-4000-segun-nueva-escala.jpg\",\"contentUrl\":\"https:\/\/www.edugestores.pe\/wp-content\/uploads\/2016\/09\/104201-minedu-docentes-ascenderan-mas-rapido-podran-ganar-mas-4000-segun-nueva-escala.jpg\",\"width\":860,\"height\":450},{\"@type\":\"WebPage\",\"@id\":\"https:\/\/www.edugestores.pe\/?p=21317#webpage\",\"url\":\"https:\/\/www.edugestores.pe\/?p=21317\",\"name\":\"Reporte de noviembre del Observatorio de Pol\u00edticas Educativas - Red Peruana de Gestores de la Educaci\u00f3n\",\"isPartOf\":{\"@id\":\"https:\/\/www.edugestores.pe\/#website\"},\"primaryImageOfPage\":{\"@id\":\"https:\/\/www.edugestores.pe\/?p=21317#primaryimage\"},\"datePublished\":\"2018-12-05T12:43:38+00:00\",\"dateModified\":\"2019-08-16T16:40:51+00:00\",\"author\":{\"@id\":\"https:\/\/www.edugestores.pe\/#\/schema\/person\/30dc82f35f5853289037a64b35c7c7d3\"},\"breadcrumb\":{\"@id\":\"https:\/\/www.edugestores.pe\/?p=21317#breadcrumb\"},\"inLanguage\":\"es\",\"potentialAction\":[{\"@type\":\"ReadAction\",\"target\":[\"https:\/\/www.edugestores.pe\/?p=21317\"]}]},{\"@type\":\"BreadcrumbList\",\"@id\":\"https:\/\/www.edugestores.pe\/?p=21317#breadcrumb\",\"itemListElement\":[{\"@type\":\"ListItem\",\"position\":1,\"name\":\"Portada\",\"item\":\"https:\/\/www.edugestores.pe\/\"},{\"@type\":\"ListItem\",\"position\":2,\"name\":\"Reporte de noviembre del Observatorio de Pol\u00edticas Educativas\"}]},{\"@type\":\"Person\",\"@id\":\"https:\/\/www.edugestores.pe\/#\/schema\/person\/30dc82f35f5853289037a64b35c7c7d3\",\"name\":\"Administrador\",\"image\":{\"@type\":\"ImageObject\",\"@id\":\"https:\/\/www.edugestores.pe\/#personlogo\",\"inLanguage\":\"es\",\"url\":\"https:\/\/secure.gravatar.com\/avatar\/70960d1239c4d2c778bb3d2786a3c1ae?s=96&d=mm&r=g\",\"contentUrl\":\"https:\/\/secure.gravatar.com\/avatar\/70960d1239c4d2c778bb3d2786a3c1ae?s=96&d=mm&r=g\",\"caption\":\"Administrador\"},\"url\":\"https:\/\/www.edugestores.pe\/?author=63\"}]}<\/script>\n<!-- \/ Yoast SEO plugin. -->","yoast_head_json":{"title":"Reporte de noviembre del Observatorio de Pol\u00edticas Educativas - Red Peruana de Gestores de la Educaci\u00f3n","robots":{"index":"index","follow":"follow","max-snippet":"max-snippet:-1","max-image-preview":"max-image-preview:large","max-video-preview":"max-video-preview:-1"},"canonical":"https:\/\/www.edugestores.pe\/?p=21317","og_locale":"es_ES","og_type":"article","og_title":"Reporte de noviembre del Observatorio de Pol\u00edticas Educativas - Red Peruana de Gestores de la Educaci\u00f3n","og_description":"En Edugestores, compartimos el reporte mensual elaborado por el Instituto de Gobierno y Desarrollo Humano. \u00a0Las principales pol\u00edticas a destacar [&hellip;]","og_url":"https:\/\/www.edugestores.pe\/?p=21317","og_site_name":"Red Peruana de Gestores de la Educaci\u00f3n","article_published_time":"2018-12-05T12:43:38+00:00","article_modified_time":"2019-08-16T16:40:51+00:00","og_image":[{"width":860,"height":450,"url":"https:\/\/www.edugestores.pe\/wp-content\/uploads\/2016\/09\/104201-minedu-docentes-ascenderan-mas-rapido-podran-ganar-mas-4000-segun-nueva-escala.jpg","type":"image\/jpeg"}],"twitter_card":"summary_large_image","twitter_misc":{"Escrito por":"Administrador","Tiempo de lectura":"2 minutos"},"schema":{"@context":"https:\/\/schema.org","@graph":[{"@type":"WebSite","@id":"https:\/\/www.edugestores.pe\/#website","url":"https:\/\/www.edugestores.pe\/","name":"Red Peruana de Gestores de la Educaci\u00f3n","description":"Red Peruana de Gestores de la Educaci\u00f3n","potentialAction":[{"@type":"SearchAction","target":{"@type":"EntryPoint","urlTemplate":"https:\/\/www.edugestores.pe\/?s={search_term_string}"},"query-input":"required name=search_term_string"}],"inLanguage":"es"},{"@type":"ImageObject","@id":"https:\/\/www.edugestores.pe\/?p=21317#primaryimage","inLanguage":"es","url":"https:\/\/www.edugestores.pe\/wp-content\/uploads\/2016\/09\/104201-minedu-docentes-ascenderan-mas-rapido-podran-ganar-mas-4000-segun-nueva-escala.jpg","contentUrl":"https:\/\/www.edugestores.pe\/wp-content\/uploads\/2016\/09\/104201-minedu-docentes-ascenderan-mas-rapido-podran-ganar-mas-4000-segun-nueva-escala.jpg","width":860,"height":450},{"@type":"WebPage","@id":"https:\/\/www.edugestores.pe\/?p=21317#webpage","url":"https:\/\/www.edugestores.pe\/?p=21317","name":"Reporte de noviembre del Observatorio de Pol\u00edticas Educativas - Red Peruana de Gestores de la Educaci\u00f3n","isPartOf":{"@id":"https:\/\/www.edugestores.pe\/#website"},"primaryImageOfPage":{"@id":"https:\/\/www.edugestores.pe\/?p=21317#primaryimage"},"datePublished":"2018-12-05T12:43:38+00:00","dateModified":"2019-08-16T16:40:51+00:00","author":{"@id":"https:\/\/www.edugestores.pe\/#\/schema\/person\/30dc82f35f5853289037a64b35c7c7d3"},"breadcrumb":{"@id":"https:\/\/www.edugestores.pe\/?p=21317#breadcrumb"},"inLanguage":"es","potentialAction":[{"@type":"ReadAction","target":["https:\/\/www.edugestores.pe\/?p=21317"]}]},{"@type":"BreadcrumbList","@id":"https:\/\/www.edugestores.pe\/?p=21317#breadcrumb","itemListElement":[{"@type":"ListItem","position":1,"name":"Portada","item":"https:\/\/www.edugestores.pe\/"},{"@type":"ListItem","position":2,"name":"Reporte de noviembre del Observatorio de Pol\u00edticas Educativas"}]},{"@type":"Person","@id":"https:\/\/www.edugestores.pe\/#\/schema\/person\/30dc82f35f5853289037a64b35c7c7d3","name":"Administrador","image":{"@type":"ImageObject","@id":"https:\/\/www.edugestores.pe\/#personlogo","inLanguage":"es","url":"https:\/\/secure.gravatar.com\/avatar\/70960d1239c4d2c778bb3d2786a3c1ae?s=96&d=mm&r=g","contentUrl":"https:\/\/secure.gravatar.com\/avatar\/70960d1239c4d2c778bb3d2786a3c1ae?s=96&d=mm&r=g","caption":"Administrador"},"url":"https:\/\/www.edugestores.pe\/?author=63"}]}},"jetpack_featured_media_url":"https:\/\/www.edugestores.pe\/wp-content\/uploads\/2016\/09\/104201-minedu-docentes-ascenderan-mas-rapido-podran-ganar-mas-4000-segun-nueva-escala.jpg","_links":{"self":[{"href":"https:\/\/www.edugestores.pe\/index.php?rest_route=\/wp\/v2\/posts\/21317"}],"collection":[{"href":"https:\/\/www.edugestores.pe\/index.php?rest_route=\/wp\/v2\/posts"}],"about":[{"href":"https:\/\/www.edugestores.pe\/index.php?rest_route=\/wp\/v2\/types\/post"}],"author":[{"embeddable":true,"href":"https:\/\/www.edugestores.pe\/index.php?rest_route=\/wp\/v2\/users\/63"}],"replies":[{"embeddable":true,"href":"https:\/\/www.edugestores.pe\/index.php?rest_route=%2Fwp%2Fv2%2Fcomments&post=21317"}],"version-history":[{"count":1,"href":"https:\/\/www.edugestores.pe\/index.php?rest_route=\/wp\/v2\/posts\/21317\/revisions"}],"predecessor-version":[{"id":21319,"href":"https:\/\/www.edugestores.pe\/index.php?rest_route=\/wp\/v2\/posts\/21317\/revisions\/21319"}],"wp:featuredmedia":[{"embeddable":true,"href":"https:\/\/www.edugestores.pe\/index.php?rest_route=\/wp\/v2\/media\/12590"}],"wp:attachment":[{"href":"https:\/\/www.edugestores.pe\/index.php?rest_route=%2Fwp%2Fv2%2Fmedia&parent=21317"}],"wp:term":[{"taxonomy":"category","embeddable":true,"href":"https:\/\/www.edugestores.pe\/index.php?rest_route=%2Fwp%2Fv2%2Fcategories&post=21317"},{"taxonomy":"post_tag","embeddable":true,"href":"https:\/\/www.edugestores.pe\/index.php?rest_route=%2Fwp%2Fv2%2Ftags&post=21317"}],"curies":[{"name":"wp","href":"https:\/\/api.w.org\/{rel}","templated":true}]}}