{"id":21408,"date":"2018-12-17T12:48:57","date_gmt":"2018-12-17T17:48:57","guid":{"rendered":"https:\/\/www.edugestores.pe\/?p=21408"},"modified":"2019-01-03T01:12:35","modified_gmt":"2019-01-03T06:12:35","slug":"director-dre-piura-jose-luis-calle-no-hay-razon-para-que-casos-de-corrupcion-no-avancen","status":"publish","type":"post","link":"https:\/\/www.edugestores.pe\/?p=21408","title":{"rendered":"Director DRE Piura Jos\u00e9 Luis Calle: \u201cNo hay raz\u00f3n para que casos de corrupci\u00f3n no avancen\u201d"},"content":{"rendered":"<p style=\"text-align: justify;\">El director regional de Educaci\u00f3n, Jos\u00e9 Luis\u00a0Calle Sosa,\u00a0se\u00f1al\u00f3 en entrevista a diario Correo,\u00a0que se ha dotado a las comisiones de procesos administrativos de personal, log\u00edstica y otros recursos para que trabajen en los casos de anticorrupci\u00f3n. Espera que antes que termine su gesti\u00f3n se resuelvan algunos contra los exdirectores de las UGEL.<\/p>\n<p style=\"text-align: justify;\"><strong>\u00bfC\u00f3mo van los procesos administrativos contra los exdirectores de UGEL?<\/strong><\/p>\n<div id=\"ads_d_inline\" style=\"text-align: justify;\">\u00a0Todos est\u00e1n dentro de los plazos, la mayor\u00eda de ellos yo los apertur\u00e9. Como sabemos, todo proceso disciplinario tiene un plazo de un a\u00f1o, desde el informe preliminar hasta cuando resuelva la comisi\u00f3n, en todo caso, dentro de mi responsabilidad estoy monitoreando, para que, antes que concluya mi gesti\u00f3n, pueda la comisi\u00f3n culminar algunos de los casos m\u00e1s importantes, seguramente ah\u00ed vamos a tener algunas noticias. Estoy cuidando mucho de que no devengan en prescripciones, porque eso ser\u00eda desastrozo.<\/div>\n<p style=\"text-align: justify;\"><strong>\u00bfNo se han sumado m\u00e1s casos?<\/strong><\/p>\n<p style=\"text-align: justify;\">El \u00faltimo es el de Ayabaca, que corresponde a una investigaci\u00f3n del a\u00f1o 2016. Estamos a la espera del informe final de la Contralor\u00eda en el caso de Morrop\u00f3n, que estuvo investigando tambi\u00e9n desde el a\u00f1o 2014 hasta el 2015. Entiendo que ya termin\u00f3 su trabajo de campo. En el transcurso de los siguientes d\u00edas, la Contralor\u00eda nos dar\u00e1 a conocer el informe de manera oficial al gobierno regional, para tomar las acciones necesarias.<\/p>\n<p style=\"text-align: justify;\"><strong>\u00bfLo de Ayabaca sigue avanzando?<\/strong><\/p>\n<p style=\"text-align: justify;\">Ya desde agosto hab\u00edamos iniciado el proceso disciplinario. Ahora, estamos evaluando la situaci\u00f3n legal del exdirector, por lo pronto ya hay una directora encargada, para que no haya problemas en las funciones en esa UGEL.<\/p>\n<p style=\"text-align: justify;\"><strong>\u00bfComo deja la DREP a pocos d\u00edas de terminar su gesti\u00f3n?<\/strong><\/p>\n<p style=\"text-align: justify;\">Dejamos una nueva organizaci\u00f3n con el modelo de gesti\u00f3n educativa, al punto que Piura, a diferencia del resto de las regiones del pa\u00eds, es la \u00fanica que tiene una Direcci\u00f3n de Educaci\u00f3n Superior, tenemos n\u00facleos distritales de gesti\u00f3n educativa, espero que la nueva gesti\u00f3n la fortalezca y aproveche muy bien, creo que ese es un avance muy grande, porque facilita mucho el di\u00e1logo con las municipalidades.<\/p>\n<p style=\"text-align: justify;\"><strong>\u00bfY sobre los procesos disciplinarios?<\/strong><\/p>\n<p style=\"text-align: justify;\">Se han encauzado de forma m\u00e1s correcta la gesti\u00f3n de los procesos disciplinarios, mediante las comisiones, para que sean mucho m\u00e1s r\u00e1pidas, tiene apoyo log\u00edstico, recursos humanos, de tal manera que no haya ning\u00fan motivo para que la comisi\u00f3n diga que no procede (alg\u00fan caso) por falta de apoyo de la entidad. Al menos en lo que va del a\u00f1o, ha habido un buen trabajo.<\/p>\n<p style=\"text-align: justify;\"><strong>\u00bfQu\u00e9 otros temas deja encauzados?<\/strong><\/p>\n<p style=\"text-align: justify;\">Estamos dejando un trabajo mucho m\u00e1s acotado en t\u00e9rminos de ciclo de vida, ya no solo en el \u00e1rea de Educaci\u00f3n, sino de manera general, una educaci\u00f3n para ni\u00f1os y adultos, hay un buen trabajo para quienes estudian Educaci\u00f3n B\u00e1sica Alternativa (EBA), que son quienes no han podido culminar a tiempo la educaci\u00f3n b\u00e1sica, hay una muy buena experiencia de di\u00e1logo con las empresas privadas, incluso hay gente del propio penal de R\u00edo Seco que est\u00e1n estudiando, y lo otro es el tema de discapacidad, tambi\u00e9n hay un buen avance en materia de educaci\u00f3n inclusiva que estamos dejando como regi\u00f3n Piura.<\/p>\n<p style=\"text-align: justify;\"><strong>\u00bfQu\u00e9 har\u00eda si fuera en nuevo director regional?<\/strong><\/p>\n<p style=\"text-align: justify;\">Cualquier persona que trabaje, tiene que hacerlo sustentando y reconociendo a los docentes en las aulas. Lo principal en el sector Educaci\u00f3n son los maestros y las maestras, y los directivos de las escuelas; creo que no se puede hacer un trabajo de espaldas a ellos, es revalorar el trabajo que hacen los docentes, directivos y personal administrativo en cada colegio. Es poner a la escuela en primer lugar, no a la UGEL, no a la DREP, creo que eso es lo fundamental, que todo lo que se haga gire en torno a lo que se hace a nivel de cada comunidad educativa.<\/p>\n<p style=\"text-align: justify;\">Tomado de Correo de Piura<\/p>\n","protected":false},"excerpt":{"rendered":"<p>El director regional de Educaci\u00f3n, Jos\u00e9 Luis\u00a0Calle Sosa,\u00a0se\u00f1al\u00f3 en entrevista a diario Correo,\u00a0que se ha dotado a las comisiones de [&hellip;]<\/p>\n","protected":false},"author":63,"featured_media":21409,"comment_status":"open","ping_status":"open","sticky":false,"template":"","format":"standard","meta":{"spay_email":""},"categories":[125],"tags":[],"yoast_head":"<!-- This site is optimized with the Yoast SEO plugin v18.0 - https:\/\/yoast.com\/wordpress\/plugins\/seo\/ -->\n<title>Director DRE Piura Jos\u00e9 Luis Calle: \u201cNo hay raz\u00f3n para que casos de corrupci\u00f3n no avancen\u201d - Red Peruana de Gestores de la Educaci\u00f3n<\/title>\n<meta name=\"robots\" content=\"index, follow, max-snippet:-1, max-image-preview:large, max-video-preview:-1\" \/>\n<link rel=\"canonical\" href=\"https:\/\/www.edugestores.pe\/?p=21408\" \/>\n<meta property=\"og:locale\" content=\"es_ES\" \/>\n<meta property=\"og:type\" content=\"article\" \/>\n<meta property=\"og:title\" content=\"Director DRE Piura Jos\u00e9 Luis Calle: \u201cNo hay raz\u00f3n para que casos de corrupci\u00f3n no avancen\u201d - Red Peruana de Gestores de la Educaci\u00f3n\" \/>\n<meta property=\"og:description\" content=\"El director regional de Educaci\u00f3n, Jos\u00e9 Luis\u00a0Calle Sosa,\u00a0se\u00f1al\u00f3 en entrevista a diario Correo,\u00a0que se ha dotado a las comisiones de [&hellip;]\" \/>\n<meta property=\"og:url\" content=\"https:\/\/www.edugestores.pe\/?p=21408\" \/>\n<meta property=\"og:site_name\" content=\"Red Peruana de Gestores de la Educaci\u00f3n\" \/>\n<meta property=\"article:published_time\" content=\"2018-12-17T17:48:57+00:00\" \/>\n<meta property=\"article:modified_time\" content=\"2019-01-03T06:12:35+00:00\" \/>\n<meta property=\"og:image\" content=\"https:\/\/www.edugestores.pe\/wp-content\/uploads\/2018\/12\/jose-luis-calle-no-hay-razon-para-que-los-casos-d-859393-641479-jpg_604x0.jpg\" \/>\n\t<meta property=\"og:image:width\" content=\"604\" \/>\n\t<meta property=\"og:image:height\" content=\"340\" \/>\n\t<meta property=\"og:image:type\" content=\"image\/jpeg\" \/>\n<meta name=\"twitter:card\" content=\"summary_large_image\" \/>\n<meta name=\"twitter:label1\" content=\"Escrito por\" \/>\n\t<meta name=\"twitter:data1\" content=\"Administrador\" \/>\n\t<meta name=\"twitter:label2\" content=\"Tiempo de lectura\" \/>\n\t<meta name=\"twitter:data2\" content=\"3 minutos\" \/>\n<script type=\"application\/ld+json\" class=\"yoast-schema-graph\">{\"@context\":\"https:\/\/schema.org\",\"@graph\":[{\"@type\":\"WebSite\",\"@id\":\"https:\/\/www.edugestores.pe\/#website\",\"url\":\"https:\/\/www.edugestores.pe\/\",\"name\":\"Red Peruana de Gestores de la Educaci\u00f3n\",\"description\":\"Red Peruana de Gestores de la Educaci\u00f3n\",\"potentialAction\":[{\"@type\":\"SearchAction\",\"target\":{\"@type\":\"EntryPoint\",\"urlTemplate\":\"https:\/\/www.edugestores.pe\/?s={search_term_string}\"},\"query-input\":\"required name=search_term_string\"}],\"inLanguage\":\"es\"},{\"@type\":\"ImageObject\",\"@id\":\"https:\/\/www.edugestores.pe\/?p=21408#primaryimage\",\"inLanguage\":\"es\",\"url\":\"https:\/\/www.edugestores.pe\/wp-content\/uploads\/2018\/12\/jose-luis-calle-no-hay-razon-para-que-los-casos-d-859393-641479-jpg_604x0.jpg\",\"contentUrl\":\"https:\/\/www.edugestores.pe\/wp-content\/uploads\/2018\/12\/jose-luis-calle-no-hay-razon-para-que-los-casos-d-859393-641479-jpg_604x0.jpg\",\"width\":604,\"height\":340},{\"@type\":\"WebPage\",\"@id\":\"https:\/\/www.edugestores.pe\/?p=21408#webpage\",\"url\":\"https:\/\/www.edugestores.pe\/?p=21408\",\"name\":\"Director DRE Piura Jos\u00e9 Luis Calle: \u201cNo hay raz\u00f3n para que casos de corrupci\u00f3n no avancen\u201d - Red Peruana de Gestores de la Educaci\u00f3n\",\"isPartOf\":{\"@id\":\"https:\/\/www.edugestores.pe\/#website\"},\"primaryImageOfPage\":{\"@id\":\"https:\/\/www.edugestores.pe\/?p=21408#primaryimage\"},\"datePublished\":\"2018-12-17T17:48:57+00:00\",\"dateModified\":\"2019-01-03T06:12:35+00:00\",\"author\":{\"@id\":\"https:\/\/www.edugestores.pe\/#\/schema\/person\/30dc82f35f5853289037a64b35c7c7d3\"},\"breadcrumb\":{\"@id\":\"https:\/\/www.edugestores.pe\/?p=21408#breadcrumb\"},\"inLanguage\":\"es\",\"potentialAction\":[{\"@type\":\"ReadAction\",\"target\":[\"https:\/\/www.edugestores.pe\/?p=21408\"]}]},{\"@type\":\"BreadcrumbList\",\"@id\":\"https:\/\/www.edugestores.pe\/?p=21408#breadcrumb\",\"itemListElement\":[{\"@type\":\"ListItem\",\"position\":1,\"name\":\"Portada\",\"item\":\"https:\/\/www.edugestores.pe\/\"},{\"@type\":\"ListItem\",\"position\":2,\"name\":\"Director DRE Piura Jos\u00e9 Luis Calle: \u201cNo hay raz\u00f3n para que casos de corrupci\u00f3n no avancen\u201d\"}]},{\"@type\":\"Person\",\"@id\":\"https:\/\/www.edugestores.pe\/#\/schema\/person\/30dc82f35f5853289037a64b35c7c7d3\",\"name\":\"Administrador\",\"image\":{\"@type\":\"ImageObject\",\"@id\":\"https:\/\/www.edugestores.pe\/#personlogo\",\"inLanguage\":\"es\",\"url\":\"https:\/\/secure.gravatar.com\/avatar\/70960d1239c4d2c778bb3d2786a3c1ae?s=96&d=mm&r=g\",\"contentUrl\":\"https:\/\/secure.gravatar.com\/avatar\/70960d1239c4d2c778bb3d2786a3c1ae?s=96&d=mm&r=g\",\"caption\":\"Administrador\"},\"url\":\"https:\/\/www.edugestores.pe\/?author=63\"}]}<\/script>\n<!-- \/ Yoast SEO plugin. -->","yoast_head_json":{"title":"Director DRE Piura Jos\u00e9 Luis Calle: \u201cNo hay raz\u00f3n para que casos de corrupci\u00f3n no avancen\u201d - Red Peruana de Gestores de la Educaci\u00f3n","robots":{"index":"index","follow":"follow","max-snippet":"max-snippet:-1","max-image-preview":"max-image-preview:large","max-video-preview":"max-video-preview:-1"},"canonical":"https:\/\/www.edugestores.pe\/?p=21408","og_locale":"es_ES","og_type":"article","og_title":"Director DRE Piura Jos\u00e9 Luis Calle: \u201cNo hay raz\u00f3n para que casos de corrupci\u00f3n no avancen\u201d - Red Peruana de Gestores de la Educaci\u00f3n","og_description":"El director regional de Educaci\u00f3n, Jos\u00e9 Luis\u00a0Calle Sosa,\u00a0se\u00f1al\u00f3 en entrevista a diario Correo,\u00a0que se ha dotado a las comisiones de [&hellip;]","og_url":"https:\/\/www.edugestores.pe\/?p=21408","og_site_name":"Red Peruana de Gestores de la Educaci\u00f3n","article_published_time":"2018-12-17T17:48:57+00:00","article_modified_time":"2019-01-03T06:12:35+00:00","og_image":[{"width":604,"height":340,"url":"https:\/\/www.edugestores.pe\/wp-content\/uploads\/2018\/12\/jose-luis-calle-no-hay-razon-para-que-los-casos-d-859393-641479-jpg_604x0.jpg","type":"image\/jpeg"}],"twitter_card":"summary_large_image","twitter_misc":{"Escrito por":"Administrador","Tiempo de lectura":"3 minutos"},"schema":{"@context":"https:\/\/schema.org","@graph":[{"@type":"WebSite","@id":"https:\/\/www.edugestores.pe\/#website","url":"https:\/\/www.edugestores.pe\/","name":"Red Peruana de Gestores de la Educaci\u00f3n","description":"Red Peruana de Gestores de la Educaci\u00f3n","potentialAction":[{"@type":"SearchAction","target":{"@type":"EntryPoint","urlTemplate":"https:\/\/www.edugestores.pe\/?s={search_term_string}"},"query-input":"required name=search_term_string"}],"inLanguage":"es"},{"@type":"ImageObject","@id":"https:\/\/www.edugestores.pe\/?p=21408#primaryimage","inLanguage":"es","url":"https:\/\/www.edugestores.pe\/wp-content\/uploads\/2018\/12\/jose-luis-calle-no-hay-razon-para-que-los-casos-d-859393-641479-jpg_604x0.jpg","contentUrl":"https:\/\/www.edugestores.pe\/wp-content\/uploads\/2018\/12\/jose-luis-calle-no-hay-razon-para-que-los-casos-d-859393-641479-jpg_604x0.jpg","width":604,"height":340},{"@type":"WebPage","@id":"https:\/\/www.edugestores.pe\/?p=21408#webpage","url":"https:\/\/www.edugestores.pe\/?p=21408","name":"Director DRE Piura Jos\u00e9 Luis Calle: \u201cNo hay raz\u00f3n para que casos de corrupci\u00f3n no avancen\u201d - Red Peruana de Gestores de la Educaci\u00f3n","isPartOf":{"@id":"https:\/\/www.edugestores.pe\/#website"},"primaryImageOfPage":{"@id":"https:\/\/www.edugestores.pe\/?p=21408#primaryimage"},"datePublished":"2018-12-17T17:48:57+00:00","dateModified":"2019-01-03T06:12:35+00:00","author":{"@id":"https:\/\/www.edugestores.pe\/#\/schema\/person\/30dc82f35f5853289037a64b35c7c7d3"},"breadcrumb":{"@id":"https:\/\/www.edugestores.pe\/?p=21408#breadcrumb"},"inLanguage":"es","potentialAction":[{"@type":"ReadAction","target":["https:\/\/www.edugestores.pe\/?p=21408"]}]},{"@type":"BreadcrumbList","@id":"https:\/\/www.edugestores.pe\/?p=21408#breadcrumb","itemListElement":[{"@type":"ListItem","position":1,"name":"Portada","item":"https:\/\/www.edugestores.pe\/"},{"@type":"ListItem","position":2,"name":"Director DRE Piura Jos\u00e9 Luis Calle: \u201cNo hay raz\u00f3n para que casos de corrupci\u00f3n no avancen\u201d"}]},{"@type":"Person","@id":"https:\/\/www.edugestores.pe\/#\/schema\/person\/30dc82f35f5853289037a64b35c7c7d3","name":"Administrador","image":{"@type":"ImageObject","@id":"https:\/\/www.edugestores.pe\/#personlogo","inLanguage":"es","url":"https:\/\/secure.gravatar.com\/avatar\/70960d1239c4d2c778bb3d2786a3c1ae?s=96&d=mm&r=g","contentUrl":"https:\/\/secure.gravatar.com\/avatar\/70960d1239c4d2c778bb3d2786a3c1ae?s=96&d=mm&r=g","caption":"Administrador"},"url":"https:\/\/www.edugestores.pe\/?author=63"}]}},"jetpack_featured_media_url":"https:\/\/www.edugestores.pe\/wp-content\/uploads\/2018\/12\/jose-luis-calle-no-hay-razon-para-que-los-casos-d-859393-641479-jpg_604x0.jpg","_links":{"self":[{"href":"https:\/\/www.edugestores.pe\/index.php?rest_route=\/wp\/v2\/posts\/21408"}],"collection":[{"href":"https:\/\/www.edugestores.pe\/index.php?rest_route=\/wp\/v2\/posts"}],"about":[{"href":"https:\/\/www.edugestores.pe\/index.php?rest_route=\/wp\/v2\/types\/post"}],"author":[{"embeddable":true,"href":"https:\/\/www.edugestores.pe\/index.php?rest_route=\/wp\/v2\/users\/63"}],"replies":[{"embeddable":true,"href":"https:\/\/www.edugestores.pe\/index.php?rest_route=%2Fwp%2Fv2%2Fcomments&post=21408"}],"version-history":[{"count":1,"href":"https:\/\/www.edugestores.pe\/index.php?rest_route=\/wp\/v2\/posts\/21408\/revisions"}],"predecessor-version":[{"id":21410,"href":"https:\/\/www.edugestores.pe\/index.php?rest_route=\/wp\/v2\/posts\/21408\/revisions\/21410"}],"wp:featuredmedia":[{"embeddable":true,"href":"https:\/\/www.edugestores.pe\/index.php?rest_route=\/wp\/v2\/media\/21409"}],"wp:attachment":[{"href":"https:\/\/www.edugestores.pe\/index.php?rest_route=%2Fwp%2Fv2%2Fmedia&parent=21408"}],"wp:term":[{"taxonomy":"category","embeddable":true,"href":"https:\/\/www.edugestores.pe\/index.php?rest_route=%2Fwp%2Fv2%2Fcategories&post=21408"},{"taxonomy":"post_tag","embeddable":true,"href":"https:\/\/www.edugestores.pe\/index.php?rest_route=%2Fwp%2Fv2%2Ftags&post=21408"}],"curies":[{"name":"wp","href":"https:\/\/api.w.org\/{rel}","templated":true}]}}