{"id":21458,"date":"2019-01-06T22:03:55","date_gmt":"2019-01-07T03:03:55","guid":{"rendered":"https:\/\/www.edugestores.pe\/?p=21458"},"modified":"2019-08-16T11:39:23","modified_gmt":"2019-08-16T16:39:23","slug":"edugestores-reporta-destacados-de-diciembre-de-2018","status":"publish","type":"post","link":"https:\/\/www.edugestores.pe\/?p=21458","title":{"rendered":"Edugestores reporta: destacados de diciembre de 2018"},"content":{"rendered":"<article id=\"post-20221\" class=\"clearfix post-20221 post type-post status-publish format-standard has-post-thumbnail hentry category-edugestores-reporta user-has-not-earned\">\n<div class=\"article-content\">\n<h1>\u00bfCu\u00e1les son las regiones\u00a0m\u00e1s activas en diciembre en\u00a0<em>Edugestores?<\/em><\/h1>\n<hr \/>\n<p><b>Tambi\u00e9n conoce cu\u00e1ntos usuarios estuvieron activos en la red durante este mes<\/b><\/p>\n<hr \/>\n<p><strong>PARTICIPACI\u00d3N EN LA PLATAFORMA<\/strong><\/p>\n<p style=\"text-align: justify;\">En la actualidad forman nuestra comunidad\u00a03425 inscritos, y contamos con m\u00e1s de\u00a0<strong>553 edugestores activos<\/strong>, quienes siguen participando en nuestra plataforma, ya sea a trav\u00e9s de los grupos de inter\u00e9s, los debates, o el muro de actividades.<\/p>\n<p style=\"text-align: justify;\">En diciembre\u00a0se inscribieron por primera vez 30 miembros\u00a0 de las siguientes regiones: Cajamarca, Cusco, Lambayeque, San Mart\u00edn, Ica y Tacna. Y Lima Metropolitana sigue siendo la zona m\u00e1s activa de todo el pa\u00eds en nuestra red. En total, de enero a diciembre se inscribieron m\u00e1s de 600 nuevos edugestores.<\/p>\n<p style=\"text-align: justify;\">Tambi\u00e9n a trav\u00e9s de nuestro Facebook hay edugestores activos en estos meses con sus comentarios y aportes que recuperamos en nuestros informes con un alcance de 59,613 usuarios en la red y con 7,606 interacciones. En diiembre llegamos a m\u00e1s de 4 mil usuarios.<\/p>\n<hr \/>\n<p><strong>PRESENTAMOS INVESTIGACI\u00d3N EN CAJAMARCA<\/strong><\/p>\n<p style=\"text-align: justify;\">En diciembre informamos sobre\u00a0la presentaci\u00f3n que realizamos en\u00a0Cajamarca de la publicaci\u00f3n <a href=\"https:\/\/www.edugestores.pe\/edugestores-presenta-sistematizacion-de-experiencia-de-gestion-de-la-ugel-cajamarca\/\">Gesti\u00f3n de la matr\u00edcula en Educaci\u00f3n Secundaria: Sistematizaci\u00f3n de la experiencia de la UGEL Cajamarca<\/a>, elaborada por el edugestor Jos\u00e9 Luis Vargas D\u00e1vila y que ha sido publicada por el Instituto de Investigaci\u00f3n y Pol\u00edticas Educativas de la\u00a0universidad Antonio Ruiz de Montoya. Se present\u00f3 con apoyo de la DRE de la regi\u00f3n.<\/p>\n<\/div>\n<div class=\"article-content\">\n<hr \/>\n<p><strong>CONOCE A LOS EDUGESTORES DESTACADOS DE\u00a0DICIEMBRE DE\u00a02018\u00a0<img decoding=\"async\" loading=\"lazy\" class=\" wp-image-13831 alignright\" src=\"https:\/\/www.edugestores.pe\/wp-content\/uploads\/2017\/02\/medalla-edugestores-204x300.jpg\" alt=\"medalla edugestores\" width=\"68\" height=\"100\" srcset=\"https:\/\/www.edugestores.pe\/wp-content\/uploads\/2017\/02\/medalla-edugestores-204x300.jpg 204w, https:\/\/www.edugestores.pe\/wp-content\/uploads\/2017\/02\/medalla-edugestores-68x100.jpg 68w, https:\/\/www.edugestores.pe\/wp-content\/uploads\/2017\/02\/medalla-edugestores.jpg 435w\" sizes=\"(max-width: 68px) 100vw, 68px\" \/><\/strong><\/p>\n<p>Este mes los\u00a0edugestores siguieron brindando aportes\u00a0al debate abierto por el edugestor Carlos Yampuf\u00e9, docente y ex miembro del Consejo Nacional de Educaci\u00f3n,\u00a0\u00a0sobre\u00a0<a href=\"https:\/\/www.edugestores.pe\/forums\/topic\/director-de-ugel-cargo-de-confianza-en-educacion\/\">Director de UGEL: cargo de confianza<\/a>, ante lo cual los invitamos a participar con sus comentarios ante este tema muy vigente.<\/p>\n<hr \/>\n<p><strong>NOTICIAS M\u00c1S VISTAS\u00a0<\/strong><\/p>\n<\/div>\n<\/article>\n<article id=\"post-20221\" class=\"clearfix post-20221 post type-post status-publish format-standard has-post-thumbnail hentry category-edugestores-reporta user-has-not-earned\">\n<div class=\"article-content\">\n<p><strong><a class=\"row-title\" title=\"Editar \u201cPresentaci\u00f3n del libro \u201cEl fen\u00f3meno ECE y sus efectos en las pr\u00e1cticas docentes\u201d\u201d\" href=\"https:\/\/www.edugestores.pe\/wp-admin\/post.php?post=21371&amp;action=edit\">Presentaci\u00f3n del libro \u201cEl fen\u00f3meno ECE y sus efectos en las pr\u00e1cticas docentes\u201d<\/a>\u00a0<\/strong>&#8211; 346 lectores<br \/>\n<strong><a href=\"https:\/\/www.edugestores.pe\/implementacion-2019-del-curriculo-nacional-de-educacion-basica-un-articulo-de-fernando-gamarra-morales\/\">Implementaci\u00f3n 2019 del Curr\u00edculo Nacional de Educaci\u00f3n B\u00e1sica, un art\u00edculo de Fernando Gamarra Morales<\/a>\u00a0<\/strong>-297 lectores<br \/>\n<strong><a href=\"https:\/\/www.edugestores.pe\/se-presento-horizontes-programa-de-educacion-secundaria-rural\/\">Se present\u00f3 HORIZONTES, programa de educaci\u00f3n secundaria rural\u00a0<\/a><\/strong>&#8211; 267 lectores<\/p>\n<p><strong>EDUGESTORES\u00a0REPORTA<br \/>\n<\/strong><\/p>\n<p><strong><a class=\"row-title\" title=\"Editar \u201cEdugestores presenta sistematizaci\u00f3n de experiencia de gesti\u00f3n de la UGEL Cajamarca\u201d\" href=\"https:\/\/www.edugestores.pe\/edugestores-presenta-sistematizacion-de-experiencia-de-gestion-de-la-ugel-cajamarca\/\">Edugestores presenta sistematizaci\u00f3n de experiencia de gesti\u00f3n de la UGEL Cajamarca<\/a><\/strong><\/p>\n<\/div>\n<div class=\"article-content\"><a href=\"https:\/\/www.edugestores.pe\/cne-presento-balance-y-recomendaciones-2017-2018-del-proyecto-educativo-nacional\/\"><strong>Edugestora Oliva Ita recibi\u00f3 medalla Encinas en el Grado de Gran Oficial<\/strong><\/a><\/div>\n<div class=\"article-content\"><a href=\"https:\/\/www.edugestores.pe\/cne-presento-balance-y-recomendaciones-2017-2018-del-proyecto-educativo-nacional\/\"><strong>CNE present\u00f3 balance y recomendaciones 2017-2018 del Proyecto Educativo Nacional<\/strong><\/a><\/div>\n<\/article>\n","protected":false},"excerpt":{"rendered":"<p>\u00bfCu\u00e1les son las regiones\u00a0m\u00e1s activas en diciembre en\u00a0Edugestores? Tambi\u00e9n conoce cu\u00e1ntos usuarios estuvieron activos en la red durante este mes [&hellip;]<\/p>\n","protected":false},"author":63,"featured_media":21460,"comment_status":"open","ping_status":"open","sticky":false,"template":"","format":"standard","meta":{"spay_email":""},"categories":[1035,1413],"tags":[],"yoast_head":"<!-- This site is optimized with the Yoast SEO plugin v18.0 - https:\/\/yoast.com\/wordpress\/plugins\/seo\/ -->\n<title>Edugestores reporta: destacados de diciembre de 2018 - Red Peruana de Gestores de la Educaci\u00f3n<\/title>\n<meta name=\"robots\" content=\"index, follow, max-snippet:-1, max-image-preview:large, max-video-preview:-1\" \/>\n<link rel=\"canonical\" href=\"https:\/\/www.edugestores.pe\/?p=21458\" \/>\n<meta property=\"og:locale\" content=\"es_ES\" \/>\n<meta property=\"og:type\" content=\"article\" \/>\n<meta property=\"og:title\" content=\"Edugestores reporta: destacados de diciembre de 2018 - Red Peruana de Gestores de la Educaci\u00f3n\" \/>\n<meta property=\"og:description\" content=\"\u00bfCu\u00e1les son las regiones\u00a0m\u00e1s activas en diciembre en\u00a0Edugestores? Tambi\u00e9n conoce cu\u00e1ntos usuarios estuvieron activos en la red durante este mes [&hellip;]\" \/>\n<meta property=\"og:url\" content=\"https:\/\/www.edugestores.pe\/?p=21458\" \/>\n<meta property=\"og:site_name\" content=\"Red Peruana de Gestores de la Educaci\u00f3n\" \/>\n<meta property=\"article:published_time\" content=\"2019-01-07T03:03:55+00:00\" \/>\n<meta property=\"article:modified_time\" content=\"2019-08-16T16:39:23+00:00\" \/>\n<meta property=\"og:image\" content=\"https:\/\/www.edugestores.pe\/wp-content\/uploads\/2019\/01\/CABECERA-EDU-REPORTA-dic.png\" \/>\n\t<meta property=\"og:image:width\" content=\"700\" \/>\n\t<meta property=\"og:image:height\" content=\"100\" \/>\n\t<meta property=\"og:image:type\" content=\"image\/png\" \/>\n<meta name=\"twitter:card\" content=\"summary_large_image\" \/>\n<meta name=\"twitter:label1\" content=\"Escrito por\" \/>\n\t<meta name=\"twitter:data1\" content=\"Administrador\" \/>\n\t<meta name=\"twitter:label2\" content=\"Tiempo de lectura\" \/>\n\t<meta name=\"twitter:data2\" content=\"2 minutos\" \/>\n<script type=\"application\/ld+json\" class=\"yoast-schema-graph\">{\"@context\":\"https:\/\/schema.org\",\"@graph\":[{\"@type\":\"WebSite\",\"@id\":\"https:\/\/www.edugestores.pe\/#website\",\"url\":\"https:\/\/www.edugestores.pe\/\",\"name\":\"Red Peruana de Gestores de la Educaci\u00f3n\",\"description\":\"Red Peruana de Gestores de la Educaci\u00f3n\",\"potentialAction\":[{\"@type\":\"SearchAction\",\"target\":{\"@type\":\"EntryPoint\",\"urlTemplate\":\"https:\/\/www.edugestores.pe\/?s={search_term_string}\"},\"query-input\":\"required name=search_term_string\"}],\"inLanguage\":\"es\"},{\"@type\":\"ImageObject\",\"@id\":\"https:\/\/www.edugestores.pe\/?p=21458#primaryimage\",\"inLanguage\":\"es\",\"url\":\"https:\/\/www.edugestores.pe\/wp-content\/uploads\/2019\/01\/CABECERA-EDU-REPORTA-dic.png\",\"contentUrl\":\"https:\/\/www.edugestores.pe\/wp-content\/uploads\/2019\/01\/CABECERA-EDU-REPORTA-dic.png\",\"width\":700,\"height\":100},{\"@type\":\"WebPage\",\"@id\":\"https:\/\/www.edugestores.pe\/?p=21458#webpage\",\"url\":\"https:\/\/www.edugestores.pe\/?p=21458\",\"name\":\"Edugestores reporta: destacados de diciembre de 2018 - Red Peruana de Gestores de la Educaci\u00f3n\",\"isPartOf\":{\"@id\":\"https:\/\/www.edugestores.pe\/#website\"},\"primaryImageOfPage\":{\"@id\":\"https:\/\/www.edugestores.pe\/?p=21458#primaryimage\"},\"datePublished\":\"2019-01-07T03:03:55+00:00\",\"dateModified\":\"2019-08-16T16:39:23+00:00\",\"author\":{\"@id\":\"https:\/\/www.edugestores.pe\/#\/schema\/person\/30dc82f35f5853289037a64b35c7c7d3\"},\"breadcrumb\":{\"@id\":\"https:\/\/www.edugestores.pe\/?p=21458#breadcrumb\"},\"inLanguage\":\"es\",\"potentialAction\":[{\"@type\":\"ReadAction\",\"target\":[\"https:\/\/www.edugestores.pe\/?p=21458\"]}]},{\"@type\":\"BreadcrumbList\",\"@id\":\"https:\/\/www.edugestores.pe\/?p=21458#breadcrumb\",\"itemListElement\":[{\"@type\":\"ListItem\",\"position\":1,\"name\":\"Portada\",\"item\":\"https:\/\/www.edugestores.pe\/\"},{\"@type\":\"ListItem\",\"position\":2,\"name\":\"Edugestores reporta: destacados de diciembre de 2018\"}]},{\"@type\":\"Person\",\"@id\":\"https:\/\/www.edugestores.pe\/#\/schema\/person\/30dc82f35f5853289037a64b35c7c7d3\",\"name\":\"Administrador\",\"image\":{\"@type\":\"ImageObject\",\"@id\":\"https:\/\/www.edugestores.pe\/#personlogo\",\"inLanguage\":\"es\",\"url\":\"https:\/\/secure.gravatar.com\/avatar\/70960d1239c4d2c778bb3d2786a3c1ae?s=96&d=mm&r=g\",\"contentUrl\":\"https:\/\/secure.gravatar.com\/avatar\/70960d1239c4d2c778bb3d2786a3c1ae?s=96&d=mm&r=g\",\"caption\":\"Administrador\"},\"url\":\"https:\/\/www.edugestores.pe\/?author=63\"}]}<\/script>\n<!-- \/ Yoast SEO plugin. -->","yoast_head_json":{"title":"Edugestores reporta: destacados de diciembre de 2018 - Red Peruana de Gestores de la Educaci\u00f3n","robots":{"index":"index","follow":"follow","max-snippet":"max-snippet:-1","max-image-preview":"max-image-preview:large","max-video-preview":"max-video-preview:-1"},"canonical":"https:\/\/www.edugestores.pe\/?p=21458","og_locale":"es_ES","og_type":"article","og_title":"Edugestores reporta: destacados de diciembre de 2018 - Red Peruana de Gestores de la Educaci\u00f3n","og_description":"\u00bfCu\u00e1les son las regiones\u00a0m\u00e1s activas en diciembre en\u00a0Edugestores? Tambi\u00e9n conoce cu\u00e1ntos usuarios estuvieron activos en la red durante este mes [&hellip;]","og_url":"https:\/\/www.edugestores.pe\/?p=21458","og_site_name":"Red Peruana de Gestores de la Educaci\u00f3n","article_published_time":"2019-01-07T03:03:55+00:00","article_modified_time":"2019-08-16T16:39:23+00:00","og_image":[{"width":700,"height":100,"url":"https:\/\/www.edugestores.pe\/wp-content\/uploads\/2019\/01\/CABECERA-EDU-REPORTA-dic.png","type":"image\/png"}],"twitter_card":"summary_large_image","twitter_misc":{"Escrito por":"Administrador","Tiempo de lectura":"2 minutos"},"schema":{"@context":"https:\/\/schema.org","@graph":[{"@type":"WebSite","@id":"https:\/\/www.edugestores.pe\/#website","url":"https:\/\/www.edugestores.pe\/","name":"Red Peruana de Gestores de la Educaci\u00f3n","description":"Red Peruana de Gestores de la Educaci\u00f3n","potentialAction":[{"@type":"SearchAction","target":{"@type":"EntryPoint","urlTemplate":"https:\/\/www.edugestores.pe\/?s={search_term_string}"},"query-input":"required name=search_term_string"}],"inLanguage":"es"},{"@type":"ImageObject","@id":"https:\/\/www.edugestores.pe\/?p=21458#primaryimage","inLanguage":"es","url":"https:\/\/www.edugestores.pe\/wp-content\/uploads\/2019\/01\/CABECERA-EDU-REPORTA-dic.png","contentUrl":"https:\/\/www.edugestores.pe\/wp-content\/uploads\/2019\/01\/CABECERA-EDU-REPORTA-dic.png","width":700,"height":100},{"@type":"WebPage","@id":"https:\/\/www.edugestores.pe\/?p=21458#webpage","url":"https:\/\/www.edugestores.pe\/?p=21458","name":"Edugestores reporta: destacados de diciembre de 2018 - Red Peruana de Gestores de la Educaci\u00f3n","isPartOf":{"@id":"https:\/\/www.edugestores.pe\/#website"},"primaryImageOfPage":{"@id":"https:\/\/www.edugestores.pe\/?p=21458#primaryimage"},"datePublished":"2019-01-07T03:03:55+00:00","dateModified":"2019-08-16T16:39:23+00:00","author":{"@id":"https:\/\/www.edugestores.pe\/#\/schema\/person\/30dc82f35f5853289037a64b35c7c7d3"},"breadcrumb":{"@id":"https:\/\/www.edugestores.pe\/?p=21458#breadcrumb"},"inLanguage":"es","potentialAction":[{"@type":"ReadAction","target":["https:\/\/www.edugestores.pe\/?p=21458"]}]},{"@type":"BreadcrumbList","@id":"https:\/\/www.edugestores.pe\/?p=21458#breadcrumb","itemListElement":[{"@type":"ListItem","position":1,"name":"Portada","item":"https:\/\/www.edugestores.pe\/"},{"@type":"ListItem","position":2,"name":"Edugestores reporta: destacados de diciembre de 2018"}]},{"@type":"Person","@id":"https:\/\/www.edugestores.pe\/#\/schema\/person\/30dc82f35f5853289037a64b35c7c7d3","name":"Administrador","image":{"@type":"ImageObject","@id":"https:\/\/www.edugestores.pe\/#personlogo","inLanguage":"es","url":"https:\/\/secure.gravatar.com\/avatar\/70960d1239c4d2c778bb3d2786a3c1ae?s=96&d=mm&r=g","contentUrl":"https:\/\/secure.gravatar.com\/avatar\/70960d1239c4d2c778bb3d2786a3c1ae?s=96&d=mm&r=g","caption":"Administrador"},"url":"https:\/\/www.edugestores.pe\/?author=63"}]}},"jetpack_featured_media_url":"https:\/\/www.edugestores.pe\/wp-content\/uploads\/2019\/01\/CABECERA-EDU-REPORTA-dic.png","_links":{"self":[{"href":"https:\/\/www.edugestores.pe\/index.php?rest_route=\/wp\/v2\/posts\/21458"}],"collection":[{"href":"https:\/\/www.edugestores.pe\/index.php?rest_route=\/wp\/v2\/posts"}],"about":[{"href":"https:\/\/www.edugestores.pe\/index.php?rest_route=\/wp\/v2\/types\/post"}],"author":[{"embeddable":true,"href":"https:\/\/www.edugestores.pe\/index.php?rest_route=\/wp\/v2\/users\/63"}],"replies":[{"embeddable":true,"href":"https:\/\/www.edugestores.pe\/index.php?rest_route=%2Fwp%2Fv2%2Fcomments&post=21458"}],"version-history":[{"count":2,"href":"https:\/\/www.edugestores.pe\/index.php?rest_route=\/wp\/v2\/posts\/21458\/revisions"}],"predecessor-version":[{"id":21461,"href":"https:\/\/www.edugestores.pe\/index.php?rest_route=\/wp\/v2\/posts\/21458\/revisions\/21461"}],"wp:featuredmedia":[{"embeddable":true,"href":"https:\/\/www.edugestores.pe\/index.php?rest_route=\/wp\/v2\/media\/21460"}],"wp:attachment":[{"href":"https:\/\/www.edugestores.pe\/index.php?rest_route=%2Fwp%2Fv2%2Fmedia&parent=21458"}],"wp:term":[{"taxonomy":"category","embeddable":true,"href":"https:\/\/www.edugestores.pe\/index.php?rest_route=%2Fwp%2Fv2%2Fcategories&post=21458"},{"taxonomy":"post_tag","embeddable":true,"href":"https:\/\/www.edugestores.pe\/index.php?rest_route=%2Fwp%2Fv2%2Ftags&post=21458"}],"curies":[{"name":"wp","href":"https:\/\/api.w.org\/{rel}","templated":true}]}}