{"id":21817,"date":"2019-02-11T11:13:15","date_gmt":"2019-02-11T16:13:15","guid":{"rendered":"https:\/\/www.edugestores.pe\/?p=21817"},"modified":"2019-02-24T12:36:10","modified_gmt":"2019-02-24T17:36:10","slug":"la-ley-de-reforma-magisterial-caminos-azarosos-y-desilusiones-un-articulo-de-richard-hurtado","status":"publish","type":"post","link":"https:\/\/www.edugestores.pe\/?p=21817","title":{"rendered":"La ley de reforma magisterial, caminos azarosos y desilusiones, un art\u00edculo de Richard Hurtado"},"content":{"rendered":"<p style=\"text-align: justify;\">Por Richard Hurtado*<\/p>\n<p style=\"text-align: justify;\">Exploro el caso de directores y subdirectores de instituciones educativas desaprobados por factor licencia. El a\u00f1o 2015 llegu\u00e9 por invitaci\u00f3n del gobernador regional, al cargo de director regional de Educaci\u00f3n de Apur\u00edmac, y fue algo que no estaba en mi planificaci\u00f3n, pero por esos designios de la vida y de la profesi\u00f3n de docente, llegu\u00e9 a ese meritorio puesto. El tema fue que una de las propuestas de campa\u00f1a en educaci\u00f3n del entonces candidato a la presidencia regional, hab\u00eda sido precisamente designar como director de DRE y directores de UGEL a los profesores que ocupar\u00edan los primeros puestos en el concurso de directores y subdirectores de instituciones educativas. Entonces, como qued\u00e9 en el puesto tres del ranking regional, fui nombrado director de DRE y siguiendo la misma consigna, propusimos como directores de UGEL a otros docentes que igualmente hab\u00edan logrado puestos meritorios en sus respectivas provincias; y as\u00ed en cadena, algunos directores de UGEL igualmente designaron como jefes del \u00e1rea de gesti\u00f3n pedag\u00f3gica o gesti\u00f3n institucional a directores o subdirectores que ocuparon meritorios lugares en el concurso.<\/p>\n<p style=\"text-align: justify;\">Traigo a colaci\u00f3n este contexto, por que, en estos d\u00edas, tres directores de ese entonces han sido desaprobados por haber pedido licencia sin goce de haber y haber ocupado cargos de confianza de director de UGEL, director de Gesti\u00f3n Pedag\u00f3gica y Gesti\u00f3n Institucional; a pesar que solo estuvieron en el cargo de confianza algo m\u00e1s o menos de un a\u00f1o; porque despu\u00e9s volvieron a sus cargos de directores de instituciones educativas, donde ahora son reconocidos por sus docentes , estudiantes y padres de familia por una buena gesti\u00f3n.<\/p>\n<p style=\"text-align: justify;\">\u00bfSer\u00e1 justo que un director que pidi\u00f3 licencia de un a\u00f1o o menos, que luego labor\u00f3 y desarroll\u00f3 una gesti\u00f3n exitosa como director de I.E., pueda ser desaprobado y luego sancionado con la etiqueta de \u201cdesaprobado en evaluaci\u00f3n de cargo\u201d y tener la condici\u00f3n de muerte civil? No podr\u00e1 postular a otros cargos o ascender hasta nuevo aviso y esta es la situaci\u00f3n en el pa\u00eds de cientos de buenos docentes y buenos directores, pero, que por alguna raz\u00f3n incompresible del equipo DITEN y DIED del Ministerio de Educaci\u00f3n, que tienen el encargo de armar normativas y metodolog\u00edas de evaluaci\u00f3n, han sido privados de la meritocracia que debe ir ascenso en una Ley de Reforma Magisterial coherente, en un pa\u00eds unitario, descentralizado, pero diverso. Se debe valorar estas particularidades de estos docentes \u2013 directores, que sirvieron a su regi\u00f3n, al sistema educativo peruano, en cargos de mayor responsabilidad.<\/p>\n<p style=\"text-align: justify;\">Me imagino, al redactar esta nota, \u00bfque pasar\u00eda si al presidente Vizcarra se le ocurriese designar a un buen docente director, como Ministro en la cartera de educaci\u00f3n, que espero ocurra pronto, como sucede en el sector salud, agricultura y otros, y luego es desaprobado en la evaluaci\u00f3n de directivos de IE? Ser\u00eda de Ripley, \u00bfno&#8217;, y con un titular en la prensa que dir\u00eda: \u201cMinistro de Educaci\u00f3n es desaprobado como director de I.E.\u201d. Algo tiene que pasar urgente en el Minedu, para tener mejor visi\u00f3n, un mayor criterio para abordar este y otros temas que se vienen haciendo visibles.<\/p>\n<p style=\"text-align: justify;\">*Edugestor, ex director regional de educaci\u00f3n de Apur\u00edmac<\/p>\n<p style=\"text-align: justify;\">Foto referencial: Minedu<\/p>\n","protected":false},"excerpt":{"rendered":"<p>Por Richard Hurtado* Exploro el caso de directores y subdirectores de instituciones educativas desaprobados por factor licencia. El a\u00f1o 2015 [&hellip;]<\/p>\n","protected":false},"author":63,"featured_media":21818,"comment_status":"open","ping_status":"open","sticky":false,"template":"","format":"standard","meta":{"spay_email":""},"categories":[1032],"tags":[],"yoast_head":"<!-- This site is optimized with the Yoast SEO plugin v18.0 - https:\/\/yoast.com\/wordpress\/plugins\/seo\/ -->\n<title>La ley de reforma magisterial, caminos azarosos y desilusiones, un art\u00edculo de Richard Hurtado - Red Peruana de Gestores de la Educaci\u00f3n<\/title>\n<meta name=\"robots\" content=\"index, follow, max-snippet:-1, max-image-preview:large, max-video-preview:-1\" \/>\n<link rel=\"canonical\" href=\"https:\/\/www.edugestores.pe\/?p=21817\" \/>\n<meta property=\"og:locale\" content=\"es_ES\" \/>\n<meta property=\"og:type\" content=\"article\" \/>\n<meta property=\"og:title\" content=\"La ley de reforma magisterial, caminos azarosos y desilusiones, un art\u00edculo de Richard Hurtado - Red Peruana de Gestores de la Educaci\u00f3n\" \/>\n<meta property=\"og:description\" content=\"Por Richard Hurtado* Exploro el caso de directores y subdirectores de instituciones educativas desaprobados por factor licencia. El a\u00f1o 2015 [&hellip;]\" \/>\n<meta property=\"og:url\" content=\"https:\/\/www.edugestores.pe\/?p=21817\" \/>\n<meta property=\"og:site_name\" content=\"Red Peruana de Gestores de la Educaci\u00f3n\" \/>\n<meta property=\"article:published_time\" content=\"2019-02-11T16:13:15+00:00\" \/>\n<meta property=\"article:modified_time\" content=\"2019-02-24T17:36:10+00:00\" \/>\n<meta property=\"og:image\" content=\"https:\/\/www.edugestores.pe\/wp-content\/uploads\/2019\/02\/oebajun18-1.png\" \/>\n\t<meta property=\"og:image:width\" content=\"514\" \/>\n\t<meta property=\"og:image:height\" content=\"267\" \/>\n\t<meta property=\"og:image:type\" content=\"image\/png\" \/>\n<meta name=\"twitter:card\" content=\"summary_large_image\" \/>\n<meta name=\"twitter:label1\" content=\"Escrito por\" \/>\n\t<meta name=\"twitter:data1\" content=\"Administrador\" \/>\n\t<meta name=\"twitter:label2\" content=\"Tiempo de lectura\" \/>\n\t<meta name=\"twitter:data2\" content=\"3 minutos\" \/>\n<script type=\"application\/ld+json\" class=\"yoast-schema-graph\">{\"@context\":\"https:\/\/schema.org\",\"@graph\":[{\"@type\":\"WebSite\",\"@id\":\"https:\/\/www.edugestores.pe\/#website\",\"url\":\"https:\/\/www.edugestores.pe\/\",\"name\":\"Red Peruana de Gestores de la Educaci\u00f3n\",\"description\":\"Red Peruana de Gestores de la Educaci\u00f3n\",\"potentialAction\":[{\"@type\":\"SearchAction\",\"target\":{\"@type\":\"EntryPoint\",\"urlTemplate\":\"https:\/\/www.edugestores.pe\/?s={search_term_string}\"},\"query-input\":\"required name=search_term_string\"}],\"inLanguage\":\"es\"},{\"@type\":\"ImageObject\",\"@id\":\"https:\/\/www.edugestores.pe\/?p=21817#primaryimage\",\"inLanguage\":\"es\",\"url\":\"https:\/\/www.edugestores.pe\/wp-content\/uploads\/2019\/02\/oebajun18-1.png\",\"contentUrl\":\"https:\/\/www.edugestores.pe\/wp-content\/uploads\/2019\/02\/oebajun18-1.png\",\"width\":514,\"height\":267},{\"@type\":\"WebPage\",\"@id\":\"https:\/\/www.edugestores.pe\/?p=21817#webpage\",\"url\":\"https:\/\/www.edugestores.pe\/?p=21817\",\"name\":\"La ley de reforma magisterial, caminos azarosos y desilusiones, un art\u00edculo de Richard Hurtado - Red Peruana de Gestores de la Educaci\u00f3n\",\"isPartOf\":{\"@id\":\"https:\/\/www.edugestores.pe\/#website\"},\"primaryImageOfPage\":{\"@id\":\"https:\/\/www.edugestores.pe\/?p=21817#primaryimage\"},\"datePublished\":\"2019-02-11T16:13:15+00:00\",\"dateModified\":\"2019-02-24T17:36:10+00:00\",\"author\":{\"@id\":\"https:\/\/www.edugestores.pe\/#\/schema\/person\/30dc82f35f5853289037a64b35c7c7d3\"},\"breadcrumb\":{\"@id\":\"https:\/\/www.edugestores.pe\/?p=21817#breadcrumb\"},\"inLanguage\":\"es\",\"potentialAction\":[{\"@type\":\"ReadAction\",\"target\":[\"https:\/\/www.edugestores.pe\/?p=21817\"]}]},{\"@type\":\"BreadcrumbList\",\"@id\":\"https:\/\/www.edugestores.pe\/?p=21817#breadcrumb\",\"itemListElement\":[{\"@type\":\"ListItem\",\"position\":1,\"name\":\"Portada\",\"item\":\"https:\/\/www.edugestores.pe\/\"},{\"@type\":\"ListItem\",\"position\":2,\"name\":\"La ley de reforma magisterial, caminos azarosos y desilusiones, un art\u00edculo de Richard Hurtado\"}]},{\"@type\":\"Person\",\"@id\":\"https:\/\/www.edugestores.pe\/#\/schema\/person\/30dc82f35f5853289037a64b35c7c7d3\",\"name\":\"Administrador\",\"image\":{\"@type\":\"ImageObject\",\"@id\":\"https:\/\/www.edugestores.pe\/#personlogo\",\"inLanguage\":\"es\",\"url\":\"https:\/\/secure.gravatar.com\/avatar\/70960d1239c4d2c778bb3d2786a3c1ae?s=96&d=mm&r=g\",\"contentUrl\":\"https:\/\/secure.gravatar.com\/avatar\/70960d1239c4d2c778bb3d2786a3c1ae?s=96&d=mm&r=g\",\"caption\":\"Administrador\"},\"url\":\"https:\/\/www.edugestores.pe\/?author=63\"}]}<\/script>\n<!-- \/ Yoast SEO plugin. -->","yoast_head_json":{"title":"La ley de reforma magisterial, caminos azarosos y desilusiones, un art\u00edculo de Richard Hurtado - Red Peruana de Gestores de la Educaci\u00f3n","robots":{"index":"index","follow":"follow","max-snippet":"max-snippet:-1","max-image-preview":"max-image-preview:large","max-video-preview":"max-video-preview:-1"},"canonical":"https:\/\/www.edugestores.pe\/?p=21817","og_locale":"es_ES","og_type":"article","og_title":"La ley de reforma magisterial, caminos azarosos y desilusiones, un art\u00edculo de Richard Hurtado - Red Peruana de Gestores de la Educaci\u00f3n","og_description":"Por Richard Hurtado* Exploro el caso de directores y subdirectores de instituciones educativas desaprobados por factor licencia. El a\u00f1o 2015 [&hellip;]","og_url":"https:\/\/www.edugestores.pe\/?p=21817","og_site_name":"Red Peruana de Gestores de la Educaci\u00f3n","article_published_time":"2019-02-11T16:13:15+00:00","article_modified_time":"2019-02-24T17:36:10+00:00","og_image":[{"width":514,"height":267,"url":"https:\/\/www.edugestores.pe\/wp-content\/uploads\/2019\/02\/oebajun18-1.png","type":"image\/png"}],"twitter_card":"summary_large_image","twitter_misc":{"Escrito por":"Administrador","Tiempo de lectura":"3 minutos"},"schema":{"@context":"https:\/\/schema.org","@graph":[{"@type":"WebSite","@id":"https:\/\/www.edugestores.pe\/#website","url":"https:\/\/www.edugestores.pe\/","name":"Red Peruana de Gestores de la Educaci\u00f3n","description":"Red Peruana de Gestores de la Educaci\u00f3n","potentialAction":[{"@type":"SearchAction","target":{"@type":"EntryPoint","urlTemplate":"https:\/\/www.edugestores.pe\/?s={search_term_string}"},"query-input":"required name=search_term_string"}],"inLanguage":"es"},{"@type":"ImageObject","@id":"https:\/\/www.edugestores.pe\/?p=21817#primaryimage","inLanguage":"es","url":"https:\/\/www.edugestores.pe\/wp-content\/uploads\/2019\/02\/oebajun18-1.png","contentUrl":"https:\/\/www.edugestores.pe\/wp-content\/uploads\/2019\/02\/oebajun18-1.png","width":514,"height":267},{"@type":"WebPage","@id":"https:\/\/www.edugestores.pe\/?p=21817#webpage","url":"https:\/\/www.edugestores.pe\/?p=21817","name":"La ley de reforma magisterial, caminos azarosos y desilusiones, un art\u00edculo de Richard Hurtado - Red Peruana de Gestores de la Educaci\u00f3n","isPartOf":{"@id":"https:\/\/www.edugestores.pe\/#website"},"primaryImageOfPage":{"@id":"https:\/\/www.edugestores.pe\/?p=21817#primaryimage"},"datePublished":"2019-02-11T16:13:15+00:00","dateModified":"2019-02-24T17:36:10+00:00","author":{"@id":"https:\/\/www.edugestores.pe\/#\/schema\/person\/30dc82f35f5853289037a64b35c7c7d3"},"breadcrumb":{"@id":"https:\/\/www.edugestores.pe\/?p=21817#breadcrumb"},"inLanguage":"es","potentialAction":[{"@type":"ReadAction","target":["https:\/\/www.edugestores.pe\/?p=21817"]}]},{"@type":"BreadcrumbList","@id":"https:\/\/www.edugestores.pe\/?p=21817#breadcrumb","itemListElement":[{"@type":"ListItem","position":1,"name":"Portada","item":"https:\/\/www.edugestores.pe\/"},{"@type":"ListItem","position":2,"name":"La ley de reforma magisterial, caminos azarosos y desilusiones, un art\u00edculo de Richard Hurtado"}]},{"@type":"Person","@id":"https:\/\/www.edugestores.pe\/#\/schema\/person\/30dc82f35f5853289037a64b35c7c7d3","name":"Administrador","image":{"@type":"ImageObject","@id":"https:\/\/www.edugestores.pe\/#personlogo","inLanguage":"es","url":"https:\/\/secure.gravatar.com\/avatar\/70960d1239c4d2c778bb3d2786a3c1ae?s=96&d=mm&r=g","contentUrl":"https:\/\/secure.gravatar.com\/avatar\/70960d1239c4d2c778bb3d2786a3c1ae?s=96&d=mm&r=g","caption":"Administrador"},"url":"https:\/\/www.edugestores.pe\/?author=63"}]}},"jetpack_featured_media_url":"https:\/\/www.edugestores.pe\/wp-content\/uploads\/2019\/02\/oebajun18-1.png","_links":{"self":[{"href":"https:\/\/www.edugestores.pe\/index.php?rest_route=\/wp\/v2\/posts\/21817"}],"collection":[{"href":"https:\/\/www.edugestores.pe\/index.php?rest_route=\/wp\/v2\/posts"}],"about":[{"href":"https:\/\/www.edugestores.pe\/index.php?rest_route=\/wp\/v2\/types\/post"}],"author":[{"embeddable":true,"href":"https:\/\/www.edugestores.pe\/index.php?rest_route=\/wp\/v2\/users\/63"}],"replies":[{"embeddable":true,"href":"https:\/\/www.edugestores.pe\/index.php?rest_route=%2Fwp%2Fv2%2Fcomments&post=21817"}],"version-history":[{"count":1,"href":"https:\/\/www.edugestores.pe\/index.php?rest_route=\/wp\/v2\/posts\/21817\/revisions"}],"predecessor-version":[{"id":21819,"href":"https:\/\/www.edugestores.pe\/index.php?rest_route=\/wp\/v2\/posts\/21817\/revisions\/21819"}],"wp:featuredmedia":[{"embeddable":true,"href":"https:\/\/www.edugestores.pe\/index.php?rest_route=\/wp\/v2\/media\/21818"}],"wp:attachment":[{"href":"https:\/\/www.edugestores.pe\/index.php?rest_route=%2Fwp%2Fv2%2Fmedia&parent=21817"}],"wp:term":[{"taxonomy":"category","embeddable":true,"href":"https:\/\/www.edugestores.pe\/index.php?rest_route=%2Fwp%2Fv2%2Fcategories&post=21817"},{"taxonomy":"post_tag","embeddable":true,"href":"https:\/\/www.edugestores.pe\/index.php?rest_route=%2Fwp%2Fv2%2Ftags&post=21817"}],"curies":[{"name":"wp","href":"https:\/\/api.w.org\/{rel}","templated":true}]}}