{"id":21850,"date":"2019-02-13T06:14:50","date_gmt":"2019-02-13T11:14:50","guid":{"rendered":"https:\/\/www.edugestores.pe\/?p=21850"},"modified":"2019-08-16T11:36:52","modified_gmt":"2019-08-16T16:36:52","slug":"edugestores-se-reunen-en-encuentro-anual","status":"publish","type":"post","link":"https:\/\/www.edugestores.pe\/?p=21850","title":{"rendered":"Edugestores se re\u00fanen en encuentro anual"},"content":{"rendered":"<p style=\"text-align: justify;\">Este viernes 15 y s\u00e1bado 16 de febrero desarrollaremos la tercera\u00a0edici\u00f3n del\u00a0<strong>Encuentro Nacional de la Red Peruana de Gestores de la Educaci\u00f3n<\/strong>\u00a0\u2013 Edugestores. La agenda propuesta\u00a0considera dos interrogantes:\u00a0\u00bfQu\u00e9 experiencias de gesti\u00f3n podemos aportar a las nuevas autoridades educativas regionales?, y\u00a0\u00bfc\u00f3mo fortalecer la Red Peruana de Gestores de la Educaci\u00f3n?<\/p>\n<p style=\"text-align: justify;\">En este III Encuentro de Edugestores\u00a0participar\u00e1n especialistas de Amazonas, Apur\u00edmac, \u00c1ncash,\u00a0 Ayacucho, Cusco, Cajamarca, Huancavelica, Ica, Jun\u00edn,\u00a0 Lima, Moquegua, Loreto, Piura, Puno,\u00a0 Tacna y Ucayali, quienes han sido convocados gracias a su participaci\u00f3n constante en nuestra plataforma.<\/p>\n<p style=\"text-align: justify;\">Este evento tiene como objetivo realizar un balance de lo avanzado en la consolidaci\u00f3n de Edugestores durante el 2018, analizar colectivamente los resultados, desaf\u00edos y aprendizajes ganados en cuatro a\u00f1os de gesti\u00f3n descentralizada de la educaci\u00f3n en seis regiones del pa\u00eds y, definir nuestra agenda de prioridades y compromisos para el fortalecimiento de Edugestores en 2019.<\/p>\n<p style=\"text-align: justify;\">Se realizar\u00e1n dos paneles de balance de gestiones regionales (que transmitiremos v\u00eda nuestro Facebook) y un plenario de intercambio sobre compromisos para la sostenibilidad de Edugestores y su crecimiento en regiones.<\/p>\n<p style=\"text-align: justify;\">Este encuentro se realizar\u00e1 con el auspicio del Instituto de Investigaci\u00f3n y Pol\u00edticas Educativas de la Universidad Antonio Ruiz de Montoya y con el apoyo de UNICEF.<\/p>\n","protected":false},"excerpt":{"rendered":"<p>Este viernes 15 y s\u00e1bado 16 de febrero desarrollaremos la tercera\u00a0edici\u00f3n del\u00a0Encuentro Nacional de la Red Peruana de Gestores de [&hellip;]<\/p>\n","protected":false},"author":63,"featured_media":21851,"comment_status":"open","ping_status":"open","sticky":false,"template":"","format":"standard","meta":{"spay_email":""},"categories":[125,1413],"tags":[],"yoast_head":"<!-- This site is optimized with the Yoast SEO plugin v18.0 - https:\/\/yoast.com\/wordpress\/plugins\/seo\/ -->\n<title>Edugestores se re\u00fanen en encuentro anual - Red Peruana de Gestores de la Educaci\u00f3n<\/title>\n<meta name=\"robots\" content=\"index, follow, max-snippet:-1, max-image-preview:large, max-video-preview:-1\" \/>\n<link rel=\"canonical\" href=\"https:\/\/www.edugestores.pe\/?p=21850\" \/>\n<meta property=\"og:locale\" content=\"es_ES\" \/>\n<meta property=\"og:type\" content=\"article\" \/>\n<meta property=\"og:title\" content=\"Edugestores se re\u00fanen en encuentro anual - Red Peruana de Gestores de la Educaci\u00f3n\" \/>\n<meta property=\"og:description\" content=\"Este viernes 15 y s\u00e1bado 16 de febrero desarrollaremos la tercera\u00a0edici\u00f3n del\u00a0Encuentro Nacional de la Red Peruana de Gestores de [&hellip;]\" \/>\n<meta property=\"og:url\" content=\"https:\/\/www.edugestores.pe\/?p=21850\" \/>\n<meta property=\"og:site_name\" content=\"Red Peruana de Gestores de la Educaci\u00f3n\" \/>\n<meta property=\"article:published_time\" content=\"2019-02-13T11:14:50+00:00\" \/>\n<meta property=\"article:modified_time\" content=\"2019-08-16T16:36:52+00:00\" \/>\n<meta property=\"og:image\" content=\"https:\/\/www.edugestores.pe\/wp-content\/uploads\/2019\/02\/IMG_5198-1038x692.jpg\" \/>\n\t<meta property=\"og:image:width\" content=\"1038\" \/>\n\t<meta property=\"og:image:height\" content=\"692\" \/>\n\t<meta property=\"og:image:type\" content=\"image\/jpeg\" \/>\n<meta name=\"twitter:card\" content=\"summary_large_image\" \/>\n<meta name=\"twitter:label1\" content=\"Escrito por\" \/>\n\t<meta name=\"twitter:data1\" content=\"Administrador\" \/>\n\t<meta name=\"twitter:label2\" content=\"Tiempo de lectura\" \/>\n\t<meta name=\"twitter:data2\" content=\"1 minuto\" \/>\n<script type=\"application\/ld+json\" class=\"yoast-schema-graph\">{\"@context\":\"https:\/\/schema.org\",\"@graph\":[{\"@type\":\"WebSite\",\"@id\":\"https:\/\/www.edugestores.pe\/#website\",\"url\":\"https:\/\/www.edugestores.pe\/\",\"name\":\"Red Peruana de Gestores de la Educaci\u00f3n\",\"description\":\"Red Peruana de Gestores de la Educaci\u00f3n\",\"potentialAction\":[{\"@type\":\"SearchAction\",\"target\":{\"@type\":\"EntryPoint\",\"urlTemplate\":\"https:\/\/www.edugestores.pe\/?s={search_term_string}\"},\"query-input\":\"required name=search_term_string\"}],\"inLanguage\":\"es\"},{\"@type\":\"ImageObject\",\"@id\":\"https:\/\/www.edugestores.pe\/?p=21850#primaryimage\",\"inLanguage\":\"es\",\"url\":\"https:\/\/www.edugestores.pe\/wp-content\/uploads\/2019\/02\/IMG_5198-1038x692.jpg\",\"contentUrl\":\"https:\/\/www.edugestores.pe\/wp-content\/uploads\/2019\/02\/IMG_5198-1038x692.jpg\",\"width\":1038,\"height\":692},{\"@type\":\"WebPage\",\"@id\":\"https:\/\/www.edugestores.pe\/?p=21850#webpage\",\"url\":\"https:\/\/www.edugestores.pe\/?p=21850\",\"name\":\"Edugestores se re\u00fanen en encuentro anual - Red Peruana de Gestores de la Educaci\u00f3n\",\"isPartOf\":{\"@id\":\"https:\/\/www.edugestores.pe\/#website\"},\"primaryImageOfPage\":{\"@id\":\"https:\/\/www.edugestores.pe\/?p=21850#primaryimage\"},\"datePublished\":\"2019-02-13T11:14:50+00:00\",\"dateModified\":\"2019-08-16T16:36:52+00:00\",\"author\":{\"@id\":\"https:\/\/www.edugestores.pe\/#\/schema\/person\/30dc82f35f5853289037a64b35c7c7d3\"},\"breadcrumb\":{\"@id\":\"https:\/\/www.edugestores.pe\/?p=21850#breadcrumb\"},\"inLanguage\":\"es\",\"potentialAction\":[{\"@type\":\"ReadAction\",\"target\":[\"https:\/\/www.edugestores.pe\/?p=21850\"]}]},{\"@type\":\"BreadcrumbList\",\"@id\":\"https:\/\/www.edugestores.pe\/?p=21850#breadcrumb\",\"itemListElement\":[{\"@type\":\"ListItem\",\"position\":1,\"name\":\"Portada\",\"item\":\"https:\/\/www.edugestores.pe\/\"},{\"@type\":\"ListItem\",\"position\":2,\"name\":\"Edugestores se re\u00fanen en encuentro anual\"}]},{\"@type\":\"Person\",\"@id\":\"https:\/\/www.edugestores.pe\/#\/schema\/person\/30dc82f35f5853289037a64b35c7c7d3\",\"name\":\"Administrador\",\"image\":{\"@type\":\"ImageObject\",\"@id\":\"https:\/\/www.edugestores.pe\/#personlogo\",\"inLanguage\":\"es\",\"url\":\"https:\/\/secure.gravatar.com\/avatar\/70960d1239c4d2c778bb3d2786a3c1ae?s=96&d=mm&r=g\",\"contentUrl\":\"https:\/\/secure.gravatar.com\/avatar\/70960d1239c4d2c778bb3d2786a3c1ae?s=96&d=mm&r=g\",\"caption\":\"Administrador\"},\"url\":\"https:\/\/www.edugestores.pe\/?author=63\"}]}<\/script>\n<!-- \/ Yoast SEO plugin. -->","yoast_head_json":{"title":"Edugestores se re\u00fanen en encuentro anual - Red Peruana de Gestores de la Educaci\u00f3n","robots":{"index":"index","follow":"follow","max-snippet":"max-snippet:-1","max-image-preview":"max-image-preview:large","max-video-preview":"max-video-preview:-1"},"canonical":"https:\/\/www.edugestores.pe\/?p=21850","og_locale":"es_ES","og_type":"article","og_title":"Edugestores se re\u00fanen en encuentro anual - Red Peruana de Gestores de la Educaci\u00f3n","og_description":"Este viernes 15 y s\u00e1bado 16 de febrero desarrollaremos la tercera\u00a0edici\u00f3n del\u00a0Encuentro Nacional de la Red Peruana de Gestores de [&hellip;]","og_url":"https:\/\/www.edugestores.pe\/?p=21850","og_site_name":"Red Peruana de Gestores de la Educaci\u00f3n","article_published_time":"2019-02-13T11:14:50+00:00","article_modified_time":"2019-08-16T16:36:52+00:00","og_image":[{"width":1038,"height":692,"url":"https:\/\/www.edugestores.pe\/wp-content\/uploads\/2019\/02\/IMG_5198-1038x692.jpg","type":"image\/jpeg"}],"twitter_card":"summary_large_image","twitter_misc":{"Escrito por":"Administrador","Tiempo de lectura":"1 minuto"},"schema":{"@context":"https:\/\/schema.org","@graph":[{"@type":"WebSite","@id":"https:\/\/www.edugestores.pe\/#website","url":"https:\/\/www.edugestores.pe\/","name":"Red Peruana de Gestores de la Educaci\u00f3n","description":"Red Peruana de Gestores de la Educaci\u00f3n","potentialAction":[{"@type":"SearchAction","target":{"@type":"EntryPoint","urlTemplate":"https:\/\/www.edugestores.pe\/?s={search_term_string}"},"query-input":"required name=search_term_string"}],"inLanguage":"es"},{"@type":"ImageObject","@id":"https:\/\/www.edugestores.pe\/?p=21850#primaryimage","inLanguage":"es","url":"https:\/\/www.edugestores.pe\/wp-content\/uploads\/2019\/02\/IMG_5198-1038x692.jpg","contentUrl":"https:\/\/www.edugestores.pe\/wp-content\/uploads\/2019\/02\/IMG_5198-1038x692.jpg","width":1038,"height":692},{"@type":"WebPage","@id":"https:\/\/www.edugestores.pe\/?p=21850#webpage","url":"https:\/\/www.edugestores.pe\/?p=21850","name":"Edugestores se re\u00fanen en encuentro anual - Red Peruana de Gestores de la Educaci\u00f3n","isPartOf":{"@id":"https:\/\/www.edugestores.pe\/#website"},"primaryImageOfPage":{"@id":"https:\/\/www.edugestores.pe\/?p=21850#primaryimage"},"datePublished":"2019-02-13T11:14:50+00:00","dateModified":"2019-08-16T16:36:52+00:00","author":{"@id":"https:\/\/www.edugestores.pe\/#\/schema\/person\/30dc82f35f5853289037a64b35c7c7d3"},"breadcrumb":{"@id":"https:\/\/www.edugestores.pe\/?p=21850#breadcrumb"},"inLanguage":"es","potentialAction":[{"@type":"ReadAction","target":["https:\/\/www.edugestores.pe\/?p=21850"]}]},{"@type":"BreadcrumbList","@id":"https:\/\/www.edugestores.pe\/?p=21850#breadcrumb","itemListElement":[{"@type":"ListItem","position":1,"name":"Portada","item":"https:\/\/www.edugestores.pe\/"},{"@type":"ListItem","position":2,"name":"Edugestores se re\u00fanen en encuentro anual"}]},{"@type":"Person","@id":"https:\/\/www.edugestores.pe\/#\/schema\/person\/30dc82f35f5853289037a64b35c7c7d3","name":"Administrador","image":{"@type":"ImageObject","@id":"https:\/\/www.edugestores.pe\/#personlogo","inLanguage":"es","url":"https:\/\/secure.gravatar.com\/avatar\/70960d1239c4d2c778bb3d2786a3c1ae?s=96&d=mm&r=g","contentUrl":"https:\/\/secure.gravatar.com\/avatar\/70960d1239c4d2c778bb3d2786a3c1ae?s=96&d=mm&r=g","caption":"Administrador"},"url":"https:\/\/www.edugestores.pe\/?author=63"}]}},"jetpack_featured_media_url":"https:\/\/www.edugestores.pe\/wp-content\/uploads\/2019\/02\/IMG_5198-1038x692.jpg","_links":{"self":[{"href":"https:\/\/www.edugestores.pe\/index.php?rest_route=\/wp\/v2\/posts\/21850"}],"collection":[{"href":"https:\/\/www.edugestores.pe\/index.php?rest_route=\/wp\/v2\/posts"}],"about":[{"href":"https:\/\/www.edugestores.pe\/index.php?rest_route=\/wp\/v2\/types\/post"}],"author":[{"embeddable":true,"href":"https:\/\/www.edugestores.pe\/index.php?rest_route=\/wp\/v2\/users\/63"}],"replies":[{"embeddable":true,"href":"https:\/\/www.edugestores.pe\/index.php?rest_route=%2Fwp%2Fv2%2Fcomments&post=21850"}],"version-history":[{"count":1,"href":"https:\/\/www.edugestores.pe\/index.php?rest_route=\/wp\/v2\/posts\/21850\/revisions"}],"predecessor-version":[{"id":21852,"href":"https:\/\/www.edugestores.pe\/index.php?rest_route=\/wp\/v2\/posts\/21850\/revisions\/21852"}],"wp:featuredmedia":[{"embeddable":true,"href":"https:\/\/www.edugestores.pe\/index.php?rest_route=\/wp\/v2\/media\/21851"}],"wp:attachment":[{"href":"https:\/\/www.edugestores.pe\/index.php?rest_route=%2Fwp%2Fv2%2Fmedia&parent=21850"}],"wp:term":[{"taxonomy":"category","embeddable":true,"href":"https:\/\/www.edugestores.pe\/index.php?rest_route=%2Fwp%2Fv2%2Fcategories&post=21850"},{"taxonomy":"post_tag","embeddable":true,"href":"https:\/\/www.edugestores.pe\/index.php?rest_route=%2Fwp%2Fv2%2Ftags&post=21850"}],"curies":[{"name":"wp","href":"https:\/\/api.w.org\/{rel}","templated":true}]}}