{"id":21866,"date":"2019-02-15T09:26:26","date_gmt":"2019-02-15T14:26:26","guid":{"rendered":"https:\/\/www.edugestores.pe\/?p=21866"},"modified":"2019-02-16T10:45:25","modified_gmt":"2019-02-16T15:45:25","slug":"el-siempre-complejo-inicio-del-ano-escolar-un-articulo-de-hugo-diaz","status":"publish","type":"post","link":"https:\/\/www.edugestores.pe\/?p=21866","title":{"rendered":"El siempre complejo inicio del a\u00f1o escolar, un art\u00edculo de Hugo Diaz"},"content":{"rendered":"<p style=\"text-align: justify;\">Por Hugo Diaz<\/p>\n<p style=\"text-align: justify;\">El 11 de marzo se inician las clases en las escuelas p\u00fablicas. Los temas de debate previos a ese inicio suelen generalmente ser muy similares de un a\u00f1o a otro:\u00a0las condiciones de los locales escolares, las pensiones de los colegios privados, los\u00a0nombramientos de docentes\u00a0y\u00a0contratos docentes, las normas de gesti\u00f3n del curr\u00edculo e institucional, la llegada oportuna del equipamiento y material educativo a las escuelas, la matr\u00edcula oportuna&#8230;<\/p>\n<p>Los atrasos en la atenci\u00f3n de algunos de estos problemas se han venido corrigiendo en los \u00faltimos a\u00f1os. Por ejemplo, se han adoptado medidas para que los docentes est\u00e9n nombrados o contratados a tiempo, las normas de desarrollo del a\u00f1o escolar y del cuadro de horas en secundaria para el 2019 se aprueban con m\u00e1s anticipaci\u00f3n. Un tema al parecer superado, por lo menos para el inicio del presente a\u00f1o escolar es el de la edad de ingreso a la educaci\u00f3n inicial y el primer grado de primaria.<\/p>\n<p><b>Exceso normativo<\/b><\/p>\n<p>No obstante, todav\u00eda hay varios problemas por superar. Uno primero es que, si bien las normas para el nuevo a\u00f1o escolar est\u00e1n ya aprobadas, en las \u00faltimas semanas se han difundido a trav\u00e9s del diario El Peruano otras normas relacionadas con el mantenimiento preventivo, la regulaci\u00f3n de instrumentos de gesti\u00f3n en las instituciones educativas, la contrataci\u00f3n de docentes y el funcionamiento del portal web Identicole que generan nuevas obligaciones a los centros educativos. Hubo adem\u00e1s el adelanto de anuncio de un cambio en los criterios de evaluaci\u00f3n de los alumnos de secundaria cuya norma todav\u00eda no ha sido difundida pero que ha generado gran pol\u00e9mica por tres razones: el pase del criterio de calificaci\u00f3n vigesimal al de letras, el uso de abreviaturas literales diferentes a las utilizadas en la educaci\u00f3n primaria (lo que podr\u00eda confundir a los padres de familia) y, lo tard\u00edo del anuncio. Dado el inminente inicio del a\u00f1o escolar, y siendo la evaluaci\u00f3n el aspecto m\u00e1s delicado de la implementaci\u00f3n del curr\u00edculo, deber\u00eda evaluarse la posibilidad de postergar su aplicaci\u00f3n hasta el a\u00f1o siguiente.<\/p>\n<p>En el balance, podr\u00eda decirse que todav\u00eda no hay una filosof\u00eda y estrategia de generaci\u00f3n de normas educativas que permita saber cu\u00e1ndo darlas e ir racionalizando y dando coherencia al conjunto. Tampoco pareciera haber el conocimiento suficiente de parte de quienes producen las normas sobre la complejidad de la gesti\u00f3n escolar. Solo hay una preocupaci\u00f3n por generarlas sin mucho importar los niveles de fatiga por la carga administrativa que se produce en las escuelas. Se cambian denominaciones, siglas y conceptos como si ello no va a afectar la vida de las escuelas, docentes, alumnos y padres de familia.<\/p>\n<p>Aceptando que la administraci\u00f3n requiere una base de informaci\u00f3n para apoyar su toma de decisiones y establecer las l\u00edneas de pol\u00edtica, no deber\u00eda hacerse a costa de limitar el cumplimiento de la finalidad principal de los centros educativos, que es prestar un servicio educativo en las mejores condiciones. La queja de los directores y docentes es que se han convertido, en exceso, en proveedores de informaci\u00f3n y documentos, muchos de los cuales se ignora la utilidad que tengan para quienes los demandan.<\/p>\n<p>El a\u00f1o pasado la preocupaci\u00f3n era como reducir la preparaci\u00f3n de informes y documentos por parte de los centros educativos; este a\u00f1o se produce un retroceso al triplicarse los documentos que deben disponerse, adem\u00e1s que se retoma la pr\u00e1ctica de remitir uno o m\u00e1s de uno a la Ugel. Si queremos exigir mejores resultados de aprendizaje a directores y docentes, hay que darles las facilidades. Quiz\u00e1 ser\u00eda recomendable que el Ministro Daniel Alfaro forme una comisi\u00f3n que le ofrezca un planteamiento de simplificaci\u00f3n normativa y la estrategia para llevarlo adelante. El Magisterio le estar\u00eda muy agradecido.<\/p>\n<p>Lo mismo sucede con la cantidad de comisiones que hay que formar en cada centro educativo. Como se ver\u00e1 a continuaci\u00f3n, muchas veces su n\u00famero supera largamente la cantidad de profesores que trabajan en la escuela polidocente. Los comentarios sobran trat\u00e1ndose de escuelas unidocentes y multigrado.<\/p>\n<p><b>Uso de locales escolares<\/b><\/p>\n<p>Hace pocas semanas, en la secci\u00f3n Escale de la web del Ministerio de Educaci\u00f3n, se public\u00f3 la estad\u00edstica educativa correspondiente al 2018. Apoyados por el uso de las tecnolog\u00edas, es ahora posible obtener indicadores m\u00e1s finos sobre la cobertura, funcionamiento y desempe\u00f1o del sistema.<\/p>\n<p>Para efectos del informe se ha efectuado un an\u00e1lisis de la estad\u00edstica de centros de educaci\u00f3n primaria escolarizada estatal, que figuran como activos, de cinco departamentos: Cajamarca, La Libertad, Lima, Pasco y Tacna. En cada caso se ha observado la distribuci\u00f3n de los centros educativos seg\u00fan el tama\u00f1o de su matr\u00edcula y la relaci\u00f3n alumnos por profesor.<\/p>\n<p>La primera observaci\u00f3n que se destaca es el reducido porcentaje de estudiantes por centro educativo. En todas las regiones hay muchas escuelas con uno, dos o tres alumnos.<\/p>\n<div id=\"list01\" style=\"text-align: justify;\">\n<ul>\n<li>En Cajamarca, las escuelas primarias con hasta cuatro alumnos son 129; el 17.2% tiene hasta 10 alumnos y el 56.2% hasta 30 alumnos. Solo el 5.3% tiene m\u00e1s de 200 alumnos. La distribuci\u00f3n tiene como una de sus causas el que \u00fanicamente el 13.6% de las escuelas primarias sea polidocente.<\/li>\n<li>En Pasco, hay 90 escuelas primarias con hasta 4 alumnos; has que tienen hasta 10 alumnos llegan al 36.1% y el 70.4% tiene hasta 30 alumnos. Solo el 3.7% de las escuelas tiene una matr\u00edcula superior a 200 alumnos. En Pasco tres de cada 10 escuelas es polidocente con un promedio de 277.5 alumnos por escuela.<\/li>\n<li>Sorprende el caso de Tacna por ser un departamento eminentemente urbano. En la muestra es el que tiene mayor porcentaje de escuelas con hasta 10 alumnos: 40.3%. En tanto, el 23.4% tiene m\u00e1s de 200 alumnos y ello se debe a que una de cada dos escuela primarias es polidocente.<\/li>\n<li>Tambi\u00e9n sorprende el caso de Lima en donde hay 69 escuelas con hasta cuatro alumnos; el 11.9% de las escuelas tiene una matr\u00edcula de hasta 10 alumnos y la cuarta parte menos de 30. Poco m\u00e1s de la mitad de sus escuelas llega a tener m\u00e1s de 200 alumnos. En el departamento siete de cada diez escuelas son polidocentes.<\/li>\n<\/ul>\n<\/div>\n<p style=\"text-align: justify;\">\n<table class=\"nl1\">\n<tbody>\n<tr>\n<td class=\"t1\" colspan=\"6\">Distribuci\u00f3n de alumnos por centro educativo en escuelas primarias estatales en una muestra de departamentos. A\u00f1o: 2018<br \/>\n(en porcentaje)<\/td>\n<\/tr>\n<tr>\n<td class=\"t1\">Alumnos\/escuela<\/td>\n<td class=\"t1\">Cajamarca<\/td>\n<td class=\"t1\">La Libertad<\/td>\n<td class=\"t1\">Lima<\/td>\n<td class=\"t1\">Pasco<\/td>\n<td class=\"t1\">Tacna<\/td>\n<\/tr>\n<tr>\n<td>1-10 alumnos<\/td>\n<td>17.2<\/td>\n<td>11.0<\/td>\n<td>11.9<\/td>\n<td>36.1<\/td>\n<td>41.3<\/td>\n<\/tr>\n<tr>\n<td>11-20 alumnos<\/td>\n<td>19.6<\/td>\n<td>14.5<\/td>\n<td>7.5<\/td>\n<td>22.8<\/td>\n<td>9.0<\/td>\n<\/tr>\n<tr>\n<td>21-30 alumnos<\/td>\n<td>19.4<\/td>\n<td>11.9<\/td>\n<td>5.5<\/td>\n<td>11.5<\/td>\n<td>5.4<\/td>\n<\/tr>\n<tr>\n<td>31-50 alumnos<\/td>\n<td>19.2<\/td>\n<td>18.6<\/td>\n<td>5.9<\/td>\n<td>12.7<\/td>\n<td>4.2<\/td>\n<\/tr>\n<tr>\n<td>51-100 alumnos<\/td>\n<td>14.6<\/td>\n<td>20.7<\/td>\n<td>5.3<\/td>\n<td>8.1<\/td>\n<td>6.6<\/td>\n<\/tr>\n<tr>\n<td>101-200 alumnos<\/td>\n<td>4.7<\/td>\n<td>10.4<\/td>\n<td>12.6<\/td>\n<td>5.1<\/td>\n<td>10.2<\/td>\n<\/tr>\n<tr>\n<td>201-500 alumnos<\/td>\n<td>2.3<\/td>\n<td>8.5<\/td>\n<td>29.7<\/td>\n<td>2.8<\/td>\n<td>12.6<\/td>\n<\/tr>\n<tr>\n<td>+ 500 alumnos<\/td>\n<td>3.0<\/td>\n<td>4.3<\/td>\n<td>21.5<\/td>\n<td>0.9<\/td>\n<td>10.8<\/td>\n<\/tr>\n<tr>\n<td colspan=\"6\"><i>Fuente. Escale. Minedu<\/i><\/td>\n<\/tr>\n<\/tbody>\n<\/table>\n<p style=\"text-align: justify;\">\nEl porcentaje de escuelas multigrado y unidocente es alto especialmente en departamentos con \u00e1reas geogr\u00e1ficas de sierra y selva. Alcanza el 71.1% en La Libertad y el 86.4% en Cajamarca. Entre las multigrado, una relaci\u00f3n de 42 alumnos por profesor, la m\u00e1s alta, se da en La Libertad y, la m\u00e1s baja, en Tacna con 26.8. Trat\u00e1ndose de escuelas unidocentes esta relaci\u00f3n es m\u00e1s alta en La Libertad (12.3) y la m\u00e1s baja en Tacna (3.9).<\/p>\n<p>Sorprende igualmente que el n\u00famero de alumnos por centro de educaci\u00f3n secundaria sea menor que en las escuelas polidocentes de primaria en los cinco departamentos seleccionados.<\/p>\n<p>Si bien la realidad geogr\u00e1fica del pa\u00eds y la necesidad de hacer realidad el derecho a la educaci\u00f3n hace que se cree oferta con caracter\u00edsticas como las descritas. La equidad surge como un principio que justifica crear centros con muy pocos alumnos, pero all\u00ed donde existe una gran cantidad de escuelas peque\u00f1as se crea la dificultad de llevar a la pr\u00e1ctica la equidad con est\u00e1ndares m\u00ednimos de calidad: la capacitaci\u00f3n y acompa\u00f1amiento son escasos, los docentes tienen limitaciones importantes para trabajar con metodolog\u00edas de ense\u00f1anza multigrado, si la esencia del enfoque por competencias es el trabajo en equipo de los docentes, c\u00f3mo hacerlo en las unidocentes.<\/p>\n<p>Hay opciones que deber\u00edan evaluarse en el enfrentamiento de esta situaci\u00f3n. Un aspecto para tener en cuenta es que un porcentaje importante de poblaci\u00f3n que reside en zona rural trabaja en zona urbana. Muchos de ellos viven muy cerca de un centro poblado urbano. Para esos casos, es importante revisar la experiencia de Cear\u00e1, en Brasil, en donde se crea un conjunto de escuelas en los l\u00edmites urbano-rural que tienen servicios de movilidad para recoger a alumnos que residen en una red sat\u00e9lite de centros poblados rurales. La jornada escolar es mas extensa y con mucho \u00e9nfasis en la aplicaci\u00f3n pr\u00e1ctica de los conocimientos. Se trata de un proyecto con dise\u00f1os arquitect\u00f3nicos muy modernos, con alto ingrediente de participaci\u00f3n intersectorial, sobre todo municipal, y con resultados acad\u00e9micos mejores que los promedios que alcanza la escuela p\u00fablica en las \u00e1reas urbanas.<\/p>\n<p>Matr\u00edcula, centros educativos y alumnos por centro educativo estatal en una muestra de departamentos. A\u00f1o 2018<\/p>\n<table class=\"nl1\">\n<tbody>\n<tr>\n<td class=\"t1\" colspan=\"6\">Matr\u00edcula, centros educativos y alumnos por centro educativo estatal en una muestra de departamentos. A\u00f1o 2018<\/td>\n<\/tr>\n<tr>\n<td class=\"t1\"><\/td>\n<td class=\"t1\">Cajamarca<\/td>\n<td class=\"t1\">La Libertad<\/td>\n<td class=\"t1\">Lima<\/td>\n<td class=\"t1\">Pasco<\/td>\n<td class=\"t1\">Tacna<\/td>\n<\/tr>\n<tr>\n<td class=\"t1l\" colspan=\"6\">Matr\u00edcula<\/td>\n<\/tr>\n<tr>\n<td>Polidocente<\/td>\n<td>90846<\/td>\n<td>132352<\/td>\n<td>501375<\/td>\n<td>19667<\/td>\n<td>26161<\/td>\n<\/tr>\n<tr>\n<td>Multigrado<\/td>\n<td>67789<\/td>\n<td>33161<\/td>\n<td>10456<\/td>\n<td>7372<\/td>\n<td>1097<\/td>\n<\/tr>\n<tr>\n<td>Unidocente<\/td>\n<td>13453<\/td>\n<td>4084<\/td>\n<td>2054<\/td>\n<td>3704<\/td>\n<td>200<\/td>\n<\/tr>\n<tr>\n<td>Secundaria<\/td>\n<td>118698<\/td>\n<td>117120<\/td>\n<td>419690<\/td>\n<td>20504<\/td>\n<td>22126<\/td>\n<\/tr>\n<tr>\n<td class=\"t1l\" colspan=\"6\">Centros Educativos<\/td>\n<\/tr>\n<tr>\n<td>Polidocente<\/td>\n<td>478<\/td>\n<td>477<\/td>\n<td>1190<\/td>\n<td>109<\/td>\n<td>91<\/td>\n<\/tr>\n<tr>\n<td>Multigrado<\/td>\n<td>1909<\/td>\n<td>789<\/td>\n<td>276<\/td>\n<td>212<\/td>\n<td>41<\/td>\n<\/tr>\n<tr>\n<td>Unidocente<\/td>\n<td>1137<\/td>\n<td>331<\/td>\n<td>237<\/td>\n<td>362<\/td>\n<td>51<\/td>\n<\/tr>\n<tr>\n<td>Secundaria<\/td>\n<td>886<\/td>\n<td>596<\/td>\n<td>1006<\/td>\n<td>192<\/td>\n<td>90<\/td>\n<\/tr>\n<tr>\n<td class=\"t1l\" colspan=\"6\">Alumnos por Centro Educativo<\/td>\n<\/tr>\n<tr>\n<td>Polidocente<\/td>\n<td>190.1<\/td>\n<td>277.5<\/td>\n<td>421.3<\/td>\n<td>180.4<\/td>\n<td>287.5<\/td>\n<\/tr>\n<tr>\n<td>Multigrado<\/td>\n<td>35.5<\/td>\n<td>42.0<\/td>\n<td>37.9<\/td>\n<td>34.8<\/td>\n<td>26.8<\/td>\n<\/tr>\n<tr>\n<td>Unidocente<\/td>\n<td>11.8<\/td>\n<td>12.3<\/td>\n<td>8.7<\/td>\n<td>10.2<\/td>\n<td>3.9<\/td>\n<\/tr>\n<tr>\n<td>Secundaria<\/td>\n<td>134.0<\/td>\n<td>196.5<\/td>\n<td>417.2<\/td>\n<td>106.8<\/td>\n<td>245.8<\/td>\n<\/tr>\n<tr>\n<td colspan=\"6\"><i>Fuente. Escale. Minedu<\/i><\/td>\n<\/tr>\n<\/tbody>\n<\/table>\n<p style=\"text-align: justify;\">\n<b>Pensiones escolares<\/b><\/p>\n<p>Es otro aspecto que preocupa. El IPC promedio para Lima Metropolitana durante el per\u00edodo febrero 2018-enero 2019 fue de 2.36. Pero cuando se observa el IPC para los servicios de educaci\u00f3n se constata, en el mismo per\u00edodo, un crecimiento de 3.42 en la ense\u00f1anza terciaria, 6.42 en secundaria y 7.43 en pre escolar y primaria. La tendencia a crecer m\u00e1s que el \u00edndice general se repite cada a\u00f1o y merecer\u00eda ser evaluada por los propios promotores de la educaci\u00f3n privada. Hay un sector que reinvierte en factores de mejora del servicio y en que sus docentes tengan capacitaci\u00f3n y un salario adecuado. Sin embargo, hay otro sector de colegios que hace lo contrario, lo que conlleva un deterioro de la imagen de este sector de ense\u00f1anza. Los padres de familia la ven como una opci\u00f3n necesaria mientras mejora al escuela p\u00fablica y funcionarios del Ministerio de Educaci\u00f3n ven esta situaci\u00f3n como un argumento para endurecer las condiciones de su aplicaci\u00f3n de la normativa correspondiente.<\/p>\n<table class=\"nl1\">\n<tbody>\n<tr>\n<td class=\"t1\" colspan=\"2\">IPC de Lima Metropolitana. Febrero 2018-Enero 2019<\/td>\n<\/tr>\n<tr>\n<td>IPC General<\/td>\n<td>2.36<\/td>\n<\/tr>\n<tr>\n<td>Servicios de ense\u00f1anza &#8211; Inicial y primaria &#8211; Secundaria &#8211; Terciaria<\/td>\n<td>7.436.423.42<\/td>\n<\/tr>\n<tr>\n<td colspan=\"2\"><i>Fuente. INEI. Informe T\u00e9cnico N\u00ba 2. Variaci\u00f3n de Precios de la Econom\u00eda<\/i><\/td>\n<\/tr>\n<\/tbody>\n<\/table>\n<p style=\"text-align: justify;\"><a href=\"https:\/\/noticia.educacionenred.pe\/2019\/01\/r-m-017-2019-minedu-aprueban-norma-tecnica-disposiciones-ejecucion-programa-167369.html\">R. M N\u00b0 017-2019-MINEDU &#8211; Aprueban Norma T\u00e9cnica \u00abDisposiciones para la Ejecuci\u00f3n del Programa de Mantenimiento de los Locales Educativos para el a\u00f1o 2019\u00bb<\/a><\/p>\n<p style=\"text-align: justify;\"><a href=\"https:\/\/noticia.educacionenred.pe\/2019\/02\/r-vm-019-2019-minedu-aprueban-norma-tecnica-denominada-norma-que-regula-168202.html\">R. VM. N\u00b0 019-2019-MINEDU &#8211; Aprueban la Norma T\u00e9cnica denominada \u00abNorma que regula el funcionamiento del Portal Web \u00abIdenticole\u00bb y de su Plataforma Interna de gesti\u00f3n de consultas y reclamos\u00bb<\/a><\/p>\n<p style=\"text-align: justify;\"><a href=\"https:\/\/noticia.educacionenred.pe\/2019\/01\/ds-003-2019-minedu-decreto-supremo-que-modifica-norma-que-regula-procedimiento-168135.html\">D. S. N\u00ba 003-2019-MINEDU &#8211; Decreto Supremo que modifica la \u00abNorma que regula el procedimiento, los requisitos y las condiciones para las contrataciones en el marco del Contrato Docente en Educaci\u00f3n B\u00e1sica, a que hace referencia la Ley N\u00b0 30328, Ley que establece medidas en materia educativa y dicta otras disposiciones\u00bb, aprobada por el D. S. N\u00b0 001-2019-MINEDU<\/a><\/p>\n<p style=\"text-align: justify;\">Tomado de Educared, febrero 2019.<\/p>\n<p>&nbsp;<\/p>\n","protected":false},"excerpt":{"rendered":"<p>Por Hugo Diaz El 11 de marzo se inician las clases en las escuelas p\u00fablicas. Los temas de debate previos [&hellip;]<\/p>\n","protected":false},"author":63,"featured_media":21867,"comment_status":"open","ping_status":"open","sticky":false,"template":"","format":"standard","meta":{"spay_email":""},"categories":[908],"tags":[],"yoast_head":"<!-- This site is optimized with the Yoast SEO plugin v18.0 - https:\/\/yoast.com\/wordpress\/plugins\/seo\/ -->\n<title>El siempre complejo inicio del a\u00f1o escolar, un art\u00edculo de Hugo Diaz - Red Peruana de Gestores de la Educaci\u00f3n<\/title>\n<meta name=\"robots\" content=\"index, follow, max-snippet:-1, max-image-preview:large, max-video-preview:-1\" \/>\n<link rel=\"canonical\" href=\"https:\/\/www.edugestores.pe\/?p=21866\" \/>\n<meta property=\"og:locale\" content=\"es_ES\" \/>\n<meta property=\"og:type\" content=\"article\" \/>\n<meta property=\"og:title\" content=\"El siempre complejo inicio del a\u00f1o escolar, un art\u00edculo de Hugo Diaz - Red Peruana de Gestores de la Educaci\u00f3n\" \/>\n<meta property=\"og:description\" content=\"Por Hugo Diaz El 11 de marzo se inician las clases en las escuelas p\u00fablicas. Los temas de debate previos [&hellip;]\" \/>\n<meta property=\"og:url\" content=\"https:\/\/www.edugestores.pe\/?p=21866\" \/>\n<meta property=\"og:site_name\" content=\"Red Peruana de Gestores de la Educaci\u00f3n\" \/>\n<meta property=\"article:published_time\" content=\"2019-02-15T14:26:26+00:00\" \/>\n<meta property=\"article:modified_time\" content=\"2019-02-16T15:45:25+00:00\" \/>\n<meta property=\"og:image\" content=\"https:\/\/www.edugestores.pe\/wp-content\/uploads\/2019\/02\/inicio-de-clases.jpg\" \/>\n\t<meta property=\"og:image:width\" content=\"1800\" \/>\n\t<meta property=\"og:image:height\" content=\"1200\" \/>\n\t<meta property=\"og:image:type\" content=\"image\/jpeg\" \/>\n<meta name=\"twitter:card\" content=\"summary_large_image\" \/>\n<meta name=\"twitter:label1\" content=\"Escrito por\" \/>\n\t<meta name=\"twitter:data1\" content=\"Administrador\" \/>\n\t<meta name=\"twitter:label2\" content=\"Tiempo de lectura\" \/>\n\t<meta name=\"twitter:data2\" content=\"9 minutos\" \/>\n<script type=\"application\/ld+json\" class=\"yoast-schema-graph\">{\"@context\":\"https:\/\/schema.org\",\"@graph\":[{\"@type\":\"WebSite\",\"@id\":\"https:\/\/www.edugestores.pe\/#website\",\"url\":\"https:\/\/www.edugestores.pe\/\",\"name\":\"Red Peruana de Gestores de la Educaci\u00f3n\",\"description\":\"Red Peruana de Gestores de la Educaci\u00f3n\",\"potentialAction\":[{\"@type\":\"SearchAction\",\"target\":{\"@type\":\"EntryPoint\",\"urlTemplate\":\"https:\/\/www.edugestores.pe\/?s={search_term_string}\"},\"query-input\":\"required name=search_term_string\"}],\"inLanguage\":\"es\"},{\"@type\":\"ImageObject\",\"@id\":\"https:\/\/www.edugestores.pe\/?p=21866#primaryimage\",\"inLanguage\":\"es\",\"url\":\"https:\/\/www.edugestores.pe\/wp-content\/uploads\/2019\/02\/inicio-de-clases.jpg\",\"contentUrl\":\"https:\/\/www.edugestores.pe\/wp-content\/uploads\/2019\/02\/inicio-de-clases.jpg\",\"width\":1800,\"height\":1200},{\"@type\":\"WebPage\",\"@id\":\"https:\/\/www.edugestores.pe\/?p=21866#webpage\",\"url\":\"https:\/\/www.edugestores.pe\/?p=21866\",\"name\":\"El siempre complejo inicio del a\u00f1o escolar, un art\u00edculo de Hugo Diaz - Red Peruana de Gestores de la Educaci\u00f3n\",\"isPartOf\":{\"@id\":\"https:\/\/www.edugestores.pe\/#website\"},\"primaryImageOfPage\":{\"@id\":\"https:\/\/www.edugestores.pe\/?p=21866#primaryimage\"},\"datePublished\":\"2019-02-15T14:26:26+00:00\",\"dateModified\":\"2019-02-16T15:45:25+00:00\",\"author\":{\"@id\":\"https:\/\/www.edugestores.pe\/#\/schema\/person\/30dc82f35f5853289037a64b35c7c7d3\"},\"breadcrumb\":{\"@id\":\"https:\/\/www.edugestores.pe\/?p=21866#breadcrumb\"},\"inLanguage\":\"es\",\"potentialAction\":[{\"@type\":\"ReadAction\",\"target\":[\"https:\/\/www.edugestores.pe\/?p=21866\"]}]},{\"@type\":\"BreadcrumbList\",\"@id\":\"https:\/\/www.edugestores.pe\/?p=21866#breadcrumb\",\"itemListElement\":[{\"@type\":\"ListItem\",\"position\":1,\"name\":\"Portada\",\"item\":\"https:\/\/www.edugestores.pe\/\"},{\"@type\":\"ListItem\",\"position\":2,\"name\":\"El siempre complejo inicio del a\u00f1o escolar, un art\u00edculo de Hugo Diaz\"}]},{\"@type\":\"Person\",\"@id\":\"https:\/\/www.edugestores.pe\/#\/schema\/person\/30dc82f35f5853289037a64b35c7c7d3\",\"name\":\"Administrador\",\"image\":{\"@type\":\"ImageObject\",\"@id\":\"https:\/\/www.edugestores.pe\/#personlogo\",\"inLanguage\":\"es\",\"url\":\"https:\/\/secure.gravatar.com\/avatar\/70960d1239c4d2c778bb3d2786a3c1ae?s=96&d=mm&r=g\",\"contentUrl\":\"https:\/\/secure.gravatar.com\/avatar\/70960d1239c4d2c778bb3d2786a3c1ae?s=96&d=mm&r=g\",\"caption\":\"Administrador\"},\"url\":\"https:\/\/www.edugestores.pe\/?author=63\"}]}<\/script>\n<!-- \/ Yoast SEO plugin. -->","yoast_head_json":{"title":"El siempre complejo inicio del a\u00f1o escolar, un art\u00edculo de Hugo Diaz - Red Peruana de Gestores de la Educaci\u00f3n","robots":{"index":"index","follow":"follow","max-snippet":"max-snippet:-1","max-image-preview":"max-image-preview:large","max-video-preview":"max-video-preview:-1"},"canonical":"https:\/\/www.edugestores.pe\/?p=21866","og_locale":"es_ES","og_type":"article","og_title":"El siempre complejo inicio del a\u00f1o escolar, un art\u00edculo de Hugo Diaz - Red Peruana de Gestores de la Educaci\u00f3n","og_description":"Por Hugo Diaz El 11 de marzo se inician las clases en las escuelas p\u00fablicas. Los temas de debate previos [&hellip;]","og_url":"https:\/\/www.edugestores.pe\/?p=21866","og_site_name":"Red Peruana de Gestores de la Educaci\u00f3n","article_published_time":"2019-02-15T14:26:26+00:00","article_modified_time":"2019-02-16T15:45:25+00:00","og_image":[{"width":1800,"height":1200,"url":"https:\/\/www.edugestores.pe\/wp-content\/uploads\/2019\/02\/inicio-de-clases.jpg","type":"image\/jpeg"}],"twitter_card":"summary_large_image","twitter_misc":{"Escrito por":"Administrador","Tiempo de lectura":"9 minutos"},"schema":{"@context":"https:\/\/schema.org","@graph":[{"@type":"WebSite","@id":"https:\/\/www.edugestores.pe\/#website","url":"https:\/\/www.edugestores.pe\/","name":"Red Peruana de Gestores de la Educaci\u00f3n","description":"Red Peruana de Gestores de la Educaci\u00f3n","potentialAction":[{"@type":"SearchAction","target":{"@type":"EntryPoint","urlTemplate":"https:\/\/www.edugestores.pe\/?s={search_term_string}"},"query-input":"required name=search_term_string"}],"inLanguage":"es"},{"@type":"ImageObject","@id":"https:\/\/www.edugestores.pe\/?p=21866#primaryimage","inLanguage":"es","url":"https:\/\/www.edugestores.pe\/wp-content\/uploads\/2019\/02\/inicio-de-clases.jpg","contentUrl":"https:\/\/www.edugestores.pe\/wp-content\/uploads\/2019\/02\/inicio-de-clases.jpg","width":1800,"height":1200},{"@type":"WebPage","@id":"https:\/\/www.edugestores.pe\/?p=21866#webpage","url":"https:\/\/www.edugestores.pe\/?p=21866","name":"El siempre complejo inicio del a\u00f1o escolar, un art\u00edculo de Hugo Diaz - Red Peruana de Gestores de la Educaci\u00f3n","isPartOf":{"@id":"https:\/\/www.edugestores.pe\/#website"},"primaryImageOfPage":{"@id":"https:\/\/www.edugestores.pe\/?p=21866#primaryimage"},"datePublished":"2019-02-15T14:26:26+00:00","dateModified":"2019-02-16T15:45:25+00:00","author":{"@id":"https:\/\/www.edugestores.pe\/#\/schema\/person\/30dc82f35f5853289037a64b35c7c7d3"},"breadcrumb":{"@id":"https:\/\/www.edugestores.pe\/?p=21866#breadcrumb"},"inLanguage":"es","potentialAction":[{"@type":"ReadAction","target":["https:\/\/www.edugestores.pe\/?p=21866"]}]},{"@type":"BreadcrumbList","@id":"https:\/\/www.edugestores.pe\/?p=21866#breadcrumb","itemListElement":[{"@type":"ListItem","position":1,"name":"Portada","item":"https:\/\/www.edugestores.pe\/"},{"@type":"ListItem","position":2,"name":"El siempre complejo inicio del a\u00f1o escolar, un art\u00edculo de Hugo Diaz"}]},{"@type":"Person","@id":"https:\/\/www.edugestores.pe\/#\/schema\/person\/30dc82f35f5853289037a64b35c7c7d3","name":"Administrador","image":{"@type":"ImageObject","@id":"https:\/\/www.edugestores.pe\/#personlogo","inLanguage":"es","url":"https:\/\/secure.gravatar.com\/avatar\/70960d1239c4d2c778bb3d2786a3c1ae?s=96&d=mm&r=g","contentUrl":"https:\/\/secure.gravatar.com\/avatar\/70960d1239c4d2c778bb3d2786a3c1ae?s=96&d=mm&r=g","caption":"Administrador"},"url":"https:\/\/www.edugestores.pe\/?author=63"}]}},"jetpack_featured_media_url":"https:\/\/www.edugestores.pe\/wp-content\/uploads\/2019\/02\/inicio-de-clases.jpg","_links":{"self":[{"href":"https:\/\/www.edugestores.pe\/index.php?rest_route=\/wp\/v2\/posts\/21866"}],"collection":[{"href":"https:\/\/www.edugestores.pe\/index.php?rest_route=\/wp\/v2\/posts"}],"about":[{"href":"https:\/\/www.edugestores.pe\/index.php?rest_route=\/wp\/v2\/types\/post"}],"author":[{"embeddable":true,"href":"https:\/\/www.edugestores.pe\/index.php?rest_route=\/wp\/v2\/users\/63"}],"replies":[{"embeddable":true,"href":"https:\/\/www.edugestores.pe\/index.php?rest_route=%2Fwp%2Fv2%2Fcomments&post=21866"}],"version-history":[{"count":1,"href":"https:\/\/www.edugestores.pe\/index.php?rest_route=\/wp\/v2\/posts\/21866\/revisions"}],"predecessor-version":[{"id":21868,"href":"https:\/\/www.edugestores.pe\/index.php?rest_route=\/wp\/v2\/posts\/21866\/revisions\/21868"}],"wp:featuredmedia":[{"embeddable":true,"href":"https:\/\/www.edugestores.pe\/index.php?rest_route=\/wp\/v2\/media\/21867"}],"wp:attachment":[{"href":"https:\/\/www.edugestores.pe\/index.php?rest_route=%2Fwp%2Fv2%2Fmedia&parent=21866"}],"wp:term":[{"taxonomy":"category","embeddable":true,"href":"https:\/\/www.edugestores.pe\/index.php?rest_route=%2Fwp%2Fv2%2Fcategories&post=21866"},{"taxonomy":"post_tag","embeddable":true,"href":"https:\/\/www.edugestores.pe\/index.php?rest_route=%2Fwp%2Fv2%2Ftags&post=21866"}],"curies":[{"name":"wp","href":"https:\/\/api.w.org\/{rel}","templated":true}]}}