{"id":21888,"date":"2019-02-17T23:57:53","date_gmt":"2019-02-18T04:57:53","guid":{"rendered":"https:\/\/www.edugestores.pe\/?p=21888"},"modified":"2019-08-16T11:36:37","modified_gmt":"2019-08-16T16:36:37","slug":"iii-encuentro-nacional-de-edugestores-avances-y-desafios","status":"publish","type":"post","link":"https:\/\/www.edugestores.pe\/?p=21888","title":{"rendered":"III Encuentro Nacional de Edugestores: avances y desaf\u00edos"},"content":{"rendered":"<p style=\"text-align: justify;\">El pasado 15 y s\u00e1bado 16 de febrero realizamos la tercera\u00a0edici\u00f3n del\u00a0<strong>Encuentro Nacional de la Red Peruana de Gestores de la Educaci\u00f3n<\/strong>\u00a0\u2013 Edugestores, donde un grupo de m\u00e1s de cincuenta edugestores provenientes de diversas regiones del pa\u00eds propusieron una agenda para fortalecer la red y para aportar a las gestiones de las nuevas autoridades educativas regionales.<\/p>\n<p style=\"text-align: justify;\">Edugestores provenientes de Amazonas, Apur\u00edmac, \u00c1ncash,\u00a0 Ayacucho, Cusco, Cajamarca, Huancavelica, Ica, Jun\u00edn,\u00a0 Lima, Moquegua, Loreto, Piura, Puno,\u00a0 Tacna y Ucayali,\u00a0participaron en este evento de dos jornadas, donde se realizaron dos paneles de experiencias de gesti\u00f3n regionales, y trabajo de grupos en plenaria, donde se tomaron algunos acuerdos para la labor de la comunidad en este 2019.<\/p>\n<p style=\"text-align: justify;\">Jaime M\u00e1rquez, coordinador de Edugestores, indic\u00f3 en la exposici\u00f3n que abri\u00f3 este encuentro, que el contexto en el sector educaci\u00f3n\u00a0marca temas que deben tener un atenci\u00f3n especial en la plataforma, y uno de ellos, pendiente, el de la articulaci\u00f3n intergubernamental, que m\u00e1s all\u00e1 de los GORE Ejecutivo, o Muni Ejecutivo, solo han remitido a una visi\u00f3n a corto plazo, a trav\u00e9s de proyectos de inversi\u00f3n y presupuestos comprometidos. &#8220;Hay una l\u00f3gica centralista que deja en agenda pendiente este fortalecimiento de las relaciones intergubernamentales, ya que solo se ha gestionado en los territorios, ya que se derogan normas que apuntaban a descentralizar (como por ejemplo el Plan anual de transferencias), y pese a esto hay espacios para esta gesti\u00f3n descentralizada que se desarrollan sectorialmente. Y sobre los lineamientos del gobierno nacional, hay uno que tiene que ver con la mejora de los aprendizajes, y eso se traduce en el sector, ya que para el Ministerio de Educaci\u00f3n, se percibe un inter\u00e9s en mejorar los aprendizzajes en zonas rurales&#8221;. Tambi\u00e9n indic\u00f3 que el tema del enfoque de g\u00e9nero y la reforma magisterial son puntos que el Minedu tambi\u00e9n viene priorizando.<\/p>\n<p style=\"text-align: justify;\">El tema de la diversificaci\u00f3n regional del Curr\u00edculo Nacional o el de los nuevos directores de UGEL son asuntos que han sido tratados en la agenda de Edugestores y que tambi\u00e9n responden a demandas que deben ser atendidas.<\/p>\n<p style=\"text-align: justify;\">Sobre Edugestores, M\u00e1rquez indic\u00f3 que en cuanto a la misma Red de Gestores de Educaci\u00f3n, ha habido cambios en torno al apoyo de la cooperaci\u00f3n internacional y de los aliados, ya que tras el cierre del Proyecto FORGE, y la llegada del convenio con UNICEF, se realiz\u00f3 un tr\u00e1nsito de financiamiento pero que no signific\u00f3 una transformaci\u00f3n en los objetivos del proyecto. &#8220;Queremos transitar de ser una plataforma de soporte a ser una comunidad de gestores que promuevan gestiones y liderazgos regionales, y posicionar la gesti\u00f3n del conocimiento como una agenda clave, y acelerar una estrategia de sostenibilidad&#8221;, indic\u00f3 M\u00e1rquez.<\/p>\n<p style=\"text-align: justify;\">Por su parte, Mar\u00eda Palacios, coordinadora de Gesti\u00f3n de Conocimiento de Edugestores, expuso sobre los avances en este rubro dentro de la plataforma. Indic\u00f3 que en 2018 se mantuvo el ciclo planteado, el de acudir a las fuentes para indagar sobre los contextos y problem\u00e1ticas, de analizar la problem\u00e1tica en los contextos regionales, discutir las prioridades, y elaborar la propuesta de soluci\u00f3n que usualmente difundimos en nuestra secci\u00f3n Edugestores Propone. Palacios dijo que la comunidad ha documentado a trav\u00e9s de memorias y sistematizaciones diversas experiencias de gesti\u00f3n, y que tambi\u00e9n ha buscado incidir sobre temas de la coyuntura apuntando a fortalecer la gesti\u00f3n educativa descentralizada.<\/p>\n<p style=\"text-align: justify;\">Tras el trabajo de equipos en la segunda jornada, los gestores acordaron hacer m\u00e1s sostenible la experiencia, pese a los recursos limitados y problemas de participaci\u00f3n, y se\u00f1alaron que Edugestores podr\u00eda aportar a mejorar la gesti\u00f3n de las DRE y UGEL desde la sistematizaci\u00f3n de m\u00e1s experiencias de gesti\u00f3n, y que este objetivo debe mantenerse, pese a no ser el \u00fanico dentro de las acciones desarrolladas en la plataforma. Tambi\u00e9n se sugiri\u00f3 que Edugestores genere protocolos, para que con mayor autonom\u00eda las regiones puedan iniciar procesos de gesti\u00f3n de conocimiento.<\/p>\n<p style=\"text-align: justify;\">Los gestores tambi\u00e9n acordaron en este III encuentro fortalecer la incidencia de Edugestores en la gesti\u00f3n descentralizada, conformando equipos tem\u00e1ticos o comisiones transversales, como de gobernanza, por ejemplo, para poder transmitir propuestas espec\u00edficas y especializadas, y promover precisamente la articulaci\u00f3n intergubernamental.<\/p>\n<p style=\"text-align: justify;\">Este evento tuvo como objetivo realizar un balance de lo avanzado en la consolidaci\u00f3n de Edugestores durante el 2018, analizar colectivamente los resultados, desaf\u00edos y aprendizajes ganados en cuatro a\u00f1os de gesti\u00f3n descentralizada de la educaci\u00f3n en seis regiones del pa\u00eds y, definir nuestra agenda de prioridades y compromisos para el fortalecimiento de Edugestores en 2019.<\/p>\n<p style=\"text-align: justify;\">Este encuentro se realiz\u00f3 con el auspicio del Instituto de Investigaci\u00f3n y Pol\u00edticas Educativas de la Universidad Antonio Ruiz de Montoya y con el apoyo de UNICEF y el programa Horizontes de UNESCO.<\/p>\n<p style=\"text-align: justify;\"><a href=\"https:\/\/www.edugestores.pe\/wp-content\/uploads\/2019\/02\/IMG_7256.jpg\"><img decoding=\"async\" loading=\"lazy\" class=\"  wp-image-21891 aligncenter\" src=\"https:\/\/www.edugestores.pe\/wp-content\/uploads\/2019\/02\/IMG_7256-1024x683.jpg\" alt=\"IMG_7256\" width=\"552\" height=\"368\" srcset=\"https:\/\/www.edugestores.pe\/wp-content\/uploads\/2019\/02\/IMG_7256-1024x683.jpg 1024w, https:\/\/www.edugestores.pe\/wp-content\/uploads\/2019\/02\/IMG_7256-300x200.jpg 300w, https:\/\/www.edugestores.pe\/wp-content\/uploads\/2019\/02\/IMG_7256-672x448.jpg 672w, https:\/\/www.edugestores.pe\/wp-content\/uploads\/2019\/02\/IMG_7256-1038x692.jpg 1038w, https:\/\/www.edugestores.pe\/wp-content\/uploads\/2019\/02\/IMG_7256-100x67.jpg 100w\" sizes=\"(max-width: 552px) 100vw, 552px\" \/><\/a><\/p>\n<p style=\"text-align: justify;\">\n<p style=\"text-align: justify;\"><img decoding=\"async\" loading=\"lazy\" class=\"  wp-image-21892 aligncenter\" src=\"https:\/\/www.edugestores.pe\/wp-content\/uploads\/2019\/02\/IMG_7452-1024x683.jpg\" alt=\"IMG_7452\" width=\"547\" height=\"364\" srcset=\"https:\/\/www.edugestores.pe\/wp-content\/uploads\/2019\/02\/IMG_7452-1024x683.jpg 1024w, https:\/\/www.edugestores.pe\/wp-content\/uploads\/2019\/02\/IMG_7452-300x200.jpg 300w, https:\/\/www.edugestores.pe\/wp-content\/uploads\/2019\/02\/IMG_7452-672x448.jpg 672w, https:\/\/www.edugestores.pe\/wp-content\/uploads\/2019\/02\/IMG_7452-1038x692.jpg 1038w, https:\/\/www.edugestores.pe\/wp-content\/uploads\/2019\/02\/IMG_7452-100x67.jpg 100w\" sizes=\"(max-width: 547px) 100vw, 547px\" \/><\/p>\n<p style=\"text-align: justify;\"><img decoding=\"async\" loading=\"lazy\" class=\"  wp-image-21893 aligncenter\" src=\"https:\/\/www.edugestores.pe\/wp-content\/uploads\/2019\/02\/IMG_7337-1024x683.jpg\" alt=\"IMG_7337\" width=\"548\" height=\"365\" srcset=\"https:\/\/www.edugestores.pe\/wp-content\/uploads\/2019\/02\/IMG_7337-1024x683.jpg 1024w, https:\/\/www.edugestores.pe\/wp-content\/uploads\/2019\/02\/IMG_7337-300x200.jpg 300w, https:\/\/www.edugestores.pe\/wp-content\/uploads\/2019\/02\/IMG_7337-672x448.jpg 672w, https:\/\/www.edugestores.pe\/wp-content\/uploads\/2019\/02\/IMG_7337-1038x692.jpg 1038w, https:\/\/www.edugestores.pe\/wp-content\/uploads\/2019\/02\/IMG_7337-100x67.jpg 100w\" sizes=\"(max-width: 548px) 100vw, 548px\" \/><\/p>\n","protected":false},"excerpt":{"rendered":"<p>El pasado 15 y s\u00e1bado 16 de febrero realizamos la tercera\u00a0edici\u00f3n del\u00a0Encuentro Nacional de la Red Peruana de Gestores de [&hellip;]<\/p>\n","protected":false},"author":63,"featured_media":21890,"comment_status":"open","ping_status":"open","sticky":false,"template":"","format":"standard","meta":{"spay_email":""},"categories":[909,125,1413],"tags":[],"yoast_head":"<!-- This site is optimized with the Yoast SEO plugin v18.0 - https:\/\/yoast.com\/wordpress\/plugins\/seo\/ -->\n<title>III Encuentro Nacional de Edugestores: avances y desaf\u00edos - Red Peruana de Gestores de la Educaci\u00f3n<\/title>\n<meta name=\"robots\" content=\"index, follow, max-snippet:-1, max-image-preview:large, max-video-preview:-1\" \/>\n<link rel=\"canonical\" href=\"https:\/\/www.edugestores.pe\/?p=21888\" \/>\n<meta property=\"og:locale\" content=\"es_ES\" \/>\n<meta property=\"og:type\" content=\"article\" \/>\n<meta property=\"og:title\" content=\"III Encuentro Nacional de Edugestores: avances y desaf\u00edos - Red Peruana de Gestores de la Educaci\u00f3n\" \/>\n<meta property=\"og:description\" content=\"El pasado 15 y s\u00e1bado 16 de febrero realizamos la tercera\u00a0edici\u00f3n del\u00a0Encuentro Nacional de la Red Peruana de Gestores de [&hellip;]\" \/>\n<meta property=\"og:url\" content=\"https:\/\/www.edugestores.pe\/?p=21888\" \/>\n<meta property=\"og:site_name\" content=\"Red Peruana de Gestores de la Educaci\u00f3n\" \/>\n<meta property=\"article:published_time\" content=\"2019-02-18T04:57:53+00:00\" \/>\n<meta property=\"article:modified_time\" content=\"2019-08-16T16:36:37+00:00\" \/>\n<meta property=\"og:image\" content=\"https:\/\/www.edugestores.pe\/wp-content\/uploads\/2019\/02\/IMG_7275-1024x439.jpg\" \/>\n\t<meta property=\"og:image:width\" content=\"1024\" \/>\n\t<meta property=\"og:image:height\" content=\"439\" \/>\n\t<meta property=\"og:image:type\" content=\"image\/jpeg\" \/>\n<meta name=\"twitter:card\" content=\"summary_large_image\" \/>\n<meta name=\"twitter:label1\" content=\"Escrito por\" \/>\n\t<meta name=\"twitter:data1\" content=\"Administrador\" \/>\n\t<meta name=\"twitter:label2\" content=\"Tiempo de lectura\" \/>\n\t<meta name=\"twitter:data2\" content=\"4 minutos\" \/>\n<script type=\"application\/ld+json\" class=\"yoast-schema-graph\">{\"@context\":\"https:\/\/schema.org\",\"@graph\":[{\"@type\":\"WebSite\",\"@id\":\"https:\/\/www.edugestores.pe\/#website\",\"url\":\"https:\/\/www.edugestores.pe\/\",\"name\":\"Red Peruana de Gestores de la Educaci\u00f3n\",\"description\":\"Red Peruana de Gestores de la Educaci\u00f3n\",\"potentialAction\":[{\"@type\":\"SearchAction\",\"target\":{\"@type\":\"EntryPoint\",\"urlTemplate\":\"https:\/\/www.edugestores.pe\/?s={search_term_string}\"},\"query-input\":\"required name=search_term_string\"}],\"inLanguage\":\"es\"},{\"@type\":\"ImageObject\",\"@id\":\"https:\/\/www.edugestores.pe\/?p=21888#primaryimage\",\"inLanguage\":\"es\",\"url\":\"https:\/\/www.edugestores.pe\/wp-content\/uploads\/2019\/02\/IMG_7275.jpg\",\"contentUrl\":\"https:\/\/www.edugestores.pe\/wp-content\/uploads\/2019\/02\/IMG_7275.jpg\",\"width\":5119,\"height\":2193},{\"@type\":\"WebPage\",\"@id\":\"https:\/\/www.edugestores.pe\/?p=21888#webpage\",\"url\":\"https:\/\/www.edugestores.pe\/?p=21888\",\"name\":\"III Encuentro Nacional de Edugestores: avances y desaf\u00edos - Red Peruana de Gestores de la Educaci\u00f3n\",\"isPartOf\":{\"@id\":\"https:\/\/www.edugestores.pe\/#website\"},\"primaryImageOfPage\":{\"@id\":\"https:\/\/www.edugestores.pe\/?p=21888#primaryimage\"},\"datePublished\":\"2019-02-18T04:57:53+00:00\",\"dateModified\":\"2019-08-16T16:36:37+00:00\",\"author\":{\"@id\":\"https:\/\/www.edugestores.pe\/#\/schema\/person\/30dc82f35f5853289037a64b35c7c7d3\"},\"breadcrumb\":{\"@id\":\"https:\/\/www.edugestores.pe\/?p=21888#breadcrumb\"},\"inLanguage\":\"es\",\"potentialAction\":[{\"@type\":\"ReadAction\",\"target\":[\"https:\/\/www.edugestores.pe\/?p=21888\"]}]},{\"@type\":\"BreadcrumbList\",\"@id\":\"https:\/\/www.edugestores.pe\/?p=21888#breadcrumb\",\"itemListElement\":[{\"@type\":\"ListItem\",\"position\":1,\"name\":\"Portada\",\"item\":\"https:\/\/www.edugestores.pe\/\"},{\"@type\":\"ListItem\",\"position\":2,\"name\":\"III Encuentro Nacional de Edugestores: avances y desaf\u00edos\"}]},{\"@type\":\"Person\",\"@id\":\"https:\/\/www.edugestores.pe\/#\/schema\/person\/30dc82f35f5853289037a64b35c7c7d3\",\"name\":\"Administrador\",\"image\":{\"@type\":\"ImageObject\",\"@id\":\"https:\/\/www.edugestores.pe\/#personlogo\",\"inLanguage\":\"es\",\"url\":\"https:\/\/secure.gravatar.com\/avatar\/70960d1239c4d2c778bb3d2786a3c1ae?s=96&d=mm&r=g\",\"contentUrl\":\"https:\/\/secure.gravatar.com\/avatar\/70960d1239c4d2c778bb3d2786a3c1ae?s=96&d=mm&r=g\",\"caption\":\"Administrador\"},\"url\":\"https:\/\/www.edugestores.pe\/?author=63\"}]}<\/script>\n<!-- \/ Yoast SEO plugin. -->","yoast_head_json":{"title":"III Encuentro Nacional de Edugestores: avances y desaf\u00edos - Red Peruana de Gestores de la Educaci\u00f3n","robots":{"index":"index","follow":"follow","max-snippet":"max-snippet:-1","max-image-preview":"max-image-preview:large","max-video-preview":"max-video-preview:-1"},"canonical":"https:\/\/www.edugestores.pe\/?p=21888","og_locale":"es_ES","og_type":"article","og_title":"III Encuentro Nacional de Edugestores: avances y desaf\u00edos - Red Peruana de Gestores de la Educaci\u00f3n","og_description":"El pasado 15 y s\u00e1bado 16 de febrero realizamos la tercera\u00a0edici\u00f3n del\u00a0Encuentro Nacional de la Red Peruana de Gestores de [&hellip;]","og_url":"https:\/\/www.edugestores.pe\/?p=21888","og_site_name":"Red Peruana de Gestores de la Educaci\u00f3n","article_published_time":"2019-02-18T04:57:53+00:00","article_modified_time":"2019-08-16T16:36:37+00:00","og_image":[{"width":1024,"height":439,"url":"https:\/\/www.edugestores.pe\/wp-content\/uploads\/2019\/02\/IMG_7275-1024x439.jpg","type":"image\/jpeg"}],"twitter_card":"summary_large_image","twitter_misc":{"Escrito por":"Administrador","Tiempo de lectura":"4 minutos"},"schema":{"@context":"https:\/\/schema.org","@graph":[{"@type":"WebSite","@id":"https:\/\/www.edugestores.pe\/#website","url":"https:\/\/www.edugestores.pe\/","name":"Red Peruana de Gestores de la Educaci\u00f3n","description":"Red Peruana de Gestores de la Educaci\u00f3n","potentialAction":[{"@type":"SearchAction","target":{"@type":"EntryPoint","urlTemplate":"https:\/\/www.edugestores.pe\/?s={search_term_string}"},"query-input":"required name=search_term_string"}],"inLanguage":"es"},{"@type":"ImageObject","@id":"https:\/\/www.edugestores.pe\/?p=21888#primaryimage","inLanguage":"es","url":"https:\/\/www.edugestores.pe\/wp-content\/uploads\/2019\/02\/IMG_7275.jpg","contentUrl":"https:\/\/www.edugestores.pe\/wp-content\/uploads\/2019\/02\/IMG_7275.jpg","width":5119,"height":2193},{"@type":"WebPage","@id":"https:\/\/www.edugestores.pe\/?p=21888#webpage","url":"https:\/\/www.edugestores.pe\/?p=21888","name":"III Encuentro Nacional de Edugestores: avances y desaf\u00edos - Red Peruana de Gestores de la Educaci\u00f3n","isPartOf":{"@id":"https:\/\/www.edugestores.pe\/#website"},"primaryImageOfPage":{"@id":"https:\/\/www.edugestores.pe\/?p=21888#primaryimage"},"datePublished":"2019-02-18T04:57:53+00:00","dateModified":"2019-08-16T16:36:37+00:00","author":{"@id":"https:\/\/www.edugestores.pe\/#\/schema\/person\/30dc82f35f5853289037a64b35c7c7d3"},"breadcrumb":{"@id":"https:\/\/www.edugestores.pe\/?p=21888#breadcrumb"},"inLanguage":"es","potentialAction":[{"@type":"ReadAction","target":["https:\/\/www.edugestores.pe\/?p=21888"]}]},{"@type":"BreadcrumbList","@id":"https:\/\/www.edugestores.pe\/?p=21888#breadcrumb","itemListElement":[{"@type":"ListItem","position":1,"name":"Portada","item":"https:\/\/www.edugestores.pe\/"},{"@type":"ListItem","position":2,"name":"III Encuentro Nacional de Edugestores: avances y desaf\u00edos"}]},{"@type":"Person","@id":"https:\/\/www.edugestores.pe\/#\/schema\/person\/30dc82f35f5853289037a64b35c7c7d3","name":"Administrador","image":{"@type":"ImageObject","@id":"https:\/\/www.edugestores.pe\/#personlogo","inLanguage":"es","url":"https:\/\/secure.gravatar.com\/avatar\/70960d1239c4d2c778bb3d2786a3c1ae?s=96&d=mm&r=g","contentUrl":"https:\/\/secure.gravatar.com\/avatar\/70960d1239c4d2c778bb3d2786a3c1ae?s=96&d=mm&r=g","caption":"Administrador"},"url":"https:\/\/www.edugestores.pe\/?author=63"}]}},"jetpack_featured_media_url":"https:\/\/www.edugestores.pe\/wp-content\/uploads\/2019\/02\/IMG_7275.jpg","_links":{"self":[{"href":"https:\/\/www.edugestores.pe\/index.php?rest_route=\/wp\/v2\/posts\/21888"}],"collection":[{"href":"https:\/\/www.edugestores.pe\/index.php?rest_route=\/wp\/v2\/posts"}],"about":[{"href":"https:\/\/www.edugestores.pe\/index.php?rest_route=\/wp\/v2\/types\/post"}],"author":[{"embeddable":true,"href":"https:\/\/www.edugestores.pe\/index.php?rest_route=\/wp\/v2\/users\/63"}],"replies":[{"embeddable":true,"href":"https:\/\/www.edugestores.pe\/index.php?rest_route=%2Fwp%2Fv2%2Fcomments&post=21888"}],"version-history":[{"count":1,"href":"https:\/\/www.edugestores.pe\/index.php?rest_route=\/wp\/v2\/posts\/21888\/revisions"}],"predecessor-version":[{"id":21894,"href":"https:\/\/www.edugestores.pe\/index.php?rest_route=\/wp\/v2\/posts\/21888\/revisions\/21894"}],"wp:featuredmedia":[{"embeddable":true,"href":"https:\/\/www.edugestores.pe\/index.php?rest_route=\/wp\/v2\/media\/21890"}],"wp:attachment":[{"href":"https:\/\/www.edugestores.pe\/index.php?rest_route=%2Fwp%2Fv2%2Fmedia&parent=21888"}],"wp:term":[{"taxonomy":"category","embeddable":true,"href":"https:\/\/www.edugestores.pe\/index.php?rest_route=%2Fwp%2Fv2%2Fcategories&post=21888"},{"taxonomy":"post_tag","embeddable":true,"href":"https:\/\/www.edugestores.pe\/index.php?rest_route=%2Fwp%2Fv2%2Ftags&post=21888"}],"curies":[{"name":"wp","href":"https:\/\/api.w.org\/{rel}","templated":true}]}}