{"id":21895,"date":"2019-02-18T00:47:33","date_gmt":"2019-02-18T05:47:33","guid":{"rendered":"https:\/\/www.edugestores.pe\/?p=21895"},"modified":"2019-08-16T11:36:44","modified_gmt":"2019-08-16T16:36:44","slug":"iii-encuentro-nacional-de-edugestores-experiencias-de-arequipa-lima-metropolitana-y-apurimac","status":"publish","type":"post","link":"https:\/\/www.edugestores.pe\/?p=21895","title":{"rendered":"III Encuentro Nacional de Edugestores: experiencias de Arequipa, Lima Metropolitana y Apur\u00edmac"},"content":{"rendered":"<p style=\"text-align: justify;\">Experiencias de gesti\u00f3n educativa en las regiones de Arequipa, Lima Metropolitana y Apur\u00edmac fueron parte de un panel en el marco del <strong>III<\/strong>\u00a0<strong>Encuentro Nacional de la Red Peruana de Gestores de la Educaci\u00f3n<\/strong>\u00a0(Edugestores). Guido Rospigliosi, ex gerente regional de Arequipa, Katherine Alva, actual titular de la Direcci\u00f3n Regional de Educaci\u00f3n de Lima Metropolitana (DRELM), y Richard Hurtado, ex director regional de educaci\u00f3n de Apur\u00edmac, expusieron sobre sus avances y desaf\u00edos durante sus respectivas gestiones, enfatizando sus l\u00edneas prioritarias y las desventajas que han tenido que lidiar. La mesa estuvo moderada por Hugo Reynaga, especialista de UNICEF.<\/p>\n<p style=\"text-align: justify;\">Guido Rospigliosi dijo en esta exposici\u00f3n da cuenta de su gesti\u00f3n en la regi\u00f3n, teniendo en cuenta que los gobiernos regionales miden su capacidad de gesti\u00f3n seg\u00fan los datos de Incore del MEF, la Evaluaci\u00f3n Censal de Estudiantes (ECE), Escale, y los resultados de los estudios sobre la anemia. Dijo que en 2016, Arequipa salta del quinto al cuarto lugar a nivel nacional luego de Lima, en cuanto a competitividad nacional, y en 2017 avanza a un segundo puesto, para en 2018 regresar al quinto puesto, y que esto se hace evidente en la informaci\u00f3n que consta en Sem\u00e1foro Escuela, y que tiene que ver con la asistencia de estudiantes y docentes.<\/p>\n<p style=\"text-align: justify;\">Por otro lado, dijo que en los \u00faltimos a\u00f1os Arequipa atiende a 30 mil estudiantes m\u00e1s, teniendo el mismo n\u00famero de escuelas y maestros, y el reto de su gesti\u00f3n se centr\u00f3 en atender el tema de acceso y matr\u00edcula.<\/p>\n<p style=\"text-align: justify;\">Por su parte, Katherine Alva de la DRELM indic\u00f3 que la red de Edugestores es un\u00a0espacio de intercambio y de aprendizajes. Sobre la experiencia de su gesti\u00f3n, dijo que la problem\u00e1tica de pobreza es un asunto que atender desde el plano educativo. Dijo que en Lima usan la ECE como herramienta primordial, ya que contiene elementos significativos perfectibles, pero que da luces sobre los niveles satisfactorios en matem\u00e1tica y comprensi\u00f3n lectora. Por ejemplo, en secundaria solo el 21% logr\u00f3 el nivel satisfactorio en lectura y el solo el 15%, en matem\u00e1tica. &#8220;No hemos tenido un crecimiento sostenido, y no hay procentajes altos como para decir que Lima ha remontado, y eso nos preocupa y este es el desaf\u00edo m\u00e1s importante en la gesti\u00f3n, y en el 2017 que no tuvimos resultados, no tuvimos informaci\u00f3n, y ahora con la evaluaci\u00f3n de 2018, tendremos m\u00e1s claro qu\u00e9 es lo que se ha avanzado o no&#8221;, sostuvo.<\/p>\n<p style=\"text-align: justify;\">Por otro lado, Alva destac\u00f3 la modernizaci\u00f3n de la DRELM, en su sistema documentario, as\u00ed como las estrategias para la lucha contra corrupci\u00f3n. Indic\u00f3 que\u00a0&#8220;Estamos brindando herramientas para el docente como el informe escalafonario y la boleta de pago electr\u00f3nica para acercarlos a la alfabetizaci\u00f3n digital y mejorar su calidad de vida&#8221;. Por otro lado, tambi\u00e9n se\u00f1al\u00f3 que vienen conformando mesas de trabajo con alcaldes de todo Lima, ya que &#8220;La educaci\u00f3n se debe gestar en la familia, en el espacio p\u00fablico y en las escuelas. Por eso buscamos realizar un trabajo articulado con los padres de familia y las municipalidades&#8221;. Ya se han firmado compromisos que contemplan la seguridad en las escuelas, y limpieza de patios y espacios para la recreaci\u00f3n.<\/p>\n<p style=\"text-align: justify;\">Richard Hurtado, actual especialista de la UGEL Andahuaylas, indic\u00f3 que cuando fue director de la DRE Apur\u00edmac pas\u00f3 por diversas situaciones, entre ellas, las dificultades del alto tr\u00e1nsito de personal en las DRE y UGEL, o las huelgas, que son situaciones sociales que pueden cambiar el panorama.<\/p>\n<p style=\"text-align: justify;\">Sobre la situaci\u00f3n de la educaci\u00f3n en su regi\u00f3n, dijo que hay escasa planificaci\u00f3n en las gestiones, y que no hay sistematizaciones y retroalimentaci\u00f3n a partir de las dificultades. Tambi\u00e9n mencion\u00f3 la importancia de la ECE, y que en su regi\u00f3n hubo un repunte en el a\u00f1o 2016. Dijo que otra problem\u00e1tica en las pol\u00edticas regionales est\u00e1 en el \u00e1mbito de los institutos pedag\u00f3gicos y su implementaci\u00f3n, ya que no hay recursos y hay inercia en los tr\u00e1mites administrativos. Mencion\u00f3 que hay limitada rector\u00eda y poca articulaci\u00f3n entre DRE y las UGEL.<\/p>\n<p style=\"text-align: justify;\">Edugestores provenientes de Amazonas, Apur\u00edmac, \u00c1ncash,\u00a0 Ayacucho, Cusco, Cajamarca, Huancavelica, Ica, Jun\u00edn,\u00a0 Lima, Moquegua, Loreto, Piura, Puno, Tacna y Ucayali,\u00a0participaron en este evento de dos jornadas, donde se realizaron dos paneles de experiencias de gesti\u00f3n regionales, y trabajo de grupos en plenaria, donde se tomaron algunos acuerdos para la labor de la comunidad en este 2019.<\/p>\n<p>Acceda a las tres presentaciones en nuestra biblioteca virtual: <a href=\"https:\/\/www.edugestores.pe\/docs\/iii-encuentro-de-edugestores-exposicion-guido-rospigliosi-gre-arequipa\/\">Arequipa<\/a>, <a href=\"https:\/\/www.edugestores.pe\/docs\/iii-encuentro-de-edugestores-exposicion-de-drelm-2019\/\">Lima Metropolitana<\/a> y <a href=\"https:\/\/www.edugestores.pe\/docs\/iii-encuentro-de-edugestores-exposicion-richard-hurtado-dre-apurimac\/\">Apur\u00edmac<\/a>.<\/p>\n<p><img decoding=\"async\" loading=\"lazy\" class=\"  wp-image-21897 aligncenter\" src=\"https:\/\/www.edugestores.pe\/wp-content\/uploads\/2019\/02\/IMG_7434-1024x683.jpg\" alt=\"IMG_7434\" width=\"749\" height=\"500\" srcset=\"https:\/\/www.edugestores.pe\/wp-content\/uploads\/2019\/02\/IMG_7434-1024x683.jpg 1024w, https:\/\/www.edugestores.pe\/wp-content\/uploads\/2019\/02\/IMG_7434-300x200.jpg 300w, https:\/\/www.edugestores.pe\/wp-content\/uploads\/2019\/02\/IMG_7434-672x448.jpg 672w, https:\/\/www.edugestores.pe\/wp-content\/uploads\/2019\/02\/IMG_7434-1038x692.jpg 1038w, https:\/\/www.edugestores.pe\/wp-content\/uploads\/2019\/02\/IMG_7434-100x67.jpg 100w\" sizes=\"(max-width: 749px) 100vw, 749px\" \/><\/p>\n","protected":false},"excerpt":{"rendered":"<p>Experiencias de gesti\u00f3n educativa en las regiones de Arequipa, Lima Metropolitana y Apur\u00edmac fueron parte de un panel en el [&hellip;]<\/p>\n","protected":false},"author":63,"featured_media":21896,"comment_status":"open","ping_status":"open","sticky":false,"template":"","format":"standard","meta":{"spay_email":""},"categories":[909,125,1413],"tags":[],"yoast_head":"<!-- This site is optimized with the Yoast SEO plugin v18.0 - https:\/\/yoast.com\/wordpress\/plugins\/seo\/ -->\n<title>III Encuentro Nacional de Edugestores: experiencias de Arequipa, Lima Metropolitana y Apur\u00edmac - Red Peruana de Gestores de la Educaci\u00f3n<\/title>\n<meta name=\"robots\" content=\"index, follow, max-snippet:-1, max-image-preview:large, max-video-preview:-1\" \/>\n<link rel=\"canonical\" href=\"https:\/\/www.edugestores.pe\/?p=21895\" \/>\n<meta property=\"og:locale\" content=\"es_ES\" \/>\n<meta property=\"og:type\" content=\"article\" \/>\n<meta property=\"og:title\" content=\"III Encuentro Nacional de Edugestores: experiencias de Arequipa, Lima Metropolitana y Apur\u00edmac - Red Peruana de Gestores de la Educaci\u00f3n\" \/>\n<meta property=\"og:description\" content=\"Experiencias de gesti\u00f3n educativa en las regiones de Arequipa, Lima Metropolitana y Apur\u00edmac fueron parte de un panel en el [&hellip;]\" \/>\n<meta property=\"og:url\" content=\"https:\/\/www.edugestores.pe\/?p=21895\" \/>\n<meta property=\"og:site_name\" content=\"Red Peruana de Gestores de la Educaci\u00f3n\" \/>\n<meta property=\"article:published_time\" content=\"2019-02-18T05:47:33+00:00\" \/>\n<meta property=\"article:modified_time\" content=\"2019-08-16T16:36:44+00:00\" \/>\n<meta property=\"og:image\" content=\"https:\/\/www.edugestores.pe\/wp-content\/uploads\/2019\/02\/IMG_7449-1024x576.jpg\" \/>\n\t<meta property=\"og:image:width\" content=\"1024\" \/>\n\t<meta property=\"og:image:height\" content=\"576\" \/>\n\t<meta property=\"og:image:type\" content=\"image\/jpeg\" \/>\n<meta name=\"twitter:card\" content=\"summary_large_image\" \/>\n<meta name=\"twitter:label1\" content=\"Escrito por\" \/>\n\t<meta name=\"twitter:data1\" content=\"Administrador\" \/>\n\t<meta name=\"twitter:label2\" content=\"Tiempo de lectura\" \/>\n\t<meta name=\"twitter:data2\" content=\"4 minutos\" \/>\n<script type=\"application\/ld+json\" class=\"yoast-schema-graph\">{\"@context\":\"https:\/\/schema.org\",\"@graph\":[{\"@type\":\"WebSite\",\"@id\":\"https:\/\/www.edugestores.pe\/#website\",\"url\":\"https:\/\/www.edugestores.pe\/\",\"name\":\"Red Peruana de Gestores de la Educaci\u00f3n\",\"description\":\"Red Peruana de Gestores de la Educaci\u00f3n\",\"potentialAction\":[{\"@type\":\"SearchAction\",\"target\":{\"@type\":\"EntryPoint\",\"urlTemplate\":\"https:\/\/www.edugestores.pe\/?s={search_term_string}\"},\"query-input\":\"required name=search_term_string\"}],\"inLanguage\":\"es\"},{\"@type\":\"ImageObject\",\"@id\":\"https:\/\/www.edugestores.pe\/?p=21895#primaryimage\",\"inLanguage\":\"es\",\"url\":\"https:\/\/www.edugestores.pe\/wp-content\/uploads\/2019\/02\/IMG_7449.jpg\",\"contentUrl\":\"https:\/\/www.edugestores.pe\/wp-content\/uploads\/2019\/02\/IMG_7449.jpg\",\"width\":5151,\"height\":2897},{\"@type\":\"WebPage\",\"@id\":\"https:\/\/www.edugestores.pe\/?p=21895#webpage\",\"url\":\"https:\/\/www.edugestores.pe\/?p=21895\",\"name\":\"III Encuentro Nacional de Edugestores: experiencias de Arequipa, Lima Metropolitana y Apur\u00edmac - Red Peruana de Gestores de la Educaci\u00f3n\",\"isPartOf\":{\"@id\":\"https:\/\/www.edugestores.pe\/#website\"},\"primaryImageOfPage\":{\"@id\":\"https:\/\/www.edugestores.pe\/?p=21895#primaryimage\"},\"datePublished\":\"2019-02-18T05:47:33+00:00\",\"dateModified\":\"2019-08-16T16:36:44+00:00\",\"author\":{\"@id\":\"https:\/\/www.edugestores.pe\/#\/schema\/person\/30dc82f35f5853289037a64b35c7c7d3\"},\"breadcrumb\":{\"@id\":\"https:\/\/www.edugestores.pe\/?p=21895#breadcrumb\"},\"inLanguage\":\"es\",\"potentialAction\":[{\"@type\":\"ReadAction\",\"target\":[\"https:\/\/www.edugestores.pe\/?p=21895\"]}]},{\"@type\":\"BreadcrumbList\",\"@id\":\"https:\/\/www.edugestores.pe\/?p=21895#breadcrumb\",\"itemListElement\":[{\"@type\":\"ListItem\",\"position\":1,\"name\":\"Portada\",\"item\":\"https:\/\/www.edugestores.pe\/\"},{\"@type\":\"ListItem\",\"position\":2,\"name\":\"III Encuentro Nacional de Edugestores: experiencias de Arequipa, Lima Metropolitana y Apur\u00edmac\"}]},{\"@type\":\"Person\",\"@id\":\"https:\/\/www.edugestores.pe\/#\/schema\/person\/30dc82f35f5853289037a64b35c7c7d3\",\"name\":\"Administrador\",\"image\":{\"@type\":\"ImageObject\",\"@id\":\"https:\/\/www.edugestores.pe\/#personlogo\",\"inLanguage\":\"es\",\"url\":\"https:\/\/secure.gravatar.com\/avatar\/70960d1239c4d2c778bb3d2786a3c1ae?s=96&d=mm&r=g\",\"contentUrl\":\"https:\/\/secure.gravatar.com\/avatar\/70960d1239c4d2c778bb3d2786a3c1ae?s=96&d=mm&r=g\",\"caption\":\"Administrador\"},\"url\":\"https:\/\/www.edugestores.pe\/?author=63\"}]}<\/script>\n<!-- \/ Yoast SEO plugin. -->","yoast_head_json":{"title":"III Encuentro Nacional de Edugestores: experiencias de Arequipa, Lima Metropolitana y Apur\u00edmac - Red Peruana de Gestores de la Educaci\u00f3n","robots":{"index":"index","follow":"follow","max-snippet":"max-snippet:-1","max-image-preview":"max-image-preview:large","max-video-preview":"max-video-preview:-1"},"canonical":"https:\/\/www.edugestores.pe\/?p=21895","og_locale":"es_ES","og_type":"article","og_title":"III Encuentro Nacional de Edugestores: experiencias de Arequipa, Lima Metropolitana y Apur\u00edmac - Red Peruana de Gestores de la Educaci\u00f3n","og_description":"Experiencias de gesti\u00f3n educativa en las regiones de Arequipa, Lima Metropolitana y Apur\u00edmac fueron parte de un panel en el [&hellip;]","og_url":"https:\/\/www.edugestores.pe\/?p=21895","og_site_name":"Red Peruana de Gestores de la Educaci\u00f3n","article_published_time":"2019-02-18T05:47:33+00:00","article_modified_time":"2019-08-16T16:36:44+00:00","og_image":[{"width":1024,"height":576,"url":"https:\/\/www.edugestores.pe\/wp-content\/uploads\/2019\/02\/IMG_7449-1024x576.jpg","type":"image\/jpeg"}],"twitter_card":"summary_large_image","twitter_misc":{"Escrito por":"Administrador","Tiempo de lectura":"4 minutos"},"schema":{"@context":"https:\/\/schema.org","@graph":[{"@type":"WebSite","@id":"https:\/\/www.edugestores.pe\/#website","url":"https:\/\/www.edugestores.pe\/","name":"Red Peruana de Gestores de la Educaci\u00f3n","description":"Red Peruana de Gestores de la Educaci\u00f3n","potentialAction":[{"@type":"SearchAction","target":{"@type":"EntryPoint","urlTemplate":"https:\/\/www.edugestores.pe\/?s={search_term_string}"},"query-input":"required name=search_term_string"}],"inLanguage":"es"},{"@type":"ImageObject","@id":"https:\/\/www.edugestores.pe\/?p=21895#primaryimage","inLanguage":"es","url":"https:\/\/www.edugestores.pe\/wp-content\/uploads\/2019\/02\/IMG_7449.jpg","contentUrl":"https:\/\/www.edugestores.pe\/wp-content\/uploads\/2019\/02\/IMG_7449.jpg","width":5151,"height":2897},{"@type":"WebPage","@id":"https:\/\/www.edugestores.pe\/?p=21895#webpage","url":"https:\/\/www.edugestores.pe\/?p=21895","name":"III Encuentro Nacional de Edugestores: experiencias de Arequipa, Lima Metropolitana y Apur\u00edmac - Red Peruana de Gestores de la Educaci\u00f3n","isPartOf":{"@id":"https:\/\/www.edugestores.pe\/#website"},"primaryImageOfPage":{"@id":"https:\/\/www.edugestores.pe\/?p=21895#primaryimage"},"datePublished":"2019-02-18T05:47:33+00:00","dateModified":"2019-08-16T16:36:44+00:00","author":{"@id":"https:\/\/www.edugestores.pe\/#\/schema\/person\/30dc82f35f5853289037a64b35c7c7d3"},"breadcrumb":{"@id":"https:\/\/www.edugestores.pe\/?p=21895#breadcrumb"},"inLanguage":"es","potentialAction":[{"@type":"ReadAction","target":["https:\/\/www.edugestores.pe\/?p=21895"]}]},{"@type":"BreadcrumbList","@id":"https:\/\/www.edugestores.pe\/?p=21895#breadcrumb","itemListElement":[{"@type":"ListItem","position":1,"name":"Portada","item":"https:\/\/www.edugestores.pe\/"},{"@type":"ListItem","position":2,"name":"III Encuentro Nacional de Edugestores: experiencias de Arequipa, Lima Metropolitana y Apur\u00edmac"}]},{"@type":"Person","@id":"https:\/\/www.edugestores.pe\/#\/schema\/person\/30dc82f35f5853289037a64b35c7c7d3","name":"Administrador","image":{"@type":"ImageObject","@id":"https:\/\/www.edugestores.pe\/#personlogo","inLanguage":"es","url":"https:\/\/secure.gravatar.com\/avatar\/70960d1239c4d2c778bb3d2786a3c1ae?s=96&d=mm&r=g","contentUrl":"https:\/\/secure.gravatar.com\/avatar\/70960d1239c4d2c778bb3d2786a3c1ae?s=96&d=mm&r=g","caption":"Administrador"},"url":"https:\/\/www.edugestores.pe\/?author=63"}]}},"jetpack_featured_media_url":"https:\/\/www.edugestores.pe\/wp-content\/uploads\/2019\/02\/IMG_7449.jpg","_links":{"self":[{"href":"https:\/\/www.edugestores.pe\/index.php?rest_route=\/wp\/v2\/posts\/21895"}],"collection":[{"href":"https:\/\/www.edugestores.pe\/index.php?rest_route=\/wp\/v2\/posts"}],"about":[{"href":"https:\/\/www.edugestores.pe\/index.php?rest_route=\/wp\/v2\/types\/post"}],"author":[{"embeddable":true,"href":"https:\/\/www.edugestores.pe\/index.php?rest_route=\/wp\/v2\/users\/63"}],"replies":[{"embeddable":true,"href":"https:\/\/www.edugestores.pe\/index.php?rest_route=%2Fwp%2Fv2%2Fcomments&post=21895"}],"version-history":[{"count":5,"href":"https:\/\/www.edugestores.pe\/index.php?rest_route=\/wp\/v2\/posts\/21895\/revisions"}],"predecessor-version":[{"id":21902,"href":"https:\/\/www.edugestores.pe\/index.php?rest_route=\/wp\/v2\/posts\/21895\/revisions\/21902"}],"wp:featuredmedia":[{"embeddable":true,"href":"https:\/\/www.edugestores.pe\/index.php?rest_route=\/wp\/v2\/media\/21896"}],"wp:attachment":[{"href":"https:\/\/www.edugestores.pe\/index.php?rest_route=%2Fwp%2Fv2%2Fmedia&parent=21895"}],"wp:term":[{"taxonomy":"category","embeddable":true,"href":"https:\/\/www.edugestores.pe\/index.php?rest_route=%2Fwp%2Fv2%2Fcategories&post=21895"},{"taxonomy":"post_tag","embeddable":true,"href":"https:\/\/www.edugestores.pe\/index.php?rest_route=%2Fwp%2Fv2%2Ftags&post=21895"}],"curies":[{"name":"wp","href":"https:\/\/api.w.org\/{rel}","templated":true}]}}