{"id":21903,"date":"2019-02-18T22:29:32","date_gmt":"2019-02-19T03:29:32","guid":{"rendered":"https:\/\/www.edugestores.pe\/?p=21903"},"modified":"2019-02-24T12:36:25","modified_gmt":"2019-02-24T17:36:25","slug":"angr-planteara-agenda-al-gobierno-en-gore-ejecutivo","status":"publish","type":"post","link":"https:\/\/www.edugestores.pe\/?p=21903","title":{"rendered":"ANGR plantear\u00e1 agenda al gobierno en GORE Ejecutivo"},"content":{"rendered":"<p style=\"text-align: justify;\">Seg\u00fan nota de Per\u00fa 21, Mes\u00edas Guevara, presidente de la Asamblea Nacional de Gobiernos Regionales (ANGR),\u00a0adelant\u00f3 que en\u00a0el GORE Ejecutivo del jueves y viernes presentar\u00e1 la Agenda Per\u00fa, un documento que contiene propuestas que han sido consensuadas entre los gobernadores que son miembros del Consejo Directivo.<\/p>\n<p id=\"p460451-m82-1-83\" class=\"parrafo first-parrafo\" style=\"text-align: justify;\">\u201cEs una ruta que estamos planteando para sacar adelante el pa\u00eds. Est\u00e1 incluido el tema de la reforma pol\u00edtica, la descentralizaci\u00f3n fiscal, la consolidaci\u00f3n de la descentralizaci\u00f3n, el establecimiento de la agenda digital, el an\u00e1lisis prospectivo, cient\u00edfico y tecnol\u00f3gico del Per\u00fa, la reactivaci\u00f3n econ\u00f3mica y el cierre de la brecha social e infraestructura\u201d, declar\u00f3 a\u00a0Per\u00fa21.<\/p>\n<div id=\"ads_d_inline\" style=\"text-align: justify;\">\n<div id=\"div_utif_ads_d_inline\">El tambi\u00e9n gobernador de Cajamarca sostuvo que es fundamental trabajar estos temas de inmediato, pues \u201cya no podemos seguir actuando de manera desarticulada entre Gobierno Nacional, las regiones y los municipios\u201d.<\/div>\n<\/div>\n<p id=\"p460451-m97-3-98\" class=\"parrafo first-parrafo\" style=\"text-align: justify;\">EVITAR EL RUIDO.\u00a0Asimismo,\u00a0Guevara\u00a0opin\u00f3 que es necesario \u201cevitar el ruido pol\u00edtico\u201d en la agenda nacional porque, dijo, este no se enfoca en las pol\u00edticas de Estado que requiere el pa\u00eds.<\/p>\n<p id=\"p460451-m102-4-103\" class=\"parrafo first-parrafo\" style=\"text-align: justify;\">\u201cHay que evitar el ruido pol\u00edtico, el actuar como sopla el viento, que cambia de manera diaria, porque eso no constituye o responde a pol\u00edticas de Estado sino a pol\u00edticas personales\u201d, manifest\u00f3.<\/p>\n<p id=\"p460451-m107-5-108\" class=\"parrafo first-parrafo\" style=\"text-align: justify;\">Como ejemplo puso al Congreso de la Rep\u00fablica, donde, dice, \u201cm\u00e1s est\u00e1n pensando en si Kenji (Fujimori) vuelve o no, en reestructurar sus comisiones, en c\u00f3mo autolimpiarse en las comisiones como ocurri\u00f3 con Lava Jato, pero no se discuten pol\u00edticas nacionales. La reforma pol\u00edtica es una gran necesidad\u201d.<\/p>\n<p class=\"parrafo first-parrafo\" style=\"text-align: justify;\">Tomado de Per\u00fa 21.<\/p>\n","protected":false},"excerpt":{"rendered":"<p>Seg\u00fan nota de Per\u00fa 21, Mes\u00edas Guevara, presidente de la Asamblea Nacional de Gobiernos Regionales (ANGR),\u00a0adelant\u00f3 que en\u00a0el GORE Ejecutivo [&hellip;]<\/p>\n","protected":false},"author":63,"featured_media":21904,"comment_status":"open","ping_status":"open","sticky":false,"template":"","format":"standard","meta":{"spay_email":""},"categories":[125],"tags":[],"yoast_head":"<!-- This site is optimized with the Yoast SEO plugin v18.0 - https:\/\/yoast.com\/wordpress\/plugins\/seo\/ -->\n<title>ANGR plantear\u00e1 agenda al gobierno en GORE Ejecutivo - Red Peruana de Gestores de la Educaci\u00f3n<\/title>\n<meta name=\"robots\" content=\"index, follow, max-snippet:-1, max-image-preview:large, max-video-preview:-1\" \/>\n<link rel=\"canonical\" href=\"https:\/\/www.edugestores.pe\/?p=21903\" \/>\n<meta property=\"og:locale\" content=\"es_ES\" \/>\n<meta property=\"og:type\" content=\"article\" \/>\n<meta property=\"og:title\" content=\"ANGR plantear\u00e1 agenda al gobierno en GORE Ejecutivo - Red Peruana de Gestores de la Educaci\u00f3n\" \/>\n<meta property=\"og:description\" content=\"Seg\u00fan nota de Per\u00fa 21, Mes\u00edas Guevara, presidente de la Asamblea Nacional de Gobiernos Regionales (ANGR),\u00a0adelant\u00f3 que en\u00a0el GORE Ejecutivo [&hellip;]\" \/>\n<meta property=\"og:url\" content=\"https:\/\/www.edugestores.pe\/?p=21903\" \/>\n<meta property=\"og:site_name\" content=\"Red Peruana de Gestores de la Educaci\u00f3n\" \/>\n<meta property=\"article:published_time\" content=\"2019-02-19T03:29:32+00:00\" \/>\n<meta property=\"article:modified_time\" content=\"2019-02-24T17:36:25+00:00\" \/>\n<meta property=\"og:image\" content=\"https:\/\/www.edugestores.pe\/wp-content\/uploads\/2019\/02\/5c6a42a19ff23.jpeg\" \/>\n\t<meta property=\"og:image:width\" content=\"620\" \/>\n\t<meta property=\"og:image:height\" content=\"356\" \/>\n\t<meta property=\"og:image:type\" content=\"image\/jpeg\" \/>\n<meta name=\"twitter:card\" content=\"summary_large_image\" \/>\n<meta name=\"twitter:label1\" content=\"Escrito por\" \/>\n\t<meta name=\"twitter:data1\" content=\"Administrador\" \/>\n\t<meta name=\"twitter:label2\" content=\"Tiempo de lectura\" \/>\n\t<meta name=\"twitter:data2\" content=\"1 minuto\" \/>\n<script type=\"application\/ld+json\" class=\"yoast-schema-graph\">{\"@context\":\"https:\/\/schema.org\",\"@graph\":[{\"@type\":\"WebSite\",\"@id\":\"https:\/\/www.edugestores.pe\/#website\",\"url\":\"https:\/\/www.edugestores.pe\/\",\"name\":\"Red Peruana de Gestores de la Educaci\u00f3n\",\"description\":\"Red Peruana de Gestores de la Educaci\u00f3n\",\"potentialAction\":[{\"@type\":\"SearchAction\",\"target\":{\"@type\":\"EntryPoint\",\"urlTemplate\":\"https:\/\/www.edugestores.pe\/?s={search_term_string}\"},\"query-input\":\"required name=search_term_string\"}],\"inLanguage\":\"es\"},{\"@type\":\"ImageObject\",\"@id\":\"https:\/\/www.edugestores.pe\/?p=21903#primaryimage\",\"inLanguage\":\"es\",\"url\":\"https:\/\/www.edugestores.pe\/wp-content\/uploads\/2019\/02\/5c6a42a19ff23.jpeg\",\"contentUrl\":\"https:\/\/www.edugestores.pe\/wp-content\/uploads\/2019\/02\/5c6a42a19ff23.jpeg\",\"width\":620,\"height\":356},{\"@type\":\"WebPage\",\"@id\":\"https:\/\/www.edugestores.pe\/?p=21903#webpage\",\"url\":\"https:\/\/www.edugestores.pe\/?p=21903\",\"name\":\"ANGR plantear\u00e1 agenda al gobierno en GORE Ejecutivo - Red Peruana de Gestores de la Educaci\u00f3n\",\"isPartOf\":{\"@id\":\"https:\/\/www.edugestores.pe\/#website\"},\"primaryImageOfPage\":{\"@id\":\"https:\/\/www.edugestores.pe\/?p=21903#primaryimage\"},\"datePublished\":\"2019-02-19T03:29:32+00:00\",\"dateModified\":\"2019-02-24T17:36:25+00:00\",\"author\":{\"@id\":\"https:\/\/www.edugestores.pe\/#\/schema\/person\/30dc82f35f5853289037a64b35c7c7d3\"},\"breadcrumb\":{\"@id\":\"https:\/\/www.edugestores.pe\/?p=21903#breadcrumb\"},\"inLanguage\":\"es\",\"potentialAction\":[{\"@type\":\"ReadAction\",\"target\":[\"https:\/\/www.edugestores.pe\/?p=21903\"]}]},{\"@type\":\"BreadcrumbList\",\"@id\":\"https:\/\/www.edugestores.pe\/?p=21903#breadcrumb\",\"itemListElement\":[{\"@type\":\"ListItem\",\"position\":1,\"name\":\"Portada\",\"item\":\"https:\/\/www.edugestores.pe\/\"},{\"@type\":\"ListItem\",\"position\":2,\"name\":\"ANGR plantear\u00e1 agenda al gobierno en GORE Ejecutivo\"}]},{\"@type\":\"Person\",\"@id\":\"https:\/\/www.edugestores.pe\/#\/schema\/person\/30dc82f35f5853289037a64b35c7c7d3\",\"name\":\"Administrador\",\"image\":{\"@type\":\"ImageObject\",\"@id\":\"https:\/\/www.edugestores.pe\/#personlogo\",\"inLanguage\":\"es\",\"url\":\"https:\/\/secure.gravatar.com\/avatar\/70960d1239c4d2c778bb3d2786a3c1ae?s=96&d=mm&r=g\",\"contentUrl\":\"https:\/\/secure.gravatar.com\/avatar\/70960d1239c4d2c778bb3d2786a3c1ae?s=96&d=mm&r=g\",\"caption\":\"Administrador\"},\"url\":\"https:\/\/www.edugestores.pe\/?author=63\"}]}<\/script>\n<!-- \/ Yoast SEO plugin. -->","yoast_head_json":{"title":"ANGR plantear\u00e1 agenda al gobierno en GORE Ejecutivo - Red Peruana de Gestores de la Educaci\u00f3n","robots":{"index":"index","follow":"follow","max-snippet":"max-snippet:-1","max-image-preview":"max-image-preview:large","max-video-preview":"max-video-preview:-1"},"canonical":"https:\/\/www.edugestores.pe\/?p=21903","og_locale":"es_ES","og_type":"article","og_title":"ANGR plantear\u00e1 agenda al gobierno en GORE Ejecutivo - Red Peruana de Gestores de la Educaci\u00f3n","og_description":"Seg\u00fan nota de Per\u00fa 21, Mes\u00edas Guevara, presidente de la Asamblea Nacional de Gobiernos Regionales (ANGR),\u00a0adelant\u00f3 que en\u00a0el GORE Ejecutivo [&hellip;]","og_url":"https:\/\/www.edugestores.pe\/?p=21903","og_site_name":"Red Peruana de Gestores de la Educaci\u00f3n","article_published_time":"2019-02-19T03:29:32+00:00","article_modified_time":"2019-02-24T17:36:25+00:00","og_image":[{"width":620,"height":356,"url":"https:\/\/www.edugestores.pe\/wp-content\/uploads\/2019\/02\/5c6a42a19ff23.jpeg","type":"image\/jpeg"}],"twitter_card":"summary_large_image","twitter_misc":{"Escrito por":"Administrador","Tiempo de lectura":"1 minuto"},"schema":{"@context":"https:\/\/schema.org","@graph":[{"@type":"WebSite","@id":"https:\/\/www.edugestores.pe\/#website","url":"https:\/\/www.edugestores.pe\/","name":"Red Peruana de Gestores de la Educaci\u00f3n","description":"Red Peruana de Gestores de la Educaci\u00f3n","potentialAction":[{"@type":"SearchAction","target":{"@type":"EntryPoint","urlTemplate":"https:\/\/www.edugestores.pe\/?s={search_term_string}"},"query-input":"required name=search_term_string"}],"inLanguage":"es"},{"@type":"ImageObject","@id":"https:\/\/www.edugestores.pe\/?p=21903#primaryimage","inLanguage":"es","url":"https:\/\/www.edugestores.pe\/wp-content\/uploads\/2019\/02\/5c6a42a19ff23.jpeg","contentUrl":"https:\/\/www.edugestores.pe\/wp-content\/uploads\/2019\/02\/5c6a42a19ff23.jpeg","width":620,"height":356},{"@type":"WebPage","@id":"https:\/\/www.edugestores.pe\/?p=21903#webpage","url":"https:\/\/www.edugestores.pe\/?p=21903","name":"ANGR plantear\u00e1 agenda al gobierno en GORE Ejecutivo - Red Peruana de Gestores de la Educaci\u00f3n","isPartOf":{"@id":"https:\/\/www.edugestores.pe\/#website"},"primaryImageOfPage":{"@id":"https:\/\/www.edugestores.pe\/?p=21903#primaryimage"},"datePublished":"2019-02-19T03:29:32+00:00","dateModified":"2019-02-24T17:36:25+00:00","author":{"@id":"https:\/\/www.edugestores.pe\/#\/schema\/person\/30dc82f35f5853289037a64b35c7c7d3"},"breadcrumb":{"@id":"https:\/\/www.edugestores.pe\/?p=21903#breadcrumb"},"inLanguage":"es","potentialAction":[{"@type":"ReadAction","target":["https:\/\/www.edugestores.pe\/?p=21903"]}]},{"@type":"BreadcrumbList","@id":"https:\/\/www.edugestores.pe\/?p=21903#breadcrumb","itemListElement":[{"@type":"ListItem","position":1,"name":"Portada","item":"https:\/\/www.edugestores.pe\/"},{"@type":"ListItem","position":2,"name":"ANGR plantear\u00e1 agenda al gobierno en GORE Ejecutivo"}]},{"@type":"Person","@id":"https:\/\/www.edugestores.pe\/#\/schema\/person\/30dc82f35f5853289037a64b35c7c7d3","name":"Administrador","image":{"@type":"ImageObject","@id":"https:\/\/www.edugestores.pe\/#personlogo","inLanguage":"es","url":"https:\/\/secure.gravatar.com\/avatar\/70960d1239c4d2c778bb3d2786a3c1ae?s=96&d=mm&r=g","contentUrl":"https:\/\/secure.gravatar.com\/avatar\/70960d1239c4d2c778bb3d2786a3c1ae?s=96&d=mm&r=g","caption":"Administrador"},"url":"https:\/\/www.edugestores.pe\/?author=63"}]}},"jetpack_featured_media_url":"https:\/\/www.edugestores.pe\/wp-content\/uploads\/2019\/02\/5c6a42a19ff23.jpeg","_links":{"self":[{"href":"https:\/\/www.edugestores.pe\/index.php?rest_route=\/wp\/v2\/posts\/21903"}],"collection":[{"href":"https:\/\/www.edugestores.pe\/index.php?rest_route=\/wp\/v2\/posts"}],"about":[{"href":"https:\/\/www.edugestores.pe\/index.php?rest_route=\/wp\/v2\/types\/post"}],"author":[{"embeddable":true,"href":"https:\/\/www.edugestores.pe\/index.php?rest_route=\/wp\/v2\/users\/63"}],"replies":[{"embeddable":true,"href":"https:\/\/www.edugestores.pe\/index.php?rest_route=%2Fwp%2Fv2%2Fcomments&post=21903"}],"version-history":[{"count":1,"href":"https:\/\/www.edugestores.pe\/index.php?rest_route=\/wp\/v2\/posts\/21903\/revisions"}],"predecessor-version":[{"id":21905,"href":"https:\/\/www.edugestores.pe\/index.php?rest_route=\/wp\/v2\/posts\/21903\/revisions\/21905"}],"wp:featuredmedia":[{"embeddable":true,"href":"https:\/\/www.edugestores.pe\/index.php?rest_route=\/wp\/v2\/media\/21904"}],"wp:attachment":[{"href":"https:\/\/www.edugestores.pe\/index.php?rest_route=%2Fwp%2Fv2%2Fmedia&parent=21903"}],"wp:term":[{"taxonomy":"category","embeddable":true,"href":"https:\/\/www.edugestores.pe\/index.php?rest_route=%2Fwp%2Fv2%2Fcategories&post=21903"},{"taxonomy":"post_tag","embeddable":true,"href":"https:\/\/www.edugestores.pe\/index.php?rest_route=%2Fwp%2Fv2%2Ftags&post=21903"}],"curies":[{"name":"wp","href":"https:\/\/api.w.org\/{rel}","templated":true}]}}