{"id":21918,"date":"2019-02-24T13:29:55","date_gmt":"2019-02-24T18:29:55","guid":{"rendered":"https:\/\/www.edugestores.pe\/?p=21918"},"modified":"2021-06-19T12:33:22","modified_gmt":"2021-06-19T17:33:22","slug":"iii-encuentro-nacional-de-edugestores-experiencias-de-cajamarca-ucayali-y-tacna","status":"publish","type":"post","link":"https:\/\/www.edugestores.pe\/?p=21918","title":{"rendered":"III Encuentro Nacional de Edugestores: experiencias de Cajamarca, Ucayali y Tacna"},"content":{"rendered":"<p style=\"text-align: justify;\">Experiencias de gesti\u00f3n educativa en las regiones de&nbsp;Cajamarca, Tacna y Ucayali&nbsp;fueron parte de un segundo panel en el marco del&nbsp;<strong>III<\/strong>&nbsp;<strong>Encuentro Nacional de la Red Peruana de Gestores de la Educaci\u00f3n<\/strong>&nbsp;(Edugestores), evento que se propuso como objetivo realizar un balance de lo avanzado en la consolidaci\u00f3n de Edugestores durante el 2018, y analizar colectivamente los resultados, desaf\u00edos y aprendizajes ganados en cuatro a\u00f1os de gesti\u00f3n descentralizada de la educaci\u00f3n en seis regiones del pa\u00eds.<\/p>\n<p style=\"text-align: justify;\">Yone Asenjo, ex titular de la Direcci\u00f3n Regional de Educaci\u00f3n de Cajamarca, Edith Anahua, ex directora regional de educaci\u00f3n de Tacna, y de Juana Tello R\u00edos, en representaci\u00f3n de \u00c1ngela Villacorta, ex directora DRE Ucayali,&nbsp;expusieron un balance de sus respectivas gestiones. La mesa estuvo moderada por&nbsp;Mart\u00edn Moya, ex gerente regional de educaci\u00f3n de La Libertad. Los comentarios estuvieron a cargo de&nbsp;Fernando Bola\u00f1os (UNICEF) y Jos\u00e9 Luis Vargas (Edugestores).<\/p>\n<p style=\"text-align: justify;\">Yone Asenjo indic\u00f3 que Cajamarca tiene trece provincias y que cuando \u00e9l entr\u00f3 a la gesti\u00f3n solo seis ten\u00edan gesti\u00f3n descentralizada, con unidades ejecutoras, y que lograron crear seis nuevas UGEL con sus respectivos entes de ejecuci\u00f3n presupuestal.<\/p>\n<p style=\"text-align: justify;\">Tambi\u00e9n se\u00f1al\u00f3 que en se realizaron acciones para generar instrumentos de planeamiento estrat\u00e9gico para una gesti\u00f3n descentralizada, y por ello elaboraron el Plan Cuatrienal de Educaci\u00f3n, que incluyeron las normas aprobadas por el gobierno regional, y que busc\u00f3 garantizar una educaci\u00f3n de calidad, con enfoque territorial, e intercultural. Tuvo estrategias e indicadores, de antes y despu\u00e9s, y que han puesto a disposici\u00f3n del nuevo director de educaci\u00f3n en la regi\u00f3n. Tambi\u00e9n apostaron en estrategias de un modelo pedag\u00f3gico y de innovaci\u00f3n educativa.<\/p>\n<p style=\"text-align: justify;\">Por su parte, Juana Tello indic\u00f3 que en Ucayali&nbsp;se contribuy\u00f3 a la mejora educativa, a partir del cumplimiento de las estrategias nacionales (como la contrataci\u00f3n por concurso de directores de UGEL), y de la apuesta de proyectos tipo Amazon\u00eda Lee, que han aportado a la mejora de la comprensi\u00f3n lectora. Si bien es cierto que hay bajos logros de aprendizajes, ya que ocupan el pen\u00faltimo lugar de la ECE, indic\u00f3 que responden tambi\u00e9n a diversos factores y no solo al sector educaci\u00f3n. Sostuvo que apuntan a fortalecer el Copare, y que en esta nueva gesti\u00f3n que ella ha asumido desde el 2 de enero, espera mantener la apuesta por una gesti\u00f3n descentralizada y desde un enfoque intercultural, como la conformaci\u00f3n de cien redes educativas rurales.<\/p>\n<p style=\"text-align: justify;\">Edith Anahua, de Tacna, indic\u00f3 que en su regi\u00f3n se realiz\u00f3 priorizaci\u00f3n de indicadores, qu\u00e9 datos hab\u00eda a nivel nacional y cu\u00e1les ser\u00edan las proyecciones en la regi\u00f3n, para armar as\u00ed una agenda de competividad en educaci\u00f3n: aprendizajes, competencias docentes, mejorar la infraestructura educativa&nbsp; y la mejora de la gesti\u00f3n del sector en la IE, UGEL y DRE. Las acciones se contemplaron en hacer un &#8220;match&#8221; de indicadores, ya que si una acci\u00f3n se conjugaba con m\u00e1s indicadores, era pertinente. Se centraron en reducir la deserci\u00f3n y repitencia y EBR, as\u00ed como crear una oficina de investigaci\u00f3n y capacitaci\u00f3n para docentes, as\u00ed como programas de formaci\u00f3n en servicio permanente.<\/p>\n<p style=\"text-align: justify;\">Fernando Bola\u00f1os, representante de UNICEF indic&nbsp;\u00f3 en los comentarios que hay que reconocer el trabajo intenso realizado en estas regiones, donde se busca generar una nueva figura del servidor p\u00fablico, comprometido con su labor. Sostuvo que hay diversos modelos de gestionar pero con problem\u00e1ticas y aciertos comunes. &#8220;Es importante destacar que las gestiones parten de planes, de indicadores, de metas, y que el reto es c\u00f3mo estos se articulan con las acciones de corto plazo y con las estrategias de largo plazo, sobre todo cuando estas medidas requieren continuidad&#8221;, sostuvo Bola\u00f1os.<\/p>\n<p>Acceda a las tres presentaciones en nuestra biblioteca virtual: <a href=\"https:\/\/www.edugestores.pe\/docs\/iii-encuentro-de-edugestores-exposicion-de-yone-asenjo-dre-cajamarca\/\">Cajamarca<\/a>, <a href=\"https:\/\/www.edugestores.pe\/docs\/iii-encuentro-de-edugestores-exposicion-edith-anagua-dre-tacna\/\">Tacna<\/a> y <a href=\"https:\/\/www.edugestores.pe\/docs\/iii-encuentro-de-edugestores-exposicion-angela-villacorta-dre-ucayali\/\">Ucayali<\/a><\/p>\n<p><img decoding=\"async\" loading=\"lazy\" class=\"alignnone  wp-image-21920\" src=\"https:\/\/www.edugestores.pe\/wp-content\/uploads\/2019\/02\/IMG_7461-1024x683.jpg\" alt=\"IMG_7461\" width=\"667\" height=\"445\" srcset=\"https:\/\/www.edugestores.pe\/wp-content\/uploads\/2019\/02\/IMG_7461-1024x683.jpg 1024w, https:\/\/www.edugestores.pe\/wp-content\/uploads\/2019\/02\/IMG_7461-300x200.jpg 300w, https:\/\/www.edugestores.pe\/wp-content\/uploads\/2019\/02\/IMG_7461-672x448.jpg 672w, https:\/\/www.edugestores.pe\/wp-content\/uploads\/2019\/02\/IMG_7461-1038x692.jpg 1038w, https:\/\/www.edugestores.pe\/wp-content\/uploads\/2019\/02\/IMG_7461-100x67.jpg 100w\" sizes=\"(max-width: 667px) 100vw, 667px\" \/><\/p>\n<p><img decoding=\"async\" loading=\"lazy\" class=\"alignnone  wp-image-21921\" src=\"https:\/\/www.edugestores.pe\/wp-content\/uploads\/2019\/02\/IMG_7471-1024x683.jpg\" alt=\"IMG_7471\" width=\"665\" height=\"443\" srcset=\"https:\/\/www.edugestores.pe\/wp-content\/uploads\/2019\/02\/IMG_7471-1024x683.jpg 1024w, https:\/\/www.edugestores.pe\/wp-content\/uploads\/2019\/02\/IMG_7471-300x200.jpg 300w, https:\/\/www.edugestores.pe\/wp-content\/uploads\/2019\/02\/IMG_7471-672x448.jpg 672w, https:\/\/www.edugestores.pe\/wp-content\/uploads\/2019\/02\/IMG_7471-1038x692.jpg 1038w, https:\/\/www.edugestores.pe\/wp-content\/uploads\/2019\/02\/IMG_7471-100x67.jpg 100w\" sizes=\"(max-width: 665px) 100vw, 665px\" \/><\/p>\n","protected":false},"excerpt":{"rendered":"<p>Experiencias de gesti\u00f3n educativa en las regiones de&nbsp;Cajamarca, Tacna y Ucayali&nbsp;fueron parte de un segundo panel en el marco del&nbsp;III&nbsp;Encuentro [&hellip;]<\/p>\n","protected":false},"author":63,"featured_media":21919,"comment_status":"open","ping_status":"open","sticky":false,"template":"","format":"standard","meta":{"spay_email":""},"categories":[909,125,1413],"tags":[],"yoast_head":"<!-- This site is optimized with the Yoast SEO plugin v18.0 - https:\/\/yoast.com\/wordpress\/plugins\/seo\/ -->\n<title>III Encuentro Nacional de Edugestores: experiencias de Cajamarca, Ucayali y Tacna - Red Peruana de Gestores de la Educaci\u00f3n<\/title>\n<meta name=\"robots\" content=\"index, follow, max-snippet:-1, max-image-preview:large, max-video-preview:-1\" \/>\n<link rel=\"canonical\" href=\"https:\/\/www.edugestores.pe\/?p=21918\" \/>\n<meta property=\"og:locale\" content=\"es_ES\" \/>\n<meta property=\"og:type\" content=\"article\" \/>\n<meta property=\"og:title\" content=\"III Encuentro Nacional de Edugestores: experiencias de Cajamarca, Ucayali y Tacna - Red Peruana de Gestores de la Educaci\u00f3n\" \/>\n<meta property=\"og:description\" content=\"Experiencias de gesti\u00f3n educativa en las regiones de&nbsp;Cajamarca, Tacna y Ucayali&nbsp;fueron parte de un segundo panel en el marco del&nbsp;III&nbsp;Encuentro [&hellip;]\" \/>\n<meta property=\"og:url\" content=\"https:\/\/www.edugestores.pe\/?p=21918\" \/>\n<meta property=\"og:site_name\" content=\"Red Peruana de Gestores de la Educaci\u00f3n\" \/>\n<meta property=\"article:published_time\" content=\"2019-02-24T18:29:55+00:00\" \/>\n<meta property=\"article:modified_time\" content=\"2021-06-19T17:33:22+00:00\" \/>\n<meta property=\"og:image\" content=\"https:\/\/www.edugestores.pe\/wp-content\/uploads\/2019\/02\/IMG_7459-1024x683.jpg\" \/>\n\t<meta property=\"og:image:width\" content=\"1024\" \/>\n\t<meta property=\"og:image:height\" content=\"683\" \/>\n\t<meta property=\"og:image:type\" content=\"image\/jpeg\" \/>\n<meta name=\"twitter:card\" content=\"summary_large_image\" \/>\n<meta name=\"twitter:label1\" content=\"Escrito por\" \/>\n\t<meta name=\"twitter:data1\" content=\"Administrador\" \/>\n\t<meta name=\"twitter:label2\" content=\"Tiempo de lectura\" \/>\n\t<meta name=\"twitter:data2\" content=\"4 minutos\" \/>\n<script type=\"application\/ld+json\" class=\"yoast-schema-graph\">{\"@context\":\"https:\/\/schema.org\",\"@graph\":[{\"@type\":\"WebSite\",\"@id\":\"https:\/\/www.edugestores.pe\/#website\",\"url\":\"https:\/\/www.edugestores.pe\/\",\"name\":\"Red Peruana de Gestores de la Educaci\u00f3n\",\"description\":\"Red Peruana de Gestores de la Educaci\u00f3n\",\"potentialAction\":[{\"@type\":\"SearchAction\",\"target\":{\"@type\":\"EntryPoint\",\"urlTemplate\":\"https:\/\/www.edugestores.pe\/?s={search_term_string}\"},\"query-input\":\"required name=search_term_string\"}],\"inLanguage\":\"es\"},{\"@type\":\"ImageObject\",\"@id\":\"https:\/\/www.edugestores.pe\/?p=21918#primaryimage\",\"inLanguage\":\"es\",\"url\":\"https:\/\/www.edugestores.pe\/wp-content\/uploads\/2019\/02\/IMG_7459.jpg\",\"contentUrl\":\"https:\/\/www.edugestores.pe\/wp-content\/uploads\/2019\/02\/IMG_7459.jpg\",\"width\":5184,\"height\":3456},{\"@type\":\"WebPage\",\"@id\":\"https:\/\/www.edugestores.pe\/?p=21918#webpage\",\"url\":\"https:\/\/www.edugestores.pe\/?p=21918\",\"name\":\"III Encuentro Nacional de Edugestores: experiencias de Cajamarca, Ucayali y Tacna - Red Peruana de Gestores de la Educaci\u00f3n\",\"isPartOf\":{\"@id\":\"https:\/\/www.edugestores.pe\/#website\"},\"primaryImageOfPage\":{\"@id\":\"https:\/\/www.edugestores.pe\/?p=21918#primaryimage\"},\"datePublished\":\"2019-02-24T18:29:55+00:00\",\"dateModified\":\"2021-06-19T17:33:22+00:00\",\"author\":{\"@id\":\"https:\/\/www.edugestores.pe\/#\/schema\/person\/30dc82f35f5853289037a64b35c7c7d3\"},\"breadcrumb\":{\"@id\":\"https:\/\/www.edugestores.pe\/?p=21918#breadcrumb\"},\"inLanguage\":\"es\",\"potentialAction\":[{\"@type\":\"ReadAction\",\"target\":[\"https:\/\/www.edugestores.pe\/?p=21918\"]}]},{\"@type\":\"BreadcrumbList\",\"@id\":\"https:\/\/www.edugestores.pe\/?p=21918#breadcrumb\",\"itemListElement\":[{\"@type\":\"ListItem\",\"position\":1,\"name\":\"Portada\",\"item\":\"https:\/\/www.edugestores.pe\/\"},{\"@type\":\"ListItem\",\"position\":2,\"name\":\"III Encuentro Nacional de Edugestores: experiencias de Cajamarca, Ucayali y Tacna\"}]},{\"@type\":\"Person\",\"@id\":\"https:\/\/www.edugestores.pe\/#\/schema\/person\/30dc82f35f5853289037a64b35c7c7d3\",\"name\":\"Administrador\",\"image\":{\"@type\":\"ImageObject\",\"@id\":\"https:\/\/www.edugestores.pe\/#personlogo\",\"inLanguage\":\"es\",\"url\":\"https:\/\/secure.gravatar.com\/avatar\/70960d1239c4d2c778bb3d2786a3c1ae?s=96&d=mm&r=g\",\"contentUrl\":\"https:\/\/secure.gravatar.com\/avatar\/70960d1239c4d2c778bb3d2786a3c1ae?s=96&d=mm&r=g\",\"caption\":\"Administrador\"},\"url\":\"https:\/\/www.edugestores.pe\/?author=63\"}]}<\/script>\n<!-- \/ Yoast SEO plugin. -->","yoast_head_json":{"title":"III Encuentro Nacional de Edugestores: experiencias de Cajamarca, Ucayali y Tacna - Red Peruana de Gestores de la Educaci\u00f3n","robots":{"index":"index","follow":"follow","max-snippet":"max-snippet:-1","max-image-preview":"max-image-preview:large","max-video-preview":"max-video-preview:-1"},"canonical":"https:\/\/www.edugestores.pe\/?p=21918","og_locale":"es_ES","og_type":"article","og_title":"III Encuentro Nacional de Edugestores: experiencias de Cajamarca, Ucayali y Tacna - Red Peruana de Gestores de la Educaci\u00f3n","og_description":"Experiencias de gesti\u00f3n educativa en las regiones de&nbsp;Cajamarca, Tacna y Ucayali&nbsp;fueron parte de un segundo panel en el marco del&nbsp;III&nbsp;Encuentro [&hellip;]","og_url":"https:\/\/www.edugestores.pe\/?p=21918","og_site_name":"Red Peruana de Gestores de la Educaci\u00f3n","article_published_time":"2019-02-24T18:29:55+00:00","article_modified_time":"2021-06-19T17:33:22+00:00","og_image":[{"width":1024,"height":683,"url":"https:\/\/www.edugestores.pe\/wp-content\/uploads\/2019\/02\/IMG_7459-1024x683.jpg","type":"image\/jpeg"}],"twitter_card":"summary_large_image","twitter_misc":{"Escrito por":"Administrador","Tiempo de lectura":"4 minutos"},"schema":{"@context":"https:\/\/schema.org","@graph":[{"@type":"WebSite","@id":"https:\/\/www.edugestores.pe\/#website","url":"https:\/\/www.edugestores.pe\/","name":"Red Peruana de Gestores de la Educaci\u00f3n","description":"Red Peruana de Gestores de la Educaci\u00f3n","potentialAction":[{"@type":"SearchAction","target":{"@type":"EntryPoint","urlTemplate":"https:\/\/www.edugestores.pe\/?s={search_term_string}"},"query-input":"required name=search_term_string"}],"inLanguage":"es"},{"@type":"ImageObject","@id":"https:\/\/www.edugestores.pe\/?p=21918#primaryimage","inLanguage":"es","url":"https:\/\/www.edugestores.pe\/wp-content\/uploads\/2019\/02\/IMG_7459.jpg","contentUrl":"https:\/\/www.edugestores.pe\/wp-content\/uploads\/2019\/02\/IMG_7459.jpg","width":5184,"height":3456},{"@type":"WebPage","@id":"https:\/\/www.edugestores.pe\/?p=21918#webpage","url":"https:\/\/www.edugestores.pe\/?p=21918","name":"III Encuentro Nacional de Edugestores: experiencias de Cajamarca, Ucayali y Tacna - Red Peruana de Gestores de la Educaci\u00f3n","isPartOf":{"@id":"https:\/\/www.edugestores.pe\/#website"},"primaryImageOfPage":{"@id":"https:\/\/www.edugestores.pe\/?p=21918#primaryimage"},"datePublished":"2019-02-24T18:29:55+00:00","dateModified":"2021-06-19T17:33:22+00:00","author":{"@id":"https:\/\/www.edugestores.pe\/#\/schema\/person\/30dc82f35f5853289037a64b35c7c7d3"},"breadcrumb":{"@id":"https:\/\/www.edugestores.pe\/?p=21918#breadcrumb"},"inLanguage":"es","potentialAction":[{"@type":"ReadAction","target":["https:\/\/www.edugestores.pe\/?p=21918"]}]},{"@type":"BreadcrumbList","@id":"https:\/\/www.edugestores.pe\/?p=21918#breadcrumb","itemListElement":[{"@type":"ListItem","position":1,"name":"Portada","item":"https:\/\/www.edugestores.pe\/"},{"@type":"ListItem","position":2,"name":"III Encuentro Nacional de Edugestores: experiencias de Cajamarca, Ucayali y Tacna"}]},{"@type":"Person","@id":"https:\/\/www.edugestores.pe\/#\/schema\/person\/30dc82f35f5853289037a64b35c7c7d3","name":"Administrador","image":{"@type":"ImageObject","@id":"https:\/\/www.edugestores.pe\/#personlogo","inLanguage":"es","url":"https:\/\/secure.gravatar.com\/avatar\/70960d1239c4d2c778bb3d2786a3c1ae?s=96&d=mm&r=g","contentUrl":"https:\/\/secure.gravatar.com\/avatar\/70960d1239c4d2c778bb3d2786a3c1ae?s=96&d=mm&r=g","caption":"Administrador"},"url":"https:\/\/www.edugestores.pe\/?author=63"}]}},"jetpack_featured_media_url":"https:\/\/www.edugestores.pe\/wp-content\/uploads\/2019\/02\/IMG_7459.jpg","_links":{"self":[{"href":"https:\/\/www.edugestores.pe\/index.php?rest_route=\/wp\/v2\/posts\/21918"}],"collection":[{"href":"https:\/\/www.edugestores.pe\/index.php?rest_route=\/wp\/v2\/posts"}],"about":[{"href":"https:\/\/www.edugestores.pe\/index.php?rest_route=\/wp\/v2\/types\/post"}],"author":[{"embeddable":true,"href":"https:\/\/www.edugestores.pe\/index.php?rest_route=\/wp\/v2\/users\/63"}],"replies":[{"embeddable":true,"href":"https:\/\/www.edugestores.pe\/index.php?rest_route=%2Fwp%2Fv2%2Fcomments&post=21918"}],"version-history":[{"count":2,"href":"https:\/\/www.edugestores.pe\/index.php?rest_route=\/wp\/v2\/posts\/21918\/revisions"}],"predecessor-version":[{"id":27824,"href":"https:\/\/www.edugestores.pe\/index.php?rest_route=\/wp\/v2\/posts\/21918\/revisions\/27824"}],"wp:featuredmedia":[{"embeddable":true,"href":"https:\/\/www.edugestores.pe\/index.php?rest_route=\/wp\/v2\/media\/21919"}],"wp:attachment":[{"href":"https:\/\/www.edugestores.pe\/index.php?rest_route=%2Fwp%2Fv2%2Fmedia&parent=21918"}],"wp:term":[{"taxonomy":"category","embeddable":true,"href":"https:\/\/www.edugestores.pe\/index.php?rest_route=%2Fwp%2Fv2%2Fcategories&post=21918"},{"taxonomy":"post_tag","embeddable":true,"href":"https:\/\/www.edugestores.pe\/index.php?rest_route=%2Fwp%2Fv2%2Ftags&post=21918"}],"curies":[{"name":"wp","href":"https:\/\/api.w.org\/{rel}","templated":true}]}}