{"id":22052,"date":"2019-03-14T09:10:38","date_gmt":"2019-03-14T14:10:38","guid":{"rendered":"https:\/\/www.edugestores.pe\/?p=22052"},"modified":"2019-03-18T23:41:48","modified_gmt":"2019-03-19T04:41:48","slug":"ataque-a-la-meritocracia-editorial-de-la-republica","status":"publish","type":"post","link":"https:\/\/www.edugestores.pe\/?p=22052","title":{"rendered":"Ataque a la meritocracia, editorial de La Rep\u00fablica"},"content":{"rendered":"<p style=\"text-align: justify;\">Compartimos en Edugestores esta editorial del diario La Rep\u00fablica, publicada este jueves 14 de marzo de 2019, sobre el pedido del\u00a0Congreso, que\u00a0intenta reponer a 10 mil directores\u00a0de colegios que jalaron la evaluaci\u00f3n o\u00a0no se presentaron a ella:<\/p>\n<p style=\"text-align: justify;\">Solo unas horas despu\u00e9s de que varios legisladores cuestionaran la composici\u00f3n paritaria del gabinete\u00a0Del Solar, contraponi\u00e9ndolo artificialmente con la meritocracia, la Comisi\u00f3n de Educaci\u00f3n del Congreso aprob\u00f3 el dictamen del proyecto de ley que repone en sus cargos a m\u00e1s de 10 mil directores y subdirectores de colegios que desaprobaron o no aceptaron ser evaluados.<\/p>\n<p style=\"text-align: justify;\">Esta decisi\u00f3n es un ataque sin precedentes a la meritocracia y a la Ley N\u00ba 29944, Ley de Reforma Magisterial, a lo que ni siquiera se hab\u00eda atrevido el\u00a0CONARE, el grupo radical mao\u00edsta del magisterio. De aprobarse esta iniciativa se tendr\u00eda que declarar finalizado todo intento de cambiar la educaci\u00f3n peruana y tirar por la borda sus avances.<\/p>\n<p style=\"text-align: justify;\">Hace cinco a\u00f1os, el 2014, el\u00a0Ministerio de Educaci\u00f3n\u00a0(MINEDU) llev\u00f3 a cabo un proceso nacional de evaluaci\u00f3n de directores y subdirectores de colegios para extender los principios de la meritocracia a este sector clave de la gesti\u00f3n educativa. De m\u00e1s de 13 mil directores, se presentaron 8 mil, de los cuales solo 3 mil aprobaron la evaluaci\u00f3n. Se entendi\u00f3 que, de acuerdo a estos resultados, m\u00e1s de 10 mil directores \u2013entre los que desaprobaron la evaluaci\u00f3n y los que no se presentaron\u2013 dejaron sus cargos para retornar a ser profesores de aula.<\/p>\n<p style=\"text-align: justify;\">La evaluaci\u00f3n no versaba en sus conocimientos docentes, sino que pretend\u00edan evaluar habilidades requeridas para el desempe\u00f1o como directores, es decir, buenas pr\u00e1cticas de gesti\u00f3n escolar que forma parte del Marco del Buen Desempe\u00f1o Directivo.<\/p>\n<p style=\"text-align: justify;\">Esta evaluaci\u00f3n fue resistida vivamente por buena parte de los directores y ello explica que 5 mil de ellos decidieran no presentarse, aunque el Poder Judicial desestim\u00f3 sus pretensiones en un proceso de Acci\u00f3n Popular a cargo de la Cuarta Sala Laboral Permanente de la\u00a0Corte Superior de Lima.<\/p>\n<p style=\"text-align: justify;\">Incre\u00edblemente, el dictamen fue aprobado por unanimidad, en el marco de un debate en el que estuvo ausente cualquier alusi\u00f3n de la reforma de la educaci\u00f3n y el m\u00e9rito. La l\u00ednea b\u00e1sica de argumentaci\u00f3n fue la de los supuestos derechos adquiridos por los directores y cr\u00edticas a la norma t\u00e9cnica para la evaluaci\u00f3n excepcional de directores prevista en las disposiciones complementarias de la Ley de Reforma Magisterial.<\/p>\n<p style=\"text-align: justify;\">El pleno del\u00a0Congreso\u00a0debe rechazar esta pretensi\u00f3n populista que tiene como claro objetivo ganar votos sin importar que ello implique reponer en sus cargos a personas que han demostrado que no se encuentran capacitadas para dirigir centros educativos que re\u00fanen a decenas de profesores y centenares de alumnos.<\/p>\n<p style=\"text-align: justify;\">Foto Minedu, referencial.<\/p>\n","protected":false},"excerpt":{"rendered":"<p>Compartimos en Edugestores esta editorial del diario La Rep\u00fablica, publicada este jueves 14 de marzo de 2019, sobre el pedido [&hellip;]<\/p>\n","protected":false},"author":63,"featured_media":15786,"comment_status":"open","ping_status":"open","sticky":false,"template":"","format":"standard","meta":{"spay_email":""},"categories":[125],"tags":[],"yoast_head":"<!-- This site is optimized with the Yoast SEO plugin v18.0 - https:\/\/yoast.com\/wordpress\/plugins\/seo\/ -->\n<title>Ataque a la meritocracia, editorial de La Rep\u00fablica - Red Peruana de Gestores de la Educaci\u00f3n<\/title>\n<meta name=\"robots\" content=\"index, follow, max-snippet:-1, max-image-preview:large, max-video-preview:-1\" \/>\n<link rel=\"canonical\" href=\"https:\/\/www.edugestores.pe\/?p=22052\" \/>\n<meta property=\"og:locale\" content=\"es_ES\" \/>\n<meta property=\"og:type\" content=\"article\" \/>\n<meta property=\"og:title\" content=\"Ataque a la meritocracia, editorial de La Rep\u00fablica - Red Peruana de Gestores de la Educaci\u00f3n\" \/>\n<meta property=\"og:description\" content=\"Compartimos en Edugestores esta editorial del diario La Rep\u00fablica, publicada este jueves 14 de marzo de 2019, sobre el pedido [&hellip;]\" \/>\n<meta property=\"og:url\" content=\"https:\/\/www.edugestores.pe\/?p=22052\" \/>\n<meta property=\"og:site_name\" content=\"Red Peruana de Gestores de la Educaci\u00f3n\" \/>\n<meta property=\"article:published_time\" content=\"2019-03-14T14:10:38+00:00\" \/>\n<meta property=\"article:modified_time\" content=\"2019-03-19T04:41:48+00:00\" \/>\n<meta property=\"og:image\" content=\"https:\/\/www.edugestores.pe\/wp-content\/uploads\/2017\/05\/121747-minedu-227-mil-docentes-participaran-concurso-nombramiento-2017-minedu-gob-pe.jpg\" \/>\n\t<meta property=\"og:image:width\" content=\"851\" \/>\n\t<meta property=\"og:image:height\" content=\"444\" \/>\n\t<meta property=\"og:image:type\" content=\"image\/jpeg\" \/>\n<meta name=\"twitter:card\" content=\"summary_large_image\" \/>\n<meta name=\"twitter:label1\" content=\"Escrito por\" \/>\n\t<meta name=\"twitter:data1\" content=\"Administrador\" \/>\n\t<meta name=\"twitter:label2\" content=\"Tiempo de lectura\" \/>\n\t<meta name=\"twitter:data2\" content=\"2 minutos\" \/>\n<script type=\"application\/ld+json\" class=\"yoast-schema-graph\">{\"@context\":\"https:\/\/schema.org\",\"@graph\":[{\"@type\":\"WebSite\",\"@id\":\"https:\/\/www.edugestores.pe\/#website\",\"url\":\"https:\/\/www.edugestores.pe\/\",\"name\":\"Red Peruana de Gestores de la Educaci\u00f3n\",\"description\":\"Red Peruana de Gestores de la Educaci\u00f3n\",\"potentialAction\":[{\"@type\":\"SearchAction\",\"target\":{\"@type\":\"EntryPoint\",\"urlTemplate\":\"https:\/\/www.edugestores.pe\/?s={search_term_string}\"},\"query-input\":\"required name=search_term_string\"}],\"inLanguage\":\"es\"},{\"@type\":\"ImageObject\",\"@id\":\"https:\/\/www.edugestores.pe\/?p=22052#primaryimage\",\"inLanguage\":\"es\",\"url\":\"https:\/\/www.edugestores.pe\/wp-content\/uploads\/2017\/05\/121747-minedu-227-mil-docentes-participaran-concurso-nombramiento-2017-minedu-gob-pe.jpg\",\"contentUrl\":\"https:\/\/www.edugestores.pe\/wp-content\/uploads\/2017\/05\/121747-minedu-227-mil-docentes-participaran-concurso-nombramiento-2017-minedu-gob-pe.jpg\",\"width\":851,\"height\":444},{\"@type\":\"WebPage\",\"@id\":\"https:\/\/www.edugestores.pe\/?p=22052#webpage\",\"url\":\"https:\/\/www.edugestores.pe\/?p=22052\",\"name\":\"Ataque a la meritocracia, editorial de La Rep\u00fablica - Red Peruana de Gestores de la Educaci\u00f3n\",\"isPartOf\":{\"@id\":\"https:\/\/www.edugestores.pe\/#website\"},\"primaryImageOfPage\":{\"@id\":\"https:\/\/www.edugestores.pe\/?p=22052#primaryimage\"},\"datePublished\":\"2019-03-14T14:10:38+00:00\",\"dateModified\":\"2019-03-19T04:41:48+00:00\",\"author\":{\"@id\":\"https:\/\/www.edugestores.pe\/#\/schema\/person\/30dc82f35f5853289037a64b35c7c7d3\"},\"breadcrumb\":{\"@id\":\"https:\/\/www.edugestores.pe\/?p=22052#breadcrumb\"},\"inLanguage\":\"es\",\"potentialAction\":[{\"@type\":\"ReadAction\",\"target\":[\"https:\/\/www.edugestores.pe\/?p=22052\"]}]},{\"@type\":\"BreadcrumbList\",\"@id\":\"https:\/\/www.edugestores.pe\/?p=22052#breadcrumb\",\"itemListElement\":[{\"@type\":\"ListItem\",\"position\":1,\"name\":\"Portada\",\"item\":\"https:\/\/www.edugestores.pe\/\"},{\"@type\":\"ListItem\",\"position\":2,\"name\":\"Ataque a la meritocracia, editorial de La Rep\u00fablica\"}]},{\"@type\":\"Person\",\"@id\":\"https:\/\/www.edugestores.pe\/#\/schema\/person\/30dc82f35f5853289037a64b35c7c7d3\",\"name\":\"Administrador\",\"image\":{\"@type\":\"ImageObject\",\"@id\":\"https:\/\/www.edugestores.pe\/#personlogo\",\"inLanguage\":\"es\",\"url\":\"https:\/\/secure.gravatar.com\/avatar\/70960d1239c4d2c778bb3d2786a3c1ae?s=96&d=mm&r=g\",\"contentUrl\":\"https:\/\/secure.gravatar.com\/avatar\/70960d1239c4d2c778bb3d2786a3c1ae?s=96&d=mm&r=g\",\"caption\":\"Administrador\"},\"url\":\"https:\/\/www.edugestores.pe\/?author=63\"}]}<\/script>\n<!-- \/ Yoast SEO plugin. -->","yoast_head_json":{"title":"Ataque a la meritocracia, editorial de La Rep\u00fablica - Red Peruana de Gestores de la Educaci\u00f3n","robots":{"index":"index","follow":"follow","max-snippet":"max-snippet:-1","max-image-preview":"max-image-preview:large","max-video-preview":"max-video-preview:-1"},"canonical":"https:\/\/www.edugestores.pe\/?p=22052","og_locale":"es_ES","og_type":"article","og_title":"Ataque a la meritocracia, editorial de La Rep\u00fablica - Red Peruana de Gestores de la Educaci\u00f3n","og_description":"Compartimos en Edugestores esta editorial del diario La Rep\u00fablica, publicada este jueves 14 de marzo de 2019, sobre el pedido [&hellip;]","og_url":"https:\/\/www.edugestores.pe\/?p=22052","og_site_name":"Red Peruana de Gestores de la Educaci\u00f3n","article_published_time":"2019-03-14T14:10:38+00:00","article_modified_time":"2019-03-19T04:41:48+00:00","og_image":[{"width":851,"height":444,"url":"https:\/\/www.edugestores.pe\/wp-content\/uploads\/2017\/05\/121747-minedu-227-mil-docentes-participaran-concurso-nombramiento-2017-minedu-gob-pe.jpg","type":"image\/jpeg"}],"twitter_card":"summary_large_image","twitter_misc":{"Escrito por":"Administrador","Tiempo de lectura":"2 minutos"},"schema":{"@context":"https:\/\/schema.org","@graph":[{"@type":"WebSite","@id":"https:\/\/www.edugestores.pe\/#website","url":"https:\/\/www.edugestores.pe\/","name":"Red Peruana de Gestores de la Educaci\u00f3n","description":"Red Peruana de Gestores de la Educaci\u00f3n","potentialAction":[{"@type":"SearchAction","target":{"@type":"EntryPoint","urlTemplate":"https:\/\/www.edugestores.pe\/?s={search_term_string}"},"query-input":"required name=search_term_string"}],"inLanguage":"es"},{"@type":"ImageObject","@id":"https:\/\/www.edugestores.pe\/?p=22052#primaryimage","inLanguage":"es","url":"https:\/\/www.edugestores.pe\/wp-content\/uploads\/2017\/05\/121747-minedu-227-mil-docentes-participaran-concurso-nombramiento-2017-minedu-gob-pe.jpg","contentUrl":"https:\/\/www.edugestores.pe\/wp-content\/uploads\/2017\/05\/121747-minedu-227-mil-docentes-participaran-concurso-nombramiento-2017-minedu-gob-pe.jpg","width":851,"height":444},{"@type":"WebPage","@id":"https:\/\/www.edugestores.pe\/?p=22052#webpage","url":"https:\/\/www.edugestores.pe\/?p=22052","name":"Ataque a la meritocracia, editorial de La Rep\u00fablica - Red Peruana de Gestores de la Educaci\u00f3n","isPartOf":{"@id":"https:\/\/www.edugestores.pe\/#website"},"primaryImageOfPage":{"@id":"https:\/\/www.edugestores.pe\/?p=22052#primaryimage"},"datePublished":"2019-03-14T14:10:38+00:00","dateModified":"2019-03-19T04:41:48+00:00","author":{"@id":"https:\/\/www.edugestores.pe\/#\/schema\/person\/30dc82f35f5853289037a64b35c7c7d3"},"breadcrumb":{"@id":"https:\/\/www.edugestores.pe\/?p=22052#breadcrumb"},"inLanguage":"es","potentialAction":[{"@type":"ReadAction","target":["https:\/\/www.edugestores.pe\/?p=22052"]}]},{"@type":"BreadcrumbList","@id":"https:\/\/www.edugestores.pe\/?p=22052#breadcrumb","itemListElement":[{"@type":"ListItem","position":1,"name":"Portada","item":"https:\/\/www.edugestores.pe\/"},{"@type":"ListItem","position":2,"name":"Ataque a la meritocracia, editorial de La Rep\u00fablica"}]},{"@type":"Person","@id":"https:\/\/www.edugestores.pe\/#\/schema\/person\/30dc82f35f5853289037a64b35c7c7d3","name":"Administrador","image":{"@type":"ImageObject","@id":"https:\/\/www.edugestores.pe\/#personlogo","inLanguage":"es","url":"https:\/\/secure.gravatar.com\/avatar\/70960d1239c4d2c778bb3d2786a3c1ae?s=96&d=mm&r=g","contentUrl":"https:\/\/secure.gravatar.com\/avatar\/70960d1239c4d2c778bb3d2786a3c1ae?s=96&d=mm&r=g","caption":"Administrador"},"url":"https:\/\/www.edugestores.pe\/?author=63"}]}},"jetpack_featured_media_url":"https:\/\/www.edugestores.pe\/wp-content\/uploads\/2017\/05\/121747-minedu-227-mil-docentes-participaran-concurso-nombramiento-2017-minedu-gob-pe.jpg","_links":{"self":[{"href":"https:\/\/www.edugestores.pe\/index.php?rest_route=\/wp\/v2\/posts\/22052"}],"collection":[{"href":"https:\/\/www.edugestores.pe\/index.php?rest_route=\/wp\/v2\/posts"}],"about":[{"href":"https:\/\/www.edugestores.pe\/index.php?rest_route=\/wp\/v2\/types\/post"}],"author":[{"embeddable":true,"href":"https:\/\/www.edugestores.pe\/index.php?rest_route=\/wp\/v2\/users\/63"}],"replies":[{"embeddable":true,"href":"https:\/\/www.edugestores.pe\/index.php?rest_route=%2Fwp%2Fv2%2Fcomments&post=22052"}],"version-history":[{"count":1,"href":"https:\/\/www.edugestores.pe\/index.php?rest_route=\/wp\/v2\/posts\/22052\/revisions"}],"predecessor-version":[{"id":22053,"href":"https:\/\/www.edugestores.pe\/index.php?rest_route=\/wp\/v2\/posts\/22052\/revisions\/22053"}],"wp:featuredmedia":[{"embeddable":true,"href":"https:\/\/www.edugestores.pe\/index.php?rest_route=\/wp\/v2\/media\/15786"}],"wp:attachment":[{"href":"https:\/\/www.edugestores.pe\/index.php?rest_route=%2Fwp%2Fv2%2Fmedia&parent=22052"}],"wp:term":[{"taxonomy":"category","embeddable":true,"href":"https:\/\/www.edugestores.pe\/index.php?rest_route=%2Fwp%2Fv2%2Fcategories&post=22052"},{"taxonomy":"post_tag","embeddable":true,"href":"https:\/\/www.edugestores.pe\/index.php?rest_route=%2Fwp%2Fv2%2Ftags&post=22052"}],"curies":[{"name":"wp","href":"https:\/\/api.w.org\/{rel}","templated":true}]}}