{"id":22171,"date":"2019-04-01T22:44:52","date_gmt":"2019-04-02T03:44:52","guid":{"rendered":"https:\/\/www.edugestores.pe\/?p=22171"},"modified":"2019-08-16T11:32:57","modified_gmt":"2019-08-16T16:32:57","slug":"resultado-de-encuesta-sobre-expectativas-ante-nueva-gestion-del-minedu","status":"publish","type":"post","link":"https:\/\/www.edugestores.pe\/?p=22171","title":{"rendered":"Edugestores: Resultado de encuesta sobre expectativas ante nueva gesti\u00f3n del Minedu"},"content":{"rendered":"<p style=\"text-align: justify;\">Hace dos semanas Edugestores solicit\u00f3 a los miembros de nuestra comunidad y a nuestros seguidores en redes sociales, responder a una breve encuesta de expectativas sobre la gesti\u00f3n de la nueva Ministra de Educaci\u00f3n, Flor Pablo Medina. Participaron 154 personas de 23 departamentos del pa\u00eds y de la provincia del Callao, entre ellos especialistas de DRE y UGEL y sobre todo docentes y directores de IE.<\/p>\n<p style=\"text-align: justify;\">Ante la pregunta, \u00bfEn cu\u00e1l de los cuatro ejes de la pol\u00edtica educativa del gobierno deber\u00eda enfocarse la gesti\u00f3n de Flor Pablo?, los usuarios encuestados indicaron que el desarrollo docente deber\u00eda ser tomado en cuenta en primer lugar, con un 58%, mientras que 53% sostuvo que este foco deber\u00eda estar en los Aprendizajes a lo largo de la vida. Por otro lado, un 26% dijo que la infraestructura emocional deber\u00eda ser atendida primero, y un 24% que deber\u00eda ser enfocado m\u00e1s el tema de infraestructura educativa.<\/p>\n<p style=\"text-align: justify;\">Tambi\u00e9n se dej\u00f3 espacio para que los encuestados sugirieran otros ejes,\u00a0y el m\u00e1s mencionado fue el de la\u00a0descentralizaci\u00f3n de la gesti\u00f3n educativa.<\/p>\n<p><a href=\"https:\/\/www.edugestores.pe\/wp-content\/uploads\/2019\/04\/Captura-de-pantalla-2019-04-01-22.10.06.png\"><img decoding=\"async\" loading=\"lazy\" class=\"  wp-image-22172 aligncenter\" src=\"https:\/\/www.edugestores.pe\/wp-content\/uploads\/2019\/04\/Captura-de-pantalla-2019-04-01-22.10.06.png\" alt=\"Captura de pantalla 2019-04-01 22.10.06\" width=\"672\" height=\"394\" srcset=\"https:\/\/www.edugestores.pe\/wp-content\/uploads\/2019\/04\/Captura-de-pantalla-2019-04-01-22.10.06.png 803w, https:\/\/www.edugestores.pe\/wp-content\/uploads\/2019\/04\/Captura-de-pantalla-2019-04-01-22.10.06-300x176.png 300w, https:\/\/www.edugestores.pe\/wp-content\/uploads\/2019\/04\/Captura-de-pantalla-2019-04-01-22.10.06-672x394.png 672w, https:\/\/www.edugestores.pe\/wp-content\/uploads\/2019\/04\/Captura-de-pantalla-2019-04-01-22.10.06-100x59.png 100w\" sizes=\"(max-width: 672px) 100vw, 672px\" \/><\/a><\/p>\n<p style=\"text-align: justify;\">En cuanto a aprendizajes a lo largo de la vida, se seleccionaron tres prioridades, siendo la m\u00e1s mencionada los Lineamientos para la implementaci\u00f3n y diversificaci\u00f3n del CNEB con un 63%, mientras que en segundo lugar se mencion\u00f3 a la Educaci\u00f3n intercultural para todos con un 54%, y en tercer lugar, a la Educaci\u00f3n rural con 48%. Menos menciones recibieron Educaci\u00f3n en la primera infancia (con 38%) y la Educaci\u00f3n secundaria con 33%.<\/p>\n<p style=\"text-align: justify;\"><img decoding=\"async\" loading=\"lazy\" class=\"  wp-image-22173 aligncenter\" src=\"https:\/\/www.edugestores.pe\/wp-content\/uploads\/2019\/04\/Captura-de-pantalla-2019-04-01-22.09.42.png\" alt=\"Captura de pantalla 2019-04-01 22.09.42\" width=\"725\" height=\"335\" srcset=\"https:\/\/www.edugestores.pe\/wp-content\/uploads\/2019\/04\/Captura-de-pantalla-2019-04-01-22.09.42.png 814w, https:\/\/www.edugestores.pe\/wp-content\/uploads\/2019\/04\/Captura-de-pantalla-2019-04-01-22.09.42-300x139.png 300w, https:\/\/www.edugestores.pe\/wp-content\/uploads\/2019\/04\/Captura-de-pantalla-2019-04-01-22.09.42-672x310.png 672w, https:\/\/www.edugestores.pe\/wp-content\/uploads\/2019\/04\/Captura-de-pantalla-2019-04-01-22.09.42-100x46.png 100w\" sizes=\"(max-width: 725px) 100vw, 725px\" \/><\/p>\n<p style=\"text-align: justify;\">Sobre las prioridades en la tem\u00e1tica de desarrollo docente, la Capacitaci\u00f3n para la implementaci\u00f3n del CNEB qued\u00f3 en primer lugar con un 52 %, mientras que la Reforma de la formaci\u00f3n inicial docente qued\u00f3 en segundo lugar con 47%. En tercer lugar de menciones aparece el Bienestar docente con 32%. El apartado de incremento de remuneraciones aparece con un 31%. Y el desarrollo de la docencia rural con 29%. El pago de la deuda social obtuvo un 20%.<\/p>\n<p><img decoding=\"async\" loading=\"lazy\" class=\"  wp-image-22174 aligncenter\" src=\"https:\/\/www.edugestores.pe\/wp-content\/uploads\/2019\/04\/Captura-de-pantalla-2019-04-01-22.09.44.png\" alt=\"Captura de pantalla 2019-04-01 22.09.44\" width=\"690\" height=\"356\" srcset=\"https:\/\/www.edugestores.pe\/wp-content\/uploads\/2019\/04\/Captura-de-pantalla-2019-04-01-22.09.44.png 808w, https:\/\/www.edugestores.pe\/wp-content\/uploads\/2019\/04\/Captura-de-pantalla-2019-04-01-22.09.44-300x155.png 300w, https:\/\/www.edugestores.pe\/wp-content\/uploads\/2019\/04\/Captura-de-pantalla-2019-04-01-22.09.44-672x347.png 672w, https:\/\/www.edugestores.pe\/wp-content\/uploads\/2019\/04\/Captura-de-pantalla-2019-04-01-22.09.44-100x52.png 100w\" sizes=\"(max-width: 690px) 100vw, 690px\" \/><\/p>\n<p style=\"text-align: justify;\">Sobre infraestructura, Garantizar servicios b\u00e1sicos en todas las II.EE. p\u00fablicas aparece con m\u00e1s menciones (77%), M\u00e1s presupuesto para mejorar la infraestructura educativa existente en segundo lugar con 54%, mientras que en tercer lugar de menciones queda la Dotaci\u00f3n de bibliotecas y laboratorios con 52%, en orden de prioridades.<\/p>\n<p><img decoding=\"async\" loading=\"lazy\" class=\"  wp-image-22176 aligncenter\" src=\"https:\/\/www.edugestores.pe\/wp-content\/uploads\/2019\/04\/Captura-de-pantalla-2019-04-01-22.09.47.png\" alt=\"Captura de pantalla 2019-04-01 22.09.47\" width=\"703\" height=\"410\" srcset=\"https:\/\/www.edugestores.pe\/wp-content\/uploads\/2019\/04\/Captura-de-pantalla-2019-04-01-22.09.47.png 761w, https:\/\/www.edugestores.pe\/wp-content\/uploads\/2019\/04\/Captura-de-pantalla-2019-04-01-22.09.47-300x175.png 300w, https:\/\/www.edugestores.pe\/wp-content\/uploads\/2019\/04\/Captura-de-pantalla-2019-04-01-22.09.47-672x392.png 672w, https:\/\/www.edugestores.pe\/wp-content\/uploads\/2019\/04\/Captura-de-pantalla-2019-04-01-22.09.47-100x58.png 100w\" sizes=\"(max-width: 703px) 100vw, 703px\" \/><\/p>\n<p style=\"text-align: justify;\">Ante la pregunta de \u00bfC\u00f3mo deber\u00eda fortalecerse la gesti\u00f3n educativa en este nuevo periodo del Minedu?, se mencion\u00f3 en primer lugar Fortalecer la gesti\u00f3n territorial de la educaci\u00f3n, con un 52% frente a un 46% que pidi\u00f3 Fortalecer las redes educativas. Tambi\u00e9n obtuvo menciones el rubro Coordinaci\u00f3n intergubernamental para decidir no s\u00f3lo para informar, con un 43%.<\/p>\n<p><img decoding=\"async\" loading=\"lazy\" class=\" size-full wp-image-22175 aligncenter\" src=\"https:\/\/www.edugestores.pe\/wp-content\/uploads\/2019\/04\/Captura-de-pantalla-2019-04-01-22.09.51.png\" alt=\"Captura de pantalla 2019-04-01 22.09.51\" width=\"784\" height=\"386\" srcset=\"https:\/\/www.edugestores.pe\/wp-content\/uploads\/2019\/04\/Captura-de-pantalla-2019-04-01-22.09.51.png 784w, https:\/\/www.edugestores.pe\/wp-content\/uploads\/2019\/04\/Captura-de-pantalla-2019-04-01-22.09.51-300x148.png 300w, https:\/\/www.edugestores.pe\/wp-content\/uploads\/2019\/04\/Captura-de-pantalla-2019-04-01-22.09.51-672x331.png 672w, https:\/\/www.edugestores.pe\/wp-content\/uploads\/2019\/04\/Captura-de-pantalla-2019-04-01-22.09.51-100x49.png 100w\" sizes=\"(max-width: 784px) 100vw, 784px\" \/><\/p>\n<p style=\"text-align: justify;\">En la pregunta abierta, \u00bfCu\u00e1l es su expectativa respecto de la gesti\u00f3n de la ministra Flor Pablo?, los entrevistados respondieron que urge\u00a0 una mirada integral desde la escuela, e integrar las pol\u00edticas con acciones concretas desde las diferentes instancias de gobierno y desde una gesti\u00f3n descentralizada. Por otro lado, se ha solicitado priorizar inversi\u00f3n en equipamiento e infraestructura en la educaci\u00f3n t\u00e9cnica productiva. Otros usuarios tienen expectativas en\u00a0el fortalecimiento de\u00a0la meritocracia y en el\u00a0desarrollo profesional de los docentes.<\/p>\n<p>Mayor atenci\u00f3n a la gesti\u00f3n pedag\u00f3gica en empoderamiento del docente del CNEB y formaci\u00f3n docente disciplinar y pedag\u00f3gica, la mejora de las remuneraciones, as\u00ed como\u00a0la implementaci\u00f3n de modelos de gesti\u00f3n territorial en las regiones con mejores condiciones para ello, y una mayor atenci\u00f3n a las zonas rurales, tambi\u00e9n fueron mencionados.<\/p>\n<p style=\"text-align: justify;\">Aqu\u00ed puede ver el formulario <a href=\"https:\/\/docs.google.com\/forms\/d\/1fJuTdZISsj1EGRlcQDiFsKYBzrtDqTReG1T4_HQBuiI\/edit?fbclid=IwAR1UEjSi1lJsPdzNTwQS82uGLXZPDfSgqeVBJtAmhwhN_tTOVPf2wKguMDA\">de la encuesta realizada.<\/a><\/p>\n","protected":false},"excerpt":{"rendered":"<p>Hace dos semanas Edugestores solicit\u00f3 a los miembros de nuestra comunidad y a nuestros seguidores en redes sociales, responder a [&hellip;]<\/p>\n","protected":false},"author":63,"featured_media":22177,"comment_status":"open","ping_status":"open","sticky":false,"template":"","format":"standard","meta":{"spay_email":""},"categories":[125,1413],"tags":[],"yoast_head":"<!-- This site is optimized with the Yoast SEO plugin v18.0 - https:\/\/yoast.com\/wordpress\/plugins\/seo\/ -->\n<title>Edugestores: Resultado de encuesta sobre expectativas ante nueva gesti\u00f3n del Minedu - Red Peruana de Gestores de la Educaci\u00f3n<\/title>\n<meta name=\"robots\" content=\"index, follow, max-snippet:-1, max-image-preview:large, max-video-preview:-1\" \/>\n<link rel=\"canonical\" href=\"https:\/\/www.edugestores.pe\/?p=22171\" \/>\n<meta property=\"og:locale\" content=\"es_ES\" \/>\n<meta property=\"og:type\" content=\"article\" \/>\n<meta property=\"og:title\" content=\"Edugestores: Resultado de encuesta sobre expectativas ante nueva gesti\u00f3n del Minedu - Red Peruana de Gestores de la Educaci\u00f3n\" \/>\n<meta property=\"og:description\" content=\"Hace dos semanas Edugestores solicit\u00f3 a los miembros de nuestra comunidad y a nuestros seguidores en redes sociales, responder a [&hellip;]\" \/>\n<meta property=\"og:url\" content=\"https:\/\/www.edugestores.pe\/?p=22171\" \/>\n<meta property=\"og:site_name\" content=\"Red Peruana de Gestores de la Educaci\u00f3n\" \/>\n<meta property=\"article:published_time\" content=\"2019-04-02T03:44:52+00:00\" \/>\n<meta property=\"article:modified_time\" content=\"2019-08-16T16:32:57+00:00\" \/>\n<meta property=\"og:image\" content=\"https:\/\/www.edugestores.pe\/wp-content\/uploads\/2019\/04\/Encuestas-rotacion-preguntas-1.jpeg\" \/>\n\t<meta property=\"og:image:width\" content=\"649\" \/>\n\t<meta property=\"og:image:height\" content=\"376\" \/>\n\t<meta property=\"og:image:type\" content=\"image\/jpeg\" \/>\n<meta name=\"twitter:card\" content=\"summary_large_image\" \/>\n<meta name=\"twitter:label1\" content=\"Escrito por\" \/>\n\t<meta name=\"twitter:data1\" content=\"Administrador\" \/>\n\t<meta name=\"twitter:label2\" content=\"Tiempo de lectura\" \/>\n\t<meta name=\"twitter:data2\" content=\"3 minutos\" \/>\n<script type=\"application\/ld+json\" class=\"yoast-schema-graph\">{\"@context\":\"https:\/\/schema.org\",\"@graph\":[{\"@type\":\"WebSite\",\"@id\":\"https:\/\/www.edugestores.pe\/#website\",\"url\":\"https:\/\/www.edugestores.pe\/\",\"name\":\"Red Peruana de Gestores de la Educaci\u00f3n\",\"description\":\"Red Peruana de Gestores de la Educaci\u00f3n\",\"potentialAction\":[{\"@type\":\"SearchAction\",\"target\":{\"@type\":\"EntryPoint\",\"urlTemplate\":\"https:\/\/www.edugestores.pe\/?s={search_term_string}\"},\"query-input\":\"required name=search_term_string\"}],\"inLanguage\":\"es\"},{\"@type\":\"ImageObject\",\"@id\":\"https:\/\/www.edugestores.pe\/?p=22171#primaryimage\",\"inLanguage\":\"es\",\"url\":\"https:\/\/www.edugestores.pe\/wp-content\/uploads\/2019\/04\/Encuestas-rotacion-preguntas-1.jpeg\",\"contentUrl\":\"https:\/\/www.edugestores.pe\/wp-content\/uploads\/2019\/04\/Encuestas-rotacion-preguntas-1.jpeg\",\"width\":649,\"height\":376},{\"@type\":\"WebPage\",\"@id\":\"https:\/\/www.edugestores.pe\/?p=22171#webpage\",\"url\":\"https:\/\/www.edugestores.pe\/?p=22171\",\"name\":\"Edugestores: Resultado de encuesta sobre expectativas ante nueva gesti\u00f3n del Minedu - Red Peruana de Gestores de la Educaci\u00f3n\",\"isPartOf\":{\"@id\":\"https:\/\/www.edugestores.pe\/#website\"},\"primaryImageOfPage\":{\"@id\":\"https:\/\/www.edugestores.pe\/?p=22171#primaryimage\"},\"datePublished\":\"2019-04-02T03:44:52+00:00\",\"dateModified\":\"2019-08-16T16:32:57+00:00\",\"author\":{\"@id\":\"https:\/\/www.edugestores.pe\/#\/schema\/person\/30dc82f35f5853289037a64b35c7c7d3\"},\"breadcrumb\":{\"@id\":\"https:\/\/www.edugestores.pe\/?p=22171#breadcrumb\"},\"inLanguage\":\"es\",\"potentialAction\":[{\"@type\":\"ReadAction\",\"target\":[\"https:\/\/www.edugestores.pe\/?p=22171\"]}]},{\"@type\":\"BreadcrumbList\",\"@id\":\"https:\/\/www.edugestores.pe\/?p=22171#breadcrumb\",\"itemListElement\":[{\"@type\":\"ListItem\",\"position\":1,\"name\":\"Portada\",\"item\":\"https:\/\/www.edugestores.pe\/\"},{\"@type\":\"ListItem\",\"position\":2,\"name\":\"Edugestores: Resultado de encuesta sobre expectativas ante nueva gesti\u00f3n del Minedu\"}]},{\"@type\":\"Person\",\"@id\":\"https:\/\/www.edugestores.pe\/#\/schema\/person\/30dc82f35f5853289037a64b35c7c7d3\",\"name\":\"Administrador\",\"image\":{\"@type\":\"ImageObject\",\"@id\":\"https:\/\/www.edugestores.pe\/#personlogo\",\"inLanguage\":\"es\",\"url\":\"https:\/\/secure.gravatar.com\/avatar\/70960d1239c4d2c778bb3d2786a3c1ae?s=96&d=mm&r=g\",\"contentUrl\":\"https:\/\/secure.gravatar.com\/avatar\/70960d1239c4d2c778bb3d2786a3c1ae?s=96&d=mm&r=g\",\"caption\":\"Administrador\"},\"url\":\"https:\/\/www.edugestores.pe\/?author=63\"}]}<\/script>\n<!-- \/ Yoast SEO plugin. -->","yoast_head_json":{"title":"Edugestores: Resultado de encuesta sobre expectativas ante nueva gesti\u00f3n del Minedu - Red Peruana de Gestores de la Educaci\u00f3n","robots":{"index":"index","follow":"follow","max-snippet":"max-snippet:-1","max-image-preview":"max-image-preview:large","max-video-preview":"max-video-preview:-1"},"canonical":"https:\/\/www.edugestores.pe\/?p=22171","og_locale":"es_ES","og_type":"article","og_title":"Edugestores: Resultado de encuesta sobre expectativas ante nueva gesti\u00f3n del Minedu - Red Peruana de Gestores de la Educaci\u00f3n","og_description":"Hace dos semanas Edugestores solicit\u00f3 a los miembros de nuestra comunidad y a nuestros seguidores en redes sociales, responder a [&hellip;]","og_url":"https:\/\/www.edugestores.pe\/?p=22171","og_site_name":"Red Peruana de Gestores de la Educaci\u00f3n","article_published_time":"2019-04-02T03:44:52+00:00","article_modified_time":"2019-08-16T16:32:57+00:00","og_image":[{"width":649,"height":376,"url":"https:\/\/www.edugestores.pe\/wp-content\/uploads\/2019\/04\/Encuestas-rotacion-preguntas-1.jpeg","type":"image\/jpeg"}],"twitter_card":"summary_large_image","twitter_misc":{"Escrito por":"Administrador","Tiempo de lectura":"3 minutos"},"schema":{"@context":"https:\/\/schema.org","@graph":[{"@type":"WebSite","@id":"https:\/\/www.edugestores.pe\/#website","url":"https:\/\/www.edugestores.pe\/","name":"Red Peruana de Gestores de la Educaci\u00f3n","description":"Red Peruana de Gestores de la Educaci\u00f3n","potentialAction":[{"@type":"SearchAction","target":{"@type":"EntryPoint","urlTemplate":"https:\/\/www.edugestores.pe\/?s={search_term_string}"},"query-input":"required name=search_term_string"}],"inLanguage":"es"},{"@type":"ImageObject","@id":"https:\/\/www.edugestores.pe\/?p=22171#primaryimage","inLanguage":"es","url":"https:\/\/www.edugestores.pe\/wp-content\/uploads\/2019\/04\/Encuestas-rotacion-preguntas-1.jpeg","contentUrl":"https:\/\/www.edugestores.pe\/wp-content\/uploads\/2019\/04\/Encuestas-rotacion-preguntas-1.jpeg","width":649,"height":376},{"@type":"WebPage","@id":"https:\/\/www.edugestores.pe\/?p=22171#webpage","url":"https:\/\/www.edugestores.pe\/?p=22171","name":"Edugestores: Resultado de encuesta sobre expectativas ante nueva gesti\u00f3n del Minedu - Red Peruana de Gestores de la Educaci\u00f3n","isPartOf":{"@id":"https:\/\/www.edugestores.pe\/#website"},"primaryImageOfPage":{"@id":"https:\/\/www.edugestores.pe\/?p=22171#primaryimage"},"datePublished":"2019-04-02T03:44:52+00:00","dateModified":"2019-08-16T16:32:57+00:00","author":{"@id":"https:\/\/www.edugestores.pe\/#\/schema\/person\/30dc82f35f5853289037a64b35c7c7d3"},"breadcrumb":{"@id":"https:\/\/www.edugestores.pe\/?p=22171#breadcrumb"},"inLanguage":"es","potentialAction":[{"@type":"ReadAction","target":["https:\/\/www.edugestores.pe\/?p=22171"]}]},{"@type":"BreadcrumbList","@id":"https:\/\/www.edugestores.pe\/?p=22171#breadcrumb","itemListElement":[{"@type":"ListItem","position":1,"name":"Portada","item":"https:\/\/www.edugestores.pe\/"},{"@type":"ListItem","position":2,"name":"Edugestores: Resultado de encuesta sobre expectativas ante nueva gesti\u00f3n del Minedu"}]},{"@type":"Person","@id":"https:\/\/www.edugestores.pe\/#\/schema\/person\/30dc82f35f5853289037a64b35c7c7d3","name":"Administrador","image":{"@type":"ImageObject","@id":"https:\/\/www.edugestores.pe\/#personlogo","inLanguage":"es","url":"https:\/\/secure.gravatar.com\/avatar\/70960d1239c4d2c778bb3d2786a3c1ae?s=96&d=mm&r=g","contentUrl":"https:\/\/secure.gravatar.com\/avatar\/70960d1239c4d2c778bb3d2786a3c1ae?s=96&d=mm&r=g","caption":"Administrador"},"url":"https:\/\/www.edugestores.pe\/?author=63"}]}},"jetpack_featured_media_url":"https:\/\/www.edugestores.pe\/wp-content\/uploads\/2019\/04\/Encuestas-rotacion-preguntas-1.jpeg","_links":{"self":[{"href":"https:\/\/www.edugestores.pe\/index.php?rest_route=\/wp\/v2\/posts\/22171"}],"collection":[{"href":"https:\/\/www.edugestores.pe\/index.php?rest_route=\/wp\/v2\/posts"}],"about":[{"href":"https:\/\/www.edugestores.pe\/index.php?rest_route=\/wp\/v2\/types\/post"}],"author":[{"embeddable":true,"href":"https:\/\/www.edugestores.pe\/index.php?rest_route=\/wp\/v2\/users\/63"}],"replies":[{"embeddable":true,"href":"https:\/\/www.edugestores.pe\/index.php?rest_route=%2Fwp%2Fv2%2Fcomments&post=22171"}],"version-history":[{"count":5,"href":"https:\/\/www.edugestores.pe\/index.php?rest_route=\/wp\/v2\/posts\/22171\/revisions"}],"predecessor-version":[{"id":22339,"href":"https:\/\/www.edugestores.pe\/index.php?rest_route=\/wp\/v2\/posts\/22171\/revisions\/22339"}],"wp:featuredmedia":[{"embeddable":true,"href":"https:\/\/www.edugestores.pe\/index.php?rest_route=\/wp\/v2\/media\/22177"}],"wp:attachment":[{"href":"https:\/\/www.edugestores.pe\/index.php?rest_route=%2Fwp%2Fv2%2Fmedia&parent=22171"}],"wp:term":[{"taxonomy":"category","embeddable":true,"href":"https:\/\/www.edugestores.pe\/index.php?rest_route=%2Fwp%2Fv2%2Fcategories&post=22171"},{"taxonomy":"post_tag","embeddable":true,"href":"https:\/\/www.edugestores.pe\/index.php?rest_route=%2Fwp%2Fv2%2Ftags&post=22171"}],"curies":[{"name":"wp","href":"https:\/\/api.w.org\/{rel}","templated":true}]}}