{"id":22193,"date":"2019-04-03T11:13:38","date_gmt":"2019-04-03T16:13:38","guid":{"rendered":"https:\/\/www.edugestores.pe\/?p=22193"},"modified":"2019-08-16T11:33:03","modified_gmt":"2019-08-16T16:33:03","slug":"reporte-de-marzo-del-observatorio-de-politicas-educativas","status":"publish","type":"post","link":"https:\/\/www.edugestores.pe\/?p=22193","title":{"rendered":"Reporte de marzo del Observatorio de Pol\u00edticas Educativas"},"content":{"rendered":"<p style=\"font-weight: 400; text-align: justify;\">Compartimos en Edugestores el reporte\u00a0de marzo del Observatorio de Pol\u00edticas Educativas, elaborado por el Instituto de Gobierno y Desarrollo Humano.<\/p>\n<p style=\"font-weight: 400; text-align: justify;\">Las principales pol\u00edticas a destacar son las siguientes:<\/p>\n<p style=\"font-weight: 400; text-align: justify;\"><strong>1. Desarrollo docente<\/strong><\/p>\n<p style=\"font-weight: 400; text-align: justify;\">&#8211;<a href=\"https:\/\/www.edugestores.pe\/docs\/disposiciones-para-la-implementacion-del-programa-de-induccion-docente-2019\/\">Resoluci\u00f3n Viceministerial\u00a0N\u00b0 047-2019-MINEDU<\/a>:\u00a0Aprueban la Norma T\u00e9cnica Disposiciones para la implementaci\u00f3n del Programa de Inducci\u00f3n Docente a desarrollarse en el a\u00f1o 2019.<\/p>\n<p style=\"font-weight: 400; text-align: justify;\">&#8211;<a href=\"https:\/\/www.edugestores.pe\/docs\/normas-para-organizacion-de-programa-nacional-de-formacion-y-capacitacion-de-directores-de-iiee-de-ebr-y-tecnico-productiva\/\">Resoluci\u00f3n Viceministerial\u00a0N\u00b0 055-2019-MINEDU<\/a>:\u00a0Modifican Norma T\u00e9cnica denominada Normas para la organizaci\u00f3n del Programa Nacional de Formaci\u00f3n y Capacitaci\u00f3n de Directores y Subdirectores de Instituciones Educativas P\u00fablicas de Educaci\u00f3n B\u00e1sica y T\u00e9cnico Productiva.<\/p>\n<p style=\"font-weight: 400; text-align: justify;\">&#8211;<a href=\"https:\/\/busquedas.elperuano.pe\/normaslegales\/ley-que-modifica-los-articulos-168-b-y-195-del-codigo-penal-ley-n-30924-1754996-1\/\">Ley N\u00b0 30924<\/a>:\u00a0Ley que modifica los art\u00edculos 168-B y 195 del C\u00f3digo Penal incorporando la pena de multa al delito de trabajo forzoso<\/p>\n<p style=\"text-align: justify;\"><b>2. Aprendizajes<\/b><\/p>\n<p style=\"font-weight: 400; text-align: justify;\">&#8211;<a href=\"https:\/\/www.gob.pe\/institucion\/minsa\/normas-legales\/265442-195-2019-minsa\">Resoluci\u00f3n Ministerial\u00a0N\u00b0 195-2019\/MINSA:<\/a>\u00a0Aprueban el Documento T\u00e9cnico: Lineamientos para la Promoci\u00f3n y Protecci\u00f3n de la Alimentaci\u00f3n Saludable en las Instituciones Educativas P\u00fablicas y Privadas de la Educaci\u00f3n B\u00e1sica.<\/p>\n<p style=\"font-weight: 400; text-align: justify;\">&#8211;<a href=\"https:\/\/www.edugestores.pe\/docs\/criterios-de-diseno-para-locales-educativos-de-educacion-basica-especial\/\">Resoluci\u00f3n Viceministerial\u00a0N\u00b0 056-2019-MINEDU<\/a>:\u00a0Aprueban Norma T\u00e9cnica denominada Criterios de Dise\u00f1o para Locales Educativos de Educaci\u00f3n B\u00e1sica Especial<\/p>\n<p style=\"font-weight: 400; text-align: justify;\"><strong>\u00a03. Gesti\u00f3n y presupuesto<\/strong><\/p>\n<p style=\"font-weight: 400; text-align: justify;\">&#8211;<a href=\"https:\/\/www.gob.pe\/institucion\/minedu\/normas-legales\/266986-039-2019-minedu\">Resoluci\u00f3n N\u00b0 039-2019-MINEDU<\/a>:\u00a0Aprueban la Norma T\u00e9cnica para la implementaci\u00f3n del mecanismo denominado Compromisos de Gesti\u00f3n ESFA 2019<\/p>\n<p style=\"font-weight: 400; text-align: justify;\"><strong>\u00a04. Infraestructura<\/strong><\/p>\n<p style=\"font-weight: 400; text-align: justify;\">&#8211;\u00a0<a href=\"https:\/\/www.edugestores.pe\/docs\/aprueban-los-lineamientos-para-la-dotacion-de-materiales-educativos-para-la-educacion-basica\/\">Resoluci\u00f3n Viceministerial\u00a0N\u00b0 053-2019-MINEDU<\/a>:\u00a0Aprueban los Lineamientos para la dotaci\u00f3n de materiales educativos para la Educaci\u00f3n B\u00e1sica<\/p>\n<p style=\"font-weight: 400; text-align: justify;\">&#8211;\u00a0<a href=\"https:\/\/busquedas.elperuano.pe\/normaslegales\/aprueban-la-norma-tecnica-disposiciones-para-la-ejecucion-d-resolucion-ministerial-n-124-2019-minedu-1752608-2\/\">Resoluci\u00f3n Ministerial\u00a0N\u00b0 124-2019-MINEDU<\/a>:\u00a0Aprueban la Norma T\u00e9cnica Disposiciones para la Ejecuci\u00f3n del Mantenimiento de los Locales Educativos en el marco del Decreto de Urgencia N\u00b0 001-2019<\/p>\n<p style=\"font-weight: 400; text-align: justify;\">\u00a0<strong>5. Educaci\u00f3n superior<\/strong><\/p>\n<p style=\"font-weight: 400; text-align: justify;\">&#8211;<a href=\"https:\/\/www.gob.pe\/institucion\/minedu\/normas-legales\/265370-045-2019-minedu\">Resoluci\u00f3n Viceministerial\u00a0N\u00b0 045-2019-MINEDU<\/a>:\u00a0Aprueban el Instructivo para la ejecuci\u00f3n de las actividades del Programa Presupuestal 0107: Mejora de la Formaci\u00f3n en Carreras Docentes en Institutos de Educaci\u00f3n Superior No Universitaria<\/p>\n<p style=\"font-weight: 400; text-align: justify;\">&#8211;<a href=\"https:\/\/www.sunedu.gob.pe\/decreto-supremo-n-005-2019-minedu\/\">Decreto Supremo N\u00b0 005-2019-MINEDU<\/a>:\u00a0Decreto Supremo que aprueba el Reglamento de Infracciones y Sanciones de la Superintendencia Nacional de Educaci\u00f3n Superior Universitaria (SUNEDU)<\/p>\n<p style=\"font-weight: 400; text-align: justify;\"><strong>\u00a0<\/strong>Para mayor informaci\u00f3n visite la web del Observatorio de Pol\u00edticas Educativas <a href=\"http:\/\/www.gobiernoydesarrollohumano.org\/cuadro.php?mes=marzo&amp;anio=2019\">en el siguiente link<\/a><\/p>\n<p style=\"font-weight: 400;\"><img decoding=\"async\" loading=\"lazy\" class=\"alignnone  wp-image-22194\" src=\"https:\/\/www.edugestores.pe\/wp-content\/uploads\/2019\/04\/MARZO-1024x520.png\" alt=\"MARZO\" width=\"774\" height=\"393\" srcset=\"https:\/\/www.edugestores.pe\/wp-content\/uploads\/2019\/04\/MARZO-1024x520.png 1024w, https:\/\/www.edugestores.pe\/wp-content\/uploads\/2019\/04\/MARZO-300x152.png 300w, https:\/\/www.edugestores.pe\/wp-content\/uploads\/2019\/04\/MARZO-672x341.png 672w, https:\/\/www.edugestores.pe\/wp-content\/uploads\/2019\/04\/MARZO-1038x527.png 1038w, https:\/\/www.edugestores.pe\/wp-content\/uploads\/2019\/04\/MARZO-100x51.png 100w, https:\/\/www.edugestores.pe\/wp-content\/uploads\/2019\/04\/MARZO.png 1344w\" sizes=\"(max-width: 774px) 100vw, 774px\" \/><\/p>\n<p style=\"font-weight: 400;\">\n","protected":false},"excerpt":{"rendered":"<p>Compartimos en Edugestores el reporte\u00a0de marzo del Observatorio de Pol\u00edticas Educativas, elaborado por el Instituto de Gobierno y Desarrollo Humano. [&hellip;]<\/p>\n","protected":false},"author":63,"featured_media":19806,"comment_status":"open","ping_status":"open","sticky":false,"template":"","format":"standard","meta":{"spay_email":""},"categories":[125,1413],"tags":[],"yoast_head":"<!-- This site is optimized with the Yoast SEO plugin v18.0 - https:\/\/yoast.com\/wordpress\/plugins\/seo\/ -->\n<title>Reporte de marzo del Observatorio de Pol\u00edticas Educativas - Red Peruana de Gestores de la Educaci\u00f3n<\/title>\n<meta name=\"robots\" content=\"index, follow, max-snippet:-1, max-image-preview:large, max-video-preview:-1\" \/>\n<link rel=\"canonical\" href=\"https:\/\/www.edugestores.pe\/?p=22193\" \/>\n<meta property=\"og:locale\" content=\"es_ES\" \/>\n<meta property=\"og:type\" content=\"article\" \/>\n<meta property=\"og:title\" content=\"Reporte de marzo del Observatorio de Pol\u00edticas Educativas - Red Peruana de Gestores de la Educaci\u00f3n\" \/>\n<meta property=\"og:description\" content=\"Compartimos en Edugestores el reporte\u00a0de marzo del Observatorio de Pol\u00edticas Educativas, elaborado por el Instituto de Gobierno y Desarrollo Humano. [&hellip;]\" \/>\n<meta property=\"og:url\" content=\"https:\/\/www.edugestores.pe\/?p=22193\" \/>\n<meta property=\"og:site_name\" content=\"Red Peruana de Gestores de la Educaci\u00f3n\" \/>\n<meta property=\"article:published_time\" content=\"2019-04-03T16:13:38+00:00\" \/>\n<meta property=\"article:modified_time\" content=\"2019-08-16T16:33:03+00:00\" \/>\n<meta property=\"og:image\" content=\"https:\/\/www.edugestores.pe\/wp-content\/uploads\/2018\/05\/docenteadtysak.jpg\" \/>\n\t<meta property=\"og:image:width\" content=\"960\" \/>\n\t<meta property=\"og:image:height\" content=\"640\" \/>\n\t<meta property=\"og:image:type\" content=\"image\/jpeg\" \/>\n<meta name=\"twitter:card\" content=\"summary_large_image\" \/>\n<meta name=\"twitter:label1\" content=\"Escrito por\" \/>\n\t<meta name=\"twitter:data1\" content=\"Administrador\" \/>\n\t<meta name=\"twitter:label2\" content=\"Tiempo de lectura\" \/>\n\t<meta name=\"twitter:data2\" content=\"2 minutos\" \/>\n<script type=\"application\/ld+json\" class=\"yoast-schema-graph\">{\"@context\":\"https:\/\/schema.org\",\"@graph\":[{\"@type\":\"WebSite\",\"@id\":\"https:\/\/www.edugestores.pe\/#website\",\"url\":\"https:\/\/www.edugestores.pe\/\",\"name\":\"Red Peruana de Gestores de la Educaci\u00f3n\",\"description\":\"Red Peruana de Gestores de la Educaci\u00f3n\",\"potentialAction\":[{\"@type\":\"SearchAction\",\"target\":{\"@type\":\"EntryPoint\",\"urlTemplate\":\"https:\/\/www.edugestores.pe\/?s={search_term_string}\"},\"query-input\":\"required name=search_term_string\"}],\"inLanguage\":\"es\"},{\"@type\":\"ImageObject\",\"@id\":\"https:\/\/www.edugestores.pe\/?p=22193#primaryimage\",\"inLanguage\":\"es\",\"url\":\"https:\/\/www.edugestores.pe\/wp-content\/uploads\/2018\/05\/docenteadtysak.jpg\",\"contentUrl\":\"https:\/\/www.edugestores.pe\/wp-content\/uploads\/2018\/05\/docenteadtysak.jpg\",\"width\":960,\"height\":640},{\"@type\":\"WebPage\",\"@id\":\"https:\/\/www.edugestores.pe\/?p=22193#webpage\",\"url\":\"https:\/\/www.edugestores.pe\/?p=22193\",\"name\":\"Reporte de marzo del Observatorio de Pol\u00edticas Educativas - Red Peruana de Gestores de la Educaci\u00f3n\",\"isPartOf\":{\"@id\":\"https:\/\/www.edugestores.pe\/#website\"},\"primaryImageOfPage\":{\"@id\":\"https:\/\/www.edugestores.pe\/?p=22193#primaryimage\"},\"datePublished\":\"2019-04-03T16:13:38+00:00\",\"dateModified\":\"2019-08-16T16:33:03+00:00\",\"author\":{\"@id\":\"https:\/\/www.edugestores.pe\/#\/schema\/person\/30dc82f35f5853289037a64b35c7c7d3\"},\"breadcrumb\":{\"@id\":\"https:\/\/www.edugestores.pe\/?p=22193#breadcrumb\"},\"inLanguage\":\"es\",\"potentialAction\":[{\"@type\":\"ReadAction\",\"target\":[\"https:\/\/www.edugestores.pe\/?p=22193\"]}]},{\"@type\":\"BreadcrumbList\",\"@id\":\"https:\/\/www.edugestores.pe\/?p=22193#breadcrumb\",\"itemListElement\":[{\"@type\":\"ListItem\",\"position\":1,\"name\":\"Portada\",\"item\":\"https:\/\/www.edugestores.pe\/\"},{\"@type\":\"ListItem\",\"position\":2,\"name\":\"Reporte de marzo del Observatorio de Pol\u00edticas Educativas\"}]},{\"@type\":\"Person\",\"@id\":\"https:\/\/www.edugestores.pe\/#\/schema\/person\/30dc82f35f5853289037a64b35c7c7d3\",\"name\":\"Administrador\",\"image\":{\"@type\":\"ImageObject\",\"@id\":\"https:\/\/www.edugestores.pe\/#personlogo\",\"inLanguage\":\"es\",\"url\":\"https:\/\/secure.gravatar.com\/avatar\/70960d1239c4d2c778bb3d2786a3c1ae?s=96&d=mm&r=g\",\"contentUrl\":\"https:\/\/secure.gravatar.com\/avatar\/70960d1239c4d2c778bb3d2786a3c1ae?s=96&d=mm&r=g\",\"caption\":\"Administrador\"},\"url\":\"https:\/\/www.edugestores.pe\/?author=63\"}]}<\/script>\n<!-- \/ Yoast SEO plugin. -->","yoast_head_json":{"title":"Reporte de marzo del Observatorio de Pol\u00edticas Educativas - Red Peruana de Gestores de la Educaci\u00f3n","robots":{"index":"index","follow":"follow","max-snippet":"max-snippet:-1","max-image-preview":"max-image-preview:large","max-video-preview":"max-video-preview:-1"},"canonical":"https:\/\/www.edugestores.pe\/?p=22193","og_locale":"es_ES","og_type":"article","og_title":"Reporte de marzo del Observatorio de Pol\u00edticas Educativas - Red Peruana de Gestores de la Educaci\u00f3n","og_description":"Compartimos en Edugestores el reporte\u00a0de marzo del Observatorio de Pol\u00edticas Educativas, elaborado por el Instituto de Gobierno y Desarrollo Humano. [&hellip;]","og_url":"https:\/\/www.edugestores.pe\/?p=22193","og_site_name":"Red Peruana de Gestores de la Educaci\u00f3n","article_published_time":"2019-04-03T16:13:38+00:00","article_modified_time":"2019-08-16T16:33:03+00:00","og_image":[{"width":960,"height":640,"url":"https:\/\/www.edugestores.pe\/wp-content\/uploads\/2018\/05\/docenteadtysak.jpg","type":"image\/jpeg"}],"twitter_card":"summary_large_image","twitter_misc":{"Escrito por":"Administrador","Tiempo de lectura":"2 minutos"},"schema":{"@context":"https:\/\/schema.org","@graph":[{"@type":"WebSite","@id":"https:\/\/www.edugestores.pe\/#website","url":"https:\/\/www.edugestores.pe\/","name":"Red Peruana de Gestores de la Educaci\u00f3n","description":"Red Peruana de Gestores de la Educaci\u00f3n","potentialAction":[{"@type":"SearchAction","target":{"@type":"EntryPoint","urlTemplate":"https:\/\/www.edugestores.pe\/?s={search_term_string}"},"query-input":"required name=search_term_string"}],"inLanguage":"es"},{"@type":"ImageObject","@id":"https:\/\/www.edugestores.pe\/?p=22193#primaryimage","inLanguage":"es","url":"https:\/\/www.edugestores.pe\/wp-content\/uploads\/2018\/05\/docenteadtysak.jpg","contentUrl":"https:\/\/www.edugestores.pe\/wp-content\/uploads\/2018\/05\/docenteadtysak.jpg","width":960,"height":640},{"@type":"WebPage","@id":"https:\/\/www.edugestores.pe\/?p=22193#webpage","url":"https:\/\/www.edugestores.pe\/?p=22193","name":"Reporte de marzo del Observatorio de Pol\u00edticas Educativas - Red Peruana de Gestores de la Educaci\u00f3n","isPartOf":{"@id":"https:\/\/www.edugestores.pe\/#website"},"primaryImageOfPage":{"@id":"https:\/\/www.edugestores.pe\/?p=22193#primaryimage"},"datePublished":"2019-04-03T16:13:38+00:00","dateModified":"2019-08-16T16:33:03+00:00","author":{"@id":"https:\/\/www.edugestores.pe\/#\/schema\/person\/30dc82f35f5853289037a64b35c7c7d3"},"breadcrumb":{"@id":"https:\/\/www.edugestores.pe\/?p=22193#breadcrumb"},"inLanguage":"es","potentialAction":[{"@type":"ReadAction","target":["https:\/\/www.edugestores.pe\/?p=22193"]}]},{"@type":"BreadcrumbList","@id":"https:\/\/www.edugestores.pe\/?p=22193#breadcrumb","itemListElement":[{"@type":"ListItem","position":1,"name":"Portada","item":"https:\/\/www.edugestores.pe\/"},{"@type":"ListItem","position":2,"name":"Reporte de marzo del Observatorio de Pol\u00edticas Educativas"}]},{"@type":"Person","@id":"https:\/\/www.edugestores.pe\/#\/schema\/person\/30dc82f35f5853289037a64b35c7c7d3","name":"Administrador","image":{"@type":"ImageObject","@id":"https:\/\/www.edugestores.pe\/#personlogo","inLanguage":"es","url":"https:\/\/secure.gravatar.com\/avatar\/70960d1239c4d2c778bb3d2786a3c1ae?s=96&d=mm&r=g","contentUrl":"https:\/\/secure.gravatar.com\/avatar\/70960d1239c4d2c778bb3d2786a3c1ae?s=96&d=mm&r=g","caption":"Administrador"},"url":"https:\/\/www.edugestores.pe\/?author=63"}]}},"jetpack_featured_media_url":"https:\/\/www.edugestores.pe\/wp-content\/uploads\/2018\/05\/docenteadtysak.jpg","_links":{"self":[{"href":"https:\/\/www.edugestores.pe\/index.php?rest_route=\/wp\/v2\/posts\/22193"}],"collection":[{"href":"https:\/\/www.edugestores.pe\/index.php?rest_route=\/wp\/v2\/posts"}],"about":[{"href":"https:\/\/www.edugestores.pe\/index.php?rest_route=\/wp\/v2\/types\/post"}],"author":[{"embeddable":true,"href":"https:\/\/www.edugestores.pe\/index.php?rest_route=\/wp\/v2\/users\/63"}],"replies":[{"embeddable":true,"href":"https:\/\/www.edugestores.pe\/index.php?rest_route=%2Fwp%2Fv2%2Fcomments&post=22193"}],"version-history":[{"count":1,"href":"https:\/\/www.edugestores.pe\/index.php?rest_route=\/wp\/v2\/posts\/22193\/revisions"}],"predecessor-version":[{"id":22201,"href":"https:\/\/www.edugestores.pe\/index.php?rest_route=\/wp\/v2\/posts\/22193\/revisions\/22201"}],"wp:featuredmedia":[{"embeddable":true,"href":"https:\/\/www.edugestores.pe\/index.php?rest_route=\/wp\/v2\/media\/19806"}],"wp:attachment":[{"href":"https:\/\/www.edugestores.pe\/index.php?rest_route=%2Fwp%2Fv2%2Fmedia&parent=22193"}],"wp:term":[{"taxonomy":"category","embeddable":true,"href":"https:\/\/www.edugestores.pe\/index.php?rest_route=%2Fwp%2Fv2%2Fcategories&post=22193"},{"taxonomy":"post_tag","embeddable":true,"href":"https:\/\/www.edugestores.pe\/index.php?rest_route=%2Fwp%2Fv2%2Ftags&post=22193"}],"curies":[{"name":"wp","href":"https:\/\/api.w.org\/{rel}","templated":true}]}}