{"id":22207,"date":"2019-04-04T11:15:26","date_gmt":"2019-04-04T16:15:26","guid":{"rendered":"https:\/\/www.edugestores.pe\/?p=22207"},"modified":"2019-08-16T11:32:38","modified_gmt":"2019-08-16T16:32:38","slug":"que-dijo-premier-salvador-del-solar-sobre-educacion-hoy-en-el-congreso","status":"publish","type":"post","link":"https:\/\/www.edugestores.pe\/?p=22207","title":{"rendered":"\u00bfQu\u00e9 dijo premier Salvador del Solar sobre educaci\u00f3n hoy en el Congreso?"},"content":{"rendered":"<p style=\"text-align: justify;\">Esta ma\u00f1ana, el presidente del Consejo de Ministros,\u00a0Salvador del Solar,\u00a0se present\u00f3\u00a0en el pleno del Congreso, donde detall\u00f3 la pol\u00edtica del gobierno y luego solicit\u00f3 el voto de confianza para su Gabinete, el segundo paritario de la historia.<\/p>\n<p style=\"text-align: justify;\">Sobre el tema educativo, Del Solar sostuvo que &#8220;El sistema educativo debe ser el gran igualador de oportunidades de nuestros ni\u00f1as y ni\u00f1os. La escuela debe ser el espacio donde los estudiantes alcancen su m\u00e1ximo potencial, desarrollen el pensamiento cr\u00edtico y obtengan las herramientas para emprender el proyecto de vida que les satisfaga y ser ciudadanos activos en la sociedad&#8221;.<\/p>\n<p style=\"text-align: justify;\">El premier se\u00f1al\u00f3 que siendo el docente uno de los actores fundamentales del proceso de ense\u00f1anza-aprendizaje, este gobierno plantea una estrategia de mejoramiento de la formaci\u00f3n de los docentes&#8221;. Indic\u00f3 que la estrategia consta de:<\/p>\n<p style=\"text-align: justify;\">\uf0b7 Iniciar con el proceso de licenciamiento de 20 Escuelas de Educaci\u00f3n Superior Pedag\u00f3gica en 2019 para asegurar condiciones b\u00e1sicas de calidad necesarias para la formaci\u00f3n de los nuevos docentes que ingresar\u00e1n al sistema educativo.<\/p>\n<p style=\"text-align: justify;\">\uf0b7 Certificar 75,000 docentes y directivos en julio de 2019 a trav\u00e9s de cursos virtuales (curr\u00edculo nacional, planificaci\u00f3n y evaluaci\u00f3n formativa, desarrollo del pensamiento cr\u00edtico y ciudadan\u00eda).<\/p>\n<p style=\"text-align: justify;\">\uf0b7 Culminar el programa de formaci\u00f3n en servicio para 23,233 docentes y directivos de Educaci\u00f3n B\u00e1sica del nivel secundario en noviembre 2019.<\/p>\n<p style=\"text-align: justify;\">\uf0b7 Capacitar a 2,760 directivos designados por primera vez en el cargo.<\/p>\n<p style=\"text-align: justify;\">Sobre el tema de infraestructura, dijo que &#8220;este a\u00f1o estamos interviniendo en 1,000 locales escolares para contribuir a cerrar la brecha de infraestructura educativa de calidad&#8221;. Y buscando generar igualdad de oportunidades, en el \u00e1mbito rural, indic\u00f3 que se fortalecer\u00e1 &#8220;la implementaci\u00f3n de las Redes Educativas Rurales al 2021&#8221;. Dijo que en abril se contar\u00e1 con la identificaci\u00f3n, de la mano con los equipos de las Direcciones Regionales de Educaci\u00f3n y Unidades de Gesti\u00f3n Educativa Local, de las nuevas 100 redes a crearse el 2020.<\/p>\n<p style=\"text-align: justify;\">Por otro lado, sostuvo que desde el Programa Qali Warma &#8220;apostamos a cumplir progresivamente la meta de universalizar el servicio de alimentaci\u00f3n escolar a ni\u00f1as y ni\u00f1os de las escuelas p\u00fablicas del nivel inicial a partir de los 3 a\u00f1os de edad, del nivel primaria a nivel nacional y de estudiantes del nivel secundaria focalizada de los pueblos ind\u00edgenas de la Amazon\u00eda Peruana, estim\u00e1ndose una cobertura de 3.8 millones de estudiantes de instituciones educativas, y m\u00e1s de 97 mil estudiantes de 439 instituciones educativas de Jornada Escolar Completa que reciben el servicio alimentario. Y a partir del 2020 proponemos atender a estudiantes de Formaci\u00f3n Alternativa Diversificada con desayunos, almuerzos y cenas, con una atenci\u00f3n para m\u00e1s 23 mil estudiantes en 186 de estas instituciones educativas&#8221;.<\/p>\n<p style=\"text-align: justify;\">En educaci\u00f3n superior, el premier dijo que &#8220;la implementaci\u00f3n cabal de la Ley Universitaria demanda precisar y articular las competencias de cada uno de sus actores intervinientes en la pol\u00edtica de aseguramiento de la calidad de la educaci\u00f3n superior. Proponemos modificar el modelo de acreditaci\u00f3n institucional de universidades e institutos para su articulaci\u00f3n a la pol\u00edtica de aseguramiento de la calidad de la educaci\u00f3n superior. La Reforma Universitaria tiene como meta que nuestros j\u00f3venes del Bicentenario accedan a una educaci\u00f3n superior universitaria de calidad. Este a\u00f1o se les transferir\u00e1 a las universidades nacionales hasta 120 millones de soles adicionales a sus presupuestos para el licenciamiento y 20 millones para la bonificaci\u00f3n del docente investigador&#8221;.<\/p>\n<p style=\"text-align: justify;\"><a href=\"https:\/\/www.edugestores.pe\/docs\/discurso-de-premier-salvador-del-solar-ante-el-congreso\/\">Aqu\u00ed su discurso completo.<\/a><\/p>\n<p style=\"text-align: justify;\">Foto: El Comercio.<\/p>\n<p>&nbsp;<\/p>\n<p>&nbsp;<\/p>\n","protected":false},"excerpt":{"rendered":"<p>Esta ma\u00f1ana, el presidente del Consejo de Ministros,\u00a0Salvador del Solar,\u00a0se present\u00f3\u00a0en el pleno del Congreso, donde detall\u00f3 la pol\u00edtica del [&hellip;]<\/p>\n","protected":false},"author":63,"featured_media":22208,"comment_status":"open","ping_status":"open","sticky":false,"template":"","format":"standard","meta":{"spay_email":""},"categories":[125,1413],"tags":[],"yoast_head":"<!-- This site is optimized with the Yoast SEO plugin v18.0 - https:\/\/yoast.com\/wordpress\/plugins\/seo\/ -->\n<title>\u00bfQu\u00e9 dijo premier Salvador del Solar sobre educaci\u00f3n hoy en el Congreso? - Red Peruana de Gestores de la Educaci\u00f3n<\/title>\n<meta name=\"robots\" content=\"index, follow, max-snippet:-1, max-image-preview:large, max-video-preview:-1\" \/>\n<link rel=\"canonical\" href=\"https:\/\/www.edugestores.pe\/?p=22207\" \/>\n<meta property=\"og:locale\" content=\"es_ES\" \/>\n<meta property=\"og:type\" content=\"article\" \/>\n<meta property=\"og:title\" content=\"\u00bfQu\u00e9 dijo premier Salvador del Solar sobre educaci\u00f3n hoy en el Congreso? - Red Peruana de Gestores de la Educaci\u00f3n\" \/>\n<meta property=\"og:description\" content=\"Esta ma\u00f1ana, el presidente del Consejo de Ministros,\u00a0Salvador del Solar,\u00a0se present\u00f3\u00a0en el pleno del Congreso, donde detall\u00f3 la pol\u00edtica del [&hellip;]\" \/>\n<meta property=\"og:url\" content=\"https:\/\/www.edugestores.pe\/?p=22207\" \/>\n<meta property=\"og:site_name\" content=\"Red Peruana de Gestores de la Educaci\u00f3n\" \/>\n<meta property=\"article:published_time\" content=\"2019-04-04T16:15:26+00:00\" \/>\n<meta property=\"article:modified_time\" content=\"2019-08-16T16:32:38+00:00\" \/>\n<meta property=\"og:image\" content=\"https:\/\/www.edugestores.pe\/wp-content\/uploads\/2019\/04\/D3UXXOAWkAAPg-G.jpg\" \/>\n\t<meta property=\"og:image:width\" content=\"680\" \/>\n\t<meta property=\"og:image:height\" content=\"453\" \/>\n\t<meta property=\"og:image:type\" content=\"image\/jpeg\" \/>\n<meta name=\"twitter:card\" content=\"summary_large_image\" \/>\n<meta name=\"twitter:label1\" content=\"Escrito por\" \/>\n\t<meta name=\"twitter:data1\" content=\"Administrador\" \/>\n\t<meta name=\"twitter:label2\" content=\"Tiempo de lectura\" \/>\n\t<meta name=\"twitter:data2\" content=\"3 minutos\" \/>\n<script type=\"application\/ld+json\" class=\"yoast-schema-graph\">{\"@context\":\"https:\/\/schema.org\",\"@graph\":[{\"@type\":\"WebSite\",\"@id\":\"https:\/\/www.edugestores.pe\/#website\",\"url\":\"https:\/\/www.edugestores.pe\/\",\"name\":\"Red Peruana de Gestores de la Educaci\u00f3n\",\"description\":\"Red Peruana de Gestores de la Educaci\u00f3n\",\"potentialAction\":[{\"@type\":\"SearchAction\",\"target\":{\"@type\":\"EntryPoint\",\"urlTemplate\":\"https:\/\/www.edugestores.pe\/?s={search_term_string}\"},\"query-input\":\"required name=search_term_string\"}],\"inLanguage\":\"es\"},{\"@type\":\"ImageObject\",\"@id\":\"https:\/\/www.edugestores.pe\/?p=22207#primaryimage\",\"inLanguage\":\"es\",\"url\":\"https:\/\/www.edugestores.pe\/wp-content\/uploads\/2019\/04\/D3UXXOAWkAAPg-G.jpg\",\"contentUrl\":\"https:\/\/www.edugestores.pe\/wp-content\/uploads\/2019\/04\/D3UXXOAWkAAPg-G.jpg\",\"width\":680,\"height\":453},{\"@type\":\"WebPage\",\"@id\":\"https:\/\/www.edugestores.pe\/?p=22207#webpage\",\"url\":\"https:\/\/www.edugestores.pe\/?p=22207\",\"name\":\"\u00bfQu\u00e9 dijo premier Salvador del Solar sobre educaci\u00f3n hoy en el Congreso? - Red Peruana de Gestores de la Educaci\u00f3n\",\"isPartOf\":{\"@id\":\"https:\/\/www.edugestores.pe\/#website\"},\"primaryImageOfPage\":{\"@id\":\"https:\/\/www.edugestores.pe\/?p=22207#primaryimage\"},\"datePublished\":\"2019-04-04T16:15:26+00:00\",\"dateModified\":\"2019-08-16T16:32:38+00:00\",\"author\":{\"@id\":\"https:\/\/www.edugestores.pe\/#\/schema\/person\/30dc82f35f5853289037a64b35c7c7d3\"},\"breadcrumb\":{\"@id\":\"https:\/\/www.edugestores.pe\/?p=22207#breadcrumb\"},\"inLanguage\":\"es\",\"potentialAction\":[{\"@type\":\"ReadAction\",\"target\":[\"https:\/\/www.edugestores.pe\/?p=22207\"]}]},{\"@type\":\"BreadcrumbList\",\"@id\":\"https:\/\/www.edugestores.pe\/?p=22207#breadcrumb\",\"itemListElement\":[{\"@type\":\"ListItem\",\"position\":1,\"name\":\"Portada\",\"item\":\"https:\/\/www.edugestores.pe\/\"},{\"@type\":\"ListItem\",\"position\":2,\"name\":\"\u00bfQu\u00e9 dijo premier Salvador del Solar sobre educaci\u00f3n hoy en el Congreso?\"}]},{\"@type\":\"Person\",\"@id\":\"https:\/\/www.edugestores.pe\/#\/schema\/person\/30dc82f35f5853289037a64b35c7c7d3\",\"name\":\"Administrador\",\"image\":{\"@type\":\"ImageObject\",\"@id\":\"https:\/\/www.edugestores.pe\/#personlogo\",\"inLanguage\":\"es\",\"url\":\"https:\/\/secure.gravatar.com\/avatar\/70960d1239c4d2c778bb3d2786a3c1ae?s=96&d=mm&r=g\",\"contentUrl\":\"https:\/\/secure.gravatar.com\/avatar\/70960d1239c4d2c778bb3d2786a3c1ae?s=96&d=mm&r=g\",\"caption\":\"Administrador\"},\"url\":\"https:\/\/www.edugestores.pe\/?author=63\"}]}<\/script>\n<!-- \/ Yoast SEO plugin. -->","yoast_head_json":{"title":"\u00bfQu\u00e9 dijo premier Salvador del Solar sobre educaci\u00f3n hoy en el Congreso? - Red Peruana de Gestores de la Educaci\u00f3n","robots":{"index":"index","follow":"follow","max-snippet":"max-snippet:-1","max-image-preview":"max-image-preview:large","max-video-preview":"max-video-preview:-1"},"canonical":"https:\/\/www.edugestores.pe\/?p=22207","og_locale":"es_ES","og_type":"article","og_title":"\u00bfQu\u00e9 dijo premier Salvador del Solar sobre educaci\u00f3n hoy en el Congreso? - Red Peruana de Gestores de la Educaci\u00f3n","og_description":"Esta ma\u00f1ana, el presidente del Consejo de Ministros,\u00a0Salvador del Solar,\u00a0se present\u00f3\u00a0en el pleno del Congreso, donde detall\u00f3 la pol\u00edtica del [&hellip;]","og_url":"https:\/\/www.edugestores.pe\/?p=22207","og_site_name":"Red Peruana de Gestores de la Educaci\u00f3n","article_published_time":"2019-04-04T16:15:26+00:00","article_modified_time":"2019-08-16T16:32:38+00:00","og_image":[{"width":680,"height":453,"url":"https:\/\/www.edugestores.pe\/wp-content\/uploads\/2019\/04\/D3UXXOAWkAAPg-G.jpg","type":"image\/jpeg"}],"twitter_card":"summary_large_image","twitter_misc":{"Escrito por":"Administrador","Tiempo de lectura":"3 minutos"},"schema":{"@context":"https:\/\/schema.org","@graph":[{"@type":"WebSite","@id":"https:\/\/www.edugestores.pe\/#website","url":"https:\/\/www.edugestores.pe\/","name":"Red Peruana de Gestores de la Educaci\u00f3n","description":"Red Peruana de Gestores de la Educaci\u00f3n","potentialAction":[{"@type":"SearchAction","target":{"@type":"EntryPoint","urlTemplate":"https:\/\/www.edugestores.pe\/?s={search_term_string}"},"query-input":"required name=search_term_string"}],"inLanguage":"es"},{"@type":"ImageObject","@id":"https:\/\/www.edugestores.pe\/?p=22207#primaryimage","inLanguage":"es","url":"https:\/\/www.edugestores.pe\/wp-content\/uploads\/2019\/04\/D3UXXOAWkAAPg-G.jpg","contentUrl":"https:\/\/www.edugestores.pe\/wp-content\/uploads\/2019\/04\/D3UXXOAWkAAPg-G.jpg","width":680,"height":453},{"@type":"WebPage","@id":"https:\/\/www.edugestores.pe\/?p=22207#webpage","url":"https:\/\/www.edugestores.pe\/?p=22207","name":"\u00bfQu\u00e9 dijo premier Salvador del Solar sobre educaci\u00f3n hoy en el Congreso? - Red Peruana de Gestores de la Educaci\u00f3n","isPartOf":{"@id":"https:\/\/www.edugestores.pe\/#website"},"primaryImageOfPage":{"@id":"https:\/\/www.edugestores.pe\/?p=22207#primaryimage"},"datePublished":"2019-04-04T16:15:26+00:00","dateModified":"2019-08-16T16:32:38+00:00","author":{"@id":"https:\/\/www.edugestores.pe\/#\/schema\/person\/30dc82f35f5853289037a64b35c7c7d3"},"breadcrumb":{"@id":"https:\/\/www.edugestores.pe\/?p=22207#breadcrumb"},"inLanguage":"es","potentialAction":[{"@type":"ReadAction","target":["https:\/\/www.edugestores.pe\/?p=22207"]}]},{"@type":"BreadcrumbList","@id":"https:\/\/www.edugestores.pe\/?p=22207#breadcrumb","itemListElement":[{"@type":"ListItem","position":1,"name":"Portada","item":"https:\/\/www.edugestores.pe\/"},{"@type":"ListItem","position":2,"name":"\u00bfQu\u00e9 dijo premier Salvador del Solar sobre educaci\u00f3n hoy en el Congreso?"}]},{"@type":"Person","@id":"https:\/\/www.edugestores.pe\/#\/schema\/person\/30dc82f35f5853289037a64b35c7c7d3","name":"Administrador","image":{"@type":"ImageObject","@id":"https:\/\/www.edugestores.pe\/#personlogo","inLanguage":"es","url":"https:\/\/secure.gravatar.com\/avatar\/70960d1239c4d2c778bb3d2786a3c1ae?s=96&d=mm&r=g","contentUrl":"https:\/\/secure.gravatar.com\/avatar\/70960d1239c4d2c778bb3d2786a3c1ae?s=96&d=mm&r=g","caption":"Administrador"},"url":"https:\/\/www.edugestores.pe\/?author=63"}]}},"jetpack_featured_media_url":"https:\/\/www.edugestores.pe\/wp-content\/uploads\/2019\/04\/D3UXXOAWkAAPg-G.jpg","_links":{"self":[{"href":"https:\/\/www.edugestores.pe\/index.php?rest_route=\/wp\/v2\/posts\/22207"}],"collection":[{"href":"https:\/\/www.edugestores.pe\/index.php?rest_route=\/wp\/v2\/posts"}],"about":[{"href":"https:\/\/www.edugestores.pe\/index.php?rest_route=\/wp\/v2\/types\/post"}],"author":[{"embeddable":true,"href":"https:\/\/www.edugestores.pe\/index.php?rest_route=\/wp\/v2\/users\/63"}],"replies":[{"embeddable":true,"href":"https:\/\/www.edugestores.pe\/index.php?rest_route=%2Fwp%2Fv2%2Fcomments&post=22207"}],"version-history":[{"count":2,"href":"https:\/\/www.edugestores.pe\/index.php?rest_route=\/wp\/v2\/posts\/22207\/revisions"}],"predecessor-version":[{"id":22213,"href":"https:\/\/www.edugestores.pe\/index.php?rest_route=\/wp\/v2\/posts\/22207\/revisions\/22213"}],"wp:featuredmedia":[{"embeddable":true,"href":"https:\/\/www.edugestores.pe\/index.php?rest_route=\/wp\/v2\/media\/22208"}],"wp:attachment":[{"href":"https:\/\/www.edugestores.pe\/index.php?rest_route=%2Fwp%2Fv2%2Fmedia&parent=22207"}],"wp:term":[{"taxonomy":"category","embeddable":true,"href":"https:\/\/www.edugestores.pe\/index.php?rest_route=%2Fwp%2Fv2%2Fcategories&post=22207"},{"taxonomy":"post_tag","embeddable":true,"href":"https:\/\/www.edugestores.pe\/index.php?rest_route=%2Fwp%2Fv2%2Ftags&post=22207"}],"curies":[{"name":"wp","href":"https:\/\/api.w.org\/{rel}","templated":true}]}}