{"id":22328,"date":"2019-04-17T13:40:27","date_gmt":"2019-04-17T18:40:27","guid":{"rendered":"https:\/\/www.edugestores.pe\/?p=22328"},"modified":"2020-01-12T19:13:56","modified_gmt":"2020-01-13T00:13:56","slug":"colectivos-de-sociedad-civil-se-reunieron-con-ministra-de-educacion-flor-pablo","status":"publish","type":"post","link":"https:\/\/www.edugestores.pe\/?p=22328","title":{"rendered":"Colectivos de sociedad civil se reunieron con ministra de Educaci\u00f3n Flor Pablo"},"content":{"rendered":"<p style=\"text-align: justify;\">El pasado lunes 8 de abril, los diez colectivos de sociedad civil que integran la Plataforma por la Educaci\u00f3n, se reunieron con la ministra de Educaci\u00f3n, Flor Pablo, al t\u00e9rmino de su presentaci\u00f3n ante la Comisi\u00f3n de Educaci\u00f3n del Congreso de la Rep\u00fablica, a la que acudi\u00f3 para presentar \u00a0la pol\u00edtica educativa y los planes estrat\u00e9gicos que impulsar\u00e1 durante su gesti\u00f3n.<\/p>\n<p style=\"text-align: justify;\">La ministra comparti\u00f3 con los representantes de la Plataforma por la Educaci\u00f3n los seis objetivos estrat\u00e9gicos que guiar\u00e1n su gesti\u00f3n, a saber:<\/p>\n<ol style=\"text-align: justify;\">\n<li>Aprendizajes \u00fatiles para la vida<\/li>\n<li>Confianza de los docentes<\/li>\n<li>Instituciones educativas fortalecidas, amables y seguras<\/li>\n<li>Infraestructura que garantiza condiciones para el aprendizaje<\/li>\n<li>Gesti\u00f3n educativa moderna , transparente y descentralizada<\/li>\n<li>Educaci\u00f3n superior articulada y de calidad<\/li>\n<\/ol>\n<p style=\"text-align: justify;\">Estos objetivos se impulsar\u00e1n sobre la base del di\u00e1logo social, un enfoque territorial, la articulaci\u00f3n de los servicios y la corresponsabilidad de los tres niveles de gobierno, de la sociedad civil y de las familias.<\/p>\n<p style=\"text-align: justify;\">La Plataforma por la Educaci\u00f3n expres\u00f3 su respaldo a estos seis objetivos estrat\u00e9gicos e hizo entrega a la Ministra de Educaci\u00f3n de una carpeta conteniendo\u00a0 las prioridades y compromisos que los colectivos, en el campo de su especializaci\u00f3n,\u00a0 sugieren sean atendidas por el Sector\u00a0 en los pr\u00f3ximos dos a\u00f1os (2019-2021).<\/p>\n<p style=\"text-align: justify;\">La Plataforma por la Educaci\u00f3n re\u00fane a 10 colectivos de sociedad civil que trabajan por garantizar una educaci\u00f3n de calidad a las poblaciones m\u00e1s vulnerables, entre ellas, la poblaci\u00f3n rural, las ni\u00f1as, adolescentes y mujeres, las personas con necesidades especiales, los pueblos originarios, los j\u00f3venes y adultos que por razones diversas no culminaron su educaci\u00f3n b\u00e1sica.\u00a0 Los diez colectivos son: la Asociaci\u00f3n Nacional de Centros, la Campa\u00f1a \u00a0Peruana por el Derecho a la Educaci\u00f3n, el Colectivo Educaci\u00f3n e Igualdad, el Colectivo Equidad y Diversidad Cultural, el \u00a0Colectivo Nacional de Educaci\u00f3n Comunitaria, el \u00a0Colectivo por una EPJA Transformadora,\u00a0 CEAAL-Per\u00fa, \u00a0Foro Educativo,\u00a0 La Educaci\u00f3n se Respeta y la Red Peruana de Gestores de la Educaci\u00f3n,<\/p>\n<p style=\"text-align: justify;\">En el siguiente enlace <a href=\"https:\/\/www.edugestores.pe\/docs\/propuestas-de-accion-desde-la-mision-de-edugestores\/#\">encontrar\u00e1n las cinco prioridades de acci\u00f3n<\/a> en gesti\u00f3n educativa descentralizada,\u00a0 campo de especializaci\u00f3n de la Red Peruana de Gestores de la Educaci\u00f3n, Edugestores, que fueron entregadas a la Ministra Pablo. \u00a0Estas prioridades son resultado de los intercambios y acuerdos alcanzados en el III Encuentro Nacional de Edugestores realizado en febrero de 2019 y \u00a0los aportes del Grupo Consultivo de la Red.<\/p>\n","protected":false},"excerpt":{"rendered":"<p>El pasado lunes 8 de abril, los diez colectivos de sociedad civil que integran la Plataforma por la Educaci\u00f3n, se [&hellip;]<\/p>\n","protected":false},"author":63,"featured_media":22331,"comment_status":"open","ping_status":"open","sticky":false,"template":"","format":"standard","meta":{"spay_email":""},"categories":[339,125,1413],"tags":[],"yoast_head":"<!-- This site is optimized with the Yoast SEO plugin v18.0 - https:\/\/yoast.com\/wordpress\/plugins\/seo\/ -->\n<title>Colectivos de sociedad civil se reunieron con ministra de Educaci\u00f3n Flor Pablo - Red Peruana de Gestores de la Educaci\u00f3n<\/title>\n<meta name=\"robots\" content=\"index, follow, max-snippet:-1, max-image-preview:large, max-video-preview:-1\" \/>\n<link rel=\"canonical\" href=\"https:\/\/www.edugestores.pe\/?p=22328\" \/>\n<meta property=\"og:locale\" content=\"es_ES\" \/>\n<meta property=\"og:type\" content=\"article\" \/>\n<meta property=\"og:title\" content=\"Colectivos de sociedad civil se reunieron con ministra de Educaci\u00f3n Flor Pablo - Red Peruana de Gestores de la Educaci\u00f3n\" \/>\n<meta property=\"og:description\" content=\"El pasado lunes 8 de abril, los diez colectivos de sociedad civil que integran la Plataforma por la Educaci\u00f3n, se [&hellip;]\" \/>\n<meta property=\"og:url\" content=\"https:\/\/www.edugestores.pe\/?p=22328\" \/>\n<meta property=\"og:site_name\" content=\"Red Peruana de Gestores de la Educaci\u00f3n\" \/>\n<meta property=\"article:published_time\" content=\"2019-04-17T18:40:27+00:00\" \/>\n<meta property=\"article:modified_time\" content=\"2020-01-13T00:13:56+00:00\" \/>\n<meta property=\"og:image\" content=\"https:\/\/www.edugestores.pe\/wp-content\/uploads\/2019\/04\/Cita-con-Ministra_08.04.19.jpg\" \/>\n\t<meta property=\"og:image:width\" content=\"1024\" \/>\n\t<meta property=\"og:image:height\" content=\"679\" \/>\n\t<meta property=\"og:image:type\" content=\"image\/jpeg\" \/>\n<meta name=\"twitter:card\" content=\"summary_large_image\" \/>\n<meta name=\"twitter:label1\" content=\"Escrito por\" \/>\n\t<meta name=\"twitter:data1\" content=\"Administrador\" \/>\n\t<meta name=\"twitter:label2\" content=\"Tiempo de lectura\" \/>\n\t<meta name=\"twitter:data2\" content=\"2 minutos\" \/>\n<script type=\"application\/ld+json\" class=\"yoast-schema-graph\">{\"@context\":\"https:\/\/schema.org\",\"@graph\":[{\"@type\":\"WebSite\",\"@id\":\"https:\/\/www.edugestores.pe\/#website\",\"url\":\"https:\/\/www.edugestores.pe\/\",\"name\":\"Red Peruana de Gestores de la Educaci\u00f3n\",\"description\":\"Red Peruana de Gestores de la Educaci\u00f3n\",\"potentialAction\":[{\"@type\":\"SearchAction\",\"target\":{\"@type\":\"EntryPoint\",\"urlTemplate\":\"https:\/\/www.edugestores.pe\/?s={search_term_string}\"},\"query-input\":\"required name=search_term_string\"}],\"inLanguage\":\"es\"},{\"@type\":\"ImageObject\",\"@id\":\"https:\/\/www.edugestores.pe\/?p=22328#primaryimage\",\"inLanguage\":\"es\",\"url\":\"https:\/\/www.edugestores.pe\/wp-content\/uploads\/2019\/04\/Cita-con-Ministra_08.04.19.jpg\",\"contentUrl\":\"https:\/\/www.edugestores.pe\/wp-content\/uploads\/2019\/04\/Cita-con-Ministra_08.04.19.jpg\",\"width\":1024,\"height\":679},{\"@type\":\"WebPage\",\"@id\":\"https:\/\/www.edugestores.pe\/?p=22328#webpage\",\"url\":\"https:\/\/www.edugestores.pe\/?p=22328\",\"name\":\"Colectivos de sociedad civil se reunieron con ministra de Educaci\u00f3n Flor Pablo - Red Peruana de Gestores de la Educaci\u00f3n\",\"isPartOf\":{\"@id\":\"https:\/\/www.edugestores.pe\/#website\"},\"primaryImageOfPage\":{\"@id\":\"https:\/\/www.edugestores.pe\/?p=22328#primaryimage\"},\"datePublished\":\"2019-04-17T18:40:27+00:00\",\"dateModified\":\"2020-01-13T00:13:56+00:00\",\"author\":{\"@id\":\"https:\/\/www.edugestores.pe\/#\/schema\/person\/30dc82f35f5853289037a64b35c7c7d3\"},\"breadcrumb\":{\"@id\":\"https:\/\/www.edugestores.pe\/?p=22328#breadcrumb\"},\"inLanguage\":\"es\",\"potentialAction\":[{\"@type\":\"ReadAction\",\"target\":[\"https:\/\/www.edugestores.pe\/?p=22328\"]}]},{\"@type\":\"BreadcrumbList\",\"@id\":\"https:\/\/www.edugestores.pe\/?p=22328#breadcrumb\",\"itemListElement\":[{\"@type\":\"ListItem\",\"position\":1,\"name\":\"Portada\",\"item\":\"https:\/\/www.edugestores.pe\/\"},{\"@type\":\"ListItem\",\"position\":2,\"name\":\"Colectivos de sociedad civil se reunieron con ministra de Educaci\u00f3n Flor Pablo\"}]},{\"@type\":\"Person\",\"@id\":\"https:\/\/www.edugestores.pe\/#\/schema\/person\/30dc82f35f5853289037a64b35c7c7d3\",\"name\":\"Administrador\",\"image\":{\"@type\":\"ImageObject\",\"@id\":\"https:\/\/www.edugestores.pe\/#personlogo\",\"inLanguage\":\"es\",\"url\":\"https:\/\/secure.gravatar.com\/avatar\/70960d1239c4d2c778bb3d2786a3c1ae?s=96&d=mm&r=g\",\"contentUrl\":\"https:\/\/secure.gravatar.com\/avatar\/70960d1239c4d2c778bb3d2786a3c1ae?s=96&d=mm&r=g\",\"caption\":\"Administrador\"},\"url\":\"https:\/\/www.edugestores.pe\/?author=63\"}]}<\/script>\n<!-- \/ Yoast SEO plugin. -->","yoast_head_json":{"title":"Colectivos de sociedad civil se reunieron con ministra de Educaci\u00f3n Flor Pablo - Red Peruana de Gestores de la Educaci\u00f3n","robots":{"index":"index","follow":"follow","max-snippet":"max-snippet:-1","max-image-preview":"max-image-preview:large","max-video-preview":"max-video-preview:-1"},"canonical":"https:\/\/www.edugestores.pe\/?p=22328","og_locale":"es_ES","og_type":"article","og_title":"Colectivos de sociedad civil se reunieron con ministra de Educaci\u00f3n Flor Pablo - Red Peruana de Gestores de la Educaci\u00f3n","og_description":"El pasado lunes 8 de abril, los diez colectivos de sociedad civil que integran la Plataforma por la Educaci\u00f3n, se [&hellip;]","og_url":"https:\/\/www.edugestores.pe\/?p=22328","og_site_name":"Red Peruana de Gestores de la Educaci\u00f3n","article_published_time":"2019-04-17T18:40:27+00:00","article_modified_time":"2020-01-13T00:13:56+00:00","og_image":[{"width":1024,"height":679,"url":"https:\/\/www.edugestores.pe\/wp-content\/uploads\/2019\/04\/Cita-con-Ministra_08.04.19.jpg","type":"image\/jpeg"}],"twitter_card":"summary_large_image","twitter_misc":{"Escrito por":"Administrador","Tiempo de lectura":"2 minutos"},"schema":{"@context":"https:\/\/schema.org","@graph":[{"@type":"WebSite","@id":"https:\/\/www.edugestores.pe\/#website","url":"https:\/\/www.edugestores.pe\/","name":"Red Peruana de Gestores de la Educaci\u00f3n","description":"Red Peruana de Gestores de la Educaci\u00f3n","potentialAction":[{"@type":"SearchAction","target":{"@type":"EntryPoint","urlTemplate":"https:\/\/www.edugestores.pe\/?s={search_term_string}"},"query-input":"required name=search_term_string"}],"inLanguage":"es"},{"@type":"ImageObject","@id":"https:\/\/www.edugestores.pe\/?p=22328#primaryimage","inLanguage":"es","url":"https:\/\/www.edugestores.pe\/wp-content\/uploads\/2019\/04\/Cita-con-Ministra_08.04.19.jpg","contentUrl":"https:\/\/www.edugestores.pe\/wp-content\/uploads\/2019\/04\/Cita-con-Ministra_08.04.19.jpg","width":1024,"height":679},{"@type":"WebPage","@id":"https:\/\/www.edugestores.pe\/?p=22328#webpage","url":"https:\/\/www.edugestores.pe\/?p=22328","name":"Colectivos de sociedad civil se reunieron con ministra de Educaci\u00f3n Flor Pablo - Red Peruana de Gestores de la Educaci\u00f3n","isPartOf":{"@id":"https:\/\/www.edugestores.pe\/#website"},"primaryImageOfPage":{"@id":"https:\/\/www.edugestores.pe\/?p=22328#primaryimage"},"datePublished":"2019-04-17T18:40:27+00:00","dateModified":"2020-01-13T00:13:56+00:00","author":{"@id":"https:\/\/www.edugestores.pe\/#\/schema\/person\/30dc82f35f5853289037a64b35c7c7d3"},"breadcrumb":{"@id":"https:\/\/www.edugestores.pe\/?p=22328#breadcrumb"},"inLanguage":"es","potentialAction":[{"@type":"ReadAction","target":["https:\/\/www.edugestores.pe\/?p=22328"]}]},{"@type":"BreadcrumbList","@id":"https:\/\/www.edugestores.pe\/?p=22328#breadcrumb","itemListElement":[{"@type":"ListItem","position":1,"name":"Portada","item":"https:\/\/www.edugestores.pe\/"},{"@type":"ListItem","position":2,"name":"Colectivos de sociedad civil se reunieron con ministra de Educaci\u00f3n Flor Pablo"}]},{"@type":"Person","@id":"https:\/\/www.edugestores.pe\/#\/schema\/person\/30dc82f35f5853289037a64b35c7c7d3","name":"Administrador","image":{"@type":"ImageObject","@id":"https:\/\/www.edugestores.pe\/#personlogo","inLanguage":"es","url":"https:\/\/secure.gravatar.com\/avatar\/70960d1239c4d2c778bb3d2786a3c1ae?s=96&d=mm&r=g","contentUrl":"https:\/\/secure.gravatar.com\/avatar\/70960d1239c4d2c778bb3d2786a3c1ae?s=96&d=mm&r=g","caption":"Administrador"},"url":"https:\/\/www.edugestores.pe\/?author=63"}]}},"jetpack_featured_media_url":"https:\/\/www.edugestores.pe\/wp-content\/uploads\/2019\/04\/Cita-con-Ministra_08.04.19.jpg","_links":{"self":[{"href":"https:\/\/www.edugestores.pe\/index.php?rest_route=\/wp\/v2\/posts\/22328"}],"collection":[{"href":"https:\/\/www.edugestores.pe\/index.php?rest_route=\/wp\/v2\/posts"}],"about":[{"href":"https:\/\/www.edugestores.pe\/index.php?rest_route=\/wp\/v2\/types\/post"}],"author":[{"embeddable":true,"href":"https:\/\/www.edugestores.pe\/index.php?rest_route=\/wp\/v2\/users\/63"}],"replies":[{"embeddable":true,"href":"https:\/\/www.edugestores.pe\/index.php?rest_route=%2Fwp%2Fv2%2Fcomments&post=22328"}],"version-history":[{"count":1,"href":"https:\/\/www.edugestores.pe\/index.php?rest_route=\/wp\/v2\/posts\/22328\/revisions"}],"predecessor-version":[{"id":22333,"href":"https:\/\/www.edugestores.pe\/index.php?rest_route=\/wp\/v2\/posts\/22328\/revisions\/22333"}],"wp:featuredmedia":[{"embeddable":true,"href":"https:\/\/www.edugestores.pe\/index.php?rest_route=\/wp\/v2\/media\/22331"}],"wp:attachment":[{"href":"https:\/\/www.edugestores.pe\/index.php?rest_route=%2Fwp%2Fv2%2Fmedia&parent=22328"}],"wp:term":[{"taxonomy":"category","embeddable":true,"href":"https:\/\/www.edugestores.pe\/index.php?rest_route=%2Fwp%2Fv2%2Fcategories&post=22328"},{"taxonomy":"post_tag","embeddable":true,"href":"https:\/\/www.edugestores.pe\/index.php?rest_route=%2Fwp%2Fv2%2Ftags&post=22328"}],"curies":[{"name":"wp","href":"https:\/\/api.w.org\/{rel}","templated":true}]}}