{"id":22424,"date":"2019-04-28T22:27:52","date_gmt":"2019-04-29T03:27:52","guid":{"rendered":"https:\/\/www.edugestores.pe\/?p=22424"},"modified":"2019-05-04T19:05:07","modified_gmt":"2019-05-05T00:05:07","slug":"huancavelica-desafios-del-nuevo-curriculo-nacional-escolar","status":"publish","type":"post","link":"https:\/\/www.edugestores.pe\/?p=22424","title":{"rendered":"Huancavelica: desaf\u00edos del nuevo curr\u00edculo nacional escolar"},"content":{"rendered":"<p class=\"m_-3910339499169169613ydp1f05c49cMsoNormal\" style=\"text-align: justify;\"><span lang=\"ES-CO\">Para\u00a0<\/span><span lang=\"ES-CO\">responder a los desaf\u00edos en la implementaci\u00f3n del Curr\u00edculo Nacional de Educaci\u00f3n B\u00e1sica y considerar las necesidades de su regi\u00f3n, cerca de 1 500 docentes de inicial, primaria y secundaria\u00a0participaron del II Congreso Nacional Pedag\u00f3gico \u201cHacia la educaci\u00f3n que queremos para Huancavelica\u201d, organizado por la Direcci\u00f3n Regional de Educaci\u00f3n con el apoyo de Unicef.<\/span><\/p>\n<p class=\"m_-3910339499169169613ydp1f05c49cMsoNormal\" style=\"text-align: justify;\"><span lang=\"ES-CO\">En el evento, que se desarroll\u00f3 del 26 al 28 de abril en la Universidad Nacional de Huancavelica, tuvo como objetivo\u00a0 compartir experiencias que permitan la construcci\u00f3n colectiva de un sistema que involucre y movilice a todos los actores del proceso educativo para garantizar una educaci\u00f3n de calidad para las ni\u00f1as, ni\u00f1os y adolescentes huancavelicanos de acuerdo a los lineamientos para la implementaci\u00f3n del Curr\u00edculo Nacional.<\/span><\/p>\n<p class=\"m_-3910339499169169613ydp1f05c49cMsoNormal\" style=\"text-align: justify;\"><span lang=\"ES-CO\">\u201cTransformar la educaci\u00f3n, para que cada ni\u00f1o, ni\u00f1a y adolescente, aprenda, se sienta protegido y pueda desarrollar al m\u00e1ximo su potencialidad individual y social; es un tarea de directores, docentes y la familia\u201d, indic\u00f3 a Inforegi\u00f3n Daniel Contreras, oficial de educaci\u00f3n de Unicef.<\/span><\/p>\n<p class=\"m_-3910339499169169613ydp1f05c49cMsoNormal\" style=\"text-align: justify;\"><span lang=\"ES-CO\">Entre los temas que se abordaron en el Congreso destacaron el de las mejoras de la pr\u00e1ctica pedag\u00f3gica, los avances en la Educaci\u00f3n Intercultural Biling\u00fce y la importancia de la formaci\u00f3n docente, inform\u00f3 Unicef a Inforegi\u00f3n.<\/span><\/p>\n<p class=\"m_-3910339499169169613ydp1f05c49cMsoNormal\" style=\"text-align: justify;\"><span lang=\"ES-CO\">A partir del reconocimiento de los problemas y necesidades de los y las adolescentes, los docentes y directores evaluaron las pol\u00edticas de atenci\u00f3n en la secundaria, a fin de ver mecanismos que contribuyen a asegurar el logro de aprendizajes en los estudiantes.<\/span><\/p>\n<p class=\"m_-3910339499169169613ydp1f05c49cMsoNormal\" style=\"text-align: justify;\"><span lang=\"ES-CO\">El nuevo escenario educativo tambi\u00e9n incluye a las tecnolog\u00edas de la informaci\u00f3n y la comunicaci\u00f3n (TIC), una tem\u00e1tica sobre la cual los participantes dialogar\u00e1n teniendo en cuenta las pol\u00edticas para la integraci\u00f3n pedag\u00f3gica en las escuelas.<\/span><\/p>\n<p class=\"m_-3910339499169169613ydp1f05c49cMsoNormal\" style=\"text-align: justify;\"><span lang=\"ES-CO\">Para Daniel Contreras de Unicef, en el tema de educaci\u00f3n, las regiones tienen un rol clave. Articular territorialmente soluciones innovadoras, basadas en an\u00e1lisis cercanos de la realidad es una ruta promisoria para asegurar el derecho a la educaci\u00f3n. Por ello, el Congreso de Educaci\u00f3n en Huancavelica es una muestra de como ese rol regional se refuerza. En ese sentido, Unicef destaca las iniciativas que desde los territorios construyen una mejor educaci\u00f3n para todos y todas.<\/span><\/p>\n<p class=\"m_-3910339499169169613ydp1f05c49cMsoNormal\" style=\"text-align: justify;\">Fuente: Inforegi\u00f3n<\/p>\n","protected":false},"excerpt":{"rendered":"<p>Para\u00a0responder a los desaf\u00edos en la implementaci\u00f3n del Curr\u00edculo Nacional de Educaci\u00f3n B\u00e1sica y considerar las necesidades de su regi\u00f3n, [&hellip;]<\/p>\n","protected":false},"author":63,"featured_media":22425,"comment_status":"open","ping_status":"open","sticky":false,"template":"","format":"standard","meta":{"spay_email":""},"categories":[125],"tags":[],"yoast_head":"<!-- This site is optimized with the Yoast SEO plugin v18.0 - https:\/\/yoast.com\/wordpress\/plugins\/seo\/ -->\n<title>Huancavelica: desaf\u00edos del nuevo curr\u00edculo nacional escolar - Red Peruana de Gestores de la Educaci\u00f3n<\/title>\n<meta name=\"robots\" content=\"index, follow, max-snippet:-1, max-image-preview:large, max-video-preview:-1\" \/>\n<link rel=\"canonical\" href=\"https:\/\/www.edugestores.pe\/?p=22424\" \/>\n<meta property=\"og:locale\" content=\"es_ES\" \/>\n<meta property=\"og:type\" content=\"article\" \/>\n<meta property=\"og:title\" content=\"Huancavelica: desaf\u00edos del nuevo curr\u00edculo nacional escolar - Red Peruana de Gestores de la Educaci\u00f3n\" \/>\n<meta property=\"og:description\" content=\"Para\u00a0responder a los desaf\u00edos en la implementaci\u00f3n del Curr\u00edculo Nacional de Educaci\u00f3n B\u00e1sica y considerar las necesidades de su regi\u00f3n, [&hellip;]\" \/>\n<meta property=\"og:url\" content=\"https:\/\/www.edugestores.pe\/?p=22424\" \/>\n<meta property=\"og:site_name\" content=\"Red Peruana de Gestores de la Educaci\u00f3n\" \/>\n<meta property=\"article:published_time\" content=\"2019-04-29T03:27:52+00:00\" \/>\n<meta property=\"article:modified_time\" content=\"2019-05-05T00:05:07+00:00\" \/>\n<meta property=\"og:image\" content=\"https:\/\/www.edugestores.pe\/wp-content\/uploads\/2019\/04\/59286054_10219358385410931_4640341834067869696_n.jpg\" \/>\n\t<meta property=\"og:image:width\" content=\"934\" \/>\n\t<meta property=\"og:image:height\" content=\"516\" \/>\n\t<meta property=\"og:image:type\" content=\"image\/jpeg\" \/>\n<meta name=\"twitter:card\" content=\"summary_large_image\" \/>\n<meta name=\"twitter:label1\" content=\"Escrito por\" \/>\n\t<meta name=\"twitter:data1\" content=\"Administrador\" \/>\n\t<meta name=\"twitter:label2\" content=\"Tiempo de lectura\" \/>\n\t<meta name=\"twitter:data2\" content=\"2 minutos\" \/>\n<script type=\"application\/ld+json\" class=\"yoast-schema-graph\">{\"@context\":\"https:\/\/schema.org\",\"@graph\":[{\"@type\":\"WebSite\",\"@id\":\"https:\/\/www.edugestores.pe\/#website\",\"url\":\"https:\/\/www.edugestores.pe\/\",\"name\":\"Red Peruana de Gestores de la Educaci\u00f3n\",\"description\":\"Red Peruana de Gestores de la Educaci\u00f3n\",\"potentialAction\":[{\"@type\":\"SearchAction\",\"target\":{\"@type\":\"EntryPoint\",\"urlTemplate\":\"https:\/\/www.edugestores.pe\/?s={search_term_string}\"},\"query-input\":\"required name=search_term_string\"}],\"inLanguage\":\"es\"},{\"@type\":\"ImageObject\",\"@id\":\"https:\/\/www.edugestores.pe\/?p=22424#primaryimage\",\"inLanguage\":\"es\",\"url\":\"https:\/\/www.edugestores.pe\/wp-content\/uploads\/2019\/04\/59286054_10219358385410931_4640341834067869696_n.jpg\",\"contentUrl\":\"https:\/\/www.edugestores.pe\/wp-content\/uploads\/2019\/04\/59286054_10219358385410931_4640341834067869696_n.jpg\",\"width\":934,\"height\":516},{\"@type\":\"WebPage\",\"@id\":\"https:\/\/www.edugestores.pe\/?p=22424#webpage\",\"url\":\"https:\/\/www.edugestores.pe\/?p=22424\",\"name\":\"Huancavelica: desaf\u00edos del nuevo curr\u00edculo nacional escolar - Red Peruana de Gestores de la Educaci\u00f3n\",\"isPartOf\":{\"@id\":\"https:\/\/www.edugestores.pe\/#website\"},\"primaryImageOfPage\":{\"@id\":\"https:\/\/www.edugestores.pe\/?p=22424#primaryimage\"},\"datePublished\":\"2019-04-29T03:27:52+00:00\",\"dateModified\":\"2019-05-05T00:05:07+00:00\",\"author\":{\"@id\":\"https:\/\/www.edugestores.pe\/#\/schema\/person\/30dc82f35f5853289037a64b35c7c7d3\"},\"breadcrumb\":{\"@id\":\"https:\/\/www.edugestores.pe\/?p=22424#breadcrumb\"},\"inLanguage\":\"es\",\"potentialAction\":[{\"@type\":\"ReadAction\",\"target\":[\"https:\/\/www.edugestores.pe\/?p=22424\"]}]},{\"@type\":\"BreadcrumbList\",\"@id\":\"https:\/\/www.edugestores.pe\/?p=22424#breadcrumb\",\"itemListElement\":[{\"@type\":\"ListItem\",\"position\":1,\"name\":\"Portada\",\"item\":\"https:\/\/www.edugestores.pe\/\"},{\"@type\":\"ListItem\",\"position\":2,\"name\":\"Huancavelica: desaf\u00edos del nuevo curr\u00edculo nacional escolar\"}]},{\"@type\":\"Person\",\"@id\":\"https:\/\/www.edugestores.pe\/#\/schema\/person\/30dc82f35f5853289037a64b35c7c7d3\",\"name\":\"Administrador\",\"image\":{\"@type\":\"ImageObject\",\"@id\":\"https:\/\/www.edugestores.pe\/#personlogo\",\"inLanguage\":\"es\",\"url\":\"https:\/\/secure.gravatar.com\/avatar\/70960d1239c4d2c778bb3d2786a3c1ae?s=96&d=mm&r=g\",\"contentUrl\":\"https:\/\/secure.gravatar.com\/avatar\/70960d1239c4d2c778bb3d2786a3c1ae?s=96&d=mm&r=g\",\"caption\":\"Administrador\"},\"url\":\"https:\/\/www.edugestores.pe\/?author=63\"}]}<\/script>\n<!-- \/ Yoast SEO plugin. -->","yoast_head_json":{"title":"Huancavelica: desaf\u00edos del nuevo curr\u00edculo nacional escolar - Red Peruana de Gestores de la Educaci\u00f3n","robots":{"index":"index","follow":"follow","max-snippet":"max-snippet:-1","max-image-preview":"max-image-preview:large","max-video-preview":"max-video-preview:-1"},"canonical":"https:\/\/www.edugestores.pe\/?p=22424","og_locale":"es_ES","og_type":"article","og_title":"Huancavelica: desaf\u00edos del nuevo curr\u00edculo nacional escolar - Red Peruana de Gestores de la Educaci\u00f3n","og_description":"Para\u00a0responder a los desaf\u00edos en la implementaci\u00f3n del Curr\u00edculo Nacional de Educaci\u00f3n B\u00e1sica y considerar las necesidades de su regi\u00f3n, [&hellip;]","og_url":"https:\/\/www.edugestores.pe\/?p=22424","og_site_name":"Red Peruana de Gestores de la Educaci\u00f3n","article_published_time":"2019-04-29T03:27:52+00:00","article_modified_time":"2019-05-05T00:05:07+00:00","og_image":[{"width":934,"height":516,"url":"https:\/\/www.edugestores.pe\/wp-content\/uploads\/2019\/04\/59286054_10219358385410931_4640341834067869696_n.jpg","type":"image\/jpeg"}],"twitter_card":"summary_large_image","twitter_misc":{"Escrito por":"Administrador","Tiempo de lectura":"2 minutos"},"schema":{"@context":"https:\/\/schema.org","@graph":[{"@type":"WebSite","@id":"https:\/\/www.edugestores.pe\/#website","url":"https:\/\/www.edugestores.pe\/","name":"Red Peruana de Gestores de la Educaci\u00f3n","description":"Red Peruana de Gestores de la Educaci\u00f3n","potentialAction":[{"@type":"SearchAction","target":{"@type":"EntryPoint","urlTemplate":"https:\/\/www.edugestores.pe\/?s={search_term_string}"},"query-input":"required name=search_term_string"}],"inLanguage":"es"},{"@type":"ImageObject","@id":"https:\/\/www.edugestores.pe\/?p=22424#primaryimage","inLanguage":"es","url":"https:\/\/www.edugestores.pe\/wp-content\/uploads\/2019\/04\/59286054_10219358385410931_4640341834067869696_n.jpg","contentUrl":"https:\/\/www.edugestores.pe\/wp-content\/uploads\/2019\/04\/59286054_10219358385410931_4640341834067869696_n.jpg","width":934,"height":516},{"@type":"WebPage","@id":"https:\/\/www.edugestores.pe\/?p=22424#webpage","url":"https:\/\/www.edugestores.pe\/?p=22424","name":"Huancavelica: desaf\u00edos del nuevo curr\u00edculo nacional escolar - Red Peruana de Gestores de la Educaci\u00f3n","isPartOf":{"@id":"https:\/\/www.edugestores.pe\/#website"},"primaryImageOfPage":{"@id":"https:\/\/www.edugestores.pe\/?p=22424#primaryimage"},"datePublished":"2019-04-29T03:27:52+00:00","dateModified":"2019-05-05T00:05:07+00:00","author":{"@id":"https:\/\/www.edugestores.pe\/#\/schema\/person\/30dc82f35f5853289037a64b35c7c7d3"},"breadcrumb":{"@id":"https:\/\/www.edugestores.pe\/?p=22424#breadcrumb"},"inLanguage":"es","potentialAction":[{"@type":"ReadAction","target":["https:\/\/www.edugestores.pe\/?p=22424"]}]},{"@type":"BreadcrumbList","@id":"https:\/\/www.edugestores.pe\/?p=22424#breadcrumb","itemListElement":[{"@type":"ListItem","position":1,"name":"Portada","item":"https:\/\/www.edugestores.pe\/"},{"@type":"ListItem","position":2,"name":"Huancavelica: desaf\u00edos del nuevo curr\u00edculo nacional escolar"}]},{"@type":"Person","@id":"https:\/\/www.edugestores.pe\/#\/schema\/person\/30dc82f35f5853289037a64b35c7c7d3","name":"Administrador","image":{"@type":"ImageObject","@id":"https:\/\/www.edugestores.pe\/#personlogo","inLanguage":"es","url":"https:\/\/secure.gravatar.com\/avatar\/70960d1239c4d2c778bb3d2786a3c1ae?s=96&d=mm&r=g","contentUrl":"https:\/\/secure.gravatar.com\/avatar\/70960d1239c4d2c778bb3d2786a3c1ae?s=96&d=mm&r=g","caption":"Administrador"},"url":"https:\/\/www.edugestores.pe\/?author=63"}]}},"jetpack_featured_media_url":"https:\/\/www.edugestores.pe\/wp-content\/uploads\/2019\/04\/59286054_10219358385410931_4640341834067869696_n.jpg","_links":{"self":[{"href":"https:\/\/www.edugestores.pe\/index.php?rest_route=\/wp\/v2\/posts\/22424"}],"collection":[{"href":"https:\/\/www.edugestores.pe\/index.php?rest_route=\/wp\/v2\/posts"}],"about":[{"href":"https:\/\/www.edugestores.pe\/index.php?rest_route=\/wp\/v2\/types\/post"}],"author":[{"embeddable":true,"href":"https:\/\/www.edugestores.pe\/index.php?rest_route=\/wp\/v2\/users\/63"}],"replies":[{"embeddable":true,"href":"https:\/\/www.edugestores.pe\/index.php?rest_route=%2Fwp%2Fv2%2Fcomments&post=22424"}],"version-history":[{"count":1,"href":"https:\/\/www.edugestores.pe\/index.php?rest_route=\/wp\/v2\/posts\/22424\/revisions"}],"predecessor-version":[{"id":22426,"href":"https:\/\/www.edugestores.pe\/index.php?rest_route=\/wp\/v2\/posts\/22424\/revisions\/22426"}],"wp:featuredmedia":[{"embeddable":true,"href":"https:\/\/www.edugestores.pe\/index.php?rest_route=\/wp\/v2\/media\/22425"}],"wp:attachment":[{"href":"https:\/\/www.edugestores.pe\/index.php?rest_route=%2Fwp%2Fv2%2Fmedia&parent=22424"}],"wp:term":[{"taxonomy":"category","embeddable":true,"href":"https:\/\/www.edugestores.pe\/index.php?rest_route=%2Fwp%2Fv2%2Fcategories&post=22424"},{"taxonomy":"post_tag","embeddable":true,"href":"https:\/\/www.edugestores.pe\/index.php?rest_route=%2Fwp%2Fv2%2Ftags&post=22424"}],"curies":[{"name":"wp","href":"https:\/\/api.w.org\/{rel}","templated":true}]}}