{"id":22569,"date":"2019-05-21T20:23:51","date_gmt":"2019-05-22T01:23:51","guid":{"rendered":"https:\/\/www.edugestores.pe\/?p=22569"},"modified":"2019-05-28T11:00:59","modified_gmt":"2019-05-28T16:00:59","slug":"docentes-participaron-en-congreso-sobre-educacion-inicial","status":"publish","type":"post","link":"https:\/\/www.edugestores.pe\/?p=22569","title":{"rendered":"Docentes participaron en congreso sobre educaci\u00f3n inicial"},"content":{"rendered":"<p style=\"text-align: justify;\">Docentes de todo el pa\u00eds participaron del 15 al 17 de mayo en el Segundo Congreso Internacional de Educaci\u00f3n Inicial, organizado por el Ministerio de Educaci\u00f3n (Minedu, con el fin de mejorar su desempe\u00f1o y fomentar la importancia del juego en el aprendizaje y desarrollo integral de los ni\u00f1os de 3 a 5 a\u00f1os. El evento fue denominado \u201cInteracciones de calidad que promueven aprendizajes a lo largo de la vida\u201d,\u00a0y cont\u00f3 con la participaci\u00f3n de m\u00e1s de 20 mil\u00a0maestros y maestras presencial y v\u00eda online.<\/p>\n<div style=\"text-align: justify;\">Patricia Gonzales, directora de Educaci\u00f3n Inicial del Minedu,\u00a0 resalt\u00f3 que es muy importante en la formaci\u00f3n intelectual del ser humano porque\u00a0<strong>en la primera infancia se desarrolla el 85 % del cerebro<\/strong>\u00a0y es fundamental que el ni\u00f1o reciba informaci\u00f3n positiva y estimulaci\u00f3n temprana.<\/div>\n<div style=\"text-align: justify;\"><\/div>\n<div style=\"text-align: justify;\">\u201cEl nuevo\u00a0Curr\u00edculo Nacional\u00a0busca recuperar el juego en la ense\u00f1anza inicial, porque a trav\u00e9s de la sorpresa, preguntas, el desarrollo de su imaginaci\u00f3n y el descubrimiento de su entorno los peque\u00f1os aprenden, por eso, los docentes y padres de familia tienen que valorar el juego y potenciar el ejercicio mental\u201d, coment\u00f3.<\/div>\n<div style=\"text-align: justify;\"><\/div>\n<div style=\"text-align: justify;\">Gonzales se\u00f1al\u00f3 que el rendimiento de los futuros m\u00e9dicos, docentes, economistas y dirigentes depender\u00e1 de la estimulaci\u00f3n que reciban los ni\u00f1os desde temprana edad. \u201cLo que hagamos ahora para fomentar su desarrollo cerebral y su potencial determinar\u00e1 su futuro\u201d, recalc\u00f3.<\/div>\n<div style=\"text-align: justify;\"><\/div>\n<div style=\"text-align: justify;\">Entre los expositores figuraron Felipe Lecanellier, de nacionalidad chilena, magister en Epistemolog\u00eda y Filosof\u00eda de las Ciencias por la Universidad de Chile, y Andrea Rolla, tambi\u00e9n de Chile, profesora de Educaci\u00f3n B\u00e1sica de la Universidad de Princeton y doctora en Educaci\u00f3n de la Universidad de Harvard.<\/div>\n<div><\/div>\n<p><iframe loading=\"lazy\" style=\"border: none; overflow: hidden;\" src=\"https:\/\/www.facebook.com\/plugins\/video.php?href=https%3A%2F%2Fwww.facebook.com%2Fperueduca%2Fvideos%2F385127728756228%2F&amp;show_text=0&amp;width=560\" width=\"560\" height=\"315\" frameborder=\"0\" scrolling=\"no\" allowfullscreen=\"allowfullscreen\"><\/iframe><\/p>\n","protected":false},"excerpt":{"rendered":"<p>Docentes de todo el pa\u00eds participaron del 15 al 17 de mayo en el Segundo Congreso Internacional de Educaci\u00f3n Inicial, [&hellip;]<\/p>\n","protected":false},"author":63,"featured_media":22571,"comment_status":"open","ping_status":"open","sticky":false,"template":"","format":"standard","meta":{"spay_email":""},"categories":[125],"tags":[],"yoast_head":"<!-- This site is optimized with the Yoast SEO plugin v18.0 - https:\/\/yoast.com\/wordpress\/plugins\/seo\/ -->\n<title>Docentes participaron en congreso sobre educaci\u00f3n inicial - Red Peruana de Gestores de la Educaci\u00f3n<\/title>\n<meta name=\"robots\" content=\"index, follow, max-snippet:-1, max-image-preview:large, max-video-preview:-1\" \/>\n<link rel=\"canonical\" href=\"https:\/\/www.edugestores.pe\/?p=22569\" \/>\n<meta property=\"og:locale\" content=\"es_ES\" \/>\n<meta property=\"og:type\" content=\"article\" \/>\n<meta property=\"og:title\" content=\"Docentes participaron en congreso sobre educaci\u00f3n inicial - Red Peruana de Gestores de la Educaci\u00f3n\" \/>\n<meta property=\"og:description\" content=\"Docentes de todo el pa\u00eds participaron del 15 al 17 de mayo en el Segundo Congreso Internacional de Educaci\u00f3n Inicial, [&hellip;]\" \/>\n<meta property=\"og:url\" content=\"https:\/\/www.edugestores.pe\/?p=22569\" \/>\n<meta property=\"og:site_name\" content=\"Red Peruana de Gestores de la Educaci\u00f3n\" \/>\n<meta property=\"article:published_time\" content=\"2019-05-22T01:23:51+00:00\" \/>\n<meta property=\"article:modified_time\" content=\"2019-05-28T16:00:59+00:00\" \/>\n<meta property=\"og:image\" content=\"https:\/\/www.edugestores.pe\/wp-content\/uploads\/2019\/05\/000585999W.jpg\" \/>\n\t<meta property=\"og:image:width\" content=\"1800\" \/>\n\t<meta property=\"og:image:height\" content=\"1200\" \/>\n\t<meta property=\"og:image:type\" content=\"image\/jpeg\" \/>\n<meta name=\"twitter:card\" content=\"summary_large_image\" \/>\n<meta name=\"twitter:label1\" content=\"Escrito por\" \/>\n\t<meta name=\"twitter:data1\" content=\"Administrador\" \/>\n\t<meta name=\"twitter:label2\" content=\"Tiempo de lectura\" \/>\n\t<meta name=\"twitter:data2\" content=\"1 minuto\" \/>\n<script type=\"application\/ld+json\" class=\"yoast-schema-graph\">{\"@context\":\"https:\/\/schema.org\",\"@graph\":[{\"@type\":\"WebSite\",\"@id\":\"https:\/\/www.edugestores.pe\/#website\",\"url\":\"https:\/\/www.edugestores.pe\/\",\"name\":\"Red Peruana de Gestores de la Educaci\u00f3n\",\"description\":\"Red Peruana de Gestores de la Educaci\u00f3n\",\"potentialAction\":[{\"@type\":\"SearchAction\",\"target\":{\"@type\":\"EntryPoint\",\"urlTemplate\":\"https:\/\/www.edugestores.pe\/?s={search_term_string}\"},\"query-input\":\"required name=search_term_string\"}],\"inLanguage\":\"es\"},{\"@type\":\"ImageObject\",\"@id\":\"https:\/\/www.edugestores.pe\/?p=22569#primaryimage\",\"inLanguage\":\"es\",\"url\":\"https:\/\/www.edugestores.pe\/wp-content\/uploads\/2019\/05\/000585999W.jpg\",\"contentUrl\":\"https:\/\/www.edugestores.pe\/wp-content\/uploads\/2019\/05\/000585999W.jpg\",\"width\":1800,\"height\":1200},{\"@type\":\"WebPage\",\"@id\":\"https:\/\/www.edugestores.pe\/?p=22569#webpage\",\"url\":\"https:\/\/www.edugestores.pe\/?p=22569\",\"name\":\"Docentes participaron en congreso sobre educaci\u00f3n inicial - Red Peruana de Gestores de la Educaci\u00f3n\",\"isPartOf\":{\"@id\":\"https:\/\/www.edugestores.pe\/#website\"},\"primaryImageOfPage\":{\"@id\":\"https:\/\/www.edugestores.pe\/?p=22569#primaryimage\"},\"datePublished\":\"2019-05-22T01:23:51+00:00\",\"dateModified\":\"2019-05-28T16:00:59+00:00\",\"author\":{\"@id\":\"https:\/\/www.edugestores.pe\/#\/schema\/person\/30dc82f35f5853289037a64b35c7c7d3\"},\"breadcrumb\":{\"@id\":\"https:\/\/www.edugestores.pe\/?p=22569#breadcrumb\"},\"inLanguage\":\"es\",\"potentialAction\":[{\"@type\":\"ReadAction\",\"target\":[\"https:\/\/www.edugestores.pe\/?p=22569\"]}]},{\"@type\":\"BreadcrumbList\",\"@id\":\"https:\/\/www.edugestores.pe\/?p=22569#breadcrumb\",\"itemListElement\":[{\"@type\":\"ListItem\",\"position\":1,\"name\":\"Portada\",\"item\":\"https:\/\/www.edugestores.pe\/\"},{\"@type\":\"ListItem\",\"position\":2,\"name\":\"Docentes participaron en congreso sobre educaci\u00f3n inicial\"}]},{\"@type\":\"Person\",\"@id\":\"https:\/\/www.edugestores.pe\/#\/schema\/person\/30dc82f35f5853289037a64b35c7c7d3\",\"name\":\"Administrador\",\"image\":{\"@type\":\"ImageObject\",\"@id\":\"https:\/\/www.edugestores.pe\/#personlogo\",\"inLanguage\":\"es\",\"url\":\"https:\/\/secure.gravatar.com\/avatar\/70960d1239c4d2c778bb3d2786a3c1ae?s=96&d=mm&r=g\",\"contentUrl\":\"https:\/\/secure.gravatar.com\/avatar\/70960d1239c4d2c778bb3d2786a3c1ae?s=96&d=mm&r=g\",\"caption\":\"Administrador\"},\"url\":\"https:\/\/www.edugestores.pe\/?author=63\"}]}<\/script>\n<!-- \/ Yoast SEO plugin. -->","yoast_head_json":{"title":"Docentes participaron en congreso sobre educaci\u00f3n inicial - Red Peruana de Gestores de la Educaci\u00f3n","robots":{"index":"index","follow":"follow","max-snippet":"max-snippet:-1","max-image-preview":"max-image-preview:large","max-video-preview":"max-video-preview:-1"},"canonical":"https:\/\/www.edugestores.pe\/?p=22569","og_locale":"es_ES","og_type":"article","og_title":"Docentes participaron en congreso sobre educaci\u00f3n inicial - Red Peruana de Gestores de la Educaci\u00f3n","og_description":"Docentes de todo el pa\u00eds participaron del 15 al 17 de mayo en el Segundo Congreso Internacional de Educaci\u00f3n Inicial, [&hellip;]","og_url":"https:\/\/www.edugestores.pe\/?p=22569","og_site_name":"Red Peruana de Gestores de la Educaci\u00f3n","article_published_time":"2019-05-22T01:23:51+00:00","article_modified_time":"2019-05-28T16:00:59+00:00","og_image":[{"width":1800,"height":1200,"url":"https:\/\/www.edugestores.pe\/wp-content\/uploads\/2019\/05\/000585999W.jpg","type":"image\/jpeg"}],"twitter_card":"summary_large_image","twitter_misc":{"Escrito por":"Administrador","Tiempo de lectura":"1 minuto"},"schema":{"@context":"https:\/\/schema.org","@graph":[{"@type":"WebSite","@id":"https:\/\/www.edugestores.pe\/#website","url":"https:\/\/www.edugestores.pe\/","name":"Red Peruana de Gestores de la Educaci\u00f3n","description":"Red Peruana de Gestores de la Educaci\u00f3n","potentialAction":[{"@type":"SearchAction","target":{"@type":"EntryPoint","urlTemplate":"https:\/\/www.edugestores.pe\/?s={search_term_string}"},"query-input":"required name=search_term_string"}],"inLanguage":"es"},{"@type":"ImageObject","@id":"https:\/\/www.edugestores.pe\/?p=22569#primaryimage","inLanguage":"es","url":"https:\/\/www.edugestores.pe\/wp-content\/uploads\/2019\/05\/000585999W.jpg","contentUrl":"https:\/\/www.edugestores.pe\/wp-content\/uploads\/2019\/05\/000585999W.jpg","width":1800,"height":1200},{"@type":"WebPage","@id":"https:\/\/www.edugestores.pe\/?p=22569#webpage","url":"https:\/\/www.edugestores.pe\/?p=22569","name":"Docentes participaron en congreso sobre educaci\u00f3n inicial - Red Peruana de Gestores de la Educaci\u00f3n","isPartOf":{"@id":"https:\/\/www.edugestores.pe\/#website"},"primaryImageOfPage":{"@id":"https:\/\/www.edugestores.pe\/?p=22569#primaryimage"},"datePublished":"2019-05-22T01:23:51+00:00","dateModified":"2019-05-28T16:00:59+00:00","author":{"@id":"https:\/\/www.edugestores.pe\/#\/schema\/person\/30dc82f35f5853289037a64b35c7c7d3"},"breadcrumb":{"@id":"https:\/\/www.edugestores.pe\/?p=22569#breadcrumb"},"inLanguage":"es","potentialAction":[{"@type":"ReadAction","target":["https:\/\/www.edugestores.pe\/?p=22569"]}]},{"@type":"BreadcrumbList","@id":"https:\/\/www.edugestores.pe\/?p=22569#breadcrumb","itemListElement":[{"@type":"ListItem","position":1,"name":"Portada","item":"https:\/\/www.edugestores.pe\/"},{"@type":"ListItem","position":2,"name":"Docentes participaron en congreso sobre educaci\u00f3n inicial"}]},{"@type":"Person","@id":"https:\/\/www.edugestores.pe\/#\/schema\/person\/30dc82f35f5853289037a64b35c7c7d3","name":"Administrador","image":{"@type":"ImageObject","@id":"https:\/\/www.edugestores.pe\/#personlogo","inLanguage":"es","url":"https:\/\/secure.gravatar.com\/avatar\/70960d1239c4d2c778bb3d2786a3c1ae?s=96&d=mm&r=g","contentUrl":"https:\/\/secure.gravatar.com\/avatar\/70960d1239c4d2c778bb3d2786a3c1ae?s=96&d=mm&r=g","caption":"Administrador"},"url":"https:\/\/www.edugestores.pe\/?author=63"}]}},"jetpack_featured_media_url":"https:\/\/www.edugestores.pe\/wp-content\/uploads\/2019\/05\/000585999W.jpg","_links":{"self":[{"href":"https:\/\/www.edugestores.pe\/index.php?rest_route=\/wp\/v2\/posts\/22569"}],"collection":[{"href":"https:\/\/www.edugestores.pe\/index.php?rest_route=\/wp\/v2\/posts"}],"about":[{"href":"https:\/\/www.edugestores.pe\/index.php?rest_route=\/wp\/v2\/types\/post"}],"author":[{"embeddable":true,"href":"https:\/\/www.edugestores.pe\/index.php?rest_route=\/wp\/v2\/users\/63"}],"replies":[{"embeddable":true,"href":"https:\/\/www.edugestores.pe\/index.php?rest_route=%2Fwp%2Fv2%2Fcomments&post=22569"}],"version-history":[{"count":2,"href":"https:\/\/www.edugestores.pe\/index.php?rest_route=\/wp\/v2\/posts\/22569\/revisions"}],"predecessor-version":[{"id":22572,"href":"https:\/\/www.edugestores.pe\/index.php?rest_route=\/wp\/v2\/posts\/22569\/revisions\/22572"}],"wp:featuredmedia":[{"embeddable":true,"href":"https:\/\/www.edugestores.pe\/index.php?rest_route=\/wp\/v2\/media\/22571"}],"wp:attachment":[{"href":"https:\/\/www.edugestores.pe\/index.php?rest_route=%2Fwp%2Fv2%2Fmedia&parent=22569"}],"wp:term":[{"taxonomy":"category","embeddable":true,"href":"https:\/\/www.edugestores.pe\/index.php?rest_route=%2Fwp%2Fv2%2Fcategories&post=22569"},{"taxonomy":"post_tag","embeddable":true,"href":"https:\/\/www.edugestores.pe\/index.php?rest_route=%2Fwp%2Fv2%2Ftags&post=22569"}],"curies":[{"name":"wp","href":"https:\/\/api.w.org\/{rel}","templated":true}]}}