{"id":22597,"date":"2019-05-29T21:03:53","date_gmt":"2019-05-30T02:03:53","guid":{"rendered":"https:\/\/www.edugestores.pe\/?p=22597"},"modified":"2019-06-06T14:51:30","modified_gmt":"2019-06-06T19:51:30","slug":"educacion-que-acciones-se-han-tomado-tras-sismo-en-lagunas","status":"publish","type":"post","link":"https:\/\/www.edugestores.pe\/?p=22597","title":{"rendered":"Educaci\u00f3n: \u00bfQu\u00e9 acciones se han tomado tras sismo en Lagunas?"},"content":{"rendered":"<p style=\"text-align: justify;\">El Ministerio de Educaci\u00f3n inform\u00f3, mediante la Direcci\u00f3n General de Gesti\u00f3n Descentralizada, ante el sismo ocurrido en la madrugada del domingo 26 de mayo, que las DRE y UGEL que sufrieron el impacto del movimiento tel\u00farico realizaron labores de inspecci\u00f3n de las zonas donde los directores de II.EE. indicaban que la infraestructura hab\u00eda sido da\u00f1ada. Es as\u00ed que muchas DRE o UGEL decidieron suspender las labores escolares por motivo de salvaguarda de la integridad de los estudiantes.<\/p>\n<p style=\"text-align: justify;\">Seg\u00fan la informaci\u00f3n del Ministerio de Educaci\u00f3n, la fecha la suspensi\u00f3n de labores escolares se ha dado de la siguiente manera:<\/p>\n<table>\n<tbody>\n<tr>\n<td width=\"118\"><strong>REGI\u00d3N<\/strong><\/td>\n<td width=\"118\"><strong>27 \u2013 05<\/strong><\/td>\n<td width=\"118\"><strong>28 \u2013 05<\/strong><\/td>\n<td width=\"118\"><strong>29 \u2013 05<\/strong><\/td>\n<td width=\"118\"><strong>30 \u2013 05*<\/strong><\/td>\n<\/tr>\n<tr>\n<td width=\"118\">Loreto<\/td>\n<td width=\"118\">511<\/td>\n<td width=\"118\">157<\/td>\n<td width=\"118\">12<\/td>\n<td width=\"118\">4<\/td>\n<\/tr>\n<tr>\n<td width=\"118\">San Mart\u00edn<\/td>\n<td width=\"118\">0<\/td>\n<td width=\"118\">0<\/td>\n<td width=\"118\">1<\/td>\n<td width=\"118\">1<\/td>\n<\/tr>\n<tr>\n<td width=\"118\">Cajamarca<\/td>\n<td width=\"118\">4<\/td>\n<td width=\"118\">2<\/td>\n<td width=\"118\">0<\/td>\n<td width=\"118\">0<\/td>\n<\/tr>\n<tr>\n<td width=\"118\">Hu\u00e1nuco<\/td>\n<td width=\"118\">1<\/td>\n<td width=\"118\">1<\/td>\n<td width=\"118\">0<\/td>\n<td width=\"118\">0<\/td>\n<\/tr>\n<tr>\n<td width=\"118\">Piura<\/td>\n<td width=\"118\">1<\/td>\n<td width=\"118\">0<\/td>\n<td width=\"118\">0<\/td>\n<td width=\"118\">0<\/td>\n<\/tr>\n<tr>\n<td width=\"118\">La Libertad<\/td>\n<td width=\"118\">56<\/td>\n<td width=\"118\">6<\/td>\n<td width=\"118\">0<\/td>\n<td width=\"118\">0<\/td>\n<\/tr>\n<tr>\n<td width=\"118\"><strong>Total<\/strong><\/td>\n<td width=\"118\"><strong>573<\/strong><\/td>\n<td width=\"118\"><strong>166<\/strong><\/td>\n<td width=\"118\"><strong>13<\/strong><\/td>\n<td width=\"118\"><strong>5<\/strong><\/td>\n<\/tr>\n<\/tbody>\n<\/table>\n<p style=\"text-align: justify;\">*Proyecci\u00f3n\u00a0al 30 de mayo<\/p>\n<p style=\"text-align: justify;\">Cabe resaltar que las II.EE. que han tenido un nivel de afectaci\u00f3n de gravedad en su infraestructura educativa han reanudado sus labores escolares en espacios alternos provisionales.<\/p>\n<p style=\"text-align: justify;\">Se inform\u00f3 tambi\u00e9n que las UGEL han realizado el monitoreo del cumplimiento de las labores escolares en simult\u00e1neo con el monitoreo de situaci\u00f3n de infraestructura y el soporte socioemocional, y que los directores de II.EE. han remitido reportes a las UGEL sobre el n\u00famero de horas de clases perdidas por el sismo. Las UGEL monitorearan el cumplimiento de la recuperaci\u00f3n de labores escolares.<\/p>\n<p style=\"text-align: justify;\">El Minedu recomend\u00f3 que se debe realizar seguimiento a la recuperaci\u00f3n de labores escolares en el marco del cumplimiento de la directiva sobre orientaciones del a\u00f1o escolar 2019.\u00a0 E indic\u00f3 que la recuperaci\u00f3n de clases se realizar\u00e1 seg\u00fan propuesta de cada IE, que puede ser por horas pedag\u00f3gicas, ampliando la jornada escolar, o establecer otras fechas s\u00e1bados y feriados.<\/p>\n<p style=\"text-align: justify;\">Foto: El Comercio (referencial)<\/p>\n","protected":false},"excerpt":{"rendered":"<p>El Ministerio de Educaci\u00f3n inform\u00f3, mediante la Direcci\u00f3n General de Gesti\u00f3n Descentralizada, ante el sismo ocurrido en la madrugada del [&hellip;]<\/p>\n","protected":false},"author":63,"featured_media":22598,"comment_status":"open","ping_status":"open","sticky":false,"template":"","format":"standard","meta":{"spay_email":""},"categories":[125],"tags":[],"yoast_head":"<!-- This site is optimized with the Yoast SEO plugin v18.0 - https:\/\/yoast.com\/wordpress\/plugins\/seo\/ -->\n<title>Educaci\u00f3n: \u00bfQu\u00e9 acciones se han tomado tras sismo en Lagunas? - Red Peruana de Gestores de la Educaci\u00f3n<\/title>\n<meta name=\"robots\" content=\"index, follow, max-snippet:-1, max-image-preview:large, max-video-preview:-1\" \/>\n<link rel=\"canonical\" href=\"https:\/\/www.edugestores.pe\/?p=22597\" \/>\n<meta property=\"og:locale\" content=\"es_ES\" \/>\n<meta property=\"og:type\" content=\"article\" \/>\n<meta property=\"og:title\" content=\"Educaci\u00f3n: \u00bfQu\u00e9 acciones se han tomado tras sismo en Lagunas? - Red Peruana de Gestores de la Educaci\u00f3n\" \/>\n<meta property=\"og:description\" content=\"El Ministerio de Educaci\u00f3n inform\u00f3, mediante la Direcci\u00f3n General de Gesti\u00f3n Descentralizada, ante el sismo ocurrido en la madrugada del [&hellip;]\" \/>\n<meta property=\"og:url\" content=\"https:\/\/www.edugestores.pe\/?p=22597\" \/>\n<meta property=\"og:site_name\" content=\"Red Peruana de Gestores de la Educaci\u00f3n\" \/>\n<meta property=\"article:published_time\" content=\"2019-05-30T02:03:53+00:00\" \/>\n<meta property=\"article:modified_time\" content=\"2019-06-06T19:51:30+00:00\" \/>\n<meta property=\"og:image\" content=\"https:\/\/www.edugestores.pe\/wp-content\/uploads\/2019\/05\/5ced5a49b50eb.jpeg\" \/>\n\t<meta property=\"og:image:width\" content=\"1000\" \/>\n\t<meta property=\"og:image:height\" content=\"666\" \/>\n\t<meta property=\"og:image:type\" content=\"image\/jpeg\" \/>\n<meta name=\"twitter:card\" content=\"summary_large_image\" \/>\n<meta name=\"twitter:label1\" content=\"Escrito por\" \/>\n\t<meta name=\"twitter:data1\" content=\"Administrador\" \/>\n\t<meta name=\"twitter:label2\" content=\"Tiempo de lectura\" \/>\n\t<meta name=\"twitter:data2\" content=\"1 minuto\" \/>\n<script type=\"application\/ld+json\" class=\"yoast-schema-graph\">{\"@context\":\"https:\/\/schema.org\",\"@graph\":[{\"@type\":\"WebSite\",\"@id\":\"https:\/\/www.edugestores.pe\/#website\",\"url\":\"https:\/\/www.edugestores.pe\/\",\"name\":\"Red Peruana de Gestores de la Educaci\u00f3n\",\"description\":\"Red Peruana de Gestores de la Educaci\u00f3n\",\"potentialAction\":[{\"@type\":\"SearchAction\",\"target\":{\"@type\":\"EntryPoint\",\"urlTemplate\":\"https:\/\/www.edugestores.pe\/?s={search_term_string}\"},\"query-input\":\"required name=search_term_string\"}],\"inLanguage\":\"es\"},{\"@type\":\"ImageObject\",\"@id\":\"https:\/\/www.edugestores.pe\/?p=22597#primaryimage\",\"inLanguage\":\"es\",\"url\":\"https:\/\/www.edugestores.pe\/wp-content\/uploads\/2019\/05\/5ced5a49b50eb.jpeg\",\"contentUrl\":\"https:\/\/www.edugestores.pe\/wp-content\/uploads\/2019\/05\/5ced5a49b50eb.jpeg\",\"width\":1000,\"height\":666},{\"@type\":\"WebPage\",\"@id\":\"https:\/\/www.edugestores.pe\/?p=22597#webpage\",\"url\":\"https:\/\/www.edugestores.pe\/?p=22597\",\"name\":\"Educaci\u00f3n: \u00bfQu\u00e9 acciones se han tomado tras sismo en Lagunas? - Red Peruana de Gestores de la Educaci\u00f3n\",\"isPartOf\":{\"@id\":\"https:\/\/www.edugestores.pe\/#website\"},\"primaryImageOfPage\":{\"@id\":\"https:\/\/www.edugestores.pe\/?p=22597#primaryimage\"},\"datePublished\":\"2019-05-30T02:03:53+00:00\",\"dateModified\":\"2019-06-06T19:51:30+00:00\",\"author\":{\"@id\":\"https:\/\/www.edugestores.pe\/#\/schema\/person\/30dc82f35f5853289037a64b35c7c7d3\"},\"breadcrumb\":{\"@id\":\"https:\/\/www.edugestores.pe\/?p=22597#breadcrumb\"},\"inLanguage\":\"es\",\"potentialAction\":[{\"@type\":\"ReadAction\",\"target\":[\"https:\/\/www.edugestores.pe\/?p=22597\"]}]},{\"@type\":\"BreadcrumbList\",\"@id\":\"https:\/\/www.edugestores.pe\/?p=22597#breadcrumb\",\"itemListElement\":[{\"@type\":\"ListItem\",\"position\":1,\"name\":\"Portada\",\"item\":\"https:\/\/www.edugestores.pe\/\"},{\"@type\":\"ListItem\",\"position\":2,\"name\":\"Educaci\u00f3n: \u00bfQu\u00e9 acciones se han tomado tras sismo en Lagunas?\"}]},{\"@type\":\"Person\",\"@id\":\"https:\/\/www.edugestores.pe\/#\/schema\/person\/30dc82f35f5853289037a64b35c7c7d3\",\"name\":\"Administrador\",\"image\":{\"@type\":\"ImageObject\",\"@id\":\"https:\/\/www.edugestores.pe\/#personlogo\",\"inLanguage\":\"es\",\"url\":\"https:\/\/secure.gravatar.com\/avatar\/70960d1239c4d2c778bb3d2786a3c1ae?s=96&d=mm&r=g\",\"contentUrl\":\"https:\/\/secure.gravatar.com\/avatar\/70960d1239c4d2c778bb3d2786a3c1ae?s=96&d=mm&r=g\",\"caption\":\"Administrador\"},\"url\":\"https:\/\/www.edugestores.pe\/?author=63\"}]}<\/script>\n<!-- \/ Yoast SEO plugin. -->","yoast_head_json":{"title":"Educaci\u00f3n: \u00bfQu\u00e9 acciones se han tomado tras sismo en Lagunas? - Red Peruana de Gestores de la Educaci\u00f3n","robots":{"index":"index","follow":"follow","max-snippet":"max-snippet:-1","max-image-preview":"max-image-preview:large","max-video-preview":"max-video-preview:-1"},"canonical":"https:\/\/www.edugestores.pe\/?p=22597","og_locale":"es_ES","og_type":"article","og_title":"Educaci\u00f3n: \u00bfQu\u00e9 acciones se han tomado tras sismo en Lagunas? - Red Peruana de Gestores de la Educaci\u00f3n","og_description":"El Ministerio de Educaci\u00f3n inform\u00f3, mediante la Direcci\u00f3n General de Gesti\u00f3n Descentralizada, ante el sismo ocurrido en la madrugada del [&hellip;]","og_url":"https:\/\/www.edugestores.pe\/?p=22597","og_site_name":"Red Peruana de Gestores de la Educaci\u00f3n","article_published_time":"2019-05-30T02:03:53+00:00","article_modified_time":"2019-06-06T19:51:30+00:00","og_image":[{"width":1000,"height":666,"url":"https:\/\/www.edugestores.pe\/wp-content\/uploads\/2019\/05\/5ced5a49b50eb.jpeg","type":"image\/jpeg"}],"twitter_card":"summary_large_image","twitter_misc":{"Escrito por":"Administrador","Tiempo de lectura":"1 minuto"},"schema":{"@context":"https:\/\/schema.org","@graph":[{"@type":"WebSite","@id":"https:\/\/www.edugestores.pe\/#website","url":"https:\/\/www.edugestores.pe\/","name":"Red Peruana de Gestores de la Educaci\u00f3n","description":"Red Peruana de Gestores de la Educaci\u00f3n","potentialAction":[{"@type":"SearchAction","target":{"@type":"EntryPoint","urlTemplate":"https:\/\/www.edugestores.pe\/?s={search_term_string}"},"query-input":"required name=search_term_string"}],"inLanguage":"es"},{"@type":"ImageObject","@id":"https:\/\/www.edugestores.pe\/?p=22597#primaryimage","inLanguage":"es","url":"https:\/\/www.edugestores.pe\/wp-content\/uploads\/2019\/05\/5ced5a49b50eb.jpeg","contentUrl":"https:\/\/www.edugestores.pe\/wp-content\/uploads\/2019\/05\/5ced5a49b50eb.jpeg","width":1000,"height":666},{"@type":"WebPage","@id":"https:\/\/www.edugestores.pe\/?p=22597#webpage","url":"https:\/\/www.edugestores.pe\/?p=22597","name":"Educaci\u00f3n: \u00bfQu\u00e9 acciones se han tomado tras sismo en Lagunas? - Red Peruana de Gestores de la Educaci\u00f3n","isPartOf":{"@id":"https:\/\/www.edugestores.pe\/#website"},"primaryImageOfPage":{"@id":"https:\/\/www.edugestores.pe\/?p=22597#primaryimage"},"datePublished":"2019-05-30T02:03:53+00:00","dateModified":"2019-06-06T19:51:30+00:00","author":{"@id":"https:\/\/www.edugestores.pe\/#\/schema\/person\/30dc82f35f5853289037a64b35c7c7d3"},"breadcrumb":{"@id":"https:\/\/www.edugestores.pe\/?p=22597#breadcrumb"},"inLanguage":"es","potentialAction":[{"@type":"ReadAction","target":["https:\/\/www.edugestores.pe\/?p=22597"]}]},{"@type":"BreadcrumbList","@id":"https:\/\/www.edugestores.pe\/?p=22597#breadcrumb","itemListElement":[{"@type":"ListItem","position":1,"name":"Portada","item":"https:\/\/www.edugestores.pe\/"},{"@type":"ListItem","position":2,"name":"Educaci\u00f3n: \u00bfQu\u00e9 acciones se han tomado tras sismo en Lagunas?"}]},{"@type":"Person","@id":"https:\/\/www.edugestores.pe\/#\/schema\/person\/30dc82f35f5853289037a64b35c7c7d3","name":"Administrador","image":{"@type":"ImageObject","@id":"https:\/\/www.edugestores.pe\/#personlogo","inLanguage":"es","url":"https:\/\/secure.gravatar.com\/avatar\/70960d1239c4d2c778bb3d2786a3c1ae?s=96&d=mm&r=g","contentUrl":"https:\/\/secure.gravatar.com\/avatar\/70960d1239c4d2c778bb3d2786a3c1ae?s=96&d=mm&r=g","caption":"Administrador"},"url":"https:\/\/www.edugestores.pe\/?author=63"}]}},"jetpack_featured_media_url":"https:\/\/www.edugestores.pe\/wp-content\/uploads\/2019\/05\/5ced5a49b50eb.jpeg","_links":{"self":[{"href":"https:\/\/www.edugestores.pe\/index.php?rest_route=\/wp\/v2\/posts\/22597"}],"collection":[{"href":"https:\/\/www.edugestores.pe\/index.php?rest_route=\/wp\/v2\/posts"}],"about":[{"href":"https:\/\/www.edugestores.pe\/index.php?rest_route=\/wp\/v2\/types\/post"}],"author":[{"embeddable":true,"href":"https:\/\/www.edugestores.pe\/index.php?rest_route=\/wp\/v2\/users\/63"}],"replies":[{"embeddable":true,"href":"https:\/\/www.edugestores.pe\/index.php?rest_route=%2Fwp%2Fv2%2Fcomments&post=22597"}],"version-history":[{"count":1,"href":"https:\/\/www.edugestores.pe\/index.php?rest_route=\/wp\/v2\/posts\/22597\/revisions"}],"predecessor-version":[{"id":22599,"href":"https:\/\/www.edugestores.pe\/index.php?rest_route=\/wp\/v2\/posts\/22597\/revisions\/22599"}],"wp:featuredmedia":[{"embeddable":true,"href":"https:\/\/www.edugestores.pe\/index.php?rest_route=\/wp\/v2\/media\/22598"}],"wp:attachment":[{"href":"https:\/\/www.edugestores.pe\/index.php?rest_route=%2Fwp%2Fv2%2Fmedia&parent=22597"}],"wp:term":[{"taxonomy":"category","embeddable":true,"href":"https:\/\/www.edugestores.pe\/index.php?rest_route=%2Fwp%2Fv2%2Fcategories&post=22597"},{"taxonomy":"post_tag","embeddable":true,"href":"https:\/\/www.edugestores.pe\/index.php?rest_route=%2Fwp%2Fv2%2Ftags&post=22597"}],"curies":[{"name":"wp","href":"https:\/\/api.w.org\/{rel}","templated":true}]}}