{"id":22604,"date":"2019-06-02T07:20:41","date_gmt":"2019-06-02T12:20:41","guid":{"rendered":"https:\/\/www.edugestores.pe\/?p=22604"},"modified":"2019-08-16T11:29:35","modified_gmt":"2019-08-16T16:29:35","slug":"reporte-de-mayo-del-observatorio-de-politicas-educativas-2","status":"publish","type":"post","link":"https:\/\/www.edugestores.pe\/?p=22604","title":{"rendered":"Reporte de mayo del Observatorio de Pol\u00edticas Educativas"},"content":{"rendered":"<p style=\"font-weight: 400; text-align: justify;\">Compartirmos el reporte de mayo\u00a0del Observatorio de Pol\u00edticas Educativas, elaborado por el Instituto de Gobierno y Desarrollo Humano.<\/p>\n<p style=\"font-weight: 400; text-align: justify;\">Las principales pol\u00edticas a destacar son las siguientes:<\/p>\n<p style=\"font-weight: 400; text-align: justify;\"><strong>1. Desarrollo docente:<\/strong><\/p>\n<p style=\"font-weight: 400; text-align: justify;\">&#8211;\u00a0<a href=\"https:\/\/www.edugestores.pe\/docs\/aprueban-norma-tecnica-denominada-norma-que-regula-el-concurso-publico-para-el-ascenso-de-escala-de-los-profesores-de-educacion-basica-en-la-carrera-publica-magisterial-2019\/\">Resoluci\u00f3n Viceministerial\u00a0N\u00b0 115-2019-MINEDU<\/a>:\u00a0Aprueban Norma T\u00e9cnica denominada Norma que regula el concurso p\u00fablico para el ascenso de escala de los profesores de Educaci\u00f3n B\u00e1sica en la Carrera P\u00fablica Magisterial 2019.<\/p>\n<p style=\"font-weight: 400; text-align: justify;\">&#8211;\u00a0<a href=\"https:\/\/www.edugestores.pe\/docs\/concurso-publico-para-el-ascenso-de-escala-en-la-carrera-publica-magisterial-2019\/\">Resoluci\u00f3n Viceministerial\u00a0N\u00b0 119-2019-MINEDU<\/a>:\u00a0Convocan a concurso p\u00fablico para el ascenso de escala de los profesores de Educaci\u00f3n B\u00e1sica en la Carrera P\u00fablica Magisterial 2019 y aprueban cronograma.<\/p>\n<p style=\"font-weight: 400; text-align: justify;\">&#8211;\u00a0<a href=\"https:\/\/www.edugestores.pe\/docs\/norma-para-la-implementacion-del-ciclo-de-formacion-interna-en-jec-2019\/\">Resoluci\u00f3n Viceministerial\u00a0N\u00b0 132-2019-MINEDU<\/a>:\u00a0Aprueban la Norma T\u00e9cnica denominada Norma para la implementaci\u00f3n del Ciclo de Formaci\u00f3n Interna dirigido para Docentes de Instituciones Educativas P\u00fablicas que implementan el modelo de servicio educativo Jornada Escolar Completa a desarrollarse en el a\u00f1o 2019.<\/p>\n<p style=\"font-weight: 400; text-align: justify;\"><strong>2. Aprendizajes<\/strong><\/p>\n<p style=\"font-weight: 400; text-align: justify;\">&#8211;\u00a0<a href=\"https:\/\/www.edugestores.pe\/docs\/crean-el-modelo-de-servicio-educativo-no-escolarizado-de-ciclo-ii\/\">Resoluci\u00f3n Ministerial\u00a0N\u00b0 217-2019-MINEDU:<\/a>\u00a0Crean el Modelo de Servicio Educativo No Escolarizado de Ciclo II.<\/p>\n<p style=\"font-weight: 400; text-align: justify;\"><strong>\u00a03. Gesti\u00f3n y presupuesto:\u00a0<\/strong><\/p>\n<p style=\"font-weight: 400; text-align: justify;\">&#8211;\u00a0<a href=\"https:\/\/www.gob.pe\/institucion\/minedu\/normas-legales\/274790-196-2019-minedu\">Resoluci\u00f3n Ministerial\u00a0N\u00b0 196-2019-MINEDU<\/a>:\u00a0Aprueban el Plan Operativo Institucional Multianual 2020-2022 del Pliego 010: Ministerio de Educaci\u00f3n.<\/p>\n<p style=\"font-weight: 400; text-align: justify;\">&#8211;\u00a0<a href=\"https:\/\/www.gob.pe\/institucion\/minedu\/normas-legales\/276854-231-2019-minedu\">Resoluci\u00f3n Ministerial\u00a0N\u00b0 231-2019-MINEDU<\/a>:\u00a0Disponen la publicaci\u00f3n del proyecto de Reglamento de la Ley N\u00b0 30772 Ley que promueve la atenci\u00f3n educativa integral de los estudiantes en condiciones de hospitalizaci\u00f3n o con tratamiento ambulatorio de la Educaci\u00f3n B\u00e1sica.<\/p>\n<p style=\"font-weight: 400; text-align: justify;\">&#8211;<a href=\"https:\/\/www.gob.pe\/institucion\/minedu\/normas-legales\/276854-231-2019-minedu\">Resoluci\u00f3n Ministerial\u00a0N\u00b0 197-2019-MINEDU<\/a>:\u00a0Conforman Grupo de Trabajo con el objetivo de reestructurar el proceso de gesti\u00f3n de los materiales educativos as\u00ed como de redefinir las funciones de los \u00f3rganos y unidades org\u00e1nicas que participan en el citado proceso.<\/p>\n<p style=\"font-weight: 400; text-align: justify;\"><strong>4. Infraestructura:<\/strong><\/p>\n<p style=\"font-weight: 400; text-align: justify;\">&#8211;\u00a0<a href=\"https:\/\/www.gob.pe\/institucion\/minedu\/normas-legales\/274899-104-2019-minedu\">Resoluci\u00f3n Viceministerial\u00a0N\u00b0 104-2019-MINEDU<\/a>:\u00a0Aprueban la Norma T\u00e9cnica denominada Criterios de Dise\u00f1o para Locales Educativos del Nivel de Educaci\u00f3n Inicial.<\/p>\n<p style=\"font-weight: 400; text-align: justify;\">\u00a0Para mayor informaci\u00f3n visite la web del Observatorio de Pol\u00edticas Educativas en el <a href=\"http:\/\/www.gobiernoydesarrollohumano.org\/cuadro.php?mes=mayo&amp;anio=2019\">siguiente link<\/a>.<\/p>\n<p style=\"font-weight: 400; text-align: justify;\"><img decoding=\"async\" loading=\"lazy\" class=\"alignnone  wp-image-22605\" src=\"https:\/\/www.edugestores.pe\/wp-content\/uploads\/2019\/06\/MAYO-1024x576.png\" alt=\"MAYO\" width=\"718\" height=\"404\" srcset=\"https:\/\/www.edugestores.pe\/wp-content\/uploads\/2019\/06\/MAYO-1024x576.png 1024w, https:\/\/www.edugestores.pe\/wp-content\/uploads\/2019\/06\/MAYO-300x169.png 300w, https:\/\/www.edugestores.pe\/wp-content\/uploads\/2019\/06\/MAYO-672x378.png 672w, https:\/\/www.edugestores.pe\/wp-content\/uploads\/2019\/06\/MAYO-1038x584.png 1038w, https:\/\/www.edugestores.pe\/wp-content\/uploads\/2019\/06\/MAYO-100x56.png 100w, https:\/\/www.edugestores.pe\/wp-content\/uploads\/2019\/06\/MAYO.png 1366w\" sizes=\"(max-width: 718px) 100vw, 718px\" \/><\/p>\n<p style=\"font-weight: 400; text-align: justify;\">\n","protected":false},"excerpt":{"rendered":"<p>Compartirmos el reporte de mayo\u00a0del Observatorio de Pol\u00edticas Educativas, elaborado por el Instituto de Gobierno y Desarrollo Humano. Las principales [&hellip;]<\/p>\n","protected":false},"author":63,"featured_media":22616,"comment_status":"open","ping_status":"open","sticky":false,"template":"","format":"standard","meta":{"spay_email":""},"categories":[125,1413],"tags":[],"yoast_head":"<!-- This site is optimized with the Yoast SEO plugin v18.0 - https:\/\/yoast.com\/wordpress\/plugins\/seo\/ -->\n<title>Reporte de mayo del Observatorio de Pol\u00edticas Educativas - Red Peruana de Gestores de la Educaci\u00f3n<\/title>\n<meta name=\"robots\" content=\"index, follow, max-snippet:-1, max-image-preview:large, max-video-preview:-1\" \/>\n<link rel=\"canonical\" href=\"https:\/\/www.edugestores.pe\/?p=22604\" \/>\n<meta property=\"og:locale\" content=\"es_ES\" \/>\n<meta property=\"og:type\" content=\"article\" \/>\n<meta property=\"og:title\" content=\"Reporte de mayo del Observatorio de Pol\u00edticas Educativas - Red Peruana de Gestores de la Educaci\u00f3n\" \/>\n<meta property=\"og:description\" content=\"Compartirmos el reporte de mayo\u00a0del Observatorio de Pol\u00edticas Educativas, elaborado por el Instituto de Gobierno y Desarrollo Humano. Las principales [&hellip;]\" \/>\n<meta property=\"og:url\" content=\"https:\/\/www.edugestores.pe\/?p=22604\" \/>\n<meta property=\"og:site_name\" content=\"Red Peruana de Gestores de la Educaci\u00f3n\" \/>\n<meta property=\"article:published_time\" content=\"2019-06-02T12:20:41+00:00\" \/>\n<meta property=\"article:modified_time\" content=\"2019-08-16T16:29:35+00:00\" \/>\n<meta property=\"og:image\" content=\"https:\/\/www.edugestores.pe\/wp-content\/uploads\/2019\/06\/000581551W.jpg\" \/>\n\t<meta property=\"og:image:width\" content=\"1800\" \/>\n\t<meta property=\"og:image:height\" content=\"1200\" \/>\n\t<meta property=\"og:image:type\" content=\"image\/jpeg\" \/>\n<meta name=\"twitter:card\" content=\"summary_large_image\" \/>\n<meta name=\"twitter:label1\" content=\"Escrito por\" \/>\n\t<meta name=\"twitter:data1\" content=\"Administrador\" \/>\n\t<meta name=\"twitter:label2\" content=\"Tiempo de lectura\" \/>\n\t<meta name=\"twitter:data2\" content=\"2 minutos\" \/>\n<script type=\"application\/ld+json\" class=\"yoast-schema-graph\">{\"@context\":\"https:\/\/schema.org\",\"@graph\":[{\"@type\":\"WebSite\",\"@id\":\"https:\/\/www.edugestores.pe\/#website\",\"url\":\"https:\/\/www.edugestores.pe\/\",\"name\":\"Red Peruana de Gestores de la Educaci\u00f3n\",\"description\":\"Red Peruana de Gestores de la Educaci\u00f3n\",\"potentialAction\":[{\"@type\":\"SearchAction\",\"target\":{\"@type\":\"EntryPoint\",\"urlTemplate\":\"https:\/\/www.edugestores.pe\/?s={search_term_string}\"},\"query-input\":\"required name=search_term_string\"}],\"inLanguage\":\"es\"},{\"@type\":\"ImageObject\",\"@id\":\"https:\/\/www.edugestores.pe\/?p=22604#primaryimage\",\"inLanguage\":\"es\",\"url\":\"https:\/\/www.edugestores.pe\/wp-content\/uploads\/2019\/06\/000581551W.jpg\",\"contentUrl\":\"https:\/\/www.edugestores.pe\/wp-content\/uploads\/2019\/06\/000581551W.jpg\",\"width\":1800,\"height\":1200},{\"@type\":\"WebPage\",\"@id\":\"https:\/\/www.edugestores.pe\/?p=22604#webpage\",\"url\":\"https:\/\/www.edugestores.pe\/?p=22604\",\"name\":\"Reporte de mayo del Observatorio de Pol\u00edticas Educativas - Red Peruana de Gestores de la Educaci\u00f3n\",\"isPartOf\":{\"@id\":\"https:\/\/www.edugestores.pe\/#website\"},\"primaryImageOfPage\":{\"@id\":\"https:\/\/www.edugestores.pe\/?p=22604#primaryimage\"},\"datePublished\":\"2019-06-02T12:20:41+00:00\",\"dateModified\":\"2019-08-16T16:29:35+00:00\",\"author\":{\"@id\":\"https:\/\/www.edugestores.pe\/#\/schema\/person\/30dc82f35f5853289037a64b35c7c7d3\"},\"breadcrumb\":{\"@id\":\"https:\/\/www.edugestores.pe\/?p=22604#breadcrumb\"},\"inLanguage\":\"es\",\"potentialAction\":[{\"@type\":\"ReadAction\",\"target\":[\"https:\/\/www.edugestores.pe\/?p=22604\"]}]},{\"@type\":\"BreadcrumbList\",\"@id\":\"https:\/\/www.edugestores.pe\/?p=22604#breadcrumb\",\"itemListElement\":[{\"@type\":\"ListItem\",\"position\":1,\"name\":\"Portada\",\"item\":\"https:\/\/www.edugestores.pe\/\"},{\"@type\":\"ListItem\",\"position\":2,\"name\":\"Reporte de mayo del Observatorio de Pol\u00edticas Educativas\"}]},{\"@type\":\"Person\",\"@id\":\"https:\/\/www.edugestores.pe\/#\/schema\/person\/30dc82f35f5853289037a64b35c7c7d3\",\"name\":\"Administrador\",\"image\":{\"@type\":\"ImageObject\",\"@id\":\"https:\/\/www.edugestores.pe\/#personlogo\",\"inLanguage\":\"es\",\"url\":\"https:\/\/secure.gravatar.com\/avatar\/70960d1239c4d2c778bb3d2786a3c1ae?s=96&d=mm&r=g\",\"contentUrl\":\"https:\/\/secure.gravatar.com\/avatar\/70960d1239c4d2c778bb3d2786a3c1ae?s=96&d=mm&r=g\",\"caption\":\"Administrador\"},\"url\":\"https:\/\/www.edugestores.pe\/?author=63\"}]}<\/script>\n<!-- \/ Yoast SEO plugin. -->","yoast_head_json":{"title":"Reporte de mayo del Observatorio de Pol\u00edticas Educativas - Red Peruana de Gestores de la Educaci\u00f3n","robots":{"index":"index","follow":"follow","max-snippet":"max-snippet:-1","max-image-preview":"max-image-preview:large","max-video-preview":"max-video-preview:-1"},"canonical":"https:\/\/www.edugestores.pe\/?p=22604","og_locale":"es_ES","og_type":"article","og_title":"Reporte de mayo del Observatorio de Pol\u00edticas Educativas - Red Peruana de Gestores de la Educaci\u00f3n","og_description":"Compartirmos el reporte de mayo\u00a0del Observatorio de Pol\u00edticas Educativas, elaborado por el Instituto de Gobierno y Desarrollo Humano. Las principales [&hellip;]","og_url":"https:\/\/www.edugestores.pe\/?p=22604","og_site_name":"Red Peruana de Gestores de la Educaci\u00f3n","article_published_time":"2019-06-02T12:20:41+00:00","article_modified_time":"2019-08-16T16:29:35+00:00","og_image":[{"width":1800,"height":1200,"url":"https:\/\/www.edugestores.pe\/wp-content\/uploads\/2019\/06\/000581551W.jpg","type":"image\/jpeg"}],"twitter_card":"summary_large_image","twitter_misc":{"Escrito por":"Administrador","Tiempo de lectura":"2 minutos"},"schema":{"@context":"https:\/\/schema.org","@graph":[{"@type":"WebSite","@id":"https:\/\/www.edugestores.pe\/#website","url":"https:\/\/www.edugestores.pe\/","name":"Red Peruana de Gestores de la Educaci\u00f3n","description":"Red Peruana de Gestores de la Educaci\u00f3n","potentialAction":[{"@type":"SearchAction","target":{"@type":"EntryPoint","urlTemplate":"https:\/\/www.edugestores.pe\/?s={search_term_string}"},"query-input":"required name=search_term_string"}],"inLanguage":"es"},{"@type":"ImageObject","@id":"https:\/\/www.edugestores.pe\/?p=22604#primaryimage","inLanguage":"es","url":"https:\/\/www.edugestores.pe\/wp-content\/uploads\/2019\/06\/000581551W.jpg","contentUrl":"https:\/\/www.edugestores.pe\/wp-content\/uploads\/2019\/06\/000581551W.jpg","width":1800,"height":1200},{"@type":"WebPage","@id":"https:\/\/www.edugestores.pe\/?p=22604#webpage","url":"https:\/\/www.edugestores.pe\/?p=22604","name":"Reporte de mayo del Observatorio de Pol\u00edticas Educativas - Red Peruana de Gestores de la Educaci\u00f3n","isPartOf":{"@id":"https:\/\/www.edugestores.pe\/#website"},"primaryImageOfPage":{"@id":"https:\/\/www.edugestores.pe\/?p=22604#primaryimage"},"datePublished":"2019-06-02T12:20:41+00:00","dateModified":"2019-08-16T16:29:35+00:00","author":{"@id":"https:\/\/www.edugestores.pe\/#\/schema\/person\/30dc82f35f5853289037a64b35c7c7d3"},"breadcrumb":{"@id":"https:\/\/www.edugestores.pe\/?p=22604#breadcrumb"},"inLanguage":"es","potentialAction":[{"@type":"ReadAction","target":["https:\/\/www.edugestores.pe\/?p=22604"]}]},{"@type":"BreadcrumbList","@id":"https:\/\/www.edugestores.pe\/?p=22604#breadcrumb","itemListElement":[{"@type":"ListItem","position":1,"name":"Portada","item":"https:\/\/www.edugestores.pe\/"},{"@type":"ListItem","position":2,"name":"Reporte de mayo del Observatorio de Pol\u00edticas Educativas"}]},{"@type":"Person","@id":"https:\/\/www.edugestores.pe\/#\/schema\/person\/30dc82f35f5853289037a64b35c7c7d3","name":"Administrador","image":{"@type":"ImageObject","@id":"https:\/\/www.edugestores.pe\/#personlogo","inLanguage":"es","url":"https:\/\/secure.gravatar.com\/avatar\/70960d1239c4d2c778bb3d2786a3c1ae?s=96&d=mm&r=g","contentUrl":"https:\/\/secure.gravatar.com\/avatar\/70960d1239c4d2c778bb3d2786a3c1ae?s=96&d=mm&r=g","caption":"Administrador"},"url":"https:\/\/www.edugestores.pe\/?author=63"}]}},"jetpack_featured_media_url":"https:\/\/www.edugestores.pe\/wp-content\/uploads\/2019\/06\/000581551W.jpg","_links":{"self":[{"href":"https:\/\/www.edugestores.pe\/index.php?rest_route=\/wp\/v2\/posts\/22604"}],"collection":[{"href":"https:\/\/www.edugestores.pe\/index.php?rest_route=\/wp\/v2\/posts"}],"about":[{"href":"https:\/\/www.edugestores.pe\/index.php?rest_route=\/wp\/v2\/types\/post"}],"author":[{"embeddable":true,"href":"https:\/\/www.edugestores.pe\/index.php?rest_route=\/wp\/v2\/users\/63"}],"replies":[{"embeddable":true,"href":"https:\/\/www.edugestores.pe\/index.php?rest_route=%2Fwp%2Fv2%2Fcomments&post=22604"}],"version-history":[{"count":1,"href":"https:\/\/www.edugestores.pe\/index.php?rest_route=\/wp\/v2\/posts\/22604\/revisions"}],"predecessor-version":[{"id":22615,"href":"https:\/\/www.edugestores.pe\/index.php?rest_route=\/wp\/v2\/posts\/22604\/revisions\/22615"}],"wp:featuredmedia":[{"embeddable":true,"href":"https:\/\/www.edugestores.pe\/index.php?rest_route=\/wp\/v2\/media\/22616"}],"wp:attachment":[{"href":"https:\/\/www.edugestores.pe\/index.php?rest_route=%2Fwp%2Fv2%2Fmedia&parent=22604"}],"wp:term":[{"taxonomy":"category","embeddable":true,"href":"https:\/\/www.edugestores.pe\/index.php?rest_route=%2Fwp%2Fv2%2Fcategories&post=22604"},{"taxonomy":"post_tag","embeddable":true,"href":"https:\/\/www.edugestores.pe\/index.php?rest_route=%2Fwp%2Fv2%2Ftags&post=22604"}],"curies":[{"name":"wp","href":"https:\/\/api.w.org\/{rel}","templated":true}]}}