{"id":22617,"date":"2019-06-02T07:27:55","date_gmt":"2019-06-02T12:27:55","guid":{"rendered":"https:\/\/www.edugestores.pe\/?p=22617"},"modified":"2019-06-06T14:51:37","modified_gmt":"2019-06-06T19:51:37","slug":"mas-de-25-mil-docentes-y-administrativos-cobraran-deuda-social","status":"publish","type":"post","link":"https:\/\/www.edugestores.pe\/?p=22617","title":{"rendered":"M\u00e1s de 25 mil docentes y administrativos cobrar\u00e1n deuda social"},"content":{"rendered":"<p style=\"text-align: justify;\">Un total de 28,348 docentes, trabajadores administrativos y pensionistas del sector Educaci\u00f3n recibir\u00e1n en conjunto 200 millones de soles por concepto de pago de sentencias judiciales en calidad de cosa juzgada, para lo cual el Ministerio de Econom\u00eda y Finanzas (MEF) transfiri\u00f3 dicho monto al\u00a0Ministerio de Educaci\u00f3n (Minedu)\u00a0y a los gobiernos regionales.<\/p>\n<div style=\"text-align: justify;\">De acuerdo con los criterios establecidos por el MEF, tienen prioridad las deudas con requerimiento a favor de acreedores con\u00a0enfermedades\u00a0en fase terminal hasta la suma de S\/ 30,000 y de acreedores con enfermedades en fase avanzada hasta la suma de S\/ 15,000.<\/div>\n<div style=\"text-align: justify;\"><\/div>\n<div style=\"text-align: justify;\">\n<div>Asimismo, las deudas con requerimiento a favor de acreedores mayores de 65 a\u00f1os hasta la suma de S\/ 10,000 y de acreedores menores o iguales a 65 a\u00f1os hasta la suma de S\/ 5,000.<\/div>\n<div><\/div>\n<div>La mayor cantidad de beneficiarios est\u00e1 en las regiones La Libertad (4,280), Arequipa (2,858), Cusco (2,826), Lambayeque (2,141), San Mart\u00edn (2,567), Ica (1,575), Tacna (1,414), Puno (1,499), Cajamarca (1,549), Moquegua (1,368) y Lima (1,233).<\/div>\n<div><\/div>\n<div>En lo que respecta a los montos, los gobiernos regionales de La Libertad, Arequipa y Cusco recibir\u00e1n, respectivamente, S\/ 27&#8217;448,398, S\/ 24&#8217;704,091 y S\/ 23&#8217;198,445, mientras el de Lima recibir\u00e1 S\/ 7&#8217;690,929.<\/div>\n<div><\/div>\n<div>El Decreto Supremo N\u00b0 166-2019-EF, que autoriza la transferencia, establece que estos recursos no pueden ser destinados a fines distintos para los cuales fueron asignados.<\/div>\n<div>Fuente y foto: Andina<\/div>\n<\/div>\n","protected":false},"excerpt":{"rendered":"<p>Un total de 28,348 docentes, trabajadores administrativos y pensionistas del sector Educaci\u00f3n recibir\u00e1n en conjunto 200 millones de soles por [&hellip;]<\/p>\n","protected":false},"author":63,"featured_media":22618,"comment_status":"open","ping_status":"open","sticky":false,"template":"","format":"standard","meta":{"spay_email":""},"categories":[125],"tags":[],"yoast_head":"<!-- This site is optimized with the Yoast SEO plugin v18.0 - https:\/\/yoast.com\/wordpress\/plugins\/seo\/ -->\n<title>M\u00e1s de 25 mil docentes y administrativos cobrar\u00e1n deuda social - Red Peruana de Gestores de la Educaci\u00f3n<\/title>\n<meta name=\"robots\" content=\"index, follow, max-snippet:-1, max-image-preview:large, max-video-preview:-1\" \/>\n<link rel=\"canonical\" href=\"https:\/\/www.edugestores.pe\/?p=22617\" \/>\n<meta property=\"og:locale\" content=\"es_ES\" \/>\n<meta property=\"og:type\" content=\"article\" \/>\n<meta property=\"og:title\" content=\"M\u00e1s de 25 mil docentes y administrativos cobrar\u00e1n deuda social - Red Peruana de Gestores de la Educaci\u00f3n\" \/>\n<meta property=\"og:description\" content=\"Un total de 28,348 docentes, trabajadores administrativos y pensionistas del sector Educaci\u00f3n recibir\u00e1n en conjunto 200 millones de soles por [&hellip;]\" \/>\n<meta property=\"og:url\" content=\"https:\/\/www.edugestores.pe\/?p=22617\" \/>\n<meta property=\"og:site_name\" content=\"Red Peruana de Gestores de la Educaci\u00f3n\" \/>\n<meta property=\"article:published_time\" content=\"2019-06-02T12:27:55+00:00\" \/>\n<meta property=\"article:modified_time\" content=\"2019-06-06T19:51:37+00:00\" \/>\n<meta property=\"og:image\" content=\"https:\/\/www.edugestores.pe\/wp-content\/uploads\/2019\/06\/000565174M.jpg\" \/>\n\t<meta property=\"og:image:width\" content=\"500\" \/>\n\t<meta property=\"og:image:height\" content=\"333\" \/>\n\t<meta property=\"og:image:type\" content=\"image\/jpeg\" \/>\n<meta name=\"twitter:card\" content=\"summary_large_image\" \/>\n<meta name=\"twitter:label1\" content=\"Escrito por\" \/>\n\t<meta name=\"twitter:data1\" content=\"Administrador\" \/>\n\t<meta name=\"twitter:label2\" content=\"Tiempo de lectura\" \/>\n\t<meta name=\"twitter:data2\" content=\"1 minuto\" \/>\n<script type=\"application\/ld+json\" class=\"yoast-schema-graph\">{\"@context\":\"https:\/\/schema.org\",\"@graph\":[{\"@type\":\"WebSite\",\"@id\":\"https:\/\/www.edugestores.pe\/#website\",\"url\":\"https:\/\/www.edugestores.pe\/\",\"name\":\"Red Peruana de Gestores de la Educaci\u00f3n\",\"description\":\"Red Peruana de Gestores de la Educaci\u00f3n\",\"potentialAction\":[{\"@type\":\"SearchAction\",\"target\":{\"@type\":\"EntryPoint\",\"urlTemplate\":\"https:\/\/www.edugestores.pe\/?s={search_term_string}\"},\"query-input\":\"required name=search_term_string\"}],\"inLanguage\":\"es\"},{\"@type\":\"ImageObject\",\"@id\":\"https:\/\/www.edugestores.pe\/?p=22617#primaryimage\",\"inLanguage\":\"es\",\"url\":\"https:\/\/www.edugestores.pe\/wp-content\/uploads\/2019\/06\/000565174M.jpg\",\"contentUrl\":\"https:\/\/www.edugestores.pe\/wp-content\/uploads\/2019\/06\/000565174M.jpg\",\"width\":500,\"height\":333},{\"@type\":\"WebPage\",\"@id\":\"https:\/\/www.edugestores.pe\/?p=22617#webpage\",\"url\":\"https:\/\/www.edugestores.pe\/?p=22617\",\"name\":\"M\u00e1s de 25 mil docentes y administrativos cobrar\u00e1n deuda social - Red Peruana de Gestores de la Educaci\u00f3n\",\"isPartOf\":{\"@id\":\"https:\/\/www.edugestores.pe\/#website\"},\"primaryImageOfPage\":{\"@id\":\"https:\/\/www.edugestores.pe\/?p=22617#primaryimage\"},\"datePublished\":\"2019-06-02T12:27:55+00:00\",\"dateModified\":\"2019-06-06T19:51:37+00:00\",\"author\":{\"@id\":\"https:\/\/www.edugestores.pe\/#\/schema\/person\/30dc82f35f5853289037a64b35c7c7d3\"},\"breadcrumb\":{\"@id\":\"https:\/\/www.edugestores.pe\/?p=22617#breadcrumb\"},\"inLanguage\":\"es\",\"potentialAction\":[{\"@type\":\"ReadAction\",\"target\":[\"https:\/\/www.edugestores.pe\/?p=22617\"]}]},{\"@type\":\"BreadcrumbList\",\"@id\":\"https:\/\/www.edugestores.pe\/?p=22617#breadcrumb\",\"itemListElement\":[{\"@type\":\"ListItem\",\"position\":1,\"name\":\"Portada\",\"item\":\"https:\/\/www.edugestores.pe\/\"},{\"@type\":\"ListItem\",\"position\":2,\"name\":\"M\u00e1s de 25 mil docentes y administrativos cobrar\u00e1n deuda social\"}]},{\"@type\":\"Person\",\"@id\":\"https:\/\/www.edugestores.pe\/#\/schema\/person\/30dc82f35f5853289037a64b35c7c7d3\",\"name\":\"Administrador\",\"image\":{\"@type\":\"ImageObject\",\"@id\":\"https:\/\/www.edugestores.pe\/#personlogo\",\"inLanguage\":\"es\",\"url\":\"https:\/\/secure.gravatar.com\/avatar\/70960d1239c4d2c778bb3d2786a3c1ae?s=96&d=mm&r=g\",\"contentUrl\":\"https:\/\/secure.gravatar.com\/avatar\/70960d1239c4d2c778bb3d2786a3c1ae?s=96&d=mm&r=g\",\"caption\":\"Administrador\"},\"url\":\"https:\/\/www.edugestores.pe\/?author=63\"}]}<\/script>\n<!-- \/ Yoast SEO plugin. -->","yoast_head_json":{"title":"M\u00e1s de 25 mil docentes y administrativos cobrar\u00e1n deuda social - Red Peruana de Gestores de la Educaci\u00f3n","robots":{"index":"index","follow":"follow","max-snippet":"max-snippet:-1","max-image-preview":"max-image-preview:large","max-video-preview":"max-video-preview:-1"},"canonical":"https:\/\/www.edugestores.pe\/?p=22617","og_locale":"es_ES","og_type":"article","og_title":"M\u00e1s de 25 mil docentes y administrativos cobrar\u00e1n deuda social - Red Peruana de Gestores de la Educaci\u00f3n","og_description":"Un total de 28,348 docentes, trabajadores administrativos y pensionistas del sector Educaci\u00f3n recibir\u00e1n en conjunto 200 millones de soles por [&hellip;]","og_url":"https:\/\/www.edugestores.pe\/?p=22617","og_site_name":"Red Peruana de Gestores de la Educaci\u00f3n","article_published_time":"2019-06-02T12:27:55+00:00","article_modified_time":"2019-06-06T19:51:37+00:00","og_image":[{"width":500,"height":333,"url":"https:\/\/www.edugestores.pe\/wp-content\/uploads\/2019\/06\/000565174M.jpg","type":"image\/jpeg"}],"twitter_card":"summary_large_image","twitter_misc":{"Escrito por":"Administrador","Tiempo de lectura":"1 minuto"},"schema":{"@context":"https:\/\/schema.org","@graph":[{"@type":"WebSite","@id":"https:\/\/www.edugestores.pe\/#website","url":"https:\/\/www.edugestores.pe\/","name":"Red Peruana de Gestores de la Educaci\u00f3n","description":"Red Peruana de Gestores de la Educaci\u00f3n","potentialAction":[{"@type":"SearchAction","target":{"@type":"EntryPoint","urlTemplate":"https:\/\/www.edugestores.pe\/?s={search_term_string}"},"query-input":"required name=search_term_string"}],"inLanguage":"es"},{"@type":"ImageObject","@id":"https:\/\/www.edugestores.pe\/?p=22617#primaryimage","inLanguage":"es","url":"https:\/\/www.edugestores.pe\/wp-content\/uploads\/2019\/06\/000565174M.jpg","contentUrl":"https:\/\/www.edugestores.pe\/wp-content\/uploads\/2019\/06\/000565174M.jpg","width":500,"height":333},{"@type":"WebPage","@id":"https:\/\/www.edugestores.pe\/?p=22617#webpage","url":"https:\/\/www.edugestores.pe\/?p=22617","name":"M\u00e1s de 25 mil docentes y administrativos cobrar\u00e1n deuda social - Red Peruana de Gestores de la Educaci\u00f3n","isPartOf":{"@id":"https:\/\/www.edugestores.pe\/#website"},"primaryImageOfPage":{"@id":"https:\/\/www.edugestores.pe\/?p=22617#primaryimage"},"datePublished":"2019-06-02T12:27:55+00:00","dateModified":"2019-06-06T19:51:37+00:00","author":{"@id":"https:\/\/www.edugestores.pe\/#\/schema\/person\/30dc82f35f5853289037a64b35c7c7d3"},"breadcrumb":{"@id":"https:\/\/www.edugestores.pe\/?p=22617#breadcrumb"},"inLanguage":"es","potentialAction":[{"@type":"ReadAction","target":["https:\/\/www.edugestores.pe\/?p=22617"]}]},{"@type":"BreadcrumbList","@id":"https:\/\/www.edugestores.pe\/?p=22617#breadcrumb","itemListElement":[{"@type":"ListItem","position":1,"name":"Portada","item":"https:\/\/www.edugestores.pe\/"},{"@type":"ListItem","position":2,"name":"M\u00e1s de 25 mil docentes y administrativos cobrar\u00e1n deuda social"}]},{"@type":"Person","@id":"https:\/\/www.edugestores.pe\/#\/schema\/person\/30dc82f35f5853289037a64b35c7c7d3","name":"Administrador","image":{"@type":"ImageObject","@id":"https:\/\/www.edugestores.pe\/#personlogo","inLanguage":"es","url":"https:\/\/secure.gravatar.com\/avatar\/70960d1239c4d2c778bb3d2786a3c1ae?s=96&d=mm&r=g","contentUrl":"https:\/\/secure.gravatar.com\/avatar\/70960d1239c4d2c778bb3d2786a3c1ae?s=96&d=mm&r=g","caption":"Administrador"},"url":"https:\/\/www.edugestores.pe\/?author=63"}]}},"jetpack_featured_media_url":"https:\/\/www.edugestores.pe\/wp-content\/uploads\/2019\/06\/000565174M.jpg","_links":{"self":[{"href":"https:\/\/www.edugestores.pe\/index.php?rest_route=\/wp\/v2\/posts\/22617"}],"collection":[{"href":"https:\/\/www.edugestores.pe\/index.php?rest_route=\/wp\/v2\/posts"}],"about":[{"href":"https:\/\/www.edugestores.pe\/index.php?rest_route=\/wp\/v2\/types\/post"}],"author":[{"embeddable":true,"href":"https:\/\/www.edugestores.pe\/index.php?rest_route=\/wp\/v2\/users\/63"}],"replies":[{"embeddable":true,"href":"https:\/\/www.edugestores.pe\/index.php?rest_route=%2Fwp%2Fv2%2Fcomments&post=22617"}],"version-history":[{"count":1,"href":"https:\/\/www.edugestores.pe\/index.php?rest_route=\/wp\/v2\/posts\/22617\/revisions"}],"predecessor-version":[{"id":22619,"href":"https:\/\/www.edugestores.pe\/index.php?rest_route=\/wp\/v2\/posts\/22617\/revisions\/22619"}],"wp:featuredmedia":[{"embeddable":true,"href":"https:\/\/www.edugestores.pe\/index.php?rest_route=\/wp\/v2\/media\/22618"}],"wp:attachment":[{"href":"https:\/\/www.edugestores.pe\/index.php?rest_route=%2Fwp%2Fv2%2Fmedia&parent=22617"}],"wp:term":[{"taxonomy":"category","embeddable":true,"href":"https:\/\/www.edugestores.pe\/index.php?rest_route=%2Fwp%2Fv2%2Fcategories&post=22617"},{"taxonomy":"post_tag","embeddable":true,"href":"https:\/\/www.edugestores.pe\/index.php?rest_route=%2Fwp%2Fv2%2Ftags&post=22617"}],"curies":[{"name":"wp","href":"https:\/\/api.w.org\/{rel}","templated":true}]}}