{"id":22675,"date":"2019-06-11T11:01:03","date_gmt":"2019-06-11T16:01:03","guid":{"rendered":"https:\/\/www.edugestores.pe\/?p=22675"},"modified":"2019-07-30T13:24:48","modified_gmt":"2019-07-30T18:24:48","slug":"en-selva-central-esta-el-70-de-plazas-docentes","status":"publish","type":"post","link":"https:\/\/www.edugestores.pe\/?p=22675","title":{"rendered":"En Selva Central est\u00e1 el 70% de plazas docentes"},"content":{"rendered":"<p style=\"text-align: justify;\">El 21 de julio se aplicar\u00e1 la Prueba \u00danica Nacional, es as\u00ed que el Ministerio de Educaci\u00f3n (Minedu) realiz\u00f3 la prepublicaci\u00f3n de un promedio de 1,363 plazas para el Concurso de Nombramiento 2019 y ser\u00e1n divididas en las 13 Unidades de Gesti\u00f3n Educativa Local (UGEL).<\/p>\n<p style=\"text-align: justify;\"><strong>PROCEDIMIENTO<\/strong>. El Concurso de Ingreso a la Carrera P\u00fablica Magisterial sirve para que las UGEL tengan el cuadro de m\u00e9ritos para el proceso de contrataci\u00f3n docente del 2020 y 2021.<\/p>\n<div id=\"ads_d_inline\" style=\"text-align: justify;\">\n<div id=\"div_utif_ads_d_inline\">De tal modo, en la UGEL Huancayo hay 88 plazas, en la UGEL Chanchamayo 106, en la UGEL Chupaca 6, en la UGEL Concepci\u00f3n hay 22, en la UGEL Jauja 24, en la UGEL Jun\u00edn 62, en la UGEL Tarma son 80, en la UGEL Yauli 18 y en la UGEL Satipo ser\u00e1n 232, en la UGEL Pangoa 212, en la UGEL Pichanaqui son 105, en la UGEL R\u00edo Ene Mantaro ser\u00e1n 162 y en la UGEL R\u00edo Tambo son 246. En ese sentido, el 70% de plazas dispuestas para nombramiento est\u00e1n en Selva Central.<\/div>\n<\/div>\n<p style=\"text-align: justify;\">El Minedu adelant\u00f3 que hasta el 12 de junio se podr\u00e1n presentar las observaciones a la relaci\u00f3n prepublicada de plazas puestas a concurso de nombramiento. Las subsanaciones por parte de la UGEL o DRE, a trav\u00e9s del Sistema NEXUS, ser\u00e1n del 09 de mayo al 4 de julio.<\/p>\n<p style=\"text-align: justify;\">Finalmente el 25 de junio se tendr\u00e1 la publicaci\u00f3n de plazas puestas a concurso para Nombramiento en el portal institucional del Minedu.<\/p>\n<p style=\"text-align: justify;\"><strong>ATENCI\u00d3N.<\/strong>\u00a0El 08 de julio, el Minedu publicar\u00e1 los centros de evaluaci\u00f3n para rendir la Prueba \u00danica Nacional.<\/p>\n<p style=\"text-align: justify;\">Fuente: diario Correo<\/p>\n","protected":false},"excerpt":{"rendered":"<p>El 21 de julio se aplicar\u00e1 la Prueba \u00danica Nacional, es as\u00ed que el Ministerio de Educaci\u00f3n (Minedu) realiz\u00f3 la [&hellip;]<\/p>\n","protected":false},"author":63,"featured_media":22676,"comment_status":"open","ping_status":"open","sticky":false,"template":"","format":"standard","meta":{"spay_email":""},"categories":[125],"tags":[],"yoast_head":"<!-- This site is optimized with the Yoast SEO plugin v18.0 - https:\/\/yoast.com\/wordpress\/plugins\/seo\/ -->\n<title>En Selva Central est\u00e1 el 70% de plazas docentes - Red Peruana de Gestores de la Educaci\u00f3n<\/title>\n<meta name=\"robots\" content=\"index, follow, max-snippet:-1, max-image-preview:large, max-video-preview:-1\" \/>\n<link rel=\"canonical\" href=\"https:\/\/www.edugestores.pe\/?p=22675\" \/>\n<meta property=\"og:locale\" content=\"es_ES\" \/>\n<meta property=\"og:type\" content=\"article\" \/>\n<meta property=\"og:title\" content=\"En Selva Central est\u00e1 el 70% de plazas docentes - Red Peruana de Gestores de la Educaci\u00f3n\" \/>\n<meta property=\"og:description\" content=\"El 21 de julio se aplicar\u00e1 la Prueba \u00danica Nacional, es as\u00ed que el Ministerio de Educaci\u00f3n (Minedu) realiz\u00f3 la [&hellip;]\" \/>\n<meta property=\"og:url\" content=\"https:\/\/www.edugestores.pe\/?p=22675\" \/>\n<meta property=\"og:site_name\" content=\"Red Peruana de Gestores de la Educaci\u00f3n\" \/>\n<meta property=\"article:published_time\" content=\"2019-06-11T16:01:03+00:00\" \/>\n<meta property=\"article:modified_time\" content=\"2019-07-30T18:24:48+00:00\" \/>\n<meta property=\"og:image\" content=\"https:\/\/www.edugestores.pe\/wp-content\/uploads\/2019\/06\/en-selva-central-esta-el-70-de-plazas-docentes-891942-863303-jpg_604x0.jpg\" \/>\n\t<meta property=\"og:image:width\" content=\"604\" \/>\n\t<meta property=\"og:image:height\" content=\"340\" \/>\n\t<meta property=\"og:image:type\" content=\"image\/jpeg\" \/>\n<meta name=\"twitter:card\" content=\"summary_large_image\" \/>\n<meta name=\"twitter:label1\" content=\"Escrito por\" \/>\n\t<meta name=\"twitter:data1\" content=\"Administrador\" \/>\n\t<meta name=\"twitter:label2\" content=\"Tiempo de lectura\" \/>\n\t<meta name=\"twitter:data2\" content=\"1 minuto\" \/>\n<script type=\"application\/ld+json\" class=\"yoast-schema-graph\">{\"@context\":\"https:\/\/schema.org\",\"@graph\":[{\"@type\":\"WebSite\",\"@id\":\"https:\/\/www.edugestores.pe\/#website\",\"url\":\"https:\/\/www.edugestores.pe\/\",\"name\":\"Red Peruana de Gestores de la Educaci\u00f3n\",\"description\":\"Red Peruana de Gestores de la Educaci\u00f3n\",\"potentialAction\":[{\"@type\":\"SearchAction\",\"target\":{\"@type\":\"EntryPoint\",\"urlTemplate\":\"https:\/\/www.edugestores.pe\/?s={search_term_string}\"},\"query-input\":\"required name=search_term_string\"}],\"inLanguage\":\"es\"},{\"@type\":\"ImageObject\",\"@id\":\"https:\/\/www.edugestores.pe\/?p=22675#primaryimage\",\"inLanguage\":\"es\",\"url\":\"https:\/\/www.edugestores.pe\/wp-content\/uploads\/2019\/06\/en-selva-central-esta-el-70-de-plazas-docentes-891942-863303-jpg_604x0.jpg\",\"contentUrl\":\"https:\/\/www.edugestores.pe\/wp-content\/uploads\/2019\/06\/en-selva-central-esta-el-70-de-plazas-docentes-891942-863303-jpg_604x0.jpg\",\"width\":604,\"height\":340},{\"@type\":\"WebPage\",\"@id\":\"https:\/\/www.edugestores.pe\/?p=22675#webpage\",\"url\":\"https:\/\/www.edugestores.pe\/?p=22675\",\"name\":\"En Selva Central est\u00e1 el 70% de plazas docentes - Red Peruana de Gestores de la Educaci\u00f3n\",\"isPartOf\":{\"@id\":\"https:\/\/www.edugestores.pe\/#website\"},\"primaryImageOfPage\":{\"@id\":\"https:\/\/www.edugestores.pe\/?p=22675#primaryimage\"},\"datePublished\":\"2019-06-11T16:01:03+00:00\",\"dateModified\":\"2019-07-30T18:24:48+00:00\",\"author\":{\"@id\":\"https:\/\/www.edugestores.pe\/#\/schema\/person\/30dc82f35f5853289037a64b35c7c7d3\"},\"breadcrumb\":{\"@id\":\"https:\/\/www.edugestores.pe\/?p=22675#breadcrumb\"},\"inLanguage\":\"es\",\"potentialAction\":[{\"@type\":\"ReadAction\",\"target\":[\"https:\/\/www.edugestores.pe\/?p=22675\"]}]},{\"@type\":\"BreadcrumbList\",\"@id\":\"https:\/\/www.edugestores.pe\/?p=22675#breadcrumb\",\"itemListElement\":[{\"@type\":\"ListItem\",\"position\":1,\"name\":\"Portada\",\"item\":\"https:\/\/www.edugestores.pe\/\"},{\"@type\":\"ListItem\",\"position\":2,\"name\":\"En Selva Central est\u00e1 el 70% de plazas docentes\"}]},{\"@type\":\"Person\",\"@id\":\"https:\/\/www.edugestores.pe\/#\/schema\/person\/30dc82f35f5853289037a64b35c7c7d3\",\"name\":\"Administrador\",\"image\":{\"@type\":\"ImageObject\",\"@id\":\"https:\/\/www.edugestores.pe\/#personlogo\",\"inLanguage\":\"es\",\"url\":\"https:\/\/secure.gravatar.com\/avatar\/70960d1239c4d2c778bb3d2786a3c1ae?s=96&d=mm&r=g\",\"contentUrl\":\"https:\/\/secure.gravatar.com\/avatar\/70960d1239c4d2c778bb3d2786a3c1ae?s=96&d=mm&r=g\",\"caption\":\"Administrador\"},\"url\":\"https:\/\/www.edugestores.pe\/?author=63\"}]}<\/script>\n<!-- \/ Yoast SEO plugin. -->","yoast_head_json":{"title":"En Selva Central est\u00e1 el 70% de plazas docentes - Red Peruana de Gestores de la Educaci\u00f3n","robots":{"index":"index","follow":"follow","max-snippet":"max-snippet:-1","max-image-preview":"max-image-preview:large","max-video-preview":"max-video-preview:-1"},"canonical":"https:\/\/www.edugestores.pe\/?p=22675","og_locale":"es_ES","og_type":"article","og_title":"En Selva Central est\u00e1 el 70% de plazas docentes - Red Peruana de Gestores de la Educaci\u00f3n","og_description":"El 21 de julio se aplicar\u00e1 la Prueba \u00danica Nacional, es as\u00ed que el Ministerio de Educaci\u00f3n (Minedu) realiz\u00f3 la [&hellip;]","og_url":"https:\/\/www.edugestores.pe\/?p=22675","og_site_name":"Red Peruana de Gestores de la Educaci\u00f3n","article_published_time":"2019-06-11T16:01:03+00:00","article_modified_time":"2019-07-30T18:24:48+00:00","og_image":[{"width":604,"height":340,"url":"https:\/\/www.edugestores.pe\/wp-content\/uploads\/2019\/06\/en-selva-central-esta-el-70-de-plazas-docentes-891942-863303-jpg_604x0.jpg","type":"image\/jpeg"}],"twitter_card":"summary_large_image","twitter_misc":{"Escrito por":"Administrador","Tiempo de lectura":"1 minuto"},"schema":{"@context":"https:\/\/schema.org","@graph":[{"@type":"WebSite","@id":"https:\/\/www.edugestores.pe\/#website","url":"https:\/\/www.edugestores.pe\/","name":"Red Peruana de Gestores de la Educaci\u00f3n","description":"Red Peruana de Gestores de la Educaci\u00f3n","potentialAction":[{"@type":"SearchAction","target":{"@type":"EntryPoint","urlTemplate":"https:\/\/www.edugestores.pe\/?s={search_term_string}"},"query-input":"required name=search_term_string"}],"inLanguage":"es"},{"@type":"ImageObject","@id":"https:\/\/www.edugestores.pe\/?p=22675#primaryimage","inLanguage":"es","url":"https:\/\/www.edugestores.pe\/wp-content\/uploads\/2019\/06\/en-selva-central-esta-el-70-de-plazas-docentes-891942-863303-jpg_604x0.jpg","contentUrl":"https:\/\/www.edugestores.pe\/wp-content\/uploads\/2019\/06\/en-selva-central-esta-el-70-de-plazas-docentes-891942-863303-jpg_604x0.jpg","width":604,"height":340},{"@type":"WebPage","@id":"https:\/\/www.edugestores.pe\/?p=22675#webpage","url":"https:\/\/www.edugestores.pe\/?p=22675","name":"En Selva Central est\u00e1 el 70% de plazas docentes - Red Peruana de Gestores de la Educaci\u00f3n","isPartOf":{"@id":"https:\/\/www.edugestores.pe\/#website"},"primaryImageOfPage":{"@id":"https:\/\/www.edugestores.pe\/?p=22675#primaryimage"},"datePublished":"2019-06-11T16:01:03+00:00","dateModified":"2019-07-30T18:24:48+00:00","author":{"@id":"https:\/\/www.edugestores.pe\/#\/schema\/person\/30dc82f35f5853289037a64b35c7c7d3"},"breadcrumb":{"@id":"https:\/\/www.edugestores.pe\/?p=22675#breadcrumb"},"inLanguage":"es","potentialAction":[{"@type":"ReadAction","target":["https:\/\/www.edugestores.pe\/?p=22675"]}]},{"@type":"BreadcrumbList","@id":"https:\/\/www.edugestores.pe\/?p=22675#breadcrumb","itemListElement":[{"@type":"ListItem","position":1,"name":"Portada","item":"https:\/\/www.edugestores.pe\/"},{"@type":"ListItem","position":2,"name":"En Selva Central est\u00e1 el 70% de plazas docentes"}]},{"@type":"Person","@id":"https:\/\/www.edugestores.pe\/#\/schema\/person\/30dc82f35f5853289037a64b35c7c7d3","name":"Administrador","image":{"@type":"ImageObject","@id":"https:\/\/www.edugestores.pe\/#personlogo","inLanguage":"es","url":"https:\/\/secure.gravatar.com\/avatar\/70960d1239c4d2c778bb3d2786a3c1ae?s=96&d=mm&r=g","contentUrl":"https:\/\/secure.gravatar.com\/avatar\/70960d1239c4d2c778bb3d2786a3c1ae?s=96&d=mm&r=g","caption":"Administrador"},"url":"https:\/\/www.edugestores.pe\/?author=63"}]}},"jetpack_featured_media_url":"https:\/\/www.edugestores.pe\/wp-content\/uploads\/2019\/06\/en-selva-central-esta-el-70-de-plazas-docentes-891942-863303-jpg_604x0.jpg","_links":{"self":[{"href":"https:\/\/www.edugestores.pe\/index.php?rest_route=\/wp\/v2\/posts\/22675"}],"collection":[{"href":"https:\/\/www.edugestores.pe\/index.php?rest_route=\/wp\/v2\/posts"}],"about":[{"href":"https:\/\/www.edugestores.pe\/index.php?rest_route=\/wp\/v2\/types\/post"}],"author":[{"embeddable":true,"href":"https:\/\/www.edugestores.pe\/index.php?rest_route=\/wp\/v2\/users\/63"}],"replies":[{"embeddable":true,"href":"https:\/\/www.edugestores.pe\/index.php?rest_route=%2Fwp%2Fv2%2Fcomments&post=22675"}],"version-history":[{"count":1,"href":"https:\/\/www.edugestores.pe\/index.php?rest_route=\/wp\/v2\/posts\/22675\/revisions"}],"predecessor-version":[{"id":22677,"href":"https:\/\/www.edugestores.pe\/index.php?rest_route=\/wp\/v2\/posts\/22675\/revisions\/22677"}],"wp:featuredmedia":[{"embeddable":true,"href":"https:\/\/www.edugestores.pe\/index.php?rest_route=\/wp\/v2\/media\/22676"}],"wp:attachment":[{"href":"https:\/\/www.edugestores.pe\/index.php?rest_route=%2Fwp%2Fv2%2Fmedia&parent=22675"}],"wp:term":[{"taxonomy":"category","embeddable":true,"href":"https:\/\/www.edugestores.pe\/index.php?rest_route=%2Fwp%2Fv2%2Fcategories&post=22675"},{"taxonomy":"post_tag","embeddable":true,"href":"https:\/\/www.edugestores.pe\/index.php?rest_route=%2Fwp%2Fv2%2Ftags&post=22675"}],"curies":[{"name":"wp","href":"https:\/\/api.w.org\/{rel}","templated":true}]}}