{"id":22746,"date":"2019-06-19T09:08:03","date_gmt":"2019-06-19T14:08:03","guid":{"rendered":"https:\/\/www.edugestores.pe\/?p=22746"},"modified":"2019-06-24T23:50:30","modified_gmt":"2019-06-25T04:50:30","slug":"ya-no-habra-ece-en-segundo-grado-de-primaria-opinan-expertos","status":"publish","type":"post","link":"https:\/\/www.edugestores.pe\/?p=22746","title":{"rendered":"Ya no habr\u00e1 ECE en segundo grado de primaria: opinan expertos"},"content":{"rendered":"<p id=\"p270520-m173-172-174\" class=\"parrafo first-parrafo  first-p\" style=\"text-align: justify;\">La ministra de Educaci\u00f3n, Flor Pablo Medina, anunci\u00f3 ayer que ya no se realizar\u00e1 la Evaluaci\u00f3n Censal de Estudiantes (ECE) para alumnos segundo de segundo grado de primaria de colegios p\u00fablicos y privados a nivel nacional a partir de este 2019.<\/p>\n<p id=\"p270520-m183-1-184\" class=\"parrafo first-parrafo \" style=\"text-align: justify;\">Se trataba de una evaluaci\u00f3n ni\u00f1o por ni\u00f1o en las asignaturas de matem\u00e1tica y comunicaci\u00f3n. En su lugar \u2013inform\u00f3 la ministra\u2013 se realizar\u00e1 una evaluaci\u00f3n muestral regional, \u201cpara que cada regi\u00f3n tenga una foto, y una foto lo m\u00e1s cercana posible a la realidad\u201d. Afirm\u00f3 que se ha observado la existencia de \u201cefectos perversos\u201d de la ECE, y que los maestros y las autoridades educativas tanto a nivel de direcciones regionales como de UGEL lo saben.<\/p>\n<p id=\"p270520-m198-3-199\" class=\"parrafo first-parrafo \" style=\"text-align: justify;\">\u201cMuchas veces, ante la evaluaci\u00f3n, lo que se ha hecho es poner a los mejores maestros en los grados evaluados, y lo que hemos hecho es hacer una reducci\u00f3n del curr\u00edculo cuando lo que necesitamos es avanzar efectivamente en ense\u00f1ar matem\u00e1ticas y comunicaci\u00f3n, pero tambi\u00e9n todos los temas asociados a desarrollo personal\u201d, declar\u00f3 Pablo Medina en RPP.<\/p>\n<p id=\"p270520-m203-4-204\" class=\"parrafo first-parrafo \" style=\"text-align: justify;\">Detall\u00f3 que va a haber evaluaci\u00f3n muestral de segundo grado al final de todos los ciclos, pero ahora tambi\u00e9n se evaluar\u00e1 a cuarto grado de primaria y secundaria. Adem\u00e1s, refiri\u00f3 que habr\u00e1 \u201cmuestrales m\u00e1s chicas\u201d en sexto grado.<\/p>\n<p id=\"p270520-m208-5-209\" class=\"parrafo first-parrafo \" style=\"text-align: justify;\">\u201cVamos a seguir midiendo, lo que vamos a dejar de hacer es la evaluaci\u00f3n es ni\u00f1o por ni\u00f1o\u201d, remarc\u00f3 la titular del Minedu.<\/p>\n<div class=\"_2cuy _3dgx _2vxa\" style=\"text-align: justify;\">Destacados educadores, entre ellos varios miembros del Consejo Nacional de Educaci\u00f3n (CNE), se pronunciaron a favor de esta medida a trav\u00e9s de diversos medios. C\u00e9sar Guadalupe, presidente del CNE, ya se hab\u00eda pronunciado al respecto y refiri\u00f3 recientemente que una evaluaci\u00f3n censal produce menos informaci\u00f3n y es menos confiable que una evaluaci\u00f3n muestral; y que la censal tiene efectos no deseados como promover que se priorice lo que est\u00e1 en la prueba y se descuiden los otros contenidos curriculares. Agrega que a lo anterior se suman las pr\u00e1cticas no deseadas de entrenamiento para la prueba, as\u00ed como la confecci\u00f3n de rankings que, al no controlar las condiciones que intervienen, terminan sirviendo \u00fanicamente para estigmatizar y reforzar prejuicios.<\/div>\n<div class=\"_2cuy _3dgx _2vxa\" style=\"text-align: justify;\"><\/div>\n<div class=\"_2cuy _3dgx _2vxa\" style=\"text-align: justify;\">Le\u00f3n Trahtemberg destac\u00f3 la noticia e indic\u00f3 que las evaluaciones muestrales brindar\u00e1n la misma informaci\u00f3n que la ECE (que, por cierto, siempre ha reportado resultados agregados basados en una\u201dmuestra de control\u201d), y que permitir\u00e1n la comparaci\u00f3n entre regiones para identificar vulnerabilidades a menor costo. Por su parte, Paul Neira sostuvo que la ECE cumpli\u00f3 su cometido, pero que se requiere ampliar la informaci\u00f3n del estatus de la educaci\u00f3n en todos sus \u00e1reas.<\/div>\n<div class=\"_2cuy _3dgx _2vxa\" style=\"text-align: justify;\"><\/div>\n<div class=\"_2cuy _3dgx _2vxa\" style=\"text-align: justify;\">Idel Vexler tambi\u00e9n se mostr\u00f3 a favor, as\u00ed lo manifest\u00f3 al diario Gesti\u00f3n, y deber\u00eda irse m\u00e1s all\u00e1 de la matem\u00e1tica y la lectura e incluir \u00e1reas como ciudadan\u00eda (estudiada muestralmente en 20004 y 2013), civismo, ciencia (tambi\u00e9n estudiada muestralmente en varias ocasiones) y tecnolog\u00eda. A su turno, Manuel Burga, expres\u00f3 que se trata de una pol\u00e9mica de larga data y apel\u00f3 a que la transici\u00f3n evite confusiones.<\/div>\n<div class=\"_2cuy _3dgx _2vxa\" style=\"text-align: justify;\"><\/div>\n<div class=\"_2cuy _3dgx _2vxa\" style=\"text-align: justify;\">Otros educadores y especialistas tambi\u00e9n se pronunciaron al respecto. Hugo \u00d1opo, funcionario de la OIT, se\u00f1al\u00f3 que es mucho m\u00e1s \u00fatil un sistema de evaluaciones muestrales que censales, para varios grados y representatividad regional. Finalmente, Teresa Tovar, asociada a Foro Educativo, enfatiz\u00f3 en que la ECE merece una autocr\u00edtica.<\/div>\n<div class=\"_2cuy _3dgx _2vxa\" style=\"text-align: justify;\"><\/div>\n<div class=\"_2cuy _3dgx _2vxa\" style=\"text-align: justify;\">Con informaci\u00f3n de Gesti\u00f3n y CNE. Foto: Gesti\u00f3n<\/div>\n<p id=\"p270520-m227-6-228\" class=\"parrafo first-parrafo \" style=\"text-align: justify;\">\n","protected":false},"excerpt":{"rendered":"<p>La ministra de Educaci\u00f3n, Flor Pablo Medina, anunci\u00f3 ayer que ya no se realizar\u00e1 la Evaluaci\u00f3n Censal de Estudiantes (ECE) [&hellip;]<\/p>\n","protected":false},"author":63,"featured_media":22747,"comment_status":"open","ping_status":"open","sticky":false,"template":"","format":"standard","meta":{"spay_email":""},"categories":[125],"tags":[],"yoast_head":"<!-- This site is optimized with the Yoast SEO plugin v18.0 - https:\/\/yoast.com\/wordpress\/plugins\/seo\/ -->\n<title>Ya no habr\u00e1 ECE en segundo grado de primaria: opinan expertos - Red Peruana de Gestores de la Educaci\u00f3n<\/title>\n<meta name=\"robots\" content=\"index, follow, max-snippet:-1, max-image-preview:large, max-video-preview:-1\" \/>\n<link rel=\"canonical\" href=\"https:\/\/www.edugestores.pe\/?p=22746\" \/>\n<meta property=\"og:locale\" content=\"es_ES\" \/>\n<meta property=\"og:type\" content=\"article\" \/>\n<meta property=\"og:title\" content=\"Ya no habr\u00e1 ECE en segundo grado de primaria: opinan expertos - Red Peruana de Gestores de la Educaci\u00f3n\" \/>\n<meta property=\"og:description\" content=\"La ministra de Educaci\u00f3n, Flor Pablo Medina, anunci\u00f3 ayer que ya no se realizar\u00e1 la Evaluaci\u00f3n Censal de Estudiantes (ECE) [&hellip;]\" \/>\n<meta property=\"og:url\" content=\"https:\/\/www.edugestores.pe\/?p=22746\" \/>\n<meta property=\"og:site_name\" content=\"Red Peruana de Gestores de la Educaci\u00f3n\" \/>\n<meta property=\"article:published_time\" content=\"2019-06-19T14:08:03+00:00\" \/>\n<meta property=\"article:modified_time\" content=\"2019-06-25T04:50:30+00:00\" \/>\n<meta property=\"og:image\" content=\"https:\/\/www.edugestores.pe\/wp-content\/uploads\/2019\/06\/5d08204ee0b75.jpeg\" \/>\n\t<meta property=\"og:image:width\" content=\"568\" \/>\n\t<meta property=\"og:image:height\" content=\"318\" \/>\n\t<meta property=\"og:image:type\" content=\"image\/jpeg\" \/>\n<meta name=\"twitter:card\" content=\"summary_large_image\" \/>\n<meta name=\"twitter:label1\" content=\"Escrito por\" \/>\n\t<meta name=\"twitter:data1\" content=\"Administrador\" \/>\n\t<meta name=\"twitter:label2\" content=\"Tiempo de lectura\" \/>\n\t<meta name=\"twitter:data2\" content=\"3 minutos\" \/>\n<script type=\"application\/ld+json\" class=\"yoast-schema-graph\">{\"@context\":\"https:\/\/schema.org\",\"@graph\":[{\"@type\":\"WebSite\",\"@id\":\"https:\/\/www.edugestores.pe\/#website\",\"url\":\"https:\/\/www.edugestores.pe\/\",\"name\":\"Red Peruana de Gestores de la Educaci\u00f3n\",\"description\":\"Red Peruana de Gestores de la Educaci\u00f3n\",\"potentialAction\":[{\"@type\":\"SearchAction\",\"target\":{\"@type\":\"EntryPoint\",\"urlTemplate\":\"https:\/\/www.edugestores.pe\/?s={search_term_string}\"},\"query-input\":\"required name=search_term_string\"}],\"inLanguage\":\"es\"},{\"@type\":\"ImageObject\",\"@id\":\"https:\/\/www.edugestores.pe\/?p=22746#primaryimage\",\"inLanguage\":\"es\",\"url\":\"https:\/\/www.edugestores.pe\/wp-content\/uploads\/2019\/06\/5d08204ee0b75.jpeg\",\"contentUrl\":\"https:\/\/www.edugestores.pe\/wp-content\/uploads\/2019\/06\/5d08204ee0b75.jpeg\",\"width\":568,\"height\":318},{\"@type\":\"WebPage\",\"@id\":\"https:\/\/www.edugestores.pe\/?p=22746#webpage\",\"url\":\"https:\/\/www.edugestores.pe\/?p=22746\",\"name\":\"Ya no habr\u00e1 ECE en segundo grado de primaria: opinan expertos - Red Peruana de Gestores de la Educaci\u00f3n\",\"isPartOf\":{\"@id\":\"https:\/\/www.edugestores.pe\/#website\"},\"primaryImageOfPage\":{\"@id\":\"https:\/\/www.edugestores.pe\/?p=22746#primaryimage\"},\"datePublished\":\"2019-06-19T14:08:03+00:00\",\"dateModified\":\"2019-06-25T04:50:30+00:00\",\"author\":{\"@id\":\"https:\/\/www.edugestores.pe\/#\/schema\/person\/30dc82f35f5853289037a64b35c7c7d3\"},\"breadcrumb\":{\"@id\":\"https:\/\/www.edugestores.pe\/?p=22746#breadcrumb\"},\"inLanguage\":\"es\",\"potentialAction\":[{\"@type\":\"ReadAction\",\"target\":[\"https:\/\/www.edugestores.pe\/?p=22746\"]}]},{\"@type\":\"BreadcrumbList\",\"@id\":\"https:\/\/www.edugestores.pe\/?p=22746#breadcrumb\",\"itemListElement\":[{\"@type\":\"ListItem\",\"position\":1,\"name\":\"Portada\",\"item\":\"https:\/\/www.edugestores.pe\/\"},{\"@type\":\"ListItem\",\"position\":2,\"name\":\"Ya no habr\u00e1 ECE en segundo grado de primaria: opinan expertos\"}]},{\"@type\":\"Person\",\"@id\":\"https:\/\/www.edugestores.pe\/#\/schema\/person\/30dc82f35f5853289037a64b35c7c7d3\",\"name\":\"Administrador\",\"image\":{\"@type\":\"ImageObject\",\"@id\":\"https:\/\/www.edugestores.pe\/#personlogo\",\"inLanguage\":\"es\",\"url\":\"https:\/\/secure.gravatar.com\/avatar\/70960d1239c4d2c778bb3d2786a3c1ae?s=96&d=mm&r=g\",\"contentUrl\":\"https:\/\/secure.gravatar.com\/avatar\/70960d1239c4d2c778bb3d2786a3c1ae?s=96&d=mm&r=g\",\"caption\":\"Administrador\"},\"url\":\"https:\/\/www.edugestores.pe\/?author=63\"}]}<\/script>\n<!-- \/ Yoast SEO plugin. -->","yoast_head_json":{"title":"Ya no habr\u00e1 ECE en segundo grado de primaria: opinan expertos - Red Peruana de Gestores de la Educaci\u00f3n","robots":{"index":"index","follow":"follow","max-snippet":"max-snippet:-1","max-image-preview":"max-image-preview:large","max-video-preview":"max-video-preview:-1"},"canonical":"https:\/\/www.edugestores.pe\/?p=22746","og_locale":"es_ES","og_type":"article","og_title":"Ya no habr\u00e1 ECE en segundo grado de primaria: opinan expertos - Red Peruana de Gestores de la Educaci\u00f3n","og_description":"La ministra de Educaci\u00f3n, Flor Pablo Medina, anunci\u00f3 ayer que ya no se realizar\u00e1 la Evaluaci\u00f3n Censal de Estudiantes (ECE) [&hellip;]","og_url":"https:\/\/www.edugestores.pe\/?p=22746","og_site_name":"Red Peruana de Gestores de la Educaci\u00f3n","article_published_time":"2019-06-19T14:08:03+00:00","article_modified_time":"2019-06-25T04:50:30+00:00","og_image":[{"width":568,"height":318,"url":"https:\/\/www.edugestores.pe\/wp-content\/uploads\/2019\/06\/5d08204ee0b75.jpeg","type":"image\/jpeg"}],"twitter_card":"summary_large_image","twitter_misc":{"Escrito por":"Administrador","Tiempo de lectura":"3 minutos"},"schema":{"@context":"https:\/\/schema.org","@graph":[{"@type":"WebSite","@id":"https:\/\/www.edugestores.pe\/#website","url":"https:\/\/www.edugestores.pe\/","name":"Red Peruana de Gestores de la Educaci\u00f3n","description":"Red Peruana de Gestores de la Educaci\u00f3n","potentialAction":[{"@type":"SearchAction","target":{"@type":"EntryPoint","urlTemplate":"https:\/\/www.edugestores.pe\/?s={search_term_string}"},"query-input":"required name=search_term_string"}],"inLanguage":"es"},{"@type":"ImageObject","@id":"https:\/\/www.edugestores.pe\/?p=22746#primaryimage","inLanguage":"es","url":"https:\/\/www.edugestores.pe\/wp-content\/uploads\/2019\/06\/5d08204ee0b75.jpeg","contentUrl":"https:\/\/www.edugestores.pe\/wp-content\/uploads\/2019\/06\/5d08204ee0b75.jpeg","width":568,"height":318},{"@type":"WebPage","@id":"https:\/\/www.edugestores.pe\/?p=22746#webpage","url":"https:\/\/www.edugestores.pe\/?p=22746","name":"Ya no habr\u00e1 ECE en segundo grado de primaria: opinan expertos - Red Peruana de Gestores de la Educaci\u00f3n","isPartOf":{"@id":"https:\/\/www.edugestores.pe\/#website"},"primaryImageOfPage":{"@id":"https:\/\/www.edugestores.pe\/?p=22746#primaryimage"},"datePublished":"2019-06-19T14:08:03+00:00","dateModified":"2019-06-25T04:50:30+00:00","author":{"@id":"https:\/\/www.edugestores.pe\/#\/schema\/person\/30dc82f35f5853289037a64b35c7c7d3"},"breadcrumb":{"@id":"https:\/\/www.edugestores.pe\/?p=22746#breadcrumb"},"inLanguage":"es","potentialAction":[{"@type":"ReadAction","target":["https:\/\/www.edugestores.pe\/?p=22746"]}]},{"@type":"BreadcrumbList","@id":"https:\/\/www.edugestores.pe\/?p=22746#breadcrumb","itemListElement":[{"@type":"ListItem","position":1,"name":"Portada","item":"https:\/\/www.edugestores.pe\/"},{"@type":"ListItem","position":2,"name":"Ya no habr\u00e1 ECE en segundo grado de primaria: opinan expertos"}]},{"@type":"Person","@id":"https:\/\/www.edugestores.pe\/#\/schema\/person\/30dc82f35f5853289037a64b35c7c7d3","name":"Administrador","image":{"@type":"ImageObject","@id":"https:\/\/www.edugestores.pe\/#personlogo","inLanguage":"es","url":"https:\/\/secure.gravatar.com\/avatar\/70960d1239c4d2c778bb3d2786a3c1ae?s=96&d=mm&r=g","contentUrl":"https:\/\/secure.gravatar.com\/avatar\/70960d1239c4d2c778bb3d2786a3c1ae?s=96&d=mm&r=g","caption":"Administrador"},"url":"https:\/\/www.edugestores.pe\/?author=63"}]}},"jetpack_featured_media_url":"https:\/\/www.edugestores.pe\/wp-content\/uploads\/2019\/06\/5d08204ee0b75.jpeg","_links":{"self":[{"href":"https:\/\/www.edugestores.pe\/index.php?rest_route=\/wp\/v2\/posts\/22746"}],"collection":[{"href":"https:\/\/www.edugestores.pe\/index.php?rest_route=\/wp\/v2\/posts"}],"about":[{"href":"https:\/\/www.edugestores.pe\/index.php?rest_route=\/wp\/v2\/types\/post"}],"author":[{"embeddable":true,"href":"https:\/\/www.edugestores.pe\/index.php?rest_route=\/wp\/v2\/users\/63"}],"replies":[{"embeddable":true,"href":"https:\/\/www.edugestores.pe\/index.php?rest_route=%2Fwp%2Fv2%2Fcomments&post=22746"}],"version-history":[{"count":1,"href":"https:\/\/www.edugestores.pe\/index.php?rest_route=\/wp\/v2\/posts\/22746\/revisions"}],"predecessor-version":[{"id":22748,"href":"https:\/\/www.edugestores.pe\/index.php?rest_route=\/wp\/v2\/posts\/22746\/revisions\/22748"}],"wp:featuredmedia":[{"embeddable":true,"href":"https:\/\/www.edugestores.pe\/index.php?rest_route=\/wp\/v2\/media\/22747"}],"wp:attachment":[{"href":"https:\/\/www.edugestores.pe\/index.php?rest_route=%2Fwp%2Fv2%2Fmedia&parent=22746"}],"wp:term":[{"taxonomy":"category","embeddable":true,"href":"https:\/\/www.edugestores.pe\/index.php?rest_route=%2Fwp%2Fv2%2Fcategories&post=22746"},{"taxonomy":"post_tag","embeddable":true,"href":"https:\/\/www.edugestores.pe\/index.php?rest_route=%2Fwp%2Fv2%2Ftags&post=22746"}],"curies":[{"name":"wp","href":"https:\/\/api.w.org\/{rel}","templated":true}]}}