{"id":23172,"date":"2019-07-30T14:35:23","date_gmt":"2019-07-30T19:35:23","guid":{"rendered":"https:\/\/www.edugestores.pe\/?p=23172"},"modified":"2019-08-26T00:17:38","modified_gmt":"2019-08-26T05:17:38","slug":"que-dijo-sobre-educacion-el-presidente-vizcarra-en-su-discurso-de-28-de-julio","status":"publish","type":"post","link":"https:\/\/www.edugestores.pe\/?p=23172","title":{"rendered":"\u00bfQu\u00e9 dijo sobre educaci\u00f3n el presidente Vizcarra en su discurso de 28 de julio?"},"content":{"rendered":"<div style=\"text-align: justify;\">Compartimos en Edugestores el fragmento sobre el aspecto educativo en el discurso del 28 de julio de 2019, expuesto por el presidente de la Rep\u00fablica, Mart\u00edn Vizcarra.<\/div>\n<div style=\"text-align: justify;\"><\/div>\n<div style=\"text-align: justify;\">&#8220;A trav\u00e9s del desarrollo y la inclusi\u00f3n social, cerraremos las brechas que a\u00fan existen en el pa\u00eds para mejorar el bienestar de todos los peruanos y peruanas.<\/div>\n<div style=\"text-align: justify;\"><\/div>\n<div style=\"text-align: justify;\"><strong>Transformaci\u00f3n educativa<\/strong><\/div>\n<div style=\"text-align: justify;\">La educaci\u00f3n es una de las grandes prioridades de mi gobierno. Durante mi trayectoria personal y de servicio al pa\u00eds, siempre he demostrado mi compromiso con este sector. Como presidente regional de Moquegua, y hoy, como Presidente de la Rep\u00fablica, estoy convencido de que la educaci\u00f3n es el pilar fundamental para el progreso y desarrollo.<\/div>\n<div style=\"text-align: justify;\"><\/div>\n<div style=\"text-align: justify;\">Nuestros ni\u00f1os merecen ambientes adecuados. Por eso, continuamos en el esfuerzo de reducir la brecha en infraestructura educativa. Al 2021 se entregar\u00e1n 2,800 nuevas escuelas, con una inversi\u00f3n proyectada de 7,800 millones de soles, beneficiando a m\u00e1s de un mill\u00f3n de estudiantes. En ese objetivo, este a\u00f1o se culminar\u00e1n 1,000 instituciones educativas, de las cuales 300 escuelas ya est\u00e1n culminadas, beneficiando a los alumnos de 24 regiones, con una inversi\u00f3n de m\u00e1s de 1,200 millones de soles.<\/div>\n<div style=\"text-align: justify;\"><\/div>\n<div style=\"text-align: justify;\">En el plan de mantenimiento de locales escolares, hemos transferido 358 millones de soles para el mantenimiento de 53,000 locales escolares.<\/div>\n<div style=\"text-align: justify;\"><\/div>\n<div style=\"text-align: justify;\">Potenciaremos la educaci\u00f3n superior tecnol\u00f3gica, enfatizando su articulaci\u00f3n con el desarrollo productivo. En ese camino, hemos iniciado el proceso de licenciamiento de los institutos de educaci\u00f3n superior tecnol\u00f3gicos (IEST) p\u00fablicos y privados. A la fecha, se han licenciado 52 institutos tecnol\u00f3gicos y una escuela de educaci\u00f3n tecnol\u00f3gica, que son los que concentran el 30% del total de la matr\u00edcula a nivel nacional.<\/div>\n<div style=\"text-align: justify;\"><\/div>\n<div style=\"text-align: justify;\">Nos hemos propuesto impulsar el desarrollo de 26 institutos tecnol\u00f3gicos de excelencia (Idex), uno en cada regi\u00f3n.<\/div>\n<div style=\"text-align: justify;\">Impulsaremos la beca Mi Vocaci\u00f3n T\u00e9cnica para atender a instituciones educativas focalizadas por mayor deserci\u00f3n, y mayor violencia local (Barrio Seguro).<\/div>\n<div style=\"text-align: justify;\"><\/div>\n<div style=\"text-align: justify;\">En relaci\u00f3n con la educaci\u00f3n universitaria de calidad, se han licenciado hasta el momento 76 universidades, las cuales alcanzaron las condiciones b\u00e1sicas de calidad y cumplieron con las exigencias de la Ley Universitaria. Al mismo tiempo, se ha denegado la licencia a 11 universidades que no cumpl\u00edan con los criterios de calidad necesarios.<\/div>\n<div style=\"text-align: justify;\">Los estudiantes de las universidades que no lograron su licenciamiento podr\u00e1n culminar sus estudios en universidades licenciadas que cuentan con condiciones de calidad.<\/div>\n<div style=\"text-align: justify;\"><\/div>\n<div style=\"text-align: justify;\">El programa para la mejora de la calidad y pertinencia de los servicios de educaci\u00f3n superior universitaria y tecnol\u00f3gica a nivel nacional pondr\u00e1 en marcha inversiones por\u00a0 650 millones de soles en las universidades p\u00fablicas. Estas comprenden 10 proyectos de inversi\u00f3n en innovaci\u00f3n e investigaci\u00f3n y fondos concursables para la mejora de la calidad del servicio en universidades p\u00fablicas.<\/div>\n<div style=\"text-align: justify;\"><\/div>\n<div style=\"text-align: justify;\">Con el fin de profundizar el apoyo a los estudiantes de alto rendimiento y escasos recursos, el Pronabec ha preparado una propuesta que consiste en otorgar m\u00e1s de 50,000 becas de pregrado entre el 2019 y el 2021, lo que permitir\u00e1 alcanzar el mayor n\u00famero de becarios beneficiados en la historia del Pronabec.<\/div>\n<div style=\"text-align: justify;\"><\/div>\n<div style=\"text-align: justify;\">Asimismo, m\u00e1s de 200,000 docentes de educaci\u00f3n b\u00e1sica de inicial, primaria y secundaria de \u00e1mbitos rurales y urbanos recibir\u00e1n formaci\u00f3n para mejorar su desempe\u00f1o con una inversi\u00f3n superior a los 267 millones de soles.<\/div>\n<div style=\"text-align: justify;\">Ya transferimos 200 millones de soles para que 28,000 docentes, personal administrativo y pensionistas del sector Educaci\u00f3n reciban el pago por deuda social.<\/div>\n<div style=\"text-align: justify;\"><\/div>\n<div style=\"text-align: justify;\">Porque nuestros ni\u00f1os y ni\u00f1as merecen todo nuestro esfuerzo y protecci\u00f3n, en el marco de la Ley N\u00b0 29988, venimos separando definitivamente al personal docente y administrativo condenado por delitos de terrorismo, apolog\u00eda del terrorismo, violaci\u00f3n de la libertad sexual y tr\u00e1fico il\u00edcito de drogas; y separando preventivamente al personal procesado por esos mismos delitos. Coordinamos acciones con el Poder Judicial, las Direcciones Regionales de Educaci\u00f3n y las UGEL a nivel nacional, para garantizar la integridad de nuestros estudiantes, logrando la separaci\u00f3n definitiva de m\u00e1s de 1,000 servidores que han merecido condena.<\/div>\n<div><\/div>\n<div>Este gobierno est\u00e1 comprometido en la lucha contra la violencia. Hemos contratado 250 especialistas, psic\u00f3logos y trabajadores sociales, en cada UGEL y regi\u00f3n del pa\u00eds, para poner en pr\u00e1ctica una pol\u00edtica de convivencia escolar, atendiendo oportunamente todos los casos de violencia, dando asistencia t\u00e9cnica al 74% de las escuelas con mayor riesgo de violencia, beneficiando a m\u00e1s de un mill\u00f3n de estudiantes&#8221;.<\/div>\n","protected":false},"excerpt":{"rendered":"<p>Compartimos en Edugestores el fragmento sobre el aspecto educativo en el discurso del 28 de julio de 2019, expuesto por [&hellip;]<\/p>\n","protected":false},"author":63,"featured_media":23173,"comment_status":"open","ping_status":"open","sticky":false,"template":"","format":"standard","meta":{"spay_email":""},"categories":[125,1413],"tags":[],"yoast_head":"<!-- This site is optimized with the Yoast SEO plugin v18.0 - https:\/\/yoast.com\/wordpress\/plugins\/seo\/ -->\n<title>\u00bfQu\u00e9 dijo sobre educaci\u00f3n el presidente Vizcarra en su discurso de 28 de julio? - Red Peruana de Gestores de la Educaci\u00f3n<\/title>\n<meta name=\"robots\" content=\"index, follow, max-snippet:-1, max-image-preview:large, max-video-preview:-1\" \/>\n<link rel=\"canonical\" href=\"https:\/\/www.edugestores.pe\/?p=23172\" \/>\n<meta property=\"og:locale\" content=\"es_ES\" \/>\n<meta property=\"og:type\" content=\"article\" \/>\n<meta property=\"og:title\" content=\"\u00bfQu\u00e9 dijo sobre educaci\u00f3n el presidente Vizcarra en su discurso de 28 de julio? - Red Peruana de Gestores de la Educaci\u00f3n\" \/>\n<meta property=\"og:description\" content=\"Compartimos en Edugestores el fragmento sobre el aspecto educativo en el discurso del 28 de julio de 2019, expuesto por [&hellip;]\" \/>\n<meta property=\"og:url\" content=\"https:\/\/www.edugestores.pe\/?p=23172\" \/>\n<meta property=\"og:site_name\" content=\"Red Peruana de Gestores de la Educaci\u00f3n\" \/>\n<meta property=\"article:published_time\" content=\"2019-07-30T19:35:23+00:00\" \/>\n<meta property=\"article:modified_time\" content=\"2019-08-26T05:17:38+00:00\" \/>\n<meta property=\"og:image\" content=\"https:\/\/www.edugestores.pe\/wp-content\/uploads\/2019\/07\/000062424M.jpg\" \/>\n\t<meta property=\"og:image:width\" content=\"760\" \/>\n\t<meta property=\"og:image:height\" content=\"511\" \/>\n\t<meta property=\"og:image:type\" content=\"image\/jpeg\" \/>\n<meta name=\"twitter:card\" content=\"summary_large_image\" \/>\n<meta name=\"twitter:label1\" content=\"Escrito por\" \/>\n\t<meta name=\"twitter:data1\" content=\"Administrador\" \/>\n\t<meta name=\"twitter:label2\" content=\"Tiempo de lectura\" \/>\n\t<meta name=\"twitter:data2\" content=\"4 minutos\" \/>\n<script type=\"application\/ld+json\" class=\"yoast-schema-graph\">{\"@context\":\"https:\/\/schema.org\",\"@graph\":[{\"@type\":\"WebSite\",\"@id\":\"https:\/\/www.edugestores.pe\/#website\",\"url\":\"https:\/\/www.edugestores.pe\/\",\"name\":\"Red Peruana de Gestores de la Educaci\u00f3n\",\"description\":\"Red Peruana de Gestores de la Educaci\u00f3n\",\"potentialAction\":[{\"@type\":\"SearchAction\",\"target\":{\"@type\":\"EntryPoint\",\"urlTemplate\":\"https:\/\/www.edugestores.pe\/?s={search_term_string}\"},\"query-input\":\"required name=search_term_string\"}],\"inLanguage\":\"es\"},{\"@type\":\"ImageObject\",\"@id\":\"https:\/\/www.edugestores.pe\/?p=23172#primaryimage\",\"inLanguage\":\"es\",\"url\":\"https:\/\/www.edugestores.pe\/wp-content\/uploads\/2019\/07\/000062424M.jpg\",\"contentUrl\":\"https:\/\/www.edugestores.pe\/wp-content\/uploads\/2019\/07\/000062424M.jpg\",\"width\":760,\"height\":511},{\"@type\":\"WebPage\",\"@id\":\"https:\/\/www.edugestores.pe\/?p=23172#webpage\",\"url\":\"https:\/\/www.edugestores.pe\/?p=23172\",\"name\":\"\u00bfQu\u00e9 dijo sobre educaci\u00f3n el presidente Vizcarra en su discurso de 28 de julio? - Red Peruana de Gestores de la Educaci\u00f3n\",\"isPartOf\":{\"@id\":\"https:\/\/www.edugestores.pe\/#website\"},\"primaryImageOfPage\":{\"@id\":\"https:\/\/www.edugestores.pe\/?p=23172#primaryimage\"},\"datePublished\":\"2019-07-30T19:35:23+00:00\",\"dateModified\":\"2019-08-26T05:17:38+00:00\",\"author\":{\"@id\":\"https:\/\/www.edugestores.pe\/#\/schema\/person\/30dc82f35f5853289037a64b35c7c7d3\"},\"breadcrumb\":{\"@id\":\"https:\/\/www.edugestores.pe\/?p=23172#breadcrumb\"},\"inLanguage\":\"es\",\"potentialAction\":[{\"@type\":\"ReadAction\",\"target\":[\"https:\/\/www.edugestores.pe\/?p=23172\"]}]},{\"@type\":\"BreadcrumbList\",\"@id\":\"https:\/\/www.edugestores.pe\/?p=23172#breadcrumb\",\"itemListElement\":[{\"@type\":\"ListItem\",\"position\":1,\"name\":\"Portada\",\"item\":\"https:\/\/www.edugestores.pe\/\"},{\"@type\":\"ListItem\",\"position\":2,\"name\":\"\u00bfQu\u00e9 dijo sobre educaci\u00f3n el presidente Vizcarra en su discurso de 28 de julio?\"}]},{\"@type\":\"Person\",\"@id\":\"https:\/\/www.edugestores.pe\/#\/schema\/person\/30dc82f35f5853289037a64b35c7c7d3\",\"name\":\"Administrador\",\"image\":{\"@type\":\"ImageObject\",\"@id\":\"https:\/\/www.edugestores.pe\/#personlogo\",\"inLanguage\":\"es\",\"url\":\"https:\/\/secure.gravatar.com\/avatar\/70960d1239c4d2c778bb3d2786a3c1ae?s=96&d=mm&r=g\",\"contentUrl\":\"https:\/\/secure.gravatar.com\/avatar\/70960d1239c4d2c778bb3d2786a3c1ae?s=96&d=mm&r=g\",\"caption\":\"Administrador\"},\"url\":\"https:\/\/www.edugestores.pe\/?author=63\"}]}<\/script>\n<!-- \/ Yoast SEO plugin. -->","yoast_head_json":{"title":"\u00bfQu\u00e9 dijo sobre educaci\u00f3n el presidente Vizcarra en su discurso de 28 de julio? - Red Peruana de Gestores de la Educaci\u00f3n","robots":{"index":"index","follow":"follow","max-snippet":"max-snippet:-1","max-image-preview":"max-image-preview:large","max-video-preview":"max-video-preview:-1"},"canonical":"https:\/\/www.edugestores.pe\/?p=23172","og_locale":"es_ES","og_type":"article","og_title":"\u00bfQu\u00e9 dijo sobre educaci\u00f3n el presidente Vizcarra en su discurso de 28 de julio? - Red Peruana de Gestores de la Educaci\u00f3n","og_description":"Compartimos en Edugestores el fragmento sobre el aspecto educativo en el discurso del 28 de julio de 2019, expuesto por [&hellip;]","og_url":"https:\/\/www.edugestores.pe\/?p=23172","og_site_name":"Red Peruana de Gestores de la Educaci\u00f3n","article_published_time":"2019-07-30T19:35:23+00:00","article_modified_time":"2019-08-26T05:17:38+00:00","og_image":[{"width":760,"height":511,"url":"https:\/\/www.edugestores.pe\/wp-content\/uploads\/2019\/07\/000062424M.jpg","type":"image\/jpeg"}],"twitter_card":"summary_large_image","twitter_misc":{"Escrito por":"Administrador","Tiempo de lectura":"4 minutos"},"schema":{"@context":"https:\/\/schema.org","@graph":[{"@type":"WebSite","@id":"https:\/\/www.edugestores.pe\/#website","url":"https:\/\/www.edugestores.pe\/","name":"Red Peruana de Gestores de la Educaci\u00f3n","description":"Red Peruana de Gestores de la Educaci\u00f3n","potentialAction":[{"@type":"SearchAction","target":{"@type":"EntryPoint","urlTemplate":"https:\/\/www.edugestores.pe\/?s={search_term_string}"},"query-input":"required name=search_term_string"}],"inLanguage":"es"},{"@type":"ImageObject","@id":"https:\/\/www.edugestores.pe\/?p=23172#primaryimage","inLanguage":"es","url":"https:\/\/www.edugestores.pe\/wp-content\/uploads\/2019\/07\/000062424M.jpg","contentUrl":"https:\/\/www.edugestores.pe\/wp-content\/uploads\/2019\/07\/000062424M.jpg","width":760,"height":511},{"@type":"WebPage","@id":"https:\/\/www.edugestores.pe\/?p=23172#webpage","url":"https:\/\/www.edugestores.pe\/?p=23172","name":"\u00bfQu\u00e9 dijo sobre educaci\u00f3n el presidente Vizcarra en su discurso de 28 de julio? - Red Peruana de Gestores de la Educaci\u00f3n","isPartOf":{"@id":"https:\/\/www.edugestores.pe\/#website"},"primaryImageOfPage":{"@id":"https:\/\/www.edugestores.pe\/?p=23172#primaryimage"},"datePublished":"2019-07-30T19:35:23+00:00","dateModified":"2019-08-26T05:17:38+00:00","author":{"@id":"https:\/\/www.edugestores.pe\/#\/schema\/person\/30dc82f35f5853289037a64b35c7c7d3"},"breadcrumb":{"@id":"https:\/\/www.edugestores.pe\/?p=23172#breadcrumb"},"inLanguage":"es","potentialAction":[{"@type":"ReadAction","target":["https:\/\/www.edugestores.pe\/?p=23172"]}]},{"@type":"BreadcrumbList","@id":"https:\/\/www.edugestores.pe\/?p=23172#breadcrumb","itemListElement":[{"@type":"ListItem","position":1,"name":"Portada","item":"https:\/\/www.edugestores.pe\/"},{"@type":"ListItem","position":2,"name":"\u00bfQu\u00e9 dijo sobre educaci\u00f3n el presidente Vizcarra en su discurso de 28 de julio?"}]},{"@type":"Person","@id":"https:\/\/www.edugestores.pe\/#\/schema\/person\/30dc82f35f5853289037a64b35c7c7d3","name":"Administrador","image":{"@type":"ImageObject","@id":"https:\/\/www.edugestores.pe\/#personlogo","inLanguage":"es","url":"https:\/\/secure.gravatar.com\/avatar\/70960d1239c4d2c778bb3d2786a3c1ae?s=96&d=mm&r=g","contentUrl":"https:\/\/secure.gravatar.com\/avatar\/70960d1239c4d2c778bb3d2786a3c1ae?s=96&d=mm&r=g","caption":"Administrador"},"url":"https:\/\/www.edugestores.pe\/?author=63"}]}},"jetpack_featured_media_url":"https:\/\/www.edugestores.pe\/wp-content\/uploads\/2019\/07\/000062424M.jpg","_links":{"self":[{"href":"https:\/\/www.edugestores.pe\/index.php?rest_route=\/wp\/v2\/posts\/23172"}],"collection":[{"href":"https:\/\/www.edugestores.pe\/index.php?rest_route=\/wp\/v2\/posts"}],"about":[{"href":"https:\/\/www.edugestores.pe\/index.php?rest_route=\/wp\/v2\/types\/post"}],"author":[{"embeddable":true,"href":"https:\/\/www.edugestores.pe\/index.php?rest_route=\/wp\/v2\/users\/63"}],"replies":[{"embeddable":true,"href":"https:\/\/www.edugestores.pe\/index.php?rest_route=%2Fwp%2Fv2%2Fcomments&post=23172"}],"version-history":[{"count":1,"href":"https:\/\/www.edugestores.pe\/index.php?rest_route=\/wp\/v2\/posts\/23172\/revisions"}],"predecessor-version":[{"id":23174,"href":"https:\/\/www.edugestores.pe\/index.php?rest_route=\/wp\/v2\/posts\/23172\/revisions\/23174"}],"wp:featuredmedia":[{"embeddable":true,"href":"https:\/\/www.edugestores.pe\/index.php?rest_route=\/wp\/v2\/media\/23173"}],"wp:attachment":[{"href":"https:\/\/www.edugestores.pe\/index.php?rest_route=%2Fwp%2Fv2%2Fmedia&parent=23172"}],"wp:term":[{"taxonomy":"category","embeddable":true,"href":"https:\/\/www.edugestores.pe\/index.php?rest_route=%2Fwp%2Fv2%2Fcategories&post=23172"},{"taxonomy":"post_tag","embeddable":true,"href":"https:\/\/www.edugestores.pe\/index.php?rest_route=%2Fwp%2Fv2%2Ftags&post=23172"}],"curies":[{"name":"wp","href":"https:\/\/api.w.org\/{rel}","templated":true}]}}