{"id":23191,"date":"2019-08-02T10:15:56","date_gmt":"2019-08-02T15:15:56","guid":{"rendered":"https:\/\/www.edugestores.pe\/?p=23191"},"modified":"2019-08-16T11:25:06","modified_gmt":"2019-08-16T16:25:06","slug":"se-desarrolla-el-primer-encuentro-de-intercambio-de-experiencias-de-buenas-practicas-de-gestion-educativa","status":"publish","type":"post","link":"https:\/\/www.edugestores.pe\/?p=23191","title":{"rendered":"Se desarrolla el primer Encuentro de Intercambio de Experiencias de Buenas Pr\u00e1cticas de Gesti\u00f3n Educativa"},"content":{"rendered":"<p style=\"text-align: justify;\">En el Primer Encuentro de Intercambio de Experiencias de Buenas Pr\u00e1cticas de Gesti\u00f3n Educativa, que viene organizando hoy 2 de agosto el Ministerio de Educaci\u00f3n se anunciar\u00e1n a las direcciones regionales de educaci\u00f3n (DRE) y a las unidades de gesti\u00f3n educativa local (UGEL) que postularon al reciente concurso que busca reconocer las mejores pr\u00e1cticas de este tipo en el pa\u00eds.<\/p>\n<p style=\"text-align: justify;\">Jos\u00e9 Carlos Vera Cubas, director General de Gesti\u00f3n Descentralizada\u00a0del Ministerio de Educaci\u00f3n (Minedu) sostuvo que la edici\u00f3n 2019 del \u00a0Concurso de Buenas Pr\u00e1cticas de Gesti\u00f3n Educativa,\u00a0 busca conocer, premiar y difundir las experiencias creativas, innovadoras y exitosas que se desarrollan desde las DRE, GRE y UGEL, y cuyos resultados est\u00e1n vinculados a mejoras en la gesti\u00f3n del servicio educativo.<\/p>\n<p style=\"text-align: justify;\">Dijo que el concurso, conducido por la Direcci\u00f3n de Fortalecimiento de Capacidades del Minedu, ha ido madurando\u00a0ya que en 2016 se tuvo m\u00e1s de 70 postulaciones, y en el 2017 aument\u00f3 a 132, a trav\u00e9s de participaciones de 25 regiones, y de 108 UGEL. En 2018, se tuvo 157 experiencias inscritas de 24 regiones, donde participaron 80 UGEL, y este 2019 se han inscrito 160 pr\u00e1cticas, que est\u00e1n siendo evaluadas. Indic\u00f3 que la\u00a0organizaci\u00f3n territorial o adaptaci\u00f3n al territorio,\u00a0ser\u00e1 una categor\u00eda a considerar en el futuro en este concurso.<\/p>\n<p style=\"text-align: justify;\">Vera Cubas dijo en su exposici\u00f3n que &#8220;para el Ministerio de Educaci\u00f3n es todo un reto el trabajo articulado desde el interior mismo de la instituci\u00f3n, para que la asistencia t\u00e9cnica llegue al territorio bien y no de manera fragmentada. Y tambi\u00e9n desde los gobiernos regionales se debe asumir el reto de trabajar coordinadamente con las DRE y sus UGEL, ya que deben trabajar como un equipo, donde la DRE define la pol\u00edtica educativa en la regi\u00f3n, y donde las UGEL la implementan. Necesitamos que las gestiones articulen tambi\u00e9n con sus alcaldes, ya que son las autoridades que mejor conocen el territorio y est\u00e1n m\u00e1s informados sobre las demandas de la poblaci\u00f3n&#8221;.<\/p>\n<p style=\"text-align: justify;\">Se puede ver este evento en vivo en el siguiente link:\u00a0http:\/\/edutalentos.pe\/envivo\/<\/p>\n<p style=\"text-align: justify;\"><a href=\"https:\/\/www.edugestores.pe\/wp-content\/uploads\/2019\/08\/informacion_quienespuedenparticipar.png\"><img decoding=\"async\" loading=\"lazy\" class=\"alignnone  wp-image-23193\" src=\"https:\/\/www.edugestores.pe\/wp-content\/uploads\/2019\/08\/informacion_quienespuedenparticipar.png\" alt=\"informacion_quienespuedenparticipar\" width=\"752\" height=\"389\" srcset=\"https:\/\/www.edugestores.pe\/wp-content\/uploads\/2019\/08\/informacion_quienespuedenparticipar.png 1000w, https:\/\/www.edugestores.pe\/wp-content\/uploads\/2019\/08\/informacion_quienespuedenparticipar-300x155.png 300w, https:\/\/www.edugestores.pe\/wp-content\/uploads\/2019\/08\/informacion_quienespuedenparticipar-672x347.png 672w, https:\/\/www.edugestores.pe\/wp-content\/uploads\/2019\/08\/informacion_quienespuedenparticipar-100x52.png 100w\" sizes=\"(max-width: 752px) 100vw, 752px\" \/><\/a><\/p>\n<p>&nbsp;<\/p>\n<p>&nbsp;<\/p>\n","protected":false},"excerpt":{"rendered":"<p>En el Primer Encuentro de Intercambio de Experiencias de Buenas Pr\u00e1cticas de Gesti\u00f3n Educativa, que viene organizando hoy 2 de [&hellip;]<\/p>\n","protected":false},"author":63,"featured_media":23192,"comment_status":"open","ping_status":"open","sticky":false,"template":"","format":"standard","meta":{"spay_email":""},"categories":[125,1413],"tags":[],"yoast_head":"<!-- This site is optimized with the Yoast SEO plugin v18.0 - https:\/\/yoast.com\/wordpress\/plugins\/seo\/ -->\n<title>Se desarrolla el primer Encuentro de Intercambio de Experiencias de Buenas Pr\u00e1cticas de Gesti\u00f3n Educativa - Red Peruana de Gestores de la Educaci\u00f3n<\/title>\n<meta name=\"robots\" content=\"index, follow, max-snippet:-1, max-image-preview:large, max-video-preview:-1\" \/>\n<link rel=\"canonical\" href=\"https:\/\/www.edugestores.pe\/?p=23191\" \/>\n<meta property=\"og:locale\" content=\"es_ES\" \/>\n<meta property=\"og:type\" content=\"article\" \/>\n<meta property=\"og:title\" content=\"Se desarrolla el primer Encuentro de Intercambio de Experiencias de Buenas Pr\u00e1cticas de Gesti\u00f3n Educativa - Red Peruana de Gestores de la Educaci\u00f3n\" \/>\n<meta property=\"og:description\" content=\"En el Primer Encuentro de Intercambio de Experiencias de Buenas Pr\u00e1cticas de Gesti\u00f3n Educativa, que viene organizando hoy 2 de [&hellip;]\" \/>\n<meta property=\"og:url\" content=\"https:\/\/www.edugestores.pe\/?p=23191\" \/>\n<meta property=\"og:site_name\" content=\"Red Peruana de Gestores de la Educaci\u00f3n\" \/>\n<meta property=\"article:published_time\" content=\"2019-08-02T15:15:56+00:00\" \/>\n<meta property=\"article:modified_time\" content=\"2019-08-16T16:25:06+00:00\" \/>\n<meta property=\"og:image\" content=\"https:\/\/www.edugestores.pe\/wp-content\/uploads\/2019\/08\/edugestores.png\" \/>\n\t<meta property=\"og:image:width\" content=\"1029\" \/>\n\t<meta property=\"og:image:height\" content=\"581\" \/>\n\t<meta property=\"og:image:type\" content=\"image\/png\" \/>\n<meta name=\"twitter:card\" content=\"summary_large_image\" \/>\n<meta name=\"twitter:label1\" content=\"Escrito por\" \/>\n\t<meta name=\"twitter:data1\" content=\"Administrador\" \/>\n\t<meta name=\"twitter:label2\" content=\"Tiempo de lectura\" \/>\n\t<meta name=\"twitter:data2\" content=\"2 minutos\" \/>\n<script type=\"application\/ld+json\" class=\"yoast-schema-graph\">{\"@context\":\"https:\/\/schema.org\",\"@graph\":[{\"@type\":\"WebSite\",\"@id\":\"https:\/\/www.edugestores.pe\/#website\",\"url\":\"https:\/\/www.edugestores.pe\/\",\"name\":\"Red Peruana de Gestores de la Educaci\u00f3n\",\"description\":\"Red Peruana de Gestores de la Educaci\u00f3n\",\"potentialAction\":[{\"@type\":\"SearchAction\",\"target\":{\"@type\":\"EntryPoint\",\"urlTemplate\":\"https:\/\/www.edugestores.pe\/?s={search_term_string}\"},\"query-input\":\"required name=search_term_string\"}],\"inLanguage\":\"es\"},{\"@type\":\"ImageObject\",\"@id\":\"https:\/\/www.edugestores.pe\/?p=23191#primaryimage\",\"inLanguage\":\"es\",\"url\":\"https:\/\/www.edugestores.pe\/wp-content\/uploads\/2019\/08\/edugestores.png\",\"contentUrl\":\"https:\/\/www.edugestores.pe\/wp-content\/uploads\/2019\/08\/edugestores.png\",\"width\":1029,\"height\":581},{\"@type\":\"WebPage\",\"@id\":\"https:\/\/www.edugestores.pe\/?p=23191#webpage\",\"url\":\"https:\/\/www.edugestores.pe\/?p=23191\",\"name\":\"Se desarrolla el primer Encuentro de Intercambio de Experiencias de Buenas Pr\u00e1cticas de Gesti\u00f3n Educativa - Red Peruana de Gestores de la Educaci\u00f3n\",\"isPartOf\":{\"@id\":\"https:\/\/www.edugestores.pe\/#website\"},\"primaryImageOfPage\":{\"@id\":\"https:\/\/www.edugestores.pe\/?p=23191#primaryimage\"},\"datePublished\":\"2019-08-02T15:15:56+00:00\",\"dateModified\":\"2019-08-16T16:25:06+00:00\",\"author\":{\"@id\":\"https:\/\/www.edugestores.pe\/#\/schema\/person\/30dc82f35f5853289037a64b35c7c7d3\"},\"breadcrumb\":{\"@id\":\"https:\/\/www.edugestores.pe\/?p=23191#breadcrumb\"},\"inLanguage\":\"es\",\"potentialAction\":[{\"@type\":\"ReadAction\",\"target\":[\"https:\/\/www.edugestores.pe\/?p=23191\"]}]},{\"@type\":\"BreadcrumbList\",\"@id\":\"https:\/\/www.edugestores.pe\/?p=23191#breadcrumb\",\"itemListElement\":[{\"@type\":\"ListItem\",\"position\":1,\"name\":\"Portada\",\"item\":\"https:\/\/www.edugestores.pe\/\"},{\"@type\":\"ListItem\",\"position\":2,\"name\":\"Se desarrolla el primer Encuentro de Intercambio de Experiencias de Buenas Pr\u00e1cticas de Gesti\u00f3n Educativa\"}]},{\"@type\":\"Person\",\"@id\":\"https:\/\/www.edugestores.pe\/#\/schema\/person\/30dc82f35f5853289037a64b35c7c7d3\",\"name\":\"Administrador\",\"image\":{\"@type\":\"ImageObject\",\"@id\":\"https:\/\/www.edugestores.pe\/#personlogo\",\"inLanguage\":\"es\",\"url\":\"https:\/\/secure.gravatar.com\/avatar\/70960d1239c4d2c778bb3d2786a3c1ae?s=96&d=mm&r=g\",\"contentUrl\":\"https:\/\/secure.gravatar.com\/avatar\/70960d1239c4d2c778bb3d2786a3c1ae?s=96&d=mm&r=g\",\"caption\":\"Administrador\"},\"url\":\"https:\/\/www.edugestores.pe\/?author=63\"}]}<\/script>\n<!-- \/ Yoast SEO plugin. -->","yoast_head_json":{"title":"Se desarrolla el primer Encuentro de Intercambio de Experiencias de Buenas Pr\u00e1cticas de Gesti\u00f3n Educativa - Red Peruana de Gestores de la Educaci\u00f3n","robots":{"index":"index","follow":"follow","max-snippet":"max-snippet:-1","max-image-preview":"max-image-preview:large","max-video-preview":"max-video-preview:-1"},"canonical":"https:\/\/www.edugestores.pe\/?p=23191","og_locale":"es_ES","og_type":"article","og_title":"Se desarrolla el primer Encuentro de Intercambio de Experiencias de Buenas Pr\u00e1cticas de Gesti\u00f3n Educativa - Red Peruana de Gestores de la Educaci\u00f3n","og_description":"En el Primer Encuentro de Intercambio de Experiencias de Buenas Pr\u00e1cticas de Gesti\u00f3n Educativa, que viene organizando hoy 2 de [&hellip;]","og_url":"https:\/\/www.edugestores.pe\/?p=23191","og_site_name":"Red Peruana de Gestores de la Educaci\u00f3n","article_published_time":"2019-08-02T15:15:56+00:00","article_modified_time":"2019-08-16T16:25:06+00:00","og_image":[{"width":1029,"height":581,"url":"https:\/\/www.edugestores.pe\/wp-content\/uploads\/2019\/08\/edugestores.png","type":"image\/png"}],"twitter_card":"summary_large_image","twitter_misc":{"Escrito por":"Administrador","Tiempo de lectura":"2 minutos"},"schema":{"@context":"https:\/\/schema.org","@graph":[{"@type":"WebSite","@id":"https:\/\/www.edugestores.pe\/#website","url":"https:\/\/www.edugestores.pe\/","name":"Red Peruana de Gestores de la Educaci\u00f3n","description":"Red Peruana de Gestores de la Educaci\u00f3n","potentialAction":[{"@type":"SearchAction","target":{"@type":"EntryPoint","urlTemplate":"https:\/\/www.edugestores.pe\/?s={search_term_string}"},"query-input":"required name=search_term_string"}],"inLanguage":"es"},{"@type":"ImageObject","@id":"https:\/\/www.edugestores.pe\/?p=23191#primaryimage","inLanguage":"es","url":"https:\/\/www.edugestores.pe\/wp-content\/uploads\/2019\/08\/edugestores.png","contentUrl":"https:\/\/www.edugestores.pe\/wp-content\/uploads\/2019\/08\/edugestores.png","width":1029,"height":581},{"@type":"WebPage","@id":"https:\/\/www.edugestores.pe\/?p=23191#webpage","url":"https:\/\/www.edugestores.pe\/?p=23191","name":"Se desarrolla el primer Encuentro de Intercambio de Experiencias de Buenas Pr\u00e1cticas de Gesti\u00f3n Educativa - Red Peruana de Gestores de la Educaci\u00f3n","isPartOf":{"@id":"https:\/\/www.edugestores.pe\/#website"},"primaryImageOfPage":{"@id":"https:\/\/www.edugestores.pe\/?p=23191#primaryimage"},"datePublished":"2019-08-02T15:15:56+00:00","dateModified":"2019-08-16T16:25:06+00:00","author":{"@id":"https:\/\/www.edugestores.pe\/#\/schema\/person\/30dc82f35f5853289037a64b35c7c7d3"},"breadcrumb":{"@id":"https:\/\/www.edugestores.pe\/?p=23191#breadcrumb"},"inLanguage":"es","potentialAction":[{"@type":"ReadAction","target":["https:\/\/www.edugestores.pe\/?p=23191"]}]},{"@type":"BreadcrumbList","@id":"https:\/\/www.edugestores.pe\/?p=23191#breadcrumb","itemListElement":[{"@type":"ListItem","position":1,"name":"Portada","item":"https:\/\/www.edugestores.pe\/"},{"@type":"ListItem","position":2,"name":"Se desarrolla el primer Encuentro de Intercambio de Experiencias de Buenas Pr\u00e1cticas de Gesti\u00f3n Educativa"}]},{"@type":"Person","@id":"https:\/\/www.edugestores.pe\/#\/schema\/person\/30dc82f35f5853289037a64b35c7c7d3","name":"Administrador","image":{"@type":"ImageObject","@id":"https:\/\/www.edugestores.pe\/#personlogo","inLanguage":"es","url":"https:\/\/secure.gravatar.com\/avatar\/70960d1239c4d2c778bb3d2786a3c1ae?s=96&d=mm&r=g","contentUrl":"https:\/\/secure.gravatar.com\/avatar\/70960d1239c4d2c778bb3d2786a3c1ae?s=96&d=mm&r=g","caption":"Administrador"},"url":"https:\/\/www.edugestores.pe\/?author=63"}]}},"jetpack_featured_media_url":"https:\/\/www.edugestores.pe\/wp-content\/uploads\/2019\/08\/edugestores.png","_links":{"self":[{"href":"https:\/\/www.edugestores.pe\/index.php?rest_route=\/wp\/v2\/posts\/23191"}],"collection":[{"href":"https:\/\/www.edugestores.pe\/index.php?rest_route=\/wp\/v2\/posts"}],"about":[{"href":"https:\/\/www.edugestores.pe\/index.php?rest_route=\/wp\/v2\/types\/post"}],"author":[{"embeddable":true,"href":"https:\/\/www.edugestores.pe\/index.php?rest_route=\/wp\/v2\/users\/63"}],"replies":[{"embeddable":true,"href":"https:\/\/www.edugestores.pe\/index.php?rest_route=%2Fwp%2Fv2%2Fcomments&post=23191"}],"version-history":[{"count":1,"href":"https:\/\/www.edugestores.pe\/index.php?rest_route=\/wp\/v2\/posts\/23191\/revisions"}],"predecessor-version":[{"id":23194,"href":"https:\/\/www.edugestores.pe\/index.php?rest_route=\/wp\/v2\/posts\/23191\/revisions\/23194"}],"wp:featuredmedia":[{"embeddable":true,"href":"https:\/\/www.edugestores.pe\/index.php?rest_route=\/wp\/v2\/media\/23192"}],"wp:attachment":[{"href":"https:\/\/www.edugestores.pe\/index.php?rest_route=%2Fwp%2Fv2%2Fmedia&parent=23191"}],"wp:term":[{"taxonomy":"category","embeddable":true,"href":"https:\/\/www.edugestores.pe\/index.php?rest_route=%2Fwp%2Fv2%2Fcategories&post=23191"},{"taxonomy":"post_tag","embeddable":true,"href":"https:\/\/www.edugestores.pe\/index.php?rest_route=%2Fwp%2Fv2%2Ftags&post=23191"}],"curies":[{"name":"wp","href":"https:\/\/api.w.org\/{rel}","templated":true}]}}