{"id":23205,"date":"2019-08-06T16:59:02","date_gmt":"2019-08-06T21:59:02","guid":{"rendered":"https:\/\/www.edugestores.pe\/?p=23205"},"modified":"2019-08-10T16:38:06","modified_gmt":"2019-08-10T21:38:06","slug":"director-dre-de-ica-tenemos-propuestas-importantes-para-el-proyecto-educativo-nacional","status":"publish","type":"post","link":"https:\/\/www.edugestores.pe\/?p=23205","title":{"rendered":"Director DRE de Ica: &#8220;Tenemos propuestas importantes para el Proyecto Educativo Nacional\u201d"},"content":{"rendered":"<p style=\"text-align: justify;\">Pablo Quispe, director regional de Educaci\u00f3n, inform\u00f3 que \u201cIca tiene propuestas importantes para el Proyecto Educativo Nacional 2021-2036\u201d que est\u00e1 elaborando el Consejo Nacional de Educaci\u00f3n (CNE), y que todo se encuentra listo para recibir a los m\u00e1s de 300 participantes que convocar\u00e1 el Encuentro Macrorregional \u201cTodos Somos Educadores\u201d, a realizarse el 8 y 9 de agosto en esta ciudad.<\/p>\n<p style=\"text-align: justify;\">As\u00ed lo se\u00f1al\u00f3 durante la octava reuni\u00f3n preparatoria del Grupo Impulsor que ultima detalles para garantizar el \u00e9xito de la actividad. Asimismo, el titular de la Direcci\u00f3n Regional de Educaci\u00f3n de Ica (DREI) salud\u00f3 el compromiso y el entusiasmo de los miembros de la comisi\u00f3n organizadora. \u201cEstamos en buen camino y las regiones de Ancash, Ayacucho, Ica y Lima Regi\u00f3n, que conforman la Macroregi\u00f3n centro 2, tendremos la oportunidad de aportar con nuestras experiencias e ideas para la construcci\u00f3n del Proyecto Educativo Nacional al 2036\u201d, enfatiz\u00f3.<\/p>\n<p style=\"text-align: justify;\">En esta reuni\u00f3n, tambi\u00e9n estuvieron presentes las representantes del CNE, Paola Baltazar Z\u00fa\u00f1iga, coordinadora de Di\u00e1logo y Movilizaci\u00f3n Social; Gloria Merino, coordinadora macrorregional del CNE; Carlos Medina Siguas, director de Gesti\u00f3n Pedag\u00f3gica de la DRE; as\u00ed como profesionales de instituciones educativas, directores de las UGEL y sociedad civil que conforman el Grupo Impulsor.<\/p>\n<p style=\"text-align: justify;\">El Encuentro Macrorregional \u201cTodos Somos Educadores\u201d es un hito importante en el proceso de consulta nacional y es coorganizado por el Gobierno Regional de Ica, la DREI y el grupo impulsor.<\/p>\n<p style=\"text-align: justify;\">Nota de prensa del CNE<\/p>\n<p style=\"text-align: justify;\"><a href=\"https:\/\/www.edugestores.pe\/wp-content\/uploads\/2019\/08\/WhatsApp-Image-2019-08-06-at-12.01.27-PM.jpeg\"><img decoding=\"async\" loading=\"lazy\" class=\"alignnone  wp-image-23207\" src=\"https:\/\/www.edugestores.pe\/wp-content\/uploads\/2019\/08\/WhatsApp-Image-2019-08-06-at-12.01.27-PM-1024x682.jpeg\" alt=\"WhatsApp Image 2019-08-06 at 12.01.27 PM\" width=\"788\" height=\"525\" srcset=\"https:\/\/www.edugestores.pe\/wp-content\/uploads\/2019\/08\/WhatsApp-Image-2019-08-06-at-12.01.27-PM-1024x682.jpeg 1024w, https:\/\/www.edugestores.pe\/wp-content\/uploads\/2019\/08\/WhatsApp-Image-2019-08-06-at-12.01.27-PM-300x200.jpeg 300w, https:\/\/www.edugestores.pe\/wp-content\/uploads\/2019\/08\/WhatsApp-Image-2019-08-06-at-12.01.27-PM-672x448.jpeg 672w, https:\/\/www.edugestores.pe\/wp-content\/uploads\/2019\/08\/WhatsApp-Image-2019-08-06-at-12.01.27-PM-1038x692.jpeg 1038w, https:\/\/www.edugestores.pe\/wp-content\/uploads\/2019\/08\/WhatsApp-Image-2019-08-06-at-12.01.27-PM-100x67.jpeg 100w, https:\/\/www.edugestores.pe\/wp-content\/uploads\/2019\/08\/WhatsApp-Image-2019-08-06-at-12.01.27-PM.jpeg 1280w\" sizes=\"(max-width: 788px) 100vw, 788px\" \/><\/a><\/p>\n","protected":false},"excerpt":{"rendered":"<p>Pablo Quispe, director regional de Educaci\u00f3n, inform\u00f3 que \u201cIca tiene propuestas importantes para el Proyecto Educativo Nacional 2021-2036\u201d que est\u00e1 [&hellip;]<\/p>\n","protected":false},"author":63,"featured_media":23206,"comment_status":"open","ping_status":"open","sticky":false,"template":"","format":"standard","meta":{"spay_email":""},"categories":[125],"tags":[],"yoast_head":"<!-- This site is optimized with the Yoast SEO plugin v18.0 - https:\/\/yoast.com\/wordpress\/plugins\/seo\/ -->\n<title>Director DRE de Ica: &quot;Tenemos propuestas importantes para el Proyecto Educativo Nacional\u201d - Red Peruana de Gestores de la Educaci\u00f3n<\/title>\n<meta name=\"robots\" content=\"index, follow, max-snippet:-1, max-image-preview:large, max-video-preview:-1\" \/>\n<link rel=\"canonical\" href=\"https:\/\/www.edugestores.pe\/?p=23205\" \/>\n<meta property=\"og:locale\" content=\"es_ES\" \/>\n<meta property=\"og:type\" content=\"article\" \/>\n<meta property=\"og:title\" content=\"Director DRE de Ica: &quot;Tenemos propuestas importantes para el Proyecto Educativo Nacional\u201d - Red Peruana de Gestores de la Educaci\u00f3n\" \/>\n<meta property=\"og:description\" content=\"Pablo Quispe, director regional de Educaci\u00f3n, inform\u00f3 que \u201cIca tiene propuestas importantes para el Proyecto Educativo Nacional 2021-2036\u201d que est\u00e1 [&hellip;]\" \/>\n<meta property=\"og:url\" content=\"https:\/\/www.edugestores.pe\/?p=23205\" \/>\n<meta property=\"og:site_name\" content=\"Red Peruana de Gestores de la Educaci\u00f3n\" \/>\n<meta property=\"article:published_time\" content=\"2019-08-06T21:59:02+00:00\" \/>\n<meta property=\"article:modified_time\" content=\"2019-08-10T21:38:06+00:00\" \/>\n<meta property=\"og:image\" content=\"https:\/\/www.edugestores.pe\/wp-content\/uploads\/2019\/08\/WhatsApp-Image-2019-08-06-at-12.01.28-PM.jpeg\" \/>\n\t<meta property=\"og:image:width\" content=\"1280\" \/>\n\t<meta property=\"og:image:height\" content=\"853\" \/>\n\t<meta property=\"og:image:type\" content=\"image\/jpeg\" \/>\n<meta name=\"twitter:card\" content=\"summary_large_image\" \/>\n<meta name=\"twitter:label1\" content=\"Escrito por\" \/>\n\t<meta name=\"twitter:data1\" content=\"Administrador\" \/>\n\t<meta name=\"twitter:label2\" content=\"Tiempo de lectura\" \/>\n\t<meta name=\"twitter:data2\" content=\"1 minuto\" \/>\n<script type=\"application\/ld+json\" class=\"yoast-schema-graph\">{\"@context\":\"https:\/\/schema.org\",\"@graph\":[{\"@type\":\"WebSite\",\"@id\":\"https:\/\/www.edugestores.pe\/#website\",\"url\":\"https:\/\/www.edugestores.pe\/\",\"name\":\"Red Peruana de Gestores de la Educaci\u00f3n\",\"description\":\"Red Peruana de Gestores de la Educaci\u00f3n\",\"potentialAction\":[{\"@type\":\"SearchAction\",\"target\":{\"@type\":\"EntryPoint\",\"urlTemplate\":\"https:\/\/www.edugestores.pe\/?s={search_term_string}\"},\"query-input\":\"required name=search_term_string\"}],\"inLanguage\":\"es\"},{\"@type\":\"ImageObject\",\"@id\":\"https:\/\/www.edugestores.pe\/?p=23205#primaryimage\",\"inLanguage\":\"es\",\"url\":\"https:\/\/www.edugestores.pe\/wp-content\/uploads\/2019\/08\/WhatsApp-Image-2019-08-06-at-12.01.28-PM.jpeg\",\"contentUrl\":\"https:\/\/www.edugestores.pe\/wp-content\/uploads\/2019\/08\/WhatsApp-Image-2019-08-06-at-12.01.28-PM.jpeg\",\"width\":1280,\"height\":853},{\"@type\":\"WebPage\",\"@id\":\"https:\/\/www.edugestores.pe\/?p=23205#webpage\",\"url\":\"https:\/\/www.edugestores.pe\/?p=23205\",\"name\":\"Director DRE de Ica: \\\"Tenemos propuestas importantes para el Proyecto Educativo Nacional\u201d - Red Peruana de Gestores de la Educaci\u00f3n\",\"isPartOf\":{\"@id\":\"https:\/\/www.edugestores.pe\/#website\"},\"primaryImageOfPage\":{\"@id\":\"https:\/\/www.edugestores.pe\/?p=23205#primaryimage\"},\"datePublished\":\"2019-08-06T21:59:02+00:00\",\"dateModified\":\"2019-08-10T21:38:06+00:00\",\"author\":{\"@id\":\"https:\/\/www.edugestores.pe\/#\/schema\/person\/30dc82f35f5853289037a64b35c7c7d3\"},\"breadcrumb\":{\"@id\":\"https:\/\/www.edugestores.pe\/?p=23205#breadcrumb\"},\"inLanguage\":\"es\",\"potentialAction\":[{\"@type\":\"ReadAction\",\"target\":[\"https:\/\/www.edugestores.pe\/?p=23205\"]}]},{\"@type\":\"BreadcrumbList\",\"@id\":\"https:\/\/www.edugestores.pe\/?p=23205#breadcrumb\",\"itemListElement\":[{\"@type\":\"ListItem\",\"position\":1,\"name\":\"Portada\",\"item\":\"https:\/\/www.edugestores.pe\/\"},{\"@type\":\"ListItem\",\"position\":2,\"name\":\"Director DRE de Ica: \u00abTenemos propuestas importantes para el Proyecto Educativo Nacional\u201d\"}]},{\"@type\":\"Person\",\"@id\":\"https:\/\/www.edugestores.pe\/#\/schema\/person\/30dc82f35f5853289037a64b35c7c7d3\",\"name\":\"Administrador\",\"image\":{\"@type\":\"ImageObject\",\"@id\":\"https:\/\/www.edugestores.pe\/#personlogo\",\"inLanguage\":\"es\",\"url\":\"https:\/\/secure.gravatar.com\/avatar\/70960d1239c4d2c778bb3d2786a3c1ae?s=96&d=mm&r=g\",\"contentUrl\":\"https:\/\/secure.gravatar.com\/avatar\/70960d1239c4d2c778bb3d2786a3c1ae?s=96&d=mm&r=g\",\"caption\":\"Administrador\"},\"url\":\"https:\/\/www.edugestores.pe\/?author=63\"}]}<\/script>\n<!-- \/ Yoast SEO plugin. -->","yoast_head_json":{"title":"Director DRE de Ica: \"Tenemos propuestas importantes para el Proyecto Educativo Nacional\u201d - Red Peruana de Gestores de la Educaci\u00f3n","robots":{"index":"index","follow":"follow","max-snippet":"max-snippet:-1","max-image-preview":"max-image-preview:large","max-video-preview":"max-video-preview:-1"},"canonical":"https:\/\/www.edugestores.pe\/?p=23205","og_locale":"es_ES","og_type":"article","og_title":"Director DRE de Ica: \"Tenemos propuestas importantes para el Proyecto Educativo Nacional\u201d - Red Peruana de Gestores de la Educaci\u00f3n","og_description":"Pablo Quispe, director regional de Educaci\u00f3n, inform\u00f3 que \u201cIca tiene propuestas importantes para el Proyecto Educativo Nacional 2021-2036\u201d que est\u00e1 [&hellip;]","og_url":"https:\/\/www.edugestores.pe\/?p=23205","og_site_name":"Red Peruana de Gestores de la Educaci\u00f3n","article_published_time":"2019-08-06T21:59:02+00:00","article_modified_time":"2019-08-10T21:38:06+00:00","og_image":[{"width":1280,"height":853,"url":"https:\/\/www.edugestores.pe\/wp-content\/uploads\/2019\/08\/WhatsApp-Image-2019-08-06-at-12.01.28-PM.jpeg","type":"image\/jpeg"}],"twitter_card":"summary_large_image","twitter_misc":{"Escrito por":"Administrador","Tiempo de lectura":"1 minuto"},"schema":{"@context":"https:\/\/schema.org","@graph":[{"@type":"WebSite","@id":"https:\/\/www.edugestores.pe\/#website","url":"https:\/\/www.edugestores.pe\/","name":"Red Peruana de Gestores de la Educaci\u00f3n","description":"Red Peruana de Gestores de la Educaci\u00f3n","potentialAction":[{"@type":"SearchAction","target":{"@type":"EntryPoint","urlTemplate":"https:\/\/www.edugestores.pe\/?s={search_term_string}"},"query-input":"required name=search_term_string"}],"inLanguage":"es"},{"@type":"ImageObject","@id":"https:\/\/www.edugestores.pe\/?p=23205#primaryimage","inLanguage":"es","url":"https:\/\/www.edugestores.pe\/wp-content\/uploads\/2019\/08\/WhatsApp-Image-2019-08-06-at-12.01.28-PM.jpeg","contentUrl":"https:\/\/www.edugestores.pe\/wp-content\/uploads\/2019\/08\/WhatsApp-Image-2019-08-06-at-12.01.28-PM.jpeg","width":1280,"height":853},{"@type":"WebPage","@id":"https:\/\/www.edugestores.pe\/?p=23205#webpage","url":"https:\/\/www.edugestores.pe\/?p=23205","name":"Director DRE de Ica: \"Tenemos propuestas importantes para el Proyecto Educativo Nacional\u201d - Red Peruana de Gestores de la Educaci\u00f3n","isPartOf":{"@id":"https:\/\/www.edugestores.pe\/#website"},"primaryImageOfPage":{"@id":"https:\/\/www.edugestores.pe\/?p=23205#primaryimage"},"datePublished":"2019-08-06T21:59:02+00:00","dateModified":"2019-08-10T21:38:06+00:00","author":{"@id":"https:\/\/www.edugestores.pe\/#\/schema\/person\/30dc82f35f5853289037a64b35c7c7d3"},"breadcrumb":{"@id":"https:\/\/www.edugestores.pe\/?p=23205#breadcrumb"},"inLanguage":"es","potentialAction":[{"@type":"ReadAction","target":["https:\/\/www.edugestores.pe\/?p=23205"]}]},{"@type":"BreadcrumbList","@id":"https:\/\/www.edugestores.pe\/?p=23205#breadcrumb","itemListElement":[{"@type":"ListItem","position":1,"name":"Portada","item":"https:\/\/www.edugestores.pe\/"},{"@type":"ListItem","position":2,"name":"Director DRE de Ica: \u00abTenemos propuestas importantes para el Proyecto Educativo Nacional\u201d"}]},{"@type":"Person","@id":"https:\/\/www.edugestores.pe\/#\/schema\/person\/30dc82f35f5853289037a64b35c7c7d3","name":"Administrador","image":{"@type":"ImageObject","@id":"https:\/\/www.edugestores.pe\/#personlogo","inLanguage":"es","url":"https:\/\/secure.gravatar.com\/avatar\/70960d1239c4d2c778bb3d2786a3c1ae?s=96&d=mm&r=g","contentUrl":"https:\/\/secure.gravatar.com\/avatar\/70960d1239c4d2c778bb3d2786a3c1ae?s=96&d=mm&r=g","caption":"Administrador"},"url":"https:\/\/www.edugestores.pe\/?author=63"}]}},"jetpack_featured_media_url":"https:\/\/www.edugestores.pe\/wp-content\/uploads\/2019\/08\/WhatsApp-Image-2019-08-06-at-12.01.28-PM.jpeg","_links":{"self":[{"href":"https:\/\/www.edugestores.pe\/index.php?rest_route=\/wp\/v2\/posts\/23205"}],"collection":[{"href":"https:\/\/www.edugestores.pe\/index.php?rest_route=\/wp\/v2\/posts"}],"about":[{"href":"https:\/\/www.edugestores.pe\/index.php?rest_route=\/wp\/v2\/types\/post"}],"author":[{"embeddable":true,"href":"https:\/\/www.edugestores.pe\/index.php?rest_route=\/wp\/v2\/users\/63"}],"replies":[{"embeddable":true,"href":"https:\/\/www.edugestores.pe\/index.php?rest_route=%2Fwp%2Fv2%2Fcomments&post=23205"}],"version-history":[{"count":1,"href":"https:\/\/www.edugestores.pe\/index.php?rest_route=\/wp\/v2\/posts\/23205\/revisions"}],"predecessor-version":[{"id":23208,"href":"https:\/\/www.edugestores.pe\/index.php?rest_route=\/wp\/v2\/posts\/23205\/revisions\/23208"}],"wp:featuredmedia":[{"embeddable":true,"href":"https:\/\/www.edugestores.pe\/index.php?rest_route=\/wp\/v2\/media\/23206"}],"wp:attachment":[{"href":"https:\/\/www.edugestores.pe\/index.php?rest_route=%2Fwp%2Fv2%2Fmedia&parent=23205"}],"wp:term":[{"taxonomy":"category","embeddable":true,"href":"https:\/\/www.edugestores.pe\/index.php?rest_route=%2Fwp%2Fv2%2Fcategories&post=23205"},{"taxonomy":"post_tag","embeddable":true,"href":"https:\/\/www.edugestores.pe\/index.php?rest_route=%2Fwp%2Fv2%2Ftags&post=23205"}],"curies":[{"name":"wp","href":"https:\/\/api.w.org\/{rel}","templated":true}]}}